{"id":20400,"date":"2017-08-05T12:56:24","date_gmt":"2017-08-05T09:56:24","guid":{"rendered":"http:\/\/balcilar-blog.com\/?p=20400"},"modified":"2017-08-05T22:40:53","modified_gmt":"2017-08-05T19:40:53","slug":"cagatay-ulusoy-netflixin-fantastik-dizisine-neden-mesafeli-duruyor","status":"publish","type":"post","link":"https:\/\/balcilar-blog.com\/?p=20400","title":{"rendered":"\u00c7a\u011fatay Ulusoy; Netflix&#8217;in fantastik dizisine neden mesafeli duruyor!"},"content":{"rendered":"<p><img loading=\"lazy\" decoding=\"async\" class=\"alignnone size-full wp-image-20405\" src=\"http:\/\/balcilar-blog.com\/wp-content\/uploads\/2017\/08\/DGNOUtVWsAAFlwH-1.jpg\" alt=\"DGNOUtVWsAAFlwH\" width=\"606\" height=\"600\" srcset=\"https:\/\/balcilar-blog.com\/wp-content\/uploads\/2017\/08\/DGNOUtVWsAAFlwH-1.jpg 606w, https:\/\/balcilar-blog.com\/wp-content\/uploads\/2017\/08\/DGNOUtVWsAAFlwH-1-150x150.jpg 150w, https:\/\/balcilar-blog.com\/wp-content\/uploads\/2017\/08\/DGNOUtVWsAAFlwH-1-300x297.jpg 300w\" sizes=\"auto, (max-width: 606px) 100vw, 606px\" \/><\/p>\n<p>Bug\u00fcn <strong>Y\u00fcksel Altu\u011f,<\/strong>\u00a0Sabah Gazetesindeki k\u00f6\u015fesinde &#8220;<strong>Bu ne umutsuzluk?<\/strong>&#8221; ba\u015fl\u0131\u011f\u0131 alt\u0131nda bir yaz\u0131 ele alm\u0131\u015f. Yaz\u0131s\u0131nda; &#8220;Bizim dizi sekt\u00f6r\u00fcm\u00fcz fantastik yap\u0131mlara ve bilim kurgu t\u00fcr\u00fcne hayli mesafeli duruyor. Bunun sebebi; bu i\u00e7erikle haz\u0131rlanan denemelerin reyting listelerinde ba\u015far\u0131 kazanamamas\u0131 ve yap\u0131mc\u0131lar\u0131n a\u015fk\/entrika\/romantik komedi t\u00fcrlerinde kendilerini daha &#8216;garantide&#8217; hissetmeleri olabilir.<\/p>\n<p>Daha sonra bir okurunun yaz\u0131s\u0131nda; &#8220;<strong>Art\u0131k bu tabunun y\u0131k\u0131lmas\u0131 gerekti\u011fini savunuyor<\/strong>&#8221; ve Altu\u011f \u015f\u00f6yle devam ediyor.<\/p>\n<p>\u00d6rnek verecek olursam; biliyorsunuzdur ki <strong>Netflix<\/strong>, <strong>\u00c7a\u011fatay Ulusoy<\/strong>&#8216;un ba\u015frol\u00fcnde oldu\u011fu bir &#8216;s\u00fcper kahraman&#8217; dizisi yapacak. (Sesimizi bir tek Netflix duydu) Ama T\u00fcrk dizilerinin sa\u00e7mal\u0131\u011f\u0131ndan b\u0131k\u0131p yabanc\u0131 dizi izlemeye ba\u015flam\u0131\u015f \u00e7o\u011fu ki\u015finin bu habere yorumu, &#8216;Bizim insan\u0131m\u0131z sa\u00e7ma sapan a\u015fk dizileri d\u0131\u015f\u0131nda bir \u015fey izlemez. Tutmaz bunlar&#8217; \u015feklinde oluyor. Bak\u0131n, Netflix&#8217;den bahsediyoruz; &#8216;Daredevil&#8217; ve &#8217;13 Reasons Why&#8217; gibi be\u011fenilen dizilerin yap\u0131m yerinden. Bu umutsuz bak\u0131\u015f\u0131n sebebi, ger\u00e7ekten dizilerimizin emeksiz ve ortaya at\u0131lm\u0131\u015f \u00e7akma senaryolardan olu\u015fmas\u0131.<\/p>\n<p>Ben de Say\u0131n Altu\u011f gibi ayn\u0131 d\u00fc\u015f\u00fcncedeyim. Art\u0131k abuk-sabuk, mel mel bak\u0131\u015fmal\u0131 a\u015fk filmlerinden vazge\u00e7ilmesi, kabu\u011fumuzu y\u0131rt\u0131p d\u00fcnyaya a\u00e7\u0131lmal\u0131y\u0131z.<\/p>\n<p><strong>\u00c7a\u011fatay Ulusoy da bu dizi teklifini mesafeli kalm\u0131\u015f olmal\u0131 ki<\/strong>, \u00f6nceki g\u00fcn \u0130stinye AVM&#8217;de bas\u0131n mensuplar\u0131n\u0131n yeni projelerle ilgili sorular\u0131na; &#8220;<strong>Kesinle\u015fmi\u015f bir sinema filmi ya da dizi projesi \u015fu an yok. Hi\u00e7bir \u015fey net de\u011fil<\/strong>&#8221; diye cevap vermi\u015f. Ben bu karars\u0131zl\u0131\u011f\u0131n sebebini tam anlam\u0131\u015f de\u011filim. Kar\u015f\u0131s\u0131na D\u00fcnya Dizi Sekt\u00f6r\u00fcnde kendisini g\u00f6sterme f\u0131rsat\u0131 aya\u011f\u0131na kadar gelmi\u015f. Netflix, N.\u0130pek G\u00f6kdel&#8217;in &#8220;Karakalem ve Bir Delikanl\u0131n\u0131n Tuhaf Hikayesi&#8221; roman\u0131ndan fantastik bir T\u00fcrk dizi \u00e7ekimine ye\u015fil \u0131\u015f\u0131k yakm\u0131\u015ft\u0131. O g\u00fcnden bu yana bir geli\u015fme ya\u015fanmad\u0131. Bu ayak s\u00fcr\u00fcy\u00fc\u015f\u00fcn sebebini tam anlam\u0131\u015f, de\u011filim. Dizi sekt\u00f6r\u00fcnde 3 y\u0131ld\u0131r yazan bir ara\u015ft\u0131rmac\u0131 yazar olarak, bu rolde \u00c7a\u011fatay Ulusoy&#8217;un \u00e7ok ba\u015far\u0131l\u0131 olaca\u011f\u0131n\u0131 biliyorum ve iddia ediyorum.<\/p>\n<p><img loading=\"lazy\" decoding=\"async\" class=\"alignnone size-full wp-image-20311\" src=\"http:\/\/balcilar-blog.com\/wp-content\/uploads\/2017\/07\/cats-karayakalem.jpg\" alt=\"cats karayakalem\" width=\"609\" height=\"480\" srcset=\"https:\/\/balcilar-blog.com\/wp-content\/uploads\/2017\/07\/cats-karayakalem.jpg 609w, https:\/\/balcilar-blog.com\/wp-content\/uploads\/2017\/07\/cats-karayakalem-300x236.jpg 300w\" sizes=\"auto, (max-width: 609px) 100vw, 609px\" \/><\/p>\n<p>19 Temmuz tarihinde kendi blog sayfamda; Balc\u0131lar-Blog, Televizyon Gazetesi.com&#8217;da ve Milliyet blog&#8217;da; &#8220;<strong>\u00c7a\u011fatay Ulusoy, Yeni dizisinde S\u00fcpermen Yavuz olacak m\u0131?<\/strong>&#8221; ba\u015fl\u0131kl\u0131 yaz\u0131mda geni\u015f bir \u015fekilde anlatm\u0131\u015ft\u0131m. Ve demi\u015ftim ki; &#8220;<strong>Bu romandaki Yavuz karakteri \u00c7a\u011fatay Ulusoy i\u00e7in bi\u00e7ilmi\u015f kaftan&#8230; Bu roman sanki \u00c7a\u011fatay Ulusoy i\u00e7in yaz\u0131lm\u0131\u015f bir senaryo.<\/strong>&#8221; demi\u015ftim. N.\u0130pek G\u00f6kdel&#8217;in roman\u0131n\u0131 bir solukta okumu\u015ftum.<\/p>\n<p>\u00c7a\u011fatay Ulusoy&#8217;un menajeri Engin Aykant&#8217;a bir mesaj atm\u0131\u015f, Bu rolde \u00c7a\u011fatay&#8217;\u0131n mutlaka oynamas\u0131 gerekti\u011fini yazd\u0131m. Teredd\u00fctlerini hak veriyorum! Yaa tutmazsa&#8230; Endi\u015fesi&#8230; D\u00fcnya \u00fclkelerinde bir T\u00fcrk dizisini milyonlarca insan seyredecek! Netflix&#8217;in 1 milyonun \u00fczerinde abonesi var. D\u00fcnya \u00fclkelerinin bir \u00e7o\u011funda, \u00c7a\u011fatay Ulusoy&#8217;u, Ad\u0131n\u0131 Feriha Koydum, Medcezir ve son olarak \u0130\u00e7erde dizisinden tan\u0131yorlar ve \u00e7ok seviyorlar.<\/p>\n<p><img loading=\"lazy\" decoding=\"async\" class=\"alignnone size-full wp-image-20066\" src=\"http:\/\/balcilar-blog.com\/wp-content\/uploads\/2017\/06\/19106061_719305571588231_4706751677020416022_n.jpg\" alt=\"19106061_719305571588231_4706751677020416022_n\" width=\"640\" height=\"360\" srcset=\"https:\/\/balcilar-blog.com\/wp-content\/uploads\/2017\/06\/19106061_719305571588231_4706751677020416022_n.jpg 640w, https:\/\/balcilar-blog.com\/wp-content\/uploads\/2017\/06\/19106061_719305571588231_4706751677020416022_n-300x169.jpg 300w\" sizes=\"auto, (max-width: 640px) 100vw, 640px\" \/><\/p>\n<p>Ayn\u0131 endi\u015fe, <strong>Hazal Kaya<\/strong>&#8216;n\u0131n \u015fu g\u00fcnlerde \u00e7ekimleri ba\u015flayan &#8216;Utanmazlar&#8217; dizisi i\u00e7inde s\u00f6yleniyordu. Ad\u0131 &#8220;<strong>Bizim Hikaye<\/strong>&#8221; olarak de\u011fi\u015ftirildi. Bir Amerikan dizisinden uyarlama olan dizinin konusu itibariyle, alkol, uyu\u015fturucu, kumar ve e\u015fcinsellik gibi T\u00fcrk \u00d6rf-Adetlerine ters d\u00fc\u015fece\u011fi s\u00f6ylentisi \u00e7\u0131kart\u0131lm\u0131\u015f, dizinin tutmayaca\u011f\u0131n\u0131 yaz\u0131lm\u0131\u015ft\u0131. Milliyet Blog yazarlar\u0131m\u0131zdan Ece Er tersini savunmu\u015f, deneyimli senaristlerimiz sayesinde \u00f6zg\u00fcn bir T\u00fcrk hikayesi \u00e7\u0131kaca\u011f\u0131n\u0131, bu nedenle dizinin tutaca\u011f\u0131n\u0131 yazm\u0131\u015ft\u0131r. Ben de Ece Er&#8217;e kat\u0131l\u0131yorum. Medcezir de, \u00fc\u00e7 y\u0131l \u00f6nce deneyimli Senaristlerimizden Ece Y\u00f6ren\u00e7&#8217;in Amerikan dizisinden T\u00fcrkle\u015ftirilmi\u015f hikayesi ile \u00e7ok tutulmu\u015ftu.<\/p>\n<p><img loading=\"lazy\" decoding=\"async\" class=\"alignnone size-full wp-image-20312\" src=\"http:\/\/balcilar-blog.com\/wp-content\/uploads\/2017\/07\/karakalem.jpeg\" alt=\"karakalem\" width=\"450\" height=\"640\" srcset=\"https:\/\/balcilar-blog.com\/wp-content\/uploads\/2017\/07\/karakalem.jpeg 450w, https:\/\/balcilar-blog.com\/wp-content\/uploads\/2017\/07\/karakalem-211x300.jpeg 211w\" sizes=\"auto, (max-width: 450px) 100vw, 450px\" \/><\/p>\n<p>Ben de iddia ediyorum ki; \u00c7a\u011fatay Ulusoy, &#8220;Bir Delikanl\u0131n\u0131n Tuhaf Hikayesi&#8221; dizisinde oynamal\u0131, bu f\u0131rsat\u0131 de\u011ferlendirmeli&#8230; \u0130yi bir Yap\u0131mc\u0131 taraf\u0131ndan \u00e7ekilir, emek verilirse bu fantastik, ge\u00e7mi\u015fi 500 y\u0131l \u00f6ncesine dayanan macera dizisi tutacakt\u0131r, endi\u015feye mahal yoktur.<\/p>\n<p>Haydi \u00c7a\u011fatay; En iyi karar, karars\u0131zl\u0131ktan iyidir. \u00d6n\u00fcn ve yolun a\u00e7\u0131k olsun.<\/p>\n<p>&nbsp;<\/p>\n<p>Sayg\u0131lar ve sevgiler.<\/p>\n<p>Abdurrahman Balc\u0131lar<\/p>\n<p>Twitter:\u00a0<a href=\"https:\/\/twitter.com\/abbalcilar\">abdurrahman balc\u0131lar<\/a><a href=\"https:\/\/twitter.com\/abbalcilar\"><strong>@abbalcilar<\/strong><\/a><\/p>\n<p>Mail :\u00a0<a href=\"mailto:ab.balcilar@hotmail.com\">ab.balcilar@hotmail.com<\/a><\/p>\n<p>Blog:\u00a0<a href=\"http:\/\/t.co\/znqmIZgIqn\">blog.milliyet.com.tr\/cansever<\/a><\/p>\n<p>Blog:\u00a0<a href=\"http:\/\/balcilar-blog.com\/\">Abdurrahman Balc\u0131lar Blog Sayfas\u0131<\/a><\/p>\n<p>&nbsp;<\/p>\n<p><strong>*\u015eahsi Blog sayfamda ve Milliyet Blog\u2019da yay\u0131nlanan blog yaz\u0131lar\u0131 b\u00fcy\u00fck bir \u00e7al\u0131\u015fman\u0131n \u00fcr\u00fcn\u00fc olup, izinsiz ya da kaynak g\u00f6stermeden al\u0131nt\u0131 yap\u0131lamaz. Aksi halde kanuni i\u015flem yap\u0131l\u0131r.<\/strong><\/p>\n","protected":false},"excerpt":{"rendered":"<p>Bug\u00fcn Y\u00fcksel Altu\u011f,\u00a0Sabah Gazetesindeki k\u00f6\u015fesinde &#8220;Bu ne umutsuzluk?&#8221; ba\u015fl\u0131\u011f\u0131 alt\u0131nda bir yaz\u0131 ele alm\u0131\u015f. Yaz\u0131s\u0131nda; &#8220;Bizim dizi sekt\u00f6r\u00fcm\u00fcz fantastik yap\u0131mlara ve bilim kurgu t\u00fcr\u00fcne hayli mesafeli duruyor. Bunun sebebi; bu i\u00e7erikle haz\u0131rlanan denemelerin reyting listelerinde ba\u015far\u0131 kazanamamas\u0131 ve yap\u0131mc\u0131lar\u0131n a\u015fk\/entrika\/romantik komedi t\u00fcrlerinde kendilerini daha &#8216;garantide&#8217; hissetmeleri olabilir. Daha sonra bir okurunun yaz\u0131s\u0131nda; &#8220;Art\u0131k bu tabunun [&hellip;]<\/p>\n","protected":false},"author":3,"featured_media":20405,"comment_status":"open","ping_status":"open","sticky":false,"template":"","format":"standard","meta":{"footnotes":""},"categories":[2],"tags":[1479,15,29,1517,19,1219,16,1481,1478,1518],"class_list":["post-20400","post","type-post","status-publish","format-standard","has-post-thumbnail","hentry","category-tv-programlari","tag-bir-delikanlinin-tuhaf-hikayesi","tag-cagatay-ulusoy","tag-ece-yorenc","tag-fantastik-dizi","tag-hazal-kaya","tag-icerde","tag-medcezir","tag-n-ipek-gokdel","tag-netflix","tag-yuksel-altug"],"views":3150,"blog_post_layout_featured_media_urls":{"thumbnail":["https:\/\/balcilar-blog.com\/wp-content\/uploads\/2017\/08\/DGNOUtVWsAAFlwH-1-150x150.jpg",150,150,true],"full":["https:\/\/balcilar-blog.com\/wp-content\/uploads\/2017\/08\/DGNOUtVWsAAFlwH-1.jpg",606,600,false]},"categories_names":{"2":{"name":"TV Programlar\u0131","link":"https:\/\/balcilar-blog.com\/?cat=2"}},"tags_names":{"1479":{"name":"Bir delikanl\u0131n\u0131n tuhaf hikayesi","link":"https:\/\/balcilar-blog.com\/?tag=bir-delikanlinin-tuhaf-hikayesi"},"15":{"name":"\u00e7a\u011fatay ulusoy","link":"https:\/\/balcilar-blog.com\/?tag=cagatay-ulusoy"},"29":{"name":"Ece Y\u00f6ren\u00e7","link":"https:\/\/balcilar-blog.com\/?tag=ece-yorenc"},"1517":{"name":"Fantastik Dizi","link":"https:\/\/balcilar-blog.com\/?tag=fantastik-dizi"},"19":{"name":"Hazal Kaya","link":"https:\/\/balcilar-blog.com\/?tag=hazal-kaya"},"1219":{"name":"\u0130\u00c7ERDE","link":"https:\/\/balcilar-blog.com\/?tag=icerde"},"16":{"name":"medcezir","link":"https:\/\/balcilar-blog.com\/?tag=medcezir"},"1481":{"name":"N.\u0130pek G\u00f6kdel","link":"https:\/\/balcilar-blog.com\/?tag=n-ipek-gokdel"},"1478":{"name":"Netflix","link":"https:\/\/balcilar-blog.com\/?tag=netflix"},"1518":{"name":"Y\u00fcksel Altu\u011f","link":"https:\/\/balcilar-blog.com\/?tag=yuksel-altug"}},"comments_number":"0","wpmagazine_modules_lite_featured_media_urls":{"thumbnail":["https:\/\/balcilar-blog.com\/wp-content\/uploads\/2017\/08\/DGNOUtVWsAAFlwH-1-150x150.jpg",150,150,true],"cvmm-medium":["https:\/\/balcilar-blog.com\/wp-content\/uploads\/2017\/08\/DGNOUtVWsAAFlwH-1.jpg",300,297,false],"cvmm-medium-plus":["https:\/\/balcilar-blog.com\/wp-content\/uploads\/2017\/08\/DGNOUtVWsAAFlwH-1.jpg",209,207,false],"cvmm-portrait":["https:\/\/balcilar-blog.com\/wp-content\/uploads\/2017\/08\/DGNOUtVWsAAFlwH-1.jpg",400,396,false],"cvmm-medium-square":["https:\/\/balcilar-blog.com\/wp-content\/uploads\/2017\/08\/DGNOUtVWsAAFlwH-1.jpg",600,594,false],"cvmm-large":["https:\/\/balcilar-blog.com\/wp-content\/uploads\/2017\/08\/DGNOUtVWsAAFlwH-1.jpg",606,600,false],"cvmm-small":["https:\/\/balcilar-blog.com\/wp-content\/uploads\/2017\/08\/DGNOUtVWsAAFlwH-1.jpg",96,95,false],"full":["https:\/\/balcilar-blog.com\/wp-content\/uploads\/2017\/08\/DGNOUtVWsAAFlwH-1.jpg",606,600,false]},"_links":{"self":[{"href":"https:\/\/balcilar-blog.com\/index.php?rest_route=\/wp\/v2\/posts\/20400","targetHints":{"allow":["GET"]}}],"collection":[{"href":"https:\/\/balcilar-blog.com\/index.php?rest_route=\/wp\/v2\/posts"}],"about":[{"href":"https:\/\/balcilar-blog.com\/index.php?rest_route=\/wp\/v2\/types\/post"}],"author":[{"embeddable":true,"href":"https:\/\/balcilar-blog.com\/index.php?rest_route=\/wp\/v2\/users\/3"}],"replies":[{"embeddable":true,"href":"https:\/\/balcilar-blog.com\/index.php?rest_route=%2Fwp%2Fv2%2Fcomments&post=20400"}],"version-history":[{"count":7,"href":"https:\/\/balcilar-blog.com\/index.php?rest_route=\/wp\/v2\/posts\/20400\/revisions"}],"predecessor-version":[{"id":20408,"href":"https:\/\/balcilar-blog.com\/index.php?rest_route=\/wp\/v2\/posts\/20400\/revisions\/20408"}],"wp:featuredmedia":[{"embeddable":true,"href":"https:\/\/balcilar-blog.com\/index.php?rest_route=\/wp\/v2\/media\/20405"}],"wp:attachment":[{"href":"https:\/\/balcilar-blog.com\/index.php?rest_route=%2Fwp%2Fv2%2Fmedia&parent=20400"}],"wp:term":[{"taxonomy":"category","embeddable":true,"href":"https:\/\/balcilar-blog.com\/index.php?rest_route=%2Fwp%2Fv2%2Fcategories&post=20400"},{"taxonomy":"post_tag","embeddable":true,"href":"https:\/\/balcilar-blog.com\/index.php?rest_route=%2Fwp%2Fv2%2Ftags&post=20400"}],"curies":[{"name":"wp","href":"https:\/\/api.w.org\/{rel}","templated":true}]}}