{"id":20260,"date":"2017-07-15T15:52:10","date_gmt":"2017-07-15T12:52:10","guid":{"rendered":"http:\/\/balcilar-blog.com\/?p=20260"},"modified":"2017-07-15T16:09:31","modified_gmt":"2017-07-15T13:09:31","slug":"2017-yaz-dizilerinde-one-cikanlar","status":"publish","type":"post","link":"https:\/\/balcilar-blog.com\/?p=20260","title":{"rendered":"2017 Yaz dizilerinde \u00f6ne \u00e7\u0131kanlar!"},"content":{"rendered":"<p><img loading=\"lazy\" decoding=\"async\" class=\"alignnone size-full wp-image-20269\" src=\"http:\/\/balcilar-blog.com\/wp-content\/uploads\/2017\/07\/cats-Yaz-dizileri.jpg\" alt=\"cats Yaz dizileri\" width=\"640\" height=\"329\" srcset=\"https:\/\/balcilar-blog.com\/wp-content\/uploads\/2017\/07\/cats-Yaz-dizileri.jpg 640w, https:\/\/balcilar-blog.com\/wp-content\/uploads\/2017\/07\/cats-Yaz-dizileri-300x154.jpg 300w\" sizes=\"auto, (max-width: 640px) 100vw, 640px\" \/><\/p>\n<p>Temmuz ay\u0131n\u0131n yars\u0131na geldik bile&#8230; Yaz ortas\u0131 diyebiliriz. Herkes tatilde&#8230; Evde oturanlar\u0131n tek e\u011flencesi televizyonlar. Yaz dizileri bu sene \u00e7ok az. \u015e\u00f6yle bir bakt\u0131n bir hafta boyunca Ulusal kanallarda oynayan yaz dizisinin yeni b\u00f6l\u00fcmleri 10&#8217;u ge\u00e7miyor. Hal b\u00f6yle olunca da \u00f6ne \u00e7\u0131kan dizi say\u0131s\u0131 da az.<\/p>\n<p>\u015e\u00f6yle bir g\u00f6z atarsak; bu hafa \u00c7ember &#8216;\u015eehrin G\u00fcnahlar\u0131&#8217; (Star Tv), \u0130ki Yalanc\u0131 (Kanal D), Ad\u0131 Efsane &#8216;\u0130kinci Devre&#8217; (Kanal D), Deli G\u00f6n\u00fcl (Fox Tv), Dolunay (Star Tv), No:309 (Fox tv), Ate\u015f B\u00f6ce\u011fi (Star Tv), Kanats\u0131z Ku\u015flar (Atv), Kalp At\u0131\u015f\u0131 (Show Tv), \u015eevkat Yerimdar (Fox) sayabiliyoruz, sadece 10 dizi g\u00f6rebiliyoruz.<\/p>\n<p>Bu diziler aras\u0131nda 5&#8217;in \u00fczerinde reyting alan \u00fc\u00e7 dizi \u00f6ne \u00e7\u0131k\u0131yor.<\/p>\n<p><strong>1.KALP ATI\u015eI (Show Tv) :<\/strong><\/p>\n<p>Bu hafta 3.b\u00f6l\u00fcm\u00fcnde Total&#8217;de ald\u0131\u011f\u0131 7,47 \/ 24,78 reyting buna ile ilk s\u0131rada yer al\u0131yor. Cuma ak\u015fmlar\u0131 ekrana gelen drama dizisi olduk\u00e7a ba\u015far\u0131l\u0131. Bana ge\u00e7mi\u015f y\u0131llarda s\u0131k\u00e7a ekranlara gelen Doktorlar dizisini hat\u0131rlat\u0131yor.<\/p>\n<p><img loading=\"lazy\" decoding=\"async\" class=\"alignnone size-full wp-image-20264\" src=\"http:\/\/balcilar-blog.com\/wp-content\/uploads\/2017\/07\/1RffTsJa.jpg\" alt=\"1RffTsJa\" width=\"640\" height=\"352\" srcset=\"https:\/\/balcilar-blog.com\/wp-content\/uploads\/2017\/07\/1RffTsJa.jpg 640w, https:\/\/balcilar-blog.com\/wp-content\/uploads\/2017\/07\/1RffTsJa-300x165.jpg 300w\" sizes=\"auto, (max-width: 640px) 100vw, 640px\" \/><\/p>\n<p>Ba\u015frollerini \u00d6yk\u00fc Karayel ve G\u00f6khan Alkan oynuyor. Kore dizisi &#8220;Doctors&#8221; dizisinden uyarlama. Y\u00f6netmenli\u011fini Yusuf Pirhasan yap\u0131yor. Seneryosunu ise Makbule Kosif, Eda Tezcan, G\u00fclsev Karag\u00f6z, Zafer \u00d6zer \u00c7etin ve Meslis Veziro\u011flu gibi kalabal\u0131k bir senarist ekibi yaz\u0131yor.<\/p>\n<p>\u00d6yk\u00fc Karayel olduk\u00e7a ba\u015far\u0131l\u0131, yak\u0131n d\u00f6v\u00fc\u015f sahnelerinde olduk\u00e7a ba\u015far\u0131l\u0131. Temiz y\u00fczl\u00fc \u00f6\u011fretmen doktorumuz da, a\u015fk konusunda pek atak olmasa da doktor olarak ba\u015far\u0131l\u0131 bir tip. Hastahane sahinin doktor k\u0131z\u0131 elde etmek i\u00e7in epey u\u011fra\u015f veriyor.<\/p>\n<p>Konu: Gen\u00e7 beyin cerrah\u0131 Eyl\u00fcl; hastane acilini basan bir grup zorbaya iyi bir dayak \u00e7ekerken bize de y\u0131llar \u00f6nce ba\u015flayan hikayesini anlat\u0131r. Defalarca okul de\u011fi\u015ftirmi\u015f, \u00f6\u011fretmenlerin u\u011fra\u015fmak istemedi\u011fi, asi bir gen\u00e7 k\u0131zd\u0131r o. Babas\u0131 son kovuldu\u011fu okuldan onu al\u0131p, can\u0131n\u0131 ac\u0131tana kadar d\u00f6vd\u00fc\u011f\u00fcnde dahi tek g\u00f6z ya\u015f\u0131 d\u00f6kmez. Oysa ki o g\u00fcn t\u00fcm hayat\u0131 de\u011fi\u015fecek, ona evini a\u00e7an, Marmaris\u2019te ufak bir pansiyon i\u015fleten babaannesinin duas\u0131 bir mucizeyi getirecektir. \u201cKe\u015fke sana yol g\u00f6sterecek iyi bir \u00f6\u011fretmenin olsa\u201d Olur da! Ali Asaf Denizo\u011flu , ba\u015far\u0131l\u0131 bir doktorken \u0130stanbul\u2019dan ta\u015fradaki bir okula \u00f6\u011fretmen olarak neden geldi\u011fi bilinmez. Oysa o insanlar\u0131n hayat\u0131na bir kez dokunup her \u015feyi de\u011fi\u015ftirecek ola\u011fan\u00fcst\u00fc bir insand\u0131r. Bu yetene\u011fi Eyl\u00fcl\u2019\u00fc de u\u00e7urumun kenar\u0131ndan kurtar\u0131p, ba\u015far\u0131l\u0131 bir cerrah yapacakt\u0131r. Ancak Eyl\u00fcl\u2019le aras\u0131ndaki o \u00f6zel duygunun \u00e7ok ge\u00e7 fark\u0131na var\u0131r ve gitmesine izin verir. \u0130ki a\u015f\u0131k -evet ne kadar inkar etse de Eyl\u00fcl de a\u015f\u0131k olmu\u015ftur Ali Asaf\u2019a- ayr\u0131lm\u0131\u015f ve y\u0131llar sonra iki doktor olarak tekrar kar\u015f\u0131la\u015facaklard\u0131r. Hayata yenik ba\u015flayan, \u00f6fkesi d\u0131\u015f\u0131nda hi\u00e7bir \u015feyi olmayan bir k\u0131z\u0131n bir cerrah olarak hayata meydan okuma hikayesidir bu. Ayn\u0131 zamanda ona bu cesareti verecek olan bir erke\u011fin! Elini tutan ve ba\u015farabilirsin diyen bir yol g\u00f6stericinin. Hepimizin t\u00fcm kalbimizle hayat\u0131m\u0131zda olmas\u0131n\u0131 istedi\u011fimiz o ki\u015fi Eyl\u00fcl gibi bizim de hayata olan umutlar\u0131m\u0131z\u0131 hep ayakta tutacakt\u0131r. Elbette a\u015fkla beraber&#8230;<\/p>\n<p><strong>2.DOLUNAY (Star Tv) :<\/strong><\/p>\n<p>Romantik komedi t\u00fcr\u00fcndeki Star Tv&#8217;nin Dolunay bu hafta 2.b\u00f6l\u00fcm\u00fc ekranlara geldi. Total&#8217;de ald\u0131\u011f\u0131 6,51 \/ 22,26 puanla ikici s\u0131rada yer al\u0131yor.<\/p>\n<p><img loading=\"lazy\" decoding=\"async\" class=\"alignnone size-full wp-image-20265\" src=\"http:\/\/balcilar-blog.com\/wp-content\/uploads\/2017\/07\/dolunay-dizisi-konusu-ve.jpeg\" alt=\"dolunay-dizisi-konusu-ve\" width=\"640\" height=\"325\" srcset=\"https:\/\/balcilar-blog.com\/wp-content\/uploads\/2017\/07\/dolunay-dizisi-konusu-ve.jpeg 640w, https:\/\/balcilar-blog.com\/wp-content\/uploads\/2017\/07\/dolunay-dizisi-konusu-ve-300x152.jpeg 300w\" sizes=\"auto, (max-width: 640px) 100vw, 640px\" \/><\/p>\n<p>Ba\u015frollerini Can Yaman ve \u00d6zge G\u00fcrel&#8217;in payla\u015ft\u0131\u011f\u0131 dizi sal\u0131 ak\u015famlar\u0131 ekranlara geliyor. Yaz dizisi konseptine uygun olarak haz\u0131rlanan senaryoda uygulay\u0131c\u0131 yap\u0131mc\u0131 olarak ise T\u00fcrkan \u015eORAY\u2019\u0131n k\u0131z\u0131 Ya\u011fmur \u00dcNAL oturacak. \u00c7a\u011fr\u0131 Bayrak\u2019\u0131n y\u00f6netmen koltu\u011funda olaca\u011f\u0131 Dolunay dizisi oyuncu kadrosu i\u00e7in Ya\u011fmur \u00dcNAL\u2019\u0131n titiz \u00e7al\u0131\u015fmalar\u0131 devam ediyor ancak \u015fuana kadar projeye imza aran iki isim bil izleyiciyi heyecanland\u0131rmaya yetti.<br \/>\nDolunay Dizisi Konusu<\/p>\n<p>Profesyonel bir a\u015f\u00e7\u0131 olmak isteyen Nazl\u0131 (\u00d6zge G\u00fcrel), Japon mutfa\u011f\u0131n\u0131 \u00f6\u011frenerek kendi restoran\u0131n\u0131 a\u00e7ma hayalleri kurar. \u00d6\u011frenci evini ge\u00e7indirmek i\u00e7in ek i\u015f i\u00e7in tan\u0131\u015fmad\u0131\u011f\u0131 patronu Ferit\u2019in ( Can Yaman) \u00f6zel a\u015f\u00e7\u0131s\u0131 olur. Zengin i\u015f adam\u0131 Ferit ve Nazl\u0131, \u00e7e\u015fitli tesad\u00fcflerle yak\u0131nla\u015f\u0131r ve imkans\u0131z olan bir a\u015fk\u0131n kap\u0131s\u0131n\u0131 aralar.<\/p>\n<p><strong>3.\u015eEVKAT YER\u0130MDAR (Fox Tv) :\u00a0<\/strong><\/p>\n<p>Sekiz b\u00f6l\u00fcmd\u00fcr ekranlara gelen \u015eevkat Yerimdar&#8217;\u0131n ba\u015frollerini \u00d6zg\u00fcrcan \u00c7evik ile Ba\u015fak Parlak payla\u015f\u0131yor. Limon Film &#8211; Hayri Aslan&#8217;\u0131n yap\u0131mc\u0131s\u0131 oldu\u011fu komedi dizisinin senaristi Erol H\u0131zarc\u0131. Y\u00f6netmen koltu\u011funda ise B\u00fclent \u0130\u015fbilen oturuyor.\u00a0&#8220;\u015eevkat Yerimdar&#8221; sevildi. Bu hafta Total&#8217;de ald\u0131\u011f\u0131 6,25 \/ 20,95 reyting puan\u0131 ile dikkat \u00e7eken diziler artas\u0131nda 3.s\u0131rada yer ald\u0131.<\/p>\n<p><img loading=\"lazy\" decoding=\"async\" class=\"alignnone size-full wp-image-20267\" src=\"http:\/\/balcilar-blog.com\/wp-content\/uploads\/2017\/07\/sevkat-yerimdar.jpg\" alt=\"sevkat-yerimdar\" width=\"640\" height=\"427\" srcset=\"https:\/\/balcilar-blog.com\/wp-content\/uploads\/2017\/07\/sevkat-yerimdar.jpg 640w, https:\/\/balcilar-blog.com\/wp-content\/uploads\/2017\/07\/sevkat-yerimdar-300x200.jpg 300w\" sizes=\"auto, (max-width: 640px) 100vw, 640px\" \/><\/p>\n<p><strong>Konu:<\/strong> \u00d6zg\u00fcr bir insan nas\u0131l ya\u015fayaca\u011f\u0131n\u0131 hi\u00e7 d\u00fc\u015f\u00fcnmez; \u00e7\u00fcnk\u00fc nas\u0131l ya\u015fanmayaca\u011f\u0131n\u0131 zaten bilir. Gerisi hikayedir. \u015eevkat harbidir, samimidir, s\u00f6z\u00fcn\u00fcn eri, \u00f6fkesinin esiridir. Ancak y\u00fcre\u011fi pamuk kadar yumu\u015fakt\u0131r ve hayat\u0131 hep pamuk ipli\u011findedir. Halden anlar, hat\u0131r sayar, zorda kalana yard\u0131m elini uzat\u0131r. Velhas\u0131l\u0131, nesli t\u00fckenmi\u015f bir mahalle delikanl\u0131s\u0131d\u0131r o. \u015eevkat\u2019in hat\u0131r\u0131n\u0131 asla k\u0131ramayaca\u011f\u0131 Cevdet Bey bir g\u00fcn ondan bir ricada bulunur. Ama ne ricad\u0131r bu! Bu ricad\u0131r zaten hikayemizi ba\u015flatan; \u015eevkat\u2019i hayat\u0131n\u0131n en zor s\u0131nav\u0131na atan. Cevdet Bey, Paris\u2019ten d\u00f6nen k\u0131z\u0131 Esin\u2019i \u015eevkat\u2019e emanet eder. Mertli\u011fine g\u00fcvenir , g\u00f6z kulak ol, sahip \u00e7\u0131k k\u0131z\u0131ma der; mahallesine g\u00f6nderir. \u015eevkat Yerimdar bu! Emanetse ba\u015f \u00fcst\u00fcndedir, d\u00fcnya y\u0131k\u0131lsa halel getirmez \u00fcst\u00fcne. Gel g\u00f6r ki bu emanet ba\u015fkad\u0131r; g\u00fczeller g\u00fczeli bir k\u0131zd\u0131r. Ad\u0131 Esin\u2019dir, \u015eevkat\u2019in hayat\u0131na belal\u0131 ama tatl\u0131 bir esin gibi gelmi\u015ftir i\u015fte. \u015eevkat\u2019e emanet edilen Esin mahalleye ad\u0131m att\u0131\u011f\u0131 g\u00fcn akl\u0131n\u0131 ka\u00e7\u0131r\u0131r ve d\u00fcnyadan kopar. \u015eevkat\u2019i bir tela\u015ft\u0131r al\u0131r. Emanete sahip \u00e7\u0131kmak ve Esin\u2019in akl\u0131na ba\u015f\u0131na getirmek i\u00e7in akla karay\u0131 se\u00e7er. Derken akl\u0131 ba\u015f\u0131na gelir Esin\u2019in . Ne var ki, Esin kendine geldi\u011finde bamba\u015fka biridir. \u015eevkat\u2019e k\u00f6k s\u00f6kt\u00fcr\u00fcr, onu \u00e7ileden \u00e7\u0131kar\u0131r. Buna ra\u011fmen \u015eevkat verdi\u011fi s\u00f6zden d\u00f6nmez. Hem Esin\u2019e g\u00f6z kulak olmak hem de ona katlanmak zorundad\u0131r \u00e7\u00fcnk\u00fc. Esin ne yapar ne eder, iki yakas\u0131 bir araya gelmeyen \u015eevkat\u2019in iki aya\u011f\u0131n\u0131 bir pabuca sokmay\u0131 ba\u015far\u0131r. \u0130ki ar\u0131zal\u0131 karakter aras\u0131nda ak\u0131llara zarar bir ili\u015fki kurulur ve ya\u015fad\u0131klar\u0131 mahallenin alt\u0131n\u0131 \u00fcst\u00fcne getirirler. Garip, zor, belal\u0131 bir a\u015fk hikayesi do\u011far derken\u2026 Bu a\u015fk\u0131n do\u011fu\u015fu i\u00e7indir zaten b\u00fct\u00fcn olaylar\u2026<\/p>\n<p>&nbsp;<\/p>\n<p><img loading=\"lazy\" decoding=\"async\" class=\"alignnone size-full wp-image-20268\" src=\"http:\/\/balcilar-blog.com\/wp-content\/uploads\/2017\/07\/ates_bocegi_3.bolum_mobil_1920x1080.jpg\" alt=\"ates_bocegi_3.bolum_mobil_1920x1080\" width=\"640\" height=\"360\" srcset=\"https:\/\/balcilar-blog.com\/wp-content\/uploads\/2017\/07\/ates_bocegi_3.bolum_mobil_1920x1080.jpg 640w, https:\/\/balcilar-blog.com\/wp-content\/uploads\/2017\/07\/ates_bocegi_3.bolum_mobil_1920x1080-300x169.jpg 300w\" sizes=\"auto, (max-width: 640px) 100vw, 640px\" \/><\/p>\n<p>Benim favori dizilerinden biri olan Ate\u015f B\u00f6ce\u011fi her nedense Kiral\u0131k A\u015fk dizisine benzetildi. Hatta onun kopyas\u0131 gibi de\u011ferlendirenler oldu. Se\u00e7kin \u00d6zdemir bana g\u00f6re ba\u015far\u0131l\u0131 ancak yetmiyor. Di\u011fer kadro oyuncular\u0131 insan\u0131 adeta s\u0131k\u0131yor. Ald\u0131\u011f\u0131 reytingleri de bakarsak her iki kategoride 5&#8217;in alt\u0131nda kald\u0131\u011f\u0131n\u0131 g\u00f6r\u00fcyoruz.<\/p>\n<p>&nbsp;<\/p>\n<p><img loading=\"lazy\" decoding=\"async\" class=\"alignnone size-full wp-image-20266\" src=\"http:\/\/balcilar-blog.com\/wp-content\/uploads\/2017\/07\/No-309-4041-galeri-resim-ea0359a0-7233-4244-85a7-be15c7ab512d.jpg\" alt=\"No-309-4041-galeri-resim-ea0359a0-7233-4244-85a7-be15c7ab512d\" width=\"640\" height=\"360\" srcset=\"https:\/\/balcilar-blog.com\/wp-content\/uploads\/2017\/07\/No-309-4041-galeri-resim-ea0359a0-7233-4244-85a7-be15c7ab512d.jpg 640w, https:\/\/balcilar-blog.com\/wp-content\/uploads\/2017\/07\/No-309-4041-galeri-resim-ea0359a0-7233-4244-85a7-be15c7ab512d-300x169.jpg 300w\" sizes=\"auto, (max-width: 640px) 100vw, 640px\" \/><\/p>\n<p>Ayr\u0131ca sezon dizilerinden No:309 yaz dizisi olarak devam eden tek dizi olarak kald\u0131. Son olarak 56.b\u00f6l\u00fcm\u00fc ekranlara gelen sevilen dizi Temmuz sonuna kadar 60 b\u00f6l\u00fcm olarak palnlanm\u0131\u015ft\u0131. Ba\u015far\u0131 durumuna g\u00f6re ak\u0131beti belirlenecekti. Duyumlar\u0131m\u0131za g\u00f6re final karar\u0131 al\u0131nm\u0131\u015f. Furkan Palal\u0131 bu dizi ile Demet \u00d6zdemir iyi bir ikili oldular. Alt kadrosu da olduk\u00e7a sevildi.<\/p>\n<p>Kanats\u0131z Ku\u015flar dizisi de sevilen yaz dizileri aras\u0131nda sayabiliriz.<\/p>\n<p>Kanallar bo\u015f kalan zamanlar\u0131 ge\u00e7mi\u015f dizilerin tekrarlar\u0131 ile dolduruyor. Bu g\u00fcnlerde yeni yaz dizileri de yolda&#8230; Show Tv&#8217;nin yeni dizisi &#8216;R\u00fcya&#8217; geliyor. Dizinin oyuncu kadrosu da epey gen\u00e7 ve bir o kadar yetenekli. Elif\u2019i Hazal Filiz K\u00fc\u00e7\u00fckk\u00f6se, Bulut\u2019u Ceyhun Mengirlio\u011flu, Alaz\u2019\u0131 da Ula\u015f Tuna Astepe canland\u0131r\u0131yor. Dilerim sevilir ve uzun soluklu olur.<\/p>\n<p>Kanal D&#8217;nin 2 Yalanc\u0131 dizisi ilk b\u00f6l\u00fcme bakarsak pek ba\u015far\u0131l\u0131 de\u011fil. Kanal D pek yak\u0131nda &#8220;Meryem&#8221; adl\u0131 yeni bir dizi ile geliyor.<\/p>\n<p>Keyifli Seyirler<\/p>\n<p>Sayg\u0131lar ve sevgiler.<\/p>\n<p>Abdurrahman Balc\u0131lar<\/p>\n<p>Twitter:\u00a0<a href=\"https:\/\/twitter.com\/abbalcilar\">abdurrahman balc\u0131lar<\/a><a href=\"https:\/\/twitter.com\/abbalcilar\"><strong>@abbalcilar<\/strong><\/a><\/p>\n<p>Mail :\u00a0<a href=\"mailto:ab.balcilar@hotmail.com\">ab.balcilar@hotmail.com<\/a><\/p>\n<p>Blog:\u00a0<a href=\"http:\/\/t.co\/znqmIZgIqn\">blog.milliyet.com.tr\/cansever<\/a><\/p>\n<p>Blog:\u00a0<a href=\"http:\/\/balcilar-blog.com\/\">Abdurrahman Balc\u0131lar Blog Sayfas\u0131<\/a><\/p>\n<p>&nbsp;<\/p>\n<p><strong>*\u015eahsi Blog sayfamda ve Milliyet Blog\u2019da yay\u0131nlanan blog yaz\u0131lar\u0131 b\u00fcy\u00fck bir \u00e7al\u0131\u015fman\u0131n \u00fcr\u00fcn\u00fc olup, izinsiz ya da kaynak g\u00f6stermeden al\u0131nt\u0131 yap\u0131lamaz. Aksi halde kanuni i\u015flem yap\u0131l\u0131r.<\/strong><\/p>\n","protected":false},"excerpt":{"rendered":"<p>Temmuz ay\u0131n\u0131n yars\u0131na geldik bile&#8230; Yaz ortas\u0131 diyebiliriz. Herkes tatilde&#8230; Evde oturanlar\u0131n tek e\u011flencesi televizyonlar. Yaz dizileri bu sene \u00e7ok az. \u015e\u00f6yle bir bakt\u0131n bir hafta boyunca Ulusal kanallarda oynayan yaz dizisinin yeni b\u00f6l\u00fcmleri 10&#8217;u ge\u00e7miyor. Hal b\u00f6yle olunca da \u00f6ne \u00e7\u0131kan dizi say\u0131s\u0131 da az. \u015e\u00f6yle bir g\u00f6z atarsak; bu hafa \u00c7ember &#8216;\u015eehrin G\u00fcnahlar\u0131&#8217; [&hellip;]<\/p>\n","protected":false},"author":3,"featured_media":20269,"comment_status":"open","ping_status":"open","sticky":false,"template":"","format":"standard","meta":{"footnotes":""},"categories":[2],"tags":[1182,1470,1491,1450,197,1434,254,1460,726],"class_list":["post-20260","post","type-post","status-publish","format-standard","has-post-thumbnail","hentry","category-tv-programlari","tag-demet-ozdemir","tag-dolunay","tag-gokhan-alkan","tag-kalp-atisi","tag-oyku-karayel","tag-ruya","tag-seckin-ozdemir","tag-sevkat-yerimdar","tag-yaz-dizileri"],"views":3677,"blog_post_layout_featured_media_urls":{"thumbnail":["https:\/\/balcilar-blog.com\/wp-content\/uploads\/2017\/07\/cats-Yaz-dizileri-150x150.jpg",150,150,true],"full":["https:\/\/balcilar-blog.com\/wp-content\/uploads\/2017\/07\/cats-Yaz-dizileri.jpg",640,329,false]},"categories_names":{"2":{"name":"TV Programlar\u0131","link":"https:\/\/balcilar-blog.com\/?cat=2"}},"tags_names":{"1182":{"name":"Demet \u00d6zdemir","link":"https:\/\/balcilar-blog.com\/?tag=demet-ozdemir"},"1470":{"name":"Dolunay","link":"https:\/\/balcilar-blog.com\/?tag=dolunay"},"1491":{"name":"G\u00f6khan Alkan","link":"https:\/\/balcilar-blog.com\/?tag=gokhan-alkan"},"1450":{"name":"Kalp At\u0131\u015f\u0131","link":"https:\/\/balcilar-blog.com\/?tag=kalp-atisi"},"197":{"name":"\u00d6yk\u00fc Karayel","link":"https:\/\/balcilar-blog.com\/?tag=oyku-karayel"},"1434":{"name":"R\u00fcya","link":"https:\/\/balcilar-blog.com\/?tag=ruya"},"254":{"name":"Se\u00e7kin \u00d6zdemir","link":"https:\/\/balcilar-blog.com\/?tag=seckin-ozdemir"},"1460":{"name":"\u015eevkat Yerimdar","link":"https:\/\/balcilar-blog.com\/?tag=sevkat-yerimdar"},"726":{"name":"Yaz dizileri","link":"https:\/\/balcilar-blog.com\/?tag=yaz-dizileri"}},"comments_number":"0","wpmagazine_modules_lite_featured_media_urls":{"thumbnail":["https:\/\/balcilar-blog.com\/wp-content\/uploads\/2017\/07\/cats-Yaz-dizileri-150x150.jpg",150,150,true],"cvmm-medium":["https:\/\/balcilar-blog.com\/wp-content\/uploads\/2017\/07\/cats-Yaz-dizileri.jpg",300,154,false],"cvmm-medium-plus":["https:\/\/balcilar-blog.com\/wp-content\/uploads\/2017\/07\/cats-Yaz-dizileri.jpg",305,157,false],"cvmm-portrait":["https:\/\/balcilar-blog.com\/wp-content\/uploads\/2017\/07\/cats-Yaz-dizileri.jpg",400,206,false],"cvmm-medium-square":["https:\/\/balcilar-blog.com\/wp-content\/uploads\/2017\/07\/cats-Yaz-dizileri.jpg",600,308,false],"cvmm-large":["https:\/\/balcilar-blog.com\/wp-content\/uploads\/2017\/07\/cats-Yaz-dizileri.jpg",640,329,false],"cvmm-small":["https:\/\/balcilar-blog.com\/wp-content\/uploads\/2017\/07\/cats-Yaz-dizileri.jpg",130,67,false],"full":["https:\/\/balcilar-blog.com\/wp-content\/uploads\/2017\/07\/cats-Yaz-dizileri.jpg",640,329,false]},"_links":{"self":[{"href":"https:\/\/balcilar-blog.com\/index.php?rest_route=\/wp\/v2\/posts\/20260","targetHints":{"allow":["GET"]}}],"collection":[{"href":"https:\/\/balcilar-blog.com\/index.php?rest_route=\/wp\/v2\/posts"}],"about":[{"href":"https:\/\/balcilar-blog.com\/index.php?rest_route=\/wp\/v2\/types\/post"}],"author":[{"embeddable":true,"href":"https:\/\/balcilar-blog.com\/index.php?rest_route=\/wp\/v2\/users\/3"}],"replies":[{"embeddable":true,"href":"https:\/\/balcilar-blog.com\/index.php?rest_route=%2Fwp%2Fv2%2Fcomments&post=20260"}],"version-history":[{"count":3,"href":"https:\/\/balcilar-blog.com\/index.php?rest_route=\/wp\/v2\/posts\/20260\/revisions"}],"predecessor-version":[{"id":20272,"href":"https:\/\/balcilar-blog.com\/index.php?rest_route=\/wp\/v2\/posts\/20260\/revisions\/20272"}],"wp:featuredmedia":[{"embeddable":true,"href":"https:\/\/balcilar-blog.com\/index.php?rest_route=\/wp\/v2\/media\/20269"}],"wp:attachment":[{"href":"https:\/\/balcilar-blog.com\/index.php?rest_route=%2Fwp%2Fv2%2Fmedia&parent=20260"}],"wp:term":[{"taxonomy":"category","embeddable":true,"href":"https:\/\/balcilar-blog.com\/index.php?rest_route=%2Fwp%2Fv2%2Fcategories&post=20260"},{"taxonomy":"post_tag","embeddable":true,"href":"https:\/\/balcilar-blog.com\/index.php?rest_route=%2Fwp%2Fv2%2Ftags&post=20260"}],"curies":[{"name":"wp","href":"https:\/\/api.w.org\/{rel}","templated":true}]}}