{"id":20063,"date":"2017-06-16T20:55:49","date_gmt":"2017-06-16T17:55:49","guid":{"rendered":"http:\/\/balcilar-blog.com\/?p=20063"},"modified":"2017-06-19T10:33:24","modified_gmt":"2017-06-19T07:33:24","slug":"icerde-final-umut-muradina-erecek-sarp-olecek-mi","status":"publish","type":"post","link":"https:\/\/balcilar-blog.com\/?p=20063","title":{"rendered":"\u0130\u00e7erde Final. Umut murad\u0131na erecek, Sarp \u00f6lecek mi?"},"content":{"rendered":"<p><img loading=\"lazy\" decoding=\"async\" class=\"alignnone size-full wp-image-20076\" src=\"http:\/\/balcilar-blog.com\/wp-content\/uploads\/2017\/06\/19224965_719305821588206_463422174927566571_n.jpg\" alt=\"19224965_719305821588206_463422174927566571_n\" width=\"640\" height=\"360\" srcset=\"https:\/\/balcilar-blog.com\/wp-content\/uploads\/2017\/06\/19224965_719305821588206_463422174927566571_n.jpg 640w, https:\/\/balcilar-blog.com\/wp-content\/uploads\/2017\/06\/19224965_719305821588206_463422174927566571_n-300x169.jpg 300w\" sizes=\"auto, (max-width: 640px) 100vw, 640px\" \/><\/p>\n<p><strong>Ay Yap\u0131m<\/strong>\u2018\u0131n yap\u0131mc\u0131l\u0131\u011f\u0131n\u0131 \u00fcstlendi\u011fi <strong>Show Tv<\/strong>\u2019nin fenomen dizisi \u0130\u00c7ERDE, ba\u015flad\u0131\u011f\u0131 ilk g\u00fcnden 19 Eyl\u00fcl 2016&#8217;dan bu yana soluksuz izlendi ve herkesi i\u00e7eri ald\u0131. Ve final b\u00f6l\u00fcm\u00fc geldi \u00e7att\u0131. <strong>19 Haziran Pazartesi<\/strong> ak\u015fam\u0131 saat:20.00\u2019de ekranlar\u0131n\u0131zda muhte\u015fem final bizleri bekliyor. Finalde kebap\u00e7\u0131 Celal \u00f6lecek! Ama beraberinde Sarp&#8217;\u0131 m\u0131? Umut&#8217;u mu g\u00f6t\u00fcrecek!<\/p>\n<p>Ge\u00e7en b\u00f6l\u00fcm sonunda Sarp, Kebap\u00e7\u0131 Celal&#8217;in bileklerine keyifle kelep\u00e7eyi takm\u0131\u015f, avaz\u0131 \u00e7\u0131kt\u0131\u011f\u0131 kadar ba\u011f\u0131rarak; &#8220;Yusuf M\u00fcd\u00fcr duy sesimi&#8230; Ba\u015fard\u0131k. Paketledik Kebap\u00e7\u0131y\u0131, d\u00fcr\u00fcm yapt\u0131k, d\u00fcr\u00fcm.&#8221; demi\u015fti.<\/p>\n<p>Reyting rekortmeni \u0130\u00e7erde\u2019nin ba\u015frollerinde; \u00c7a\u011fatay Ulusoy, Aras Bulut \u0130ynemli, \u00c7etin Tekindor, Damla Colbay, R\u0131za Kocao\u011flu, Nihal Kolda\u015f, G\u00f6zde Kansu, Y\u0131ld\u0131ray \u015eahinler, Seyithan \u00d6zdemir ve Nebil Say\u0131n yer al\u0131yor.<\/p>\n<p>Dizinin senaryosunu Ertan Kurtulan, Toprak Karao\u011flu ve Volkan S\u00fcmb\u00fcl birlikte kaleme al\u0131yor, y\u00f6netmen koltu\u011funda ise Ulu\u00e7 Bayraktar oturuyor.<\/p>\n<p><img loading=\"lazy\" decoding=\"async\" class=\"alignnone size-full wp-image-20070\" src=\"http:\/\/balcilar-blog.com\/wp-content\/uploads\/2017\/06\/19145907_719305794921542_8285931194389980244_n.jpg\" alt=\"19145907_719305794921542_8285931194389980244_n\" width=\"640\" height=\"360\" srcset=\"https:\/\/balcilar-blog.com\/wp-content\/uploads\/2017\/06\/19145907_719305794921542_8285931194389980244_n.jpg 640w, https:\/\/balcilar-blog.com\/wp-content\/uploads\/2017\/06\/19145907_719305794921542_8285931194389980244_n-300x169.jpg 300w\" sizes=\"auto, (max-width: 640px) 100vw, 640px\" \/><\/p>\n<p>Sarp, Celal\u2019i tutuklam\u0131\u015f olsa da onu hapse koymak o kadar kolay olmayacakt\u0131r.<\/p>\n<p><img loading=\"lazy\" decoding=\"async\" class=\"alignnone size-full wp-image-20071\" src=\"http:\/\/balcilar-blog.com\/wp-content\/uploads\/2017\/06\/19149088_719305628254892_4355509893558534639_n.jpg\" alt=\"19149088_719305628254892_4355509893558534639_n\" width=\"640\" height=\"360\" srcset=\"https:\/\/balcilar-blog.com\/wp-content\/uploads\/2017\/06\/19149088_719305628254892_4355509893558534639_n.jpg 640w, https:\/\/balcilar-blog.com\/wp-content\/uploads\/2017\/06\/19149088_719305628254892_4355509893558534639_n-300x169.jpg 300w\" sizes=\"auto, (max-width: 640px) 100vw, 640px\" \/><\/p>\n<p>Kar\u0131s\u0131 Ye\u015fim bu tutuklamay\u0131 sevinir, o\u011flu Mustafa biraz i\u00e7i buruk seyreder.<\/p>\n<p><img loading=\"lazy\" decoding=\"async\" class=\"alignnone size-full wp-image-20081\" src=\"http:\/\/balcilar-blog.com\/wp-content\/uploads\/2017\/06\/19225999_719305704921551_3220960313694092219_n.jpg\" alt=\"19225999_719305704921551_3220960313694092219_n\" width=\"640\" height=\"360\" srcset=\"https:\/\/balcilar-blog.com\/wp-content\/uploads\/2017\/06\/19225999_719305704921551_3220960313694092219_n.jpg 640w, https:\/\/balcilar-blog.com\/wp-content\/uploads\/2017\/06\/19225999_719305704921551_3220960313694092219_n-300x169.jpg 300w\" sizes=\"auto, (max-width: 640px) 100vw, 640px\" \/><\/p>\n<p>Haluk M\u00fcd\u00fcr, Sarp&#8217;\u0131n Celal&#8217;i b\u00fct\u00fcn su\u00e7lar\u0131n\u0131 itiraf ettirmesinden ziyadesi ile memnun olmu\u015ftur. Sarp&#8217;\u0131 bir \u015fekilde \u00f6d\u00fcllendirecektir.<\/p>\n<p>&nbsp;<\/p>\n<p><img loading=\"lazy\" decoding=\"async\" class=\"alignnone size-full wp-image-20079\" src=\"http:\/\/balcilar-blog.com\/wp-content\/uploads\/2017\/06\/19225479_719305524921569_5298942028302329149_n.jpg\" alt=\"19225479_719305524921569_5298942028302329149_n\" width=\"640\" height=\"360\" srcset=\"https:\/\/balcilar-blog.com\/wp-content\/uploads\/2017\/06\/19225479_719305524921569_5298942028302329149_n.jpg 640w, https:\/\/balcilar-blog.com\/wp-content\/uploads\/2017\/06\/19225479_719305524921569_5298942028302329149_n-300x169.jpg 300w\" sizes=\"auto, (max-width: 640px) 100vw, 640px\" \/><\/p>\n<p>T\u00fcm ya\u015fananlara tan\u0131k olan Davut, son \u015fans\u0131n\u0131 kullanarak b\u00fcy\u00fck plan\u0131 harekete ge\u00e7irir.<\/p>\n<p><img loading=\"lazy\" decoding=\"async\" class=\"alignnone size-full wp-image-20077\" src=\"http:\/\/balcilar-blog.com\/wp-content\/uploads\/2017\/06\/19225195_719305698254885_3096067609996364794_n.jpg\" alt=\"19225195_719305698254885_3096067609996364794_n\" width=\"640\" height=\"360\" srcset=\"https:\/\/balcilar-blog.com\/wp-content\/uploads\/2017\/06\/19225195_719305698254885_3096067609996364794_n.jpg 640w, https:\/\/balcilar-blog.com\/wp-content\/uploads\/2017\/06\/19225195_719305698254885_3096067609996364794_n-300x169.jpg 300w\" sizes=\"auto, (max-width: 640px) 100vw, 640px\" \/><\/p>\n<p>Her \u015feyden habersiz olan Y\u0131lmaz Ailesi sonunda bir aradad\u0131r.<\/p>\n<p><img loading=\"lazy\" decoding=\"async\" class=\"alignnone size-full wp-image-20067\" src=\"http:\/\/balcilar-blog.com\/wp-content\/uploads\/2017\/06\/19113539_719305828254872_338769620941493166_n.jpg\" alt=\"19113539_719305828254872_338769620941493166_n\" width=\"640\" height=\"360\" srcset=\"https:\/\/balcilar-blog.com\/wp-content\/uploads\/2017\/06\/19113539_719305828254872_338769620941493166_n.jpg 640w, https:\/\/balcilar-blog.com\/wp-content\/uploads\/2017\/06\/19113539_719305828254872_338769620941493166_n-300x169.jpg 300w\" sizes=\"auto, (max-width: 640px) 100vw, 640px\" \/><\/p>\n<p>F\u00fcsun, o\u011fullar\u0131 Sarp ve Umut\u2019a kavu\u015fman\u0131n sevincini ya\u015farken Umut ise vakit kaybetmeden Eylem\u2019e evlilik teklifi yapmak i\u00e7in haz\u0131rl\u0131klara ba\u015flar.<\/p>\n<p><img loading=\"lazy\" decoding=\"async\" class=\"alignnone size-full wp-image-20080\" src=\"http:\/\/balcilar-blog.com\/wp-content\/uploads\/2017\/06\/19225922_719305638254891_6733326270672695664_n.jpg\" alt=\"19225922_719305638254891_6733326270672695664_n\" width=\"640\" height=\"360\" srcset=\"https:\/\/balcilar-blog.com\/wp-content\/uploads\/2017\/06\/19225922_719305638254891_6733326270672695664_n.jpg 640w, https:\/\/balcilar-blog.com\/wp-content\/uploads\/2017\/06\/19225922_719305638254891_6733326270672695664_n-300x169.jpg 300w\" sizes=\"auto, (max-width: 640px) 100vw, 640px\" \/><\/p>\n<p>Ancak bu mutlu an\u0131, intikam i\u00e7in geri d\u00f6nen Celal b\u00f6ler.<\/p>\n<p><img loading=\"lazy\" decoding=\"async\" class=\"alignnone size-full wp-image-20068\" src=\"http:\/\/balcilar-blog.com\/wp-content\/uploads\/2017\/06\/19113578_719305841588204_4748050875925516356_n.jpg\" alt=\"19113578_719305841588204_4748050875925516356_n\" width=\"640\" height=\"360\" srcset=\"https:\/\/balcilar-blog.com\/wp-content\/uploads\/2017\/06\/19113578_719305841588204_4748050875925516356_n.jpg 640w, https:\/\/balcilar-blog.com\/wp-content\/uploads\/2017\/06\/19113578_719305841588204_4748050875925516356_n-300x169.jpg 300w\" sizes=\"auto, (max-width: 640px) 100vw, 640px\" \/><br \/>\nCelal, hik\u00e2yenin ba\u015flad\u0131\u011f\u0131 noktaya geri d\u00f6nerek sona haz\u0131rlan\u0131r.<\/p>\n<p><img loading=\"lazy\" decoding=\"async\" class=\"alignnone size-full wp-image-20015\" src=\"http:\/\/balcilar-blog.com\/wp-content\/uploads\/2017\/06\/DCLxHWeW0AA8wcV.jpg\" alt=\"DCLxHWeW0AA8wcV\" width=\"640\" height=\"410\" srcset=\"https:\/\/balcilar-blog.com\/wp-content\/uploads\/2017\/06\/DCLxHWeW0AA8wcV.jpg 640w, https:\/\/balcilar-blog.com\/wp-content\/uploads\/2017\/06\/DCLxHWeW0AA8wcV-300x192.jpg 300w\" sizes=\"auto, (max-width: 640px) 100vw, 640px\" \/><\/p>\n<p>Y\u0131lmaz Karde\u015flerden biri yine elindedir.<\/p>\n<p><img loading=\"lazy\" decoding=\"async\" class=\"alignnone size-full wp-image-20066\" src=\"http:\/\/balcilar-blog.com\/wp-content\/uploads\/2017\/06\/19106061_719305571588231_4706751677020416022_n.jpg\" alt=\"19106061_719305571588231_4706751677020416022_n\" width=\"640\" height=\"360\" srcset=\"https:\/\/balcilar-blog.com\/wp-content\/uploads\/2017\/06\/19106061_719305571588231_4706751677020416022_n.jpg 640w, https:\/\/balcilar-blog.com\/wp-content\/uploads\/2017\/06\/19106061_719305571588231_4706751677020416022_n-300x169.jpg 300w\" sizes=\"auto, (max-width: 640px) 100vw, 640px\" \/><\/p>\n<p>Umut&#8217;u kurtarmak \u00fczere harekete ge\u00e7en Sarp i\u00e7in amans\u0131z bir zamanla yar\u0131\u015f ba\u015flar.<\/p>\n<p>Celal ile Y\u0131lmaz Karde\u015fler aras\u0131nda son hesapla\u015fma ya\u015fanacakt\u0131r.<\/p>\n<p>Bu hesapla\u015fmada Celal \u00f6lecek&#8230; Sarp, Umut&#8217;u kurtaracak ama, Umut a\u011fabeysiz mi kalacak m\u0131?<\/p>\n<p><iframe loading=\"lazy\" title=\"\u0130\u00e7erde 39. B\u00f6l\u00fcm - Sneak Peek\" width=\"640\" height=\"360\" src=\"https:\/\/www.youtube.com\/embed\/-BXbGDqpEdA?feature=oembed\" frameborder=\"0\" allow=\"accelerometer; autoplay; clipboard-write; encrypted-media; gyroscope; picture-in-picture; web-share\" referrerpolicy=\"strict-origin-when-cross-origin\" allowfullscreen><\/iframe><\/p>\n<p><iframe loading=\"lazy\" title=\"I\u0307c\u0327erde 39. Bo\u0308lu\u0308m (Final) Fragman\" width=\"640\" height=\"360\" src=\"https:\/\/www.youtube.com\/embed\/7Y836wEYXuw?feature=oembed\" frameborder=\"0\" allow=\"accelerometer; autoplay; clipboard-write; encrypted-media; gyroscope; picture-in-picture; web-share\" referrerpolicy=\"strict-origin-when-cross-origin\" allowfullscreen><\/iframe><\/p>\n<p>\u0130\u00c7ERDE son final fragman\u0131 geldi. Sarp vasiyetini yapt\u0131. Polis te\u015fkilat\u0131n\u0131n ba\u015f\u0131nda operasyonu d\u00fczenliyor. Bir \u00e7ok polisle beraber, Celal, Davut \u00f6ld\u00fc. Yoldan \u00e7\u0131k\u0131p kayalara vuran arada kim vard\u0131? Umut mu? Sarp bu zorlu s\u0131navdan sa\u011f kurtulabilecek mi? Bu gece hep birlikte g\u00f6rece\u011fiz!<\/p>\n<p><iframe loading=\"lazy\" title=\"I\u0307c\u0327erde 39. Bo\u0308lu\u0308m (Final) 2. Fragman\" width=\"640\" height=\"360\" src=\"https:\/\/www.youtube.com\/embed\/IMlTSz_7o20?feature=oembed\" frameborder=\"0\" allow=\"accelerometer; autoplay; clipboard-write; encrypted-media; gyroscope; picture-in-picture; web-share\" referrerpolicy=\"strict-origin-when-cross-origin\" allowfullscreen><\/iframe><\/p>\n<p>&nbsp;<\/p>\n<p>\u0130\u00c7ERDE m\u00fcthi\u015f Final b\u00f6l\u00fcm\u00fc 19 Haziran Pazartesi ak\u015fam\u0131 Saat:20.00&#8217;de Show Tv ekranlar\u0131nda olacak!<\/p>\n<p>Dile\u011fimiz mutlu son olmas\u0131&#8230; Hep birlikte g\u00f6rece\u011fiz kimler \u00f6lecek, kimler kalacak!<\/p>\n<p>\u0130yi Seyirler.<\/p>\n<p>&nbsp;<\/p>\n<p>Sayg\u0131lar ve sevgiler.<\/p>\n<p>Abdurrahman Balc\u0131lar<\/p>\n<p>Twitter:\u00a0<a href=\"https:\/\/twitter.com\/abbalcilar\">abdurrahman balc\u0131lar<\/a><a href=\"https:\/\/twitter.com\/abbalcilar\"><strong>@abbalcilar<\/strong><\/a><\/p>\n<p>Mail :\u00a0<a href=\"mailto:ab.balcilar@hotmail.com\">ab.balcilar@hotmail.com<\/a><\/p>\n<p>Blog:\u00a0<a href=\"http:\/\/t.co\/znqmIZgIqn\">blog.milliyet.com.tr\/cansever<\/a><\/p>\n<p>Blog:\u00a0<a href=\"http:\/\/balcilar-blog.com\/\">Abdurrahman Balc\u0131lar Blog Sayfas\u0131<\/a><\/p>\n<p>&nbsp;<\/p>\n<p><strong>*\u015eahsi Blog sayfamda ve Milliyet Blog\u2019da yay\u0131nlanan blog yaz\u0131lar\u0131 b\u00fcy\u00fck bir \u00e7al\u0131\u015fman\u0131n \u00fcr\u00fcn\u00fc olup, izinsiz ya da kaynak g\u00f6stermeden al\u0131nt\u0131 yap\u0131lamaz. Aksi halde kanuni i\u015flem yap\u0131l\u0131r.<\/strong><\/p>\n<p>&nbsp;<\/p>\n","protected":false},"excerpt":{"rendered":"<p>Ay Yap\u0131m\u2018\u0131n yap\u0131mc\u0131l\u0131\u011f\u0131n\u0131 \u00fcstlendi\u011fi Show Tv\u2019nin fenomen dizisi \u0130\u00c7ERDE, ba\u015flad\u0131\u011f\u0131 ilk g\u00fcnden 19 Eyl\u00fcl 2016&#8217;dan bu yana soluksuz izlendi ve herkesi i\u00e7eri ald\u0131. Ve final b\u00f6l\u00fcm\u00fc geldi \u00e7att\u0131. 19 Haziran Pazartesi ak\u015fam\u0131 saat:20.00\u2019de ekranlar\u0131n\u0131zda muhte\u015fem final bizleri bekliyor. Finalde kebap\u00e7\u0131 Celal \u00f6lecek! Ama beraberinde Sarp&#8217;\u0131 m\u0131? Umut&#8217;u mu g\u00f6t\u00fcrecek! Ge\u00e7en b\u00f6l\u00fcm sonunda Sarp, Kebap\u00e7\u0131 Celal&#8217;in [&hellip;]<\/p>\n","protected":false},"author":3,"featured_media":20076,"comment_status":"open","ping_status":"open","sticky":false,"template":"","format":"standard","meta":{"footnotes":""},"categories":[2],"tags":[533,26,15,693,1219,1466,1467,35],"class_list":["post-20063","post","type-post","status-publish","format-standard","has-post-thumbnail","hentry","category-tv-programlari","tag-aras-bulut-iynemli","tag-ay-yapim","tag-cagatay-ulusoy","tag-cetin-tekindor","tag-icerde","tag-icerde-final","tag-icerde-muthis-final","tag-show-tv"],"views":4116,"blog_post_layout_featured_media_urls":{"thumbnail":["https:\/\/balcilar-blog.com\/wp-content\/uploads\/2017\/06\/19224965_719305821588206_463422174927566571_n-150x150.jpg",150,150,true],"full":["https:\/\/balcilar-blog.com\/wp-content\/uploads\/2017\/06\/19224965_719305821588206_463422174927566571_n.jpg",640,360,false]},"categories_names":{"2":{"name":"TV Programlar\u0131","link":"https:\/\/balcilar-blog.com\/?cat=2"}},"tags_names":{"533":{"name":"Aras Bulut \u0130ynemli","link":"https:\/\/balcilar-blog.com\/?tag=aras-bulut-iynemli"},"26":{"name":"Ay Yap\u0131m","link":"https:\/\/balcilar-blog.com\/?tag=ay-yapim"},"15":{"name":"\u00e7a\u011fatay ulusoy","link":"https:\/\/balcilar-blog.com\/?tag=cagatay-ulusoy"},"693":{"name":"\u00c7etin Tekindor","link":"https:\/\/balcilar-blog.com\/?tag=cetin-tekindor"},"1219":{"name":"\u0130\u00c7ERDE","link":"https:\/\/balcilar-blog.com\/?tag=icerde"},"1466":{"name":"\u0130\u00e7erde Final","link":"https:\/\/balcilar-blog.com\/?tag=icerde-final"},"1467":{"name":"\u0130\u00e7erde M\u00fcthi\u015f Final","link":"https:\/\/balcilar-blog.com\/?tag=icerde-muthis-final"},"35":{"name":"Show Tv","link":"https:\/\/balcilar-blog.com\/?tag=show-tv"}},"comments_number":"0","wpmagazine_modules_lite_featured_media_urls":{"thumbnail":["https:\/\/balcilar-blog.com\/wp-content\/uploads\/2017\/06\/19224965_719305821588206_463422174927566571_n-150x150.jpg",150,150,true],"cvmm-medium":["https:\/\/balcilar-blog.com\/wp-content\/uploads\/2017\/06\/19224965_719305821588206_463422174927566571_n.jpg",300,169,false],"cvmm-medium-plus":["https:\/\/balcilar-blog.com\/wp-content\/uploads\/2017\/06\/19224965_719305821588206_463422174927566571_n.jpg",305,172,false],"cvmm-portrait":["https:\/\/balcilar-blog.com\/wp-content\/uploads\/2017\/06\/19224965_719305821588206_463422174927566571_n.jpg",400,225,false],"cvmm-medium-square":["https:\/\/balcilar-blog.com\/wp-content\/uploads\/2017\/06\/19224965_719305821588206_463422174927566571_n.jpg",600,338,false],"cvmm-large":["https:\/\/balcilar-blog.com\/wp-content\/uploads\/2017\/06\/19224965_719305821588206_463422174927566571_n.jpg",640,360,false],"cvmm-small":["https:\/\/balcilar-blog.com\/wp-content\/uploads\/2017\/06\/19224965_719305821588206_463422174927566571_n.jpg",130,73,false],"full":["https:\/\/balcilar-blog.com\/wp-content\/uploads\/2017\/06\/19224965_719305821588206_463422174927566571_n.jpg",640,360,false]},"_links":{"self":[{"href":"https:\/\/balcilar-blog.com\/index.php?rest_route=\/wp\/v2\/posts\/20063","targetHints":{"allow":["GET"]}}],"collection":[{"href":"https:\/\/balcilar-blog.com\/index.php?rest_route=\/wp\/v2\/posts"}],"about":[{"href":"https:\/\/balcilar-blog.com\/index.php?rest_route=\/wp\/v2\/types\/post"}],"author":[{"embeddable":true,"href":"https:\/\/balcilar-blog.com\/index.php?rest_route=\/wp\/v2\/users\/3"}],"replies":[{"embeddable":true,"href":"https:\/\/balcilar-blog.com\/index.php?rest_route=%2Fwp%2Fv2%2Fcomments&post=20063"}],"version-history":[{"count":8,"href":"https:\/\/balcilar-blog.com\/index.php?rest_route=\/wp\/v2\/posts\/20063\/revisions"}],"predecessor-version":[{"id":20104,"href":"https:\/\/balcilar-blog.com\/index.php?rest_route=\/wp\/v2\/posts\/20063\/revisions\/20104"}],"wp:featuredmedia":[{"embeddable":true,"href":"https:\/\/balcilar-blog.com\/index.php?rest_route=\/wp\/v2\/media\/20076"}],"wp:attachment":[{"href":"https:\/\/balcilar-blog.com\/index.php?rest_route=%2Fwp%2Fv2%2Fmedia&parent=20063"}],"wp:term":[{"taxonomy":"category","embeddable":true,"href":"https:\/\/balcilar-blog.com\/index.php?rest_route=%2Fwp%2Fv2%2Fcategories&post=20063"},{"taxonomy":"post_tag","embeddable":true,"href":"https:\/\/balcilar-blog.com\/index.php?rest_route=%2Fwp%2Fv2%2Ftags&post=20063"}],"curies":[{"name":"wp","href":"https:\/\/api.w.org\/{rel}","templated":true}]}}