{"id":20044,"date":"2017-06-14T15:15:00","date_gmt":"2017-06-14T12:15:00","guid":{"rendered":"http:\/\/balcilar-blog.com\/?p=20044"},"modified":"2017-06-14T15:15:00","modified_gmt":"2017-06-14T12:15:00","slug":"bu-sehir-arkandan-gelecek-final-ali-ve-derinin-masalimsi-ask-hikayesi-ekranlara-veda-ediyor","status":"publish","type":"post","link":"https:\/\/balcilar-blog.com\/?p=20044","title":{"rendered":"Bu \u015eehir Arkandan Gelecek \/ Final; Ali ve Derin&#8217;in masal\u0131ms\u0131 a\u015fk hikayesi ekranlara veda ediyor!"},"content":{"rendered":"<p><img loading=\"lazy\" decoding=\"async\" class=\"alignnone size-full wp-image-20050\" src=\"http:\/\/balcilar-blog.com\/wp-content\/uploads\/2017\/06\/B\u015eAG-Final-B\u00f6l\u00fcm\u00fc-5.jpg\" alt=\"B\u015eAG Final B\u00f6l\u00fcm\u00fc (5)\" width=\"640\" height=\"360\" srcset=\"https:\/\/balcilar-blog.com\/wp-content\/uploads\/2017\/06\/B\u015eAG-Final-B\u00f6l\u00fcm\u00fc-5.jpg 640w, https:\/\/balcilar-blog.com\/wp-content\/uploads\/2017\/06\/B\u015eAG-Final-B\u00f6l\u00fcm\u00fc-5-300x169.jpg 300w\" sizes=\"auto, (max-width: 640px) 100vw, 640px\" \/><\/p>\n<p>Ay Yap\u0131m imzal\u0131 \u2018Bu \u015eehir Arkandan Gelecek\u2019, duygu y\u00fckl\u00fc ve heyecan dolu final b\u00f6l\u00fcm\u00fcyle ekranlara veda ediyor. D\u00fc\u011f\u00fcn g\u00fcn\u00fcnde kendini annesine siper ederken babas\u0131 taraf\u0131ndan vurulan Derin, Ali ve bebekleriyle birlikte hayallerindeki aileye kavu\u015fabilecek mi sorusunun cevab\u0131 merakla beklenecek.<\/p>\n<p>Kerem B\u00fcrsin, Leyla Lydia Tu\u011futlu ve G\u00fcrkan Uygun\u2019un rol ald\u0131\u011f\u0131 \u2018Bu \u015eehir Arkandan Gelecek\u2019te Yedi Tepe \u00fczerine kurulu b\u00fcy\u00fcl\u00fc \u015fehir \u0130stanbul\u2019da kaderleri kesi\u015fen Ali ve Derin\u2019in masals\u0131 a\u015fk hik\u00e2yesi sona eriyor.<\/p>\n<p>Dizinin ekranlara gelecek unutulmaz final b\u00f6l\u00fcm\u00fcnde Derin ve bebe\u011fi, ya\u015fam m\u00fccadelesi verecek.<\/p>\n<p><img loading=\"lazy\" decoding=\"async\" class=\"alignnone size-full wp-image-20046\" src=\"http:\/\/balcilar-blog.com\/wp-content\/uploads\/2017\/06\/B\u015eAG-Final-B\u00f6l\u00fcm\u00fc-1.jpg\" alt=\"B\u015eAG Final B\u00f6l\u00fcm\u00fc (1)\" width=\"640\" height=\"360\" srcset=\"https:\/\/balcilar-blog.com\/wp-content\/uploads\/2017\/06\/B\u015eAG-Final-B\u00f6l\u00fcm\u00fc-1.jpg 640w, https:\/\/balcilar-blog.com\/wp-content\/uploads\/2017\/06\/B\u015eAG-Final-B\u00f6l\u00fcm\u00fc-1-300x169.jpg 300w\" sizes=\"auto, (max-width: 640px) 100vw, 640px\" \/><\/p>\n<p>Onu bu \u015fehre ba\u011flayan, \u00e2\u015f\u0131k oldu\u011fu kad\u0131n\u0131 kaybetme tehlikesi ya\u015fayan Ali, hayat\u0131n\u0131n en zor anlar\u0131n\u0131 ya\u015fayacak. Derin\u2019le birlikte bir\u00e7ok f\u0131rt\u0131naya g\u00f6\u011f\u00fcs geren Ali\u2019nin g\u00f6zya\u015flar\u0131, ekran ba\u015f\u0131ndakileri derinden etkileyecek.<\/p>\n<p><img loading=\"lazy\" decoding=\"async\" class=\"alignnone size-full wp-image-20047\" src=\"http:\/\/balcilar-blog.com\/wp-content\/uploads\/2017\/06\/B\u015eAG-Final-B\u00f6l\u00fcm\u00fc-2.jpg\" alt=\"B\u015eAG Final B\u00f6l\u00fcm\u00fc (2)\" width=\"640\" height=\"360\" srcset=\"https:\/\/balcilar-blog.com\/wp-content\/uploads\/2017\/06\/B\u015eAG-Final-B\u00f6l\u00fcm\u00fc-2.jpg 640w, https:\/\/balcilar-blog.com\/wp-content\/uploads\/2017\/06\/B\u015eAG-Final-B\u00f6l\u00fcm\u00fc-2-300x169.jpg 300w\" sizes=\"auto, (max-width: 640px) 100vw, 640px\" \/><\/p>\n<p>Ali ve Derin\u2019in a\u015fk hik\u00e2yesi nas\u0131l sonlanacak sorusunun cevab\u0131 b\u00fcy\u00fck bir merakla beklenecek.<\/p>\n<p><strong>AL\u0130, BU SEFER \u0130NT\u0130KAM ALMAYA KARARLI!<\/strong><\/p>\n<p><img loading=\"lazy\" decoding=\"async\" class=\"alignnone size-full wp-image-20049\" src=\"http:\/\/balcilar-blog.com\/wp-content\/uploads\/2017\/06\/B\u015eAG-Final-B\u00f6l\u00fcm\u00fc-4.jpg\" alt=\"B\u015eAG Final B\u00f6l\u00fcm\u00fc (4)\" width=\"640\" height=\"360\" srcset=\"https:\/\/balcilar-blog.com\/wp-content\/uploads\/2017\/06\/B\u015eAG-Final-B\u00f6l\u00fcm\u00fc-4.jpg 640w, https:\/\/balcilar-blog.com\/wp-content\/uploads\/2017\/06\/B\u015eAG-Final-B\u00f6l\u00fcm\u00fc-4-300x169.jpg 300w\" sizes=\"auto, (max-width: 640px) 100vw, 640px\" \/><\/p>\n<p>D\u00fc\u011f\u00fcn g\u00fcn\u00fcnde Belgin\u2019le aras\u0131ndaki hesab\u0131 tamamen kapatmak isterken, k\u0131z\u0131 Derin\u2019in annesine siper olmas\u0131yla onu vuran Tekin, vicdan azab\u0131 i\u00e7inde ka\u00e7maya \u00e7al\u0131\u015f\u0131rken beklemedi\u011fi bir anda kar\u015f\u0131s\u0131nda Ali\u2019yi bulacak.<\/p>\n<p><img loading=\"lazy\" decoding=\"async\" class=\"alignnone size-full wp-image-20048\" src=\"http:\/\/balcilar-blog.com\/wp-content\/uploads\/2017\/06\/B\u015eAG-Final-B\u00f6l\u00fcm\u00fc-3.jpg\" alt=\"B\u015eAG Final B\u00f6l\u00fcm\u00fc (3)\" width=\"640\" height=\"360\" srcset=\"https:\/\/balcilar-blog.com\/wp-content\/uploads\/2017\/06\/B\u015eAG-Final-B\u00f6l\u00fcm\u00fc-3.jpg 640w, https:\/\/balcilar-blog.com\/wp-content\/uploads\/2017\/06\/B\u015eAG-Final-B\u00f6l\u00fcm\u00fc-3-300x169.jpg 300w\" sizes=\"auto, (max-width: 640px) 100vw, 640px\" \/><\/p>\n<p>Annesini y\u0131llar \u00f6nce ondan alan Tekin\u2019den intikam almaya kararl\u0131 olan Ali, her \u015feyin ba\u015flad\u0131\u011f\u0131 noktada Tekin\u2019i bulacak. Limanda, ka\u00e7mak \u00fczereyken Tekin\u2019i tuza\u011fa d\u00fc\u015f\u00fcren Ali, ondan y\u0131llar\u0131n hesab\u0131n\u0131 soracak. Ali ve Tekin aras\u0131ndaki y\u00fczle\u015fme, ta\u015flar\u0131 yerinden oynatacak.<\/p>\n<p><strong>BU \u015eEH\u0130R ARKANDAN GELECEK\u2019E S\u00dcRPR\u0130Z VEDA \u015eARKISI!<\/strong><\/p>\n<p>Ali ve Derin\u2019in hik\u00e2yesi, tam 20 hafta \u00f6nce Ali\u2019nin i\u00e7inde oldu\u011fu geminin \u0130stanbul sahillerine demirlemesiyle ba\u015flad\u0131. Rap \u015fark\u0131c\u0131s\u0131 Evren Penez, diziye \u00f6zel olarak haz\u0131rlad\u0131\u011f\u0131 s\u00fcrpriz \u015fark\u0131s\u0131 \u2018Zorlu Bi\u2019Yol\u2019 ile izleyicileri bu unutulmaz hik\u00e2yenin ba\u015flad\u0131\u011f\u0131 ana ve Ali ile Derin\u2019in a\u015fklar\u0131 i\u00e7in m\u00fccadele ederken ge\u00e7tikleri o zorlu yola g\u00f6t\u00fcr\u00fcyor.<\/p>\n<p><strong>\u0130\u015fte, Evren Penez\u2019in \u2018Bu \u015eehir Arkandan Gelecek\u2019 i\u00e7in haz\u0131rlad\u0131\u011f\u0131 \u015fark\u0131:<\/strong><\/p>\n<p>https:\/\/www.youtube.com\/watch?v=vKT0m01zYS8<\/p>\n<p><strong>Fragman:<\/strong><\/p>\n<p>https:\/\/www.youtube.com\/watch?v=tBKgIUGb_qY<\/p>\n<p>Bu \u015eehir Arkandan Gelecekte bu hafta b\u00fcy\u00fck final! Ali ve Derin&#8217;in masal\u0131ms\u0131 a\u015fk hikayesinde veda vakti! Ali ve Derin, hayallerindeki aileyi kavu\u015fabilecek mi? Bu ak\u015fam final b\u00f6l\u00fcm\u00fcnde hep birlikte g\u00f6rece\u011fiz.<\/p>\n<p>\u2018Bu \u015eehir Arkandan Gelecek\u2019in unutulmaz final b\u00f6l\u00fcm\u00fc 14 Haziran \u00c7ar\u015famba saat 21:00\u2019da Atv\u2019de ekranlara gelecek.<\/p>\n<p>Keyifli Seyirler.<\/p>\n<p>Sayg\u0131lar ve sevgiler.<\/p>\n<p>Abdurrahman Balc\u0131lar<\/p>\n<p>Twitter:\u00a0<a href=\"https:\/\/twitter.com\/abbalcilar\">abdurrahman balc\u0131lar<\/a><a href=\"https:\/\/twitter.com\/abbalcilar\"><strong>@abbalcilar<\/strong><\/a><\/p>\n<p>Mail :\u00a0<a href=\"mailto:ab.balcilar@hotmail.com\">ab.balcilar@hotmail.com<\/a><\/p>\n<p>Blog:\u00a0<a href=\"http:\/\/t.co\/znqmIZgIqn\">blog.milliyet.com.tr\/cansever<\/a><\/p>\n<p>Blog:\u00a0<a href=\"http:\/\/balcilar-blog.com\/\">Abdurrahman Balc\u0131lar Blog Sayfas\u0131<\/a><\/p>\n<p>Not: Kaynak haber ve g\u00f6rseller Persona Bas\u0131n B\u00fclteni.<\/p>\n<p><strong>*\u015eahsi Blog sayfamda ve Milliyet Blog\u2019da yay\u0131nlanan blog yaz\u0131lar\u0131 b\u00fcy\u00fck bir \u00e7al\u0131\u015fman\u0131n \u00fcr\u00fcn\u00fc olup, izinsiz ya da kaynak g\u00f6stermeden al\u0131nt\u0131 yap\u0131lamaz. Aksi halde kanuni i\u015flem yap\u0131l\u0131r.<\/strong><\/p>\n","protected":false},"excerpt":{"rendered":"<p>Ay Yap\u0131m imzal\u0131 \u2018Bu \u015eehir Arkandan Gelecek\u2019, duygu y\u00fckl\u00fc ve heyecan dolu final b\u00f6l\u00fcm\u00fcyle ekranlara veda ediyor. D\u00fc\u011f\u00fcn g\u00fcn\u00fcnde kendini annesine siper ederken babas\u0131 taraf\u0131ndan vurulan Derin, Ali ve bebekleriyle birlikte hayallerindeki aileye kavu\u015fabilecek mi sorusunun cevab\u0131 merakla beklenecek. Kerem B\u00fcrsin, Leyla Lydia Tu\u011futlu ve G\u00fcrkan Uygun\u2019un rol ald\u0131\u011f\u0131 \u2018Bu \u015eehir Arkandan Gelecek\u2019te Yedi Tepe [&hellip;]<\/p>\n","protected":false},"author":3,"featured_media":20050,"comment_status":"open","ping_status":"open","sticky":false,"template":"","format":"standard","meta":{"footnotes":""},"categories":[2],"tags":[48,26,1289,673,745],"class_list":["post-20044","post","type-post","status-publish","format-standard","has-post-thumbnail","hentry","category-tv-programlari","tag-atv","tag-ay-yapim","tag-bu-sehir-arkandan-gelecek","tag-kerem-bursin","tag-leyla-lydia-tugutlu"],"views":3433,"blog_post_layout_featured_media_urls":{"thumbnail":["https:\/\/balcilar-blog.com\/wp-content\/uploads\/2017\/06\/B\u015eAG-Final-B\u00f6l\u00fcm\u00fc-5-150x150.jpg",150,150,true],"full":["https:\/\/balcilar-blog.com\/wp-content\/uploads\/2017\/06\/B\u015eAG-Final-B\u00f6l\u00fcm\u00fc-5.jpg",640,360,false]},"categories_names":{"2":{"name":"TV Programlar\u0131","link":"https:\/\/balcilar-blog.com\/?cat=2"}},"tags_names":{"48":{"name":"ATV","link":"https:\/\/balcilar-blog.com\/?tag=atv"},"26":{"name":"Ay Yap\u0131m","link":"https:\/\/balcilar-blog.com\/?tag=ay-yapim"},"1289":{"name":"Bu \u015eehir Arkandan Gelecek","link":"https:\/\/balcilar-blog.com\/?tag=bu-sehir-arkandan-gelecek"},"673":{"name":"Kerem Bursin","link":"https:\/\/balcilar-blog.com\/?tag=kerem-bursin"},"745":{"name":"Leyla Lydia Tu\u011futlu","link":"https:\/\/balcilar-blog.com\/?tag=leyla-lydia-tugutlu"}},"comments_number":"0","wpmagazine_modules_lite_featured_media_urls":{"thumbnail":["https:\/\/balcilar-blog.com\/wp-content\/uploads\/2017\/06\/B\u015eAG-Final-B\u00f6l\u00fcm\u00fc-5-150x150.jpg",150,150,true],"cvmm-medium":["https:\/\/balcilar-blog.com\/wp-content\/uploads\/2017\/06\/B\u015eAG-Final-B\u00f6l\u00fcm\u00fc-5.jpg",300,169,false],"cvmm-medium-plus":["https:\/\/balcilar-blog.com\/wp-content\/uploads\/2017\/06\/B\u015eAG-Final-B\u00f6l\u00fcm\u00fc-5.jpg",305,172,false],"cvmm-portrait":["https:\/\/balcilar-blog.com\/wp-content\/uploads\/2017\/06\/B\u015eAG-Final-B\u00f6l\u00fcm\u00fc-5.jpg",400,225,false],"cvmm-medium-square":["https:\/\/balcilar-blog.com\/wp-content\/uploads\/2017\/06\/B\u015eAG-Final-B\u00f6l\u00fcm\u00fc-5.jpg",600,338,false],"cvmm-large":["https:\/\/balcilar-blog.com\/wp-content\/uploads\/2017\/06\/B\u015eAG-Final-B\u00f6l\u00fcm\u00fc-5.jpg",640,360,false],"cvmm-small":["https:\/\/balcilar-blog.com\/wp-content\/uploads\/2017\/06\/B\u015eAG-Final-B\u00f6l\u00fcm\u00fc-5.jpg",130,73,false],"full":["https:\/\/balcilar-blog.com\/wp-content\/uploads\/2017\/06\/B\u015eAG-Final-B\u00f6l\u00fcm\u00fc-5.jpg",640,360,false]},"_links":{"self":[{"href":"https:\/\/balcilar-blog.com\/index.php?rest_route=\/wp\/v2\/posts\/20044","targetHints":{"allow":["GET"]}}],"collection":[{"href":"https:\/\/balcilar-blog.com\/index.php?rest_route=\/wp\/v2\/posts"}],"about":[{"href":"https:\/\/balcilar-blog.com\/index.php?rest_route=\/wp\/v2\/types\/post"}],"author":[{"embeddable":true,"href":"https:\/\/balcilar-blog.com\/index.php?rest_route=\/wp\/v2\/users\/3"}],"replies":[{"embeddable":true,"href":"https:\/\/balcilar-blog.com\/index.php?rest_route=%2Fwp%2Fv2%2Fcomments&post=20044"}],"version-history":[{"count":1,"href":"https:\/\/balcilar-blog.com\/index.php?rest_route=\/wp\/v2\/posts\/20044\/revisions"}],"predecessor-version":[{"id":20051,"href":"https:\/\/balcilar-blog.com\/index.php?rest_route=\/wp\/v2\/posts\/20044\/revisions\/20051"}],"wp:featuredmedia":[{"embeddable":true,"href":"https:\/\/balcilar-blog.com\/index.php?rest_route=\/wp\/v2\/media\/20050"}],"wp:attachment":[{"href":"https:\/\/balcilar-blog.com\/index.php?rest_route=%2Fwp%2Fv2%2Fmedia&parent=20044"}],"wp:term":[{"taxonomy":"category","embeddable":true,"href":"https:\/\/balcilar-blog.com\/index.php?rest_route=%2Fwp%2Fv2%2Fcategories&post=20044"},{"taxonomy":"post_tag","embeddable":true,"href":"https:\/\/balcilar-blog.com\/index.php?rest_route=%2Fwp%2Fv2%2Ftags&post=20044"}],"curies":[{"name":"wp","href":"https:\/\/api.w.org\/{rel}","templated":true}]}}