{"id":19950,"date":"2017-06-07T17:13:38","date_gmt":"2017-06-07T14:13:38","guid":{"rendered":"http:\/\/balcilar-blog.com\/?p=19950"},"modified":"2017-06-07T17:39:50","modified_gmt":"2017-06-07T14:39:50","slug":"bu-sehir-arkandan-gelecek-baba-ogula-cifte-dugun","status":"publish","type":"post","link":"https:\/\/balcilar-blog.com\/?p=19950","title":{"rendered":"Bu \u015eehir Arkandan Gelecek \/ Baba-O\u011ful&#8217;a \u00e7ifte d\u00fc\u011f\u00fcn!"},"content":{"rendered":"<div tabindex=\"-1\">\n<div tabindex=\"-1\">\n<div tabindex=\"0\">\n<div class=\"_rp_85\" tabindex=\"-1\">\n<div class=\"_rp_K4 ms-border-color-neutralLight ShowReferenceAttachmentsLinks ShowConsesusSchedulingLink\" tabindex=\"-1\">\n<div class=\"_rp_X4\">\n<div>\n<div id=\"Item.MessagePartBody\" class=\"_rp_M4\"><\/div>\n<div class=\"_pe_d _pe_32\" tabindex=\"-1\"><img loading=\"lazy\" decoding=\"async\" class=\"alignnone size-full wp-image-19958\" src=\"http:\/\/balcilar-blog.com\/wp-content\/uploads\/2017\/06\/cats-bu-\u015fehir-baba-o\u011ful.jpg\" alt=\"cats bu \u015fehir baba-o\u011ful\" width=\"688\" height=\"393\" srcset=\"https:\/\/balcilar-blog.com\/wp-content\/uploads\/2017\/06\/cats-bu-\u015fehir-baba-o\u011ful.jpg 688w, https:\/\/balcilar-blog.com\/wp-content\/uploads\/2017\/06\/cats-bu-\u015fehir-baba-o\u011ful-300x171.jpg 300w\" sizes=\"auto, (max-width: 688px) 100vw, 688px\" \/><\/div>\n<div class=\"_pe_d _pe_32\" tabindex=\"-1\"><\/div>\n<div class=\"_pe_d _pe_32\" tabindex=\"-1\">\n<p><strong>Ay Yap\u0131m<\/strong> dizilerinde d\u00fc\u011f\u00fcnler devam ediyor. Kara Sevda&#8217;da Nihan ile Kemal&#8217;in d\u00fc\u011f\u00fcn\u00fc, Cesur ve G\u00fczel&#8217;de S\u00fchan ve Cesur, \u015fimdi de; <strong>Bu \u015eehir Arkandan Gelecek<\/strong>&#8216;te, baba \u015eahin ile Nesrin, o\u011ful Ali ile Derin&#8217;in \u00e7ifte d\u00fc\u011f\u00fcn\u00fc var. Malum Haziran ay\u0131 d\u00fc\u011f\u00fcn mevsimi ve Ay Yap\u0131m&#8217;da yaz d\u00fc\u011f\u00fcnlerini birer birer patlat\u0131yor.<\/p>\n<p>Ay Yap\u0131m imzal\u0131 \u2018Bu \u015eehir Arkandan Gelecek\u2019te b\u00fcy\u00fck final \u00f6ncesi ekranlara gelecek yeni b\u00f6l\u00fcmde izleyicileri \u00e7ifte d\u00fc\u011f\u00fcn bekliyor. Ali ve Derin ile \u015eahin ve Nesrin\u2019in d\u00fc\u011f\u00fcn\u00fc, ekran ba\u015f\u0131ndakilere keyifli anlar ya\u015fatacak. Ali\u2019nin \u00e7\u0131kaca\u011f\u0131 \u015fampiyonluk ma\u00e7\u0131 ise heyecan\u0131 doruk noktas\u0131na ta\u015f\u0131yacak.<\/p>\n<p>Kerem B\u00fcrsin, Leyla Lydia Tu\u011futlu ve G\u00fcrkan Uygun\u2019un rol ald\u0131\u011f\u0131 \u2018Bu \u015eehir Arkandan Gelecek\u2019in yeni b\u00f6l\u00fcm\u00fcnde izleyicileri \u00e7ifte d\u00fc\u011f\u00fcn heyecan\u0131 saracak.<\/p>\n<\/div>\n<div class=\"_pe_d _pe_32\" tabindex=\"-1\"><\/div>\n<div class=\"_pe_d _pe_32\" tabindex=\"-1\"><strong>O\u011ful Ali ile Derin :<\/strong><\/div>\n<div class=\"_pe_d _pe_32\" tabindex=\"-1\"><\/div>\n<div class=\"_pe_d _pe_32\" tabindex=\"-1\"><img loading=\"lazy\" decoding=\"async\" class=\"alignnone size-full wp-image-19952\" src=\"http:\/\/balcilar-blog.com\/wp-content\/uploads\/2017\/06\/B\u015eAG-19.B\u00f6l\u00fcm-2.jpg\" alt=\"B\u015eAG 19.B\u00f6l\u00fcm (2)\" width=\"640\" height=\"360\" srcset=\"https:\/\/balcilar-blog.com\/wp-content\/uploads\/2017\/06\/B\u015eAG-19.B\u00f6l\u00fcm-2.jpg 640w, https:\/\/balcilar-blog.com\/wp-content\/uploads\/2017\/06\/B\u015eAG-19.B\u00f6l\u00fcm-2-300x169.jpg 300w\" sizes=\"auto, (max-width: 640px) 100vw, 640px\" \/><\/div>\n<div class=\"_pe_d _pe_32\" tabindex=\"-1\"><\/div>\n<div class=\"_pe_d _pe_32\" tabindex=\"-1\"><strong>Baba \u015eahin ile gelin Nesrin nikah masas\u0131na oturuyor<\/strong>.<\/div>\n<div class=\"_pe_d _pe_32\" tabindex=\"-1\"><\/div>\n<div class=\"_pe_d _pe_32\" tabindex=\"-1\"><img loading=\"lazy\" decoding=\"async\" class=\"alignnone size-full wp-image-19954\" src=\"http:\/\/balcilar-blog.com\/wp-content\/uploads\/2017\/06\/B\u015eAG-19.B\u00f6l\u00fcm-4-1.jpg\" alt=\"B\u015eAG 19.B\u00f6l\u00fcm (4) (1)\" width=\"640\" height=\"397\" srcset=\"https:\/\/balcilar-blog.com\/wp-content\/uploads\/2017\/06\/B\u015eAG-19.B\u00f6l\u00fcm-4-1.jpg 640w, https:\/\/balcilar-blog.com\/wp-content\/uploads\/2017\/06\/B\u015eAG-19.B\u00f6l\u00fcm-4-1-300x186.jpg 300w\" sizes=\"auto, (max-width: 640px) 100vw, 640px\" \/><\/div>\n<div class=\"_pe_d _pe_32\" tabindex=\"-1\"><\/div>\n<div class=\"_pe_d _pe_32\" tabindex=\"-1\">B\u00fcy\u00fcl\u00fc \u015fehir \u0130stanbul\u2019un ans\u0131z\u0131n bir araya getirdi\u011fi Ali ve Derin, y\u00fczle\u015ftikleri nice f\u0131rt\u0131nan\u0131n ard\u0131ndan a\u015fklar\u0131n\u0131 sevdiklerinin huzurunda ebedile\u015ftirecekler. Y\u0131llar sonra o\u011flu Ali\u2019ye kavu\u015fan \u015eahin de Nesrin\u2019le nikah masas\u0131na oturarak \u00e2\u015f\u0131k oldu\u011fu kad\u0131nla yepyeni bir hayata yelken a\u00e7acak.<\/div>\n<div class=\"_pe_d _pe_32\" tabindex=\"-1\"><\/div>\n<div class=\"_pe_d _pe_32\" tabindex=\"-1\"><img loading=\"lazy\" decoding=\"async\" class=\"alignnone size-full wp-image-19955\" src=\"http:\/\/balcilar-blog.com\/wp-content\/uploads\/2017\/06\/B\u015eAG-19.B\u00f6l\u00fcm-5-2.jpg\" alt=\"B\u015eAG 19.B\u00f6l\u00fcm (5) (2)\" width=\"640\" height=\"360\" srcset=\"https:\/\/balcilar-blog.com\/wp-content\/uploads\/2017\/06\/B\u015eAG-19.B\u00f6l\u00fcm-5-2.jpg 640w, https:\/\/balcilar-blog.com\/wp-content\/uploads\/2017\/06\/B\u015eAG-19.B\u00f6l\u00fcm-5-2-300x169.jpg 300w\" sizes=\"auto, (max-width: 640px) 100vw, 640px\" \/><\/div>\n<div class=\"_pe_d _pe_32\" tabindex=\"-1\"><\/div>\n<div class=\"_pe_d _pe_32\" tabindex=\"-1\">Kamera arkas\u0131nda da renkli anlar\u0131n ya\u015fand\u0131\u011f\u0131 d\u00fc\u011f\u00fcnde \u015eahin ile Ali\u2019nin kar\u015f\u0131l\u0131kl\u0131 zeybek oynad\u0131\u011f\u0131 sahne, dizinin unutulmaz anlar\u0131ndan olacak. Peri masal\u0131n\u0131 and\u0131ran d\u00fc\u011f\u00fcne damgas\u0131n\u0131 vuracak \u015foke edici geli\u015fme ise herkesin hayat\u0131n\u0131 derinden etkileyecek.<\/div>\n<div class=\"_pe_d _pe_32\" tabindex=\"-1\"><\/div>\n<div class=\"_pe_d _pe_32\" tabindex=\"-1\"><strong>AL\u0130, \u015eAMP\u0130YONLUK MA\u00c7INA \u00c7IKIYOR!<\/strong><\/div>\n<div class=\"_pe_d _pe_32\" tabindex=\"-1\"><img loading=\"lazy\" decoding=\"async\" class=\"alignnone size-full wp-image-19957\" src=\"http:\/\/balcilar-blog.com\/wp-content\/uploads\/2017\/06\/B\u015eAG-19.B\u00f6l\u00fcm-7.jpg\" alt=\"B\u015eAG 19.B\u00f6l\u00fcm (7)\" width=\"640\" height=\"360\" srcset=\"https:\/\/balcilar-blog.com\/wp-content\/uploads\/2017\/06\/B\u015eAG-19.B\u00f6l\u00fcm-7.jpg 640w, https:\/\/balcilar-blog.com\/wp-content\/uploads\/2017\/06\/B\u015eAG-19.B\u00f6l\u00fcm-7-300x169.jpg 300w\" sizes=\"auto, (max-width: 640px) 100vw, 640px\" \/>Ali, \u00e7\u0131kaca\u011f\u0131 \u015fampiyonluk ma\u00e7\u0131 ile zorlu bir s\u0131nav verecek. Babas\u0131 \u015eahin demir parmakl\u0131klar ard\u0131ndayken alt\u0131n kemer i\u00e7in ringe \u00e7\u0131kmak zorunda olan Ali i\u00e7in hayallerinin bir anlam\u0131 olmayacak.<\/p>\n<\/div>\n<div class=\"_pe_d _pe_32\" tabindex=\"-1\"><\/div>\n<div class=\"_pe_d _pe_32\" tabindex=\"-1\"><img loading=\"lazy\" decoding=\"async\" class=\"alignnone size-full wp-image-19956\" src=\"http:\/\/balcilar-blog.com\/wp-content\/uploads\/2017\/06\/B\u015eAG-19.B\u00f6l\u00fcm-6.jpg\" alt=\"B\u015eAG 19.B\u00f6l\u00fcm (6)\" width=\"640\" height=\"360\" srcset=\"https:\/\/balcilar-blog.com\/wp-content\/uploads\/2017\/06\/B\u015eAG-19.B\u00f6l\u00fcm-6.jpg 640w, https:\/\/balcilar-blog.com\/wp-content\/uploads\/2017\/06\/B\u015eAG-19.B\u00f6l\u00fcm-6-300x169.jpg 300w\" sizes=\"auto, (max-width: 640px) 100vw, 640px\" \/><\/div>\n<div class=\"_pe_d _pe_32\" tabindex=\"-1\"><\/div>\n<div class=\"_pe_d _pe_32\" tabindex=\"-1\">\n<p>Derin ve Rauf Anne, ma\u00e7a \u00e7\u0131kmadan havlu atma noktas\u0131na gelen Ali\u2019yi motive etmeye \u00e7al\u0131\u015facak. Ekran ba\u015f\u0131ndakilerin soluklar\u0131n\u0131 tutacaklar\u0131 ma\u00e7 g\u00fcn\u00fc gelip \u00e7att\u0131\u011f\u0131nda izleyiciler Ali, alt\u0131n kemeri kazanarak babas\u0131n\u0131n miras\u0131n\u0131 devam ettirecek mi sorusunun cevab\u0131n\u0131 b\u00fcy\u00fck bir merakla bekleyecek.<\/p>\n<p><img loading=\"lazy\" decoding=\"async\" class=\"alignnone size-medium wp-image-19953\" src=\"http:\/\/balcilar-blog.com\/wp-content\/uploads\/2017\/06\/B\u015eAG-19.B\u00f6l\u00fcm-3-300x200.jpg\" alt=\"B\u015eAG 19.B\u00f6l\u00fcm (3)\" width=\"300\" height=\"200\" srcset=\"https:\/\/balcilar-blog.com\/wp-content\/uploads\/2017\/06\/B\u015eAG-19.B\u00f6l\u00fcm-3-300x200.jpg 300w, https:\/\/balcilar-blog.com\/wp-content\/uploads\/2017\/06\/B\u015eAG-19.B\u00f6l\u00fcm-3.jpg 640w\" sizes=\"auto, (max-width: 300px) 100vw, 300px\" \/>\u00a0<img loading=\"lazy\" decoding=\"async\" class=\"alignnone size-medium wp-image-19951\" src=\"http:\/\/balcilar-blog.com\/wp-content\/uploads\/2017\/06\/B\u015eAG-19.B\u00f6l\u00fcm-1-300x169.jpg\" alt=\"B\u015eAG 19.B\u00f6l\u00fcm (1)\" width=\"300\" height=\"169\" srcset=\"https:\/\/balcilar-blog.com\/wp-content\/uploads\/2017\/06\/B\u015eAG-19.B\u00f6l\u00fcm-1-300x169.jpg 300w, https:\/\/balcilar-blog.com\/wp-content\/uploads\/2017\/06\/B\u015eAG-19.B\u00f6l\u00fcm-1.jpg 640w\" sizes=\"auto, (max-width: 300px) 100vw, 300px\" \/><\/p>\n<p>\u2018Bu \u015eehir Arkandan Gelecek\u2019in yeni b\u00f6l\u00fcm\u00fc 7 Haziran \u00c7ar\u015famba saat 20:00\u2019da Atv\u2019de ekranlara gelecek.<\/p>\n<\/div>\n<div class=\"_pe_d _pe_32\" tabindex=\"-1\">Bu g\u00fczel baba-o\u011ful d\u00fc\u011f\u00fcn\u00fcnden sonra haftaya 20.b\u00f6l\u00fcmde dizi final yapacak ve ekranlara veda edecek.<\/div>\n<div class=\"_pe_d _pe_32\" tabindex=\"-1\"><\/div>\n<div class=\"_pe_d _pe_32\" tabindex=\"-1\">\u0130yi Seyirler.<\/div>\n<div class=\"_pe_d _pe_32\" tabindex=\"-1\"><\/div>\n<div class=\"_pe_d _pe_32\" tabindex=\"-1\">\n<p class=\"x_MsoNormal\" align=\"center\"><b>Fragman:<\/b><\/p>\n<p class=\"x_MsoNormal\" align=\"center\"><a href=\"https:\/\/www.youtube.com\/watch?v=ME4aj-YW_iQ\" target=\"_blank\" rel=\"noopener noreferrer\">https:\/\/www.youtube.com\/watch?v=ME4aj-YW_iQ<\/a><\/p>\n<p class=\"x_MsoNormal\" align=\"center\">\n<\/div>\n<div class=\"_pe_d _pe_32\" tabindex=\"-1\">\n<p>Sayg\u0131lar ve sevgiler.<\/p>\n<p>Abdurrahman Balc\u0131lar<\/p>\n<p>Twitter:\u00a0<a href=\"https:\/\/twitter.com\/abbalcilar\">abdurrahman balc\u0131lar<\/a><a href=\"https:\/\/twitter.com\/abbalcilar\"><strong>@abbalcilar<\/strong><\/a><\/p>\n<p>Mail :\u00a0<a href=\"mailto:ab.balcilar@hotmail.com\">ab.balcilar@hotmail.com<\/a><\/p>\n<p>Blog:\u00a0<a href=\"http:\/\/t.co\/znqmIZgIqn\">blog.milliyet.com.tr\/cansever<\/a><\/p>\n<p>Blog:\u00a0<a href=\"http:\/\/balcilar-blog.com\/\">Abdurrahman Balc\u0131lar Blog Sayfas\u0131<\/a><\/p>\n<p>Not: Haber ve g\u00f6rseller Persona Bas\u0131n B\u00fclteni.<\/p>\n<p><strong>*\u015eahsi Blog sayfamda ve Milliyet Blog\u2019da yay\u0131nlanan blog yaz\u0131lar\u0131 b\u00fcy\u00fck bir \u00e7al\u0131\u015fman\u0131n \u00fcr\u00fcn\u00fc olup, izinsiz ya da kaynak g\u00f6stermeden al\u0131nt\u0131 yap\u0131lamaz. Aksi halde kanuni i\u015flem yap\u0131l\u0131r.<\/strong><\/p>\n<\/div>\n<\/div>\n<div class=\"_rp_S4\"><\/div>\n<\/div>\n<\/div>\n<\/div>\n<\/div>\n<\/div>\n<\/div>\n","protected":false},"excerpt":{"rendered":"<p>Ay Yap\u0131m dizilerinde d\u00fc\u011f\u00fcnler devam ediyor. Kara Sevda&#8217;da Nihan ile Kemal&#8217;in d\u00fc\u011f\u00fcn\u00fc, Cesur ve G\u00fczel&#8217;de S\u00fchan ve Cesur, \u015fimdi de; Bu \u015eehir Arkandan Gelecek&#8216;te, baba \u015eahin ile Nesrin, o\u011ful Ali ile Derin&#8217;in \u00e7ifte d\u00fc\u011f\u00fcn\u00fc var. Malum Haziran ay\u0131 d\u00fc\u011f\u00fcn mevsimi ve Ay Yap\u0131m&#8217;da yaz d\u00fc\u011f\u00fcnlerini birer birer patlat\u0131yor. Ay Yap\u0131m imzal\u0131 \u2018Bu \u015eehir Arkandan Gelecek\u2019te [&hellip;]<\/p>\n","protected":false},"author":3,"featured_media":19958,"comment_status":"open","ping_status":"open","sticky":false,"template":"","format":"standard","meta":{"footnotes":""},"categories":[2],"tags":[48,26,1289,1312,673,745],"class_list":["post-19950","post","type-post","status-publish","format-standard","has-post-thumbnail","hentry","category-tv-programlari","tag-atv","tag-ay-yapim","tag-bu-sehir-arkandan-gelecek","tag-gurkan-uygun","tag-kerem-bursin","tag-leyla-lydia-tugutlu"],"views":3332,"blog_post_layout_featured_media_urls":{"thumbnail":["https:\/\/balcilar-blog.com\/wp-content\/uploads\/2017\/06\/cats-bu-\u015fehir-baba-o\u011ful-150x150.jpg",150,150,true],"full":["https:\/\/balcilar-blog.com\/wp-content\/uploads\/2017\/06\/cats-bu-\u015fehir-baba-o\u011ful.jpg",688,393,false]},"categories_names":{"2":{"name":"TV Programlar\u0131","link":"https:\/\/balcilar-blog.com\/?cat=2"}},"tags_names":{"48":{"name":"ATV","link":"https:\/\/balcilar-blog.com\/?tag=atv"},"26":{"name":"Ay Yap\u0131m","link":"https:\/\/balcilar-blog.com\/?tag=ay-yapim"},"1289":{"name":"Bu \u015eehir Arkandan Gelecek","link":"https:\/\/balcilar-blog.com\/?tag=bu-sehir-arkandan-gelecek"},"1312":{"name":"G\u00fcrkan Uygun","link":"https:\/\/balcilar-blog.com\/?tag=gurkan-uygun"},"673":{"name":"Kerem Bursin","link":"https:\/\/balcilar-blog.com\/?tag=kerem-bursin"},"745":{"name":"Leyla Lydia Tu\u011futlu","link":"https:\/\/balcilar-blog.com\/?tag=leyla-lydia-tugutlu"}},"comments_number":"0","wpmagazine_modules_lite_featured_media_urls":{"thumbnail":["https:\/\/balcilar-blog.com\/wp-content\/uploads\/2017\/06\/cats-bu-\u015fehir-baba-o\u011ful-150x150.jpg",150,150,true],"cvmm-medium":["https:\/\/balcilar-blog.com\/wp-content\/uploads\/2017\/06\/cats-bu-\u015fehir-baba-o\u011ful.jpg",300,171,false],"cvmm-medium-plus":["https:\/\/balcilar-blog.com\/wp-content\/uploads\/2017\/06\/cats-bu-\u015fehir-baba-o\u011ful.jpg",305,174,false],"cvmm-portrait":["https:\/\/balcilar-blog.com\/wp-content\/uploads\/2017\/06\/cats-bu-\u015fehir-baba-o\u011ful.jpg",400,228,false],"cvmm-medium-square":["https:\/\/balcilar-blog.com\/wp-content\/uploads\/2017\/06\/cats-bu-\u015fehir-baba-o\u011ful.jpg",600,343,false],"cvmm-large":["https:\/\/balcilar-blog.com\/wp-content\/uploads\/2017\/06\/cats-bu-\u015fehir-baba-o\u011ful.jpg",688,393,false],"cvmm-small":["https:\/\/balcilar-blog.com\/wp-content\/uploads\/2017\/06\/cats-bu-\u015fehir-baba-o\u011ful.jpg",130,74,false],"full":["https:\/\/balcilar-blog.com\/wp-content\/uploads\/2017\/06\/cats-bu-\u015fehir-baba-o\u011ful.jpg",688,393,false]},"_links":{"self":[{"href":"https:\/\/balcilar-blog.com\/index.php?rest_route=\/wp\/v2\/posts\/19950","targetHints":{"allow":["GET"]}}],"collection":[{"href":"https:\/\/balcilar-blog.com\/index.php?rest_route=\/wp\/v2\/posts"}],"about":[{"href":"https:\/\/balcilar-blog.com\/index.php?rest_route=\/wp\/v2\/types\/post"}],"author":[{"embeddable":true,"href":"https:\/\/balcilar-blog.com\/index.php?rest_route=\/wp\/v2\/users\/3"}],"replies":[{"embeddable":true,"href":"https:\/\/balcilar-blog.com\/index.php?rest_route=%2Fwp%2Fv2%2Fcomments&post=19950"}],"version-history":[{"count":3,"href":"https:\/\/balcilar-blog.com\/index.php?rest_route=\/wp\/v2\/posts\/19950\/revisions"}],"predecessor-version":[{"id":19961,"href":"https:\/\/balcilar-blog.com\/index.php?rest_route=\/wp\/v2\/posts\/19950\/revisions\/19961"}],"wp:featuredmedia":[{"embeddable":true,"href":"https:\/\/balcilar-blog.com\/index.php?rest_route=\/wp\/v2\/media\/19958"}],"wp:attachment":[{"href":"https:\/\/balcilar-blog.com\/index.php?rest_route=%2Fwp%2Fv2%2Fmedia&parent=19950"}],"wp:term":[{"taxonomy":"category","embeddable":true,"href":"https:\/\/balcilar-blog.com\/index.php?rest_route=%2Fwp%2Fv2%2Fcategories&post=19950"},{"taxonomy":"post_tag","embeddable":true,"href":"https:\/\/balcilar-blog.com\/index.php?rest_route=%2Fwp%2Fv2%2Ftags&post=19950"}],"curies":[{"name":"wp","href":"https:\/\/api.w.org\/{rel}","templated":true}]}}