{"id":19907,"date":"2017-06-04T17:33:30","date_gmt":"2017-06-04T14:33:30","guid":{"rendered":"http:\/\/balcilar-blog.com\/?p=19907"},"modified":"2017-06-04T17:55:17","modified_gmt":"2017-06-04T14:55:17","slug":"vatanim-sensin-senaryosu-ile-sasirtmaya-devam-ediyor","status":"publish","type":"post","link":"https:\/\/balcilar-blog.com\/?p=19907","title":{"rendered":"&#8220;Vatan\u0131m Sensin&#8221; Senaryosu ile \u015fa\u015f\u0131rtmaya devam ediyor!"},"content":{"rendered":"<p><img loading=\"lazy\" decoding=\"async\" class=\"alignnone size-full wp-image-19915\" src=\"http:\/\/balcilar-blog.com\/wp-content\/uploads\/2017\/06\/Ekran-Al\u0131nt\u0131s\u0131VS.30.6.jpg\" alt=\"Ekran Al\u0131nt\u0131s\u0131VS.30.6\" width=\"640\" height=\"376\" srcset=\"https:\/\/balcilar-blog.com\/wp-content\/uploads\/2017\/06\/Ekran-Al\u0131nt\u0131s\u0131VS.30.6.jpg 640w, https:\/\/balcilar-blog.com\/wp-content\/uploads\/2017\/06\/Ekran-Al\u0131nt\u0131s\u0131VS.30.6-300x176.jpg 300w\" sizes=\"auto, (max-width: 640px) 100vw, 640px\" \/><\/p>\n<p>03 Medya&#8217;n\u0131n yap\u0131mc\u0131s\u0131 oldu\u011fu Kanal D&#8217;nin sevilen dizisi &#8220;Vatan\u0131m Sensin&#8221; senaryodaki s\u00fcrprizler ile \u015fa\u015f\u0131rtmaya devam ediyor.<\/p>\n<p>\u00d6nceki ak\u015fam ekranlara gelen dizinin yeni b\u00f6l\u00fcm\u00fcnde, Ali Kemal&#8217;in Yunan komutan\u0131 Vasili&#8217;nin o\u011flu \u00e7\u0131kmas\u0131n\u0131 inan\u0131n \u00e7ok \u015fa\u015f\u0131rd\u0131m. K\u0131rk y\u0131l d\u00fc\u015f\u00fcnsem akl\u0131ma gelmezdi. Senaristlerimiz ne kadar kafa patlat\u0131yorlar ki, senaryoda bu t\u00fcr s\u00fcrprizler ile izleyiciyi \u015fa\u015f\u0131rt\u0131yorlar. Yani Ali Kemal, \u015fimdi Hristiyan bir ailenin M\u00fcsl\u00fcman o\u011flu, Leon&#8217;un da abisi oluyor. Ali Kemal kur\u015funa dizilecek, Cevdet&#8217;in ailesinden de ilk o idam edilecektir. Onu Vasili&#8217;nin d\u0131\u015f\u0131nda art\u0131k kimse kurtaramazd\u0131. Vasili ancak o\u011flu olmas\u0131 durumunda onu kurtarabilirdi. O da oldu, y\u0131llar \u00f6nce ka\u00e7\u0131r\u0131lan o\u011flu olarak kar\u015f\u0131m\u0131za \u00e7\u0131k\u0131yor. Cevdet de bunu biliyor, Vasiyetinde Vasili&#8217;ye a\u00e7\u0131kl\u0131yor. Ne tuhaf de\u011fil mi?<\/p>\n<p>Ve Vasili&#8217;nin o\u011flu Ali Kemal, Cevdet&#8217;in M\u00fcsl\u00fcman k\u0131z\u0131 Y\u0131ld\u0131z ile evlenme planlar\u0131 yap\u0131yor. Daha \u00f6nce de, Leon&#8217;un Cevdet&#8217;in di\u011fer k\u0131z\u0131 Hilal&#8217;i sevmesi garibimize gitmi\u015fti. Bu ona \u015fapka \u00e7\u0131kartt\u0131.<\/p>\n<p><img loading=\"lazy\" decoding=\"async\" class=\"size-full wp-image-19917\" src=\"http:\/\/balcilar-blog.com\/wp-content\/uploads\/2017\/06\/4afb8d5f4-1.jpg\" alt=\"CREATOR: gd-jpeg v1.0 (using IJG JPEG v62), default quality\" width=\"640\" height=\"352\" srcset=\"https:\/\/balcilar-blog.com\/wp-content\/uploads\/2017\/06\/4afb8d5f4-1.jpg 640w, https:\/\/balcilar-blog.com\/wp-content\/uploads\/2017\/06\/4afb8d5f4-1-300x165.jpg 300w\" sizes=\"auto, (max-width: 640px) 100vw, 640px\" \/><\/p>\n<p>Albay Cevdet Veronica ya, \u00f6ld\u00fcr\u00fclecek olanlardan biri sizin o\u011flunuz diyerek onun da fitilini ate\u015fledi.<\/p>\n<p><img loading=\"lazy\" decoding=\"async\" class=\"alignnone size-full wp-image-19914\" src=\"http:\/\/balcilar-blog.com\/wp-content\/uploads\/2017\/06\/Ekran-Al\u0131nt\u0131s\u0131-VS.30.5.jpg\" alt=\"Ekran Al\u0131nt\u0131s\u0131 VS.30.5\" width=\"640\" height=\"393\" srcset=\"https:\/\/balcilar-blog.com\/wp-content\/uploads\/2017\/06\/Ekran-Al\u0131nt\u0131s\u0131-VS.30.5.jpg 640w, https:\/\/balcilar-blog.com\/wp-content\/uploads\/2017\/06\/Ekran-Al\u0131nt\u0131s\u0131-VS.30.5-300x184.jpg 300w\" sizes=\"auto, (max-width: 640px) 100vw, 640px\" \/><\/p>\n<p>Y\u0131llar \u00f6nce ka\u00e7\u0131r\u0131lan o\u011flu Dimitri&#8217;nin Ali Kemal oldu\u011funu s\u00f6yledi. Vernica kendi \u00f6z o\u011flunu \u00f6ld\u00fcremezsin diye bask\u0131 yapar, Vasili kurmaylar\u0131n\u0131n imzalad\u0131\u011f\u0131 idam kar\u0131n\u0131 kar\u015f\u0131 \u00e7\u0131karsa, vatan\u0131na ihanet edecek, Vasili de Vatan haini olacakt\u0131r.<\/p>\n<p><img loading=\"lazy\" decoding=\"async\" class=\"alignnone size-full wp-image-19916\" src=\"http:\/\/balcilar-blog.com\/wp-content\/uploads\/2017\/06\/Ekran-Al\u0131nt\u0131s\u0131VS.30.7.jpg\" alt=\"Ekran Al\u0131nt\u0131s\u0131VS.30.7\" width=\"640\" height=\"422\" srcset=\"https:\/\/balcilar-blog.com\/wp-content\/uploads\/2017\/06\/Ekran-Al\u0131nt\u0131s\u0131VS.30.7.jpg 640w, https:\/\/balcilar-blog.com\/wp-content\/uploads\/2017\/06\/Ekran-Al\u0131nt\u0131s\u0131VS.30.7-300x198.jpg 300w\" sizes=\"auto, (max-width: 640px) 100vw, 640px\" \/><\/p>\n<p>Ailesini kurtarmak i\u00e7in her yolu deneyen Cevdet, b\u00f6l\u00fcm\u00fcn final sahnesinde, Komutan Vasili de vatan hani yapt\u0131. Oyun i\u00e7inde oyun oynad\u0131. O\u011flu Dimitri&#8217;yi (Ali Kemal) kurtaraca\u011f\u0131n\u0131 bilen Cevdet, bu defa o\u011flu Dimitri kulland\u0131.<\/p>\n<p><img loading=\"lazy\" decoding=\"async\" class=\"alignnone size-full wp-image-19911\" src=\"http:\/\/balcilar-blog.com\/wp-content\/uploads\/2017\/06\/vatanim-sensin-30-bolum-ali-kemal-gercek-ailesini-ogreniyor.jpg\" alt=\"vatanim-sensin-30-bolum-ali-kemal-gercek-ailesini-ogreniyor\" width=\"640\" height=\"360\" srcset=\"https:\/\/balcilar-blog.com\/wp-content\/uploads\/2017\/06\/vatanim-sensin-30-bolum-ali-kemal-gercek-ailesini-ogreniyor.jpg 640w, https:\/\/balcilar-blog.com\/wp-content\/uploads\/2017\/06\/vatanim-sensin-30-bolum-ali-kemal-gercek-ailesini-ogreniyor-300x169.jpg 300w\" sizes=\"auto, (max-width: 640px) 100vw, 640px\" \/><\/p>\n<p>Tevfik\u2019in yakalanmas\u0131 \u00fczerine onun y\u00fczle\u015fmek i\u00e7in sab\u0131rs\u0131zlanan Cevdet, ailesinin tutsak tutuldu\u011funu g\u00f6r\u00fcnce b\u00fcy\u00fck bir \u015fa\u015fk\u0131nl\u0131k ya\u015far. Zira Vasili, Cevdet\u2019e tuzak kurmu\u015f ve bu tuzak sonucu onun bir Vatansever oldu\u011funu \u00f6\u011frenmi\u015ftir. Y\u0131llard\u0131r Yunan Ordusu i\u00e7indeki ger\u00e7ek vazifesini \u00f6\u011frenen Vasili, onu vermesi zor bir kararla ba\u015f ba\u015fa b\u0131rak\u0131r.<\/p>\n<p><img loading=\"lazy\" decoding=\"async\" class=\"alignnone size-full wp-image-19909\" src=\"http:\/\/balcilar-blog.com\/wp-content\/uploads\/2017\/06\/vat.sen-aile.jpg\" alt=\"vat.sen aile\" width=\"640\" height=\"358\" srcset=\"https:\/\/balcilar-blog.com\/wp-content\/uploads\/2017\/06\/vat.sen-aile.jpg 640w, https:\/\/balcilar-blog.com\/wp-content\/uploads\/2017\/06\/vat.sen-aile-300x168.jpg 300w\" sizes=\"auto, (max-width: 640px) 100vw, 640px\" \/><\/p>\n<p>Cevdet i\u00e7in iki yol vard\u0131r; ya vatan\u0131 ya ailesi. Cevdet, vatan\u0131na ihanet edemeyece\u011fini dile getirse de ailesinin infaz\u0131na g\u00f6z yummay\u0131 kabullenemez. Cevdet, verece\u011fi karardan evvel bir mektup kaleme al\u0131r ve Ali Kemal hakk\u0131ndaki hakikati Vasili ile payla\u015f\u0131r. Ali Kemal\u2019in, Vasili ile Veronika\u2019n\u0131n \u00e7ocu\u011fu oldu\u011funu itiraf eder.<\/p>\n<p><img loading=\"lazy\" decoding=\"async\" class=\"alignnone size-full wp-image-19913\" src=\"http:\/\/balcilar-blog.com\/wp-content\/uploads\/2017\/06\/Ekran-Al\u0131nt\u0131s\u0131-VS.9.jpg\" alt=\"Ekran Al\u0131nt\u0131s\u0131 VS.9\" width=\"640\" height=\"399\" srcset=\"https:\/\/balcilar-blog.com\/wp-content\/uploads\/2017\/06\/Ekran-Al\u0131nt\u0131s\u0131-VS.9.jpg 640w, https:\/\/balcilar-blog.com\/wp-content\/uploads\/2017\/06\/Ekran-Al\u0131nt\u0131s\u0131-VS.9-300x187.jpg 300w\" sizes=\"auto, (max-width: 640px) 100vw, 640px\" \/><\/p>\n<p>\u00d6te yandan \u0130ngiliz Charles Hamilton, T\u00fcrk halk\u0131n\u0131n\u0131n sonunu getirebilmek i\u00e7in u\u011fra\u015f vermeye devam eder. Tevfik\u2019e verdi\u011fi yeni g\u00f6rev, Mustafa Kemal Pa\u015fa\u2019n\u0131n \u00f6ld\u00fcr\u00fclmesidir. Tevfik, bu vazife kar\u015f\u0131s\u0131nda b\u00fcy\u00fck bir s\u0131nav verecektir.<\/p>\n<p>Cevdet hakk\u0131ndaki hakikatin \u00e7\u0131kmas\u0131, Vasili&#8217;yi harekete ge\u00e7irir. \u0130lk olarak \u0130zmir&#8217;e geldi\u011fi g\u00fcnden beri kendisine zorluk \u00e7\u0131karan Ali Kemal&#8217;i infaz etmek ister. Cevdet, ne yapaca\u011f\u0131n\u0131 bilemez ve ailesini kurtarmak i\u00e7in bir plan yapmaya ba\u015flar. Ali Kemal&#8217;i k\u00f6yde buldu\u011funu ve dahas\u0131 Vasili ile Veronika&#8217;n\u0131n o\u011flu oldu\u011funu itiraf eder. Vasili, bu ger\u00e7e\u011fe inanmaz ve Ali Kemal&#8217;in \u00f6ld\u00fcr\u00fclmesi i\u00e7in harekete ge\u00e7er. Bu bilgiyi Veronika ile de payla\u015fan Cevdet, onun da bu olaya dahil olmas\u0131n\u0131 sa\u011flar. Ali Kemal&#8217;in v\u00fccudundaki iz, en b\u00fcy\u00fck kan\u0131tt\u0131r. Ger\u00e7ek anne ve babas\u0131n\u0131n Vasili ile Veronika oldu\u011fu ger\u00e7e\u011fini kabullenemeyen Ali Kemal ka\u00e7\u0131r\u0131l\u0131r.<\/p>\n<p><img loading=\"lazy\" decoding=\"async\" class=\"alignnone size-full wp-image-19918\" src=\"http:\/\/balcilar-blog.com\/wp-content\/uploads\/2017\/06\/vatanim-sensin-30-bolum-ali-kemal-gercek-ailesini-ogreniyor-1.jpg\" alt=\"vatanim-sensin-30-bolum-ali-kemal-gercek-ailesini-ogreniyor\" width=\"640\" height=\"360\" srcset=\"https:\/\/balcilar-blog.com\/wp-content\/uploads\/2017\/06\/vatanim-sensin-30-bolum-ali-kemal-gercek-ailesini-ogreniyor-1.jpg 640w, https:\/\/balcilar-blog.com\/wp-content\/uploads\/2017\/06\/vatanim-sensin-30-bolum-ali-kemal-gercek-ailesini-ogreniyor-1-300x169.jpg 300w\" sizes=\"auto, (max-width: 640px) 100vw, 640px\" \/><\/p>\n<p>Komutan Vasili kuvvac\u0131larla Ali Kemal&#8217;in ka\u00e7\u0131r\u0131lmas\u0131na yard\u0131m etmi\u015ftir. General Cevdet de bu defa onu vatan hainli\u011fi ile su\u00e7layarak; &#8220;Seni Yunan ordusuna ve Yunan Krall\u0131\u011f\u0131na ihanetten tutukluyorum.&#8221; Demi\u015ftir.<\/p>\n<p><img loading=\"lazy\" decoding=\"async\" class=\"alignnone size-full wp-image-19912\" src=\"http:\/\/balcilar-blog.com\/wp-content\/uploads\/2017\/06\/Ekran-Al\u0131nt\u0131s\u0131VS.30.8.jpg\" alt=\"Ekran Al\u0131nt\u0131s\u0131VS.30.8\" width=\"640\" height=\"426\" srcset=\"https:\/\/balcilar-blog.com\/wp-content\/uploads\/2017\/06\/Ekran-Al\u0131nt\u0131s\u0131VS.30.8.jpg 640w, https:\/\/balcilar-blog.com\/wp-content\/uploads\/2017\/06\/Ekran-Al\u0131nt\u0131s\u0131VS.30.8-300x200.jpg 300w\" sizes=\"auto, (max-width: 640px) 100vw, 640px\" \/><\/p>\n<p>Vasili Cevdet&#8217;e; Vat\u0131n\u0131n m\u0131, ailen mi diye sormu\u015ftu. \u015eimdi tersi oldu, Vasili ailesi i\u00e7in Vatan\u0131 satm\u0131\u015ft\u0131r. Su\u00e7 \u00fcst\u00fc yakalanm\u0131\u015ft\u0131r. Cevdet, Yunan komutanlara d\u00f6nerek; Size s\u00f6ylemi\u015ftim, bu kadar zamand\u0131r ordunun i\u00e7inde arad\u0131\u011f\u0131m\u0131z hain Kumandan Vasili&#8217;dir.<\/p>\n<p><img loading=\"lazy\" decoding=\"async\" class=\"alignnone size-full wp-image-19910\" src=\"http:\/\/balcilar-blog.com\/wp-content\/uploads\/2017\/06\/vatanim-sensin-30-bolum.jpg\" alt=\"vatanim-sensin-30-bolum\" width=\"640\" height=\"360\" srcset=\"https:\/\/balcilar-blog.com\/wp-content\/uploads\/2017\/06\/vatanim-sensin-30-bolum.jpg 640w, https:\/\/balcilar-blog.com\/wp-content\/uploads\/2017\/06\/vatanim-sensin-30-bolum-300x169.jpg 300w\" sizes=\"auto, (max-width: 640px) 100vw, 640px\" \/><\/p>\n<p>Vasili; Demek vatan i\u00e7in ailenden vazge\u00e7iyorsun Cevdet (Halit Ergen\u00e7). Onlar\u0131n \u00f6l\u00fcm\u00fcne raz\u0131s\u0131n. Cevdet; Herhangi bir yetkin kalmad\u0131\u011f\u0131na g\u00f6re, b\u00fct\u00fcn bu tehditlerin de manas\u0131zd\u0131r. Beni ailem le tahdit etti onlara tuzak kurdu. Kar\u015f\u0131l\u0131kl\u0131 su\u00e7lamalar devam eder, Vasili tevkif edilir. Ve 30.b\u00f6l\u00fcm burada sona erer.<\/p>\n<p>Vatan\u0131m Sensin&#8217;de senaristlerin (Necati \u015eahin &#8211; Nuran Evren \u015eit) ola\u011fan \u00fcst\u00fc kurgular\u0131 ile devem ediyor ve izleyicinin ilgisini \u00e7ekmeye devam ediyor. Ba\u015fta benim ilgimi \u00e7ekiyor! \u0130lerleyen b\u00f6l\u00fcmlerde daha ne gibi s\u00fcrprizler bizleri bekliyor merakla bekliyorum.<\/p>\n<p>\u0130yi Seyirler.<\/p>\n<p>Sayg\u0131lar ve sevgiler.<\/p>\n<p>Abdurrahman Balc\u0131lar<\/p>\n<p>Twitter:\u00a0<a href=\"https:\/\/twitter.com\/abbalcilar\">abdurrahman balc\u0131lar<\/a><a href=\"https:\/\/twitter.com\/abbalcilar\"><strong>@abbalcilar<\/strong><\/a><\/p>\n<p>Mail :\u00a0<a href=\"mailto:ab.balcilar@hotmail.com\">ab.balcilar@hotmail.com<\/a><\/p>\n<p>Blog:\u00a0<a href=\"http:\/\/t.co\/znqmIZgIqn\">blog.milliyet.com.tr\/cansever<\/a><\/p>\n<p>Blog:\u00a0<a href=\"http:\/\/balcilar-blog.com\/\">Abdurrahman Balc\u0131lar Blog Sayfas\u0131<\/a><\/p>\n<p>&nbsp;<\/p>\n<p><strong>*\u015eahsi Blog sayfamda ve Milliyet Blog\u2019da yay\u0131nlanan blog yaz\u0131lar\u0131 b\u00fcy\u00fck bir \u00e7al\u0131\u015fman\u0131n \u00fcr\u00fcn\u00fc olup, izinsiz ya da kaynak g\u00f6stermeden al\u0131nt\u0131 yap\u0131lamaz. Aksi halde kanuni i\u015flem yap\u0131l\u0131r.<\/strong><\/p>\n","protected":false},"excerpt":{"rendered":"<p>03 Medya&#8217;n\u0131n yap\u0131mc\u0131s\u0131 oldu\u011fu Kanal D&#8217;nin sevilen dizisi &#8220;Vatan\u0131m Sensin&#8221; senaryodaki s\u00fcrprizler ile \u015fa\u015f\u0131rtmaya devam ediyor. \u00d6nceki ak\u015fam ekranlara gelen dizinin yeni b\u00f6l\u00fcm\u00fcnde, Ali Kemal&#8217;in Yunan komutan\u0131 Vasili&#8217;nin o\u011flu \u00e7\u0131kmas\u0131n\u0131 inan\u0131n \u00e7ok \u015fa\u015f\u0131rd\u0131m. K\u0131rk y\u0131l d\u00fc\u015f\u00fcnsem akl\u0131ma gelmezdi. Senaristlerimiz ne kadar kafa patlat\u0131yorlar ki, senaryoda bu t\u00fcr s\u00fcrprizler ile izleyiciyi \u015fa\u015f\u0131rt\u0131yorlar. Yani Ali Kemal, \u015fimdi [&hellip;]<\/p>\n","protected":false},"author":3,"featured_media":19915,"comment_status":"open","ping_status":"open","sticky":false,"template":"","format":"standard","meta":{"footnotes":""},"categories":[2],"tags":[897,1135,91,1445,1420,1294],"class_list":["post-19907","post","type-post","status-publish","format-standard","has-post-thumbnail","hentry","category-tv-programlari","tag-03-medya","tag-hailt-ergenc","tag-kanal-d","tag-necati-sahin","tag-nuran-evren-sit","tag-vatanim-sensin"],"views":3914,"blog_post_layout_featured_media_urls":{"thumbnail":["https:\/\/balcilar-blog.com\/wp-content\/uploads\/2017\/06\/Ekran-Al\u0131nt\u0131s\u0131VS.30.6-150x150.jpg",150,150,true],"full":["https:\/\/balcilar-blog.com\/wp-content\/uploads\/2017\/06\/Ekran-Al\u0131nt\u0131s\u0131VS.30.6.jpg",640,376,false]},"categories_names":{"2":{"name":"TV Programlar\u0131","link":"https:\/\/balcilar-blog.com\/?cat=2"}},"tags_names":{"897":{"name":"03 Medya","link":"https:\/\/balcilar-blog.com\/?tag=03-medya"},"1135":{"name":"Hailt Ergen\u00e7","link":"https:\/\/balcilar-blog.com\/?tag=hailt-ergenc"},"91":{"name":"Kanal D","link":"https:\/\/balcilar-blog.com\/?tag=kanal-d"},"1445":{"name":"Necati \u015eahin","link":"https:\/\/balcilar-blog.com\/?tag=necati-sahin"},"1420":{"name":"Nuran Evren \u015eit","link":"https:\/\/balcilar-blog.com\/?tag=nuran-evren-sit"},"1294":{"name":"Vatan\u0131m Sensin","link":"https:\/\/balcilar-blog.com\/?tag=vatanim-sensin"}},"comments_number":"0","wpmagazine_modules_lite_featured_media_urls":{"thumbnail":["https:\/\/balcilar-blog.com\/wp-content\/uploads\/2017\/06\/Ekran-Al\u0131nt\u0131s\u0131VS.30.6-150x150.jpg",150,150,true],"cvmm-medium":["https:\/\/balcilar-blog.com\/wp-content\/uploads\/2017\/06\/Ekran-Al\u0131nt\u0131s\u0131VS.30.6.jpg",300,176,false],"cvmm-medium-plus":["https:\/\/balcilar-blog.com\/wp-content\/uploads\/2017\/06\/Ekran-Al\u0131nt\u0131s\u0131VS.30.6.jpg",305,179,false],"cvmm-portrait":["https:\/\/balcilar-blog.com\/wp-content\/uploads\/2017\/06\/Ekran-Al\u0131nt\u0131s\u0131VS.30.6.jpg",400,235,false],"cvmm-medium-square":["https:\/\/balcilar-blog.com\/wp-content\/uploads\/2017\/06\/Ekran-Al\u0131nt\u0131s\u0131VS.30.6.jpg",600,353,false],"cvmm-large":["https:\/\/balcilar-blog.com\/wp-content\/uploads\/2017\/06\/Ekran-Al\u0131nt\u0131s\u0131VS.30.6.jpg",640,376,false],"cvmm-small":["https:\/\/balcilar-blog.com\/wp-content\/uploads\/2017\/06\/Ekran-Al\u0131nt\u0131s\u0131VS.30.6.jpg",130,76,false],"full":["https:\/\/balcilar-blog.com\/wp-content\/uploads\/2017\/06\/Ekran-Al\u0131nt\u0131s\u0131VS.30.6.jpg",640,376,false]},"_links":{"self":[{"href":"https:\/\/balcilar-blog.com\/index.php?rest_route=\/wp\/v2\/posts\/19907","targetHints":{"allow":["GET"]}}],"collection":[{"href":"https:\/\/balcilar-blog.com\/index.php?rest_route=\/wp\/v2\/posts"}],"about":[{"href":"https:\/\/balcilar-blog.com\/index.php?rest_route=\/wp\/v2\/types\/post"}],"author":[{"embeddable":true,"href":"https:\/\/balcilar-blog.com\/index.php?rest_route=\/wp\/v2\/users\/3"}],"replies":[{"embeddable":true,"href":"https:\/\/balcilar-blog.com\/index.php?rest_route=%2Fwp%2Fv2%2Fcomments&post=19907"}],"version-history":[{"count":4,"href":"https:\/\/balcilar-blog.com\/index.php?rest_route=\/wp\/v2\/posts\/19907\/revisions"}],"predecessor-version":[{"id":19921,"href":"https:\/\/balcilar-blog.com\/index.php?rest_route=\/wp\/v2\/posts\/19907\/revisions\/19921"}],"wp:featuredmedia":[{"embeddable":true,"href":"https:\/\/balcilar-blog.com\/index.php?rest_route=\/wp\/v2\/media\/19915"}],"wp:attachment":[{"href":"https:\/\/balcilar-blog.com\/index.php?rest_route=%2Fwp%2Fv2%2Fmedia&parent=19907"}],"wp:term":[{"taxonomy":"category","embeddable":true,"href":"https:\/\/balcilar-blog.com\/index.php?rest_route=%2Fwp%2Fv2%2Fcategories&post=19907"},{"taxonomy":"post_tag","embeddable":true,"href":"https:\/\/balcilar-blog.com\/index.php?rest_route=%2Fwp%2Fv2%2Ftags&post=19907"}],"curies":[{"name":"wp","href":"https:\/\/api.w.org\/{rel}","templated":true}]}}