{"id":19688,"date":"2017-05-22T15:16:17","date_gmt":"2017-05-22T12:16:17","guid":{"rendered":"http:\/\/balcilar-blog.com\/?p=19688"},"modified":"2017-05-22T15:41:24","modified_gmt":"2017-05-22T12:41:24","slug":"gecen-haftanin-15-21-mayis-2017-en-cok-izlenen-dizileri","status":"publish","type":"post","link":"https:\/\/balcilar-blog.com\/?p=19688","title":{"rendered":"Ge\u00e7en Haftan\u0131n (15 &#8211; 21 May\u0131s 2017) en \u00e7ok izlenen dizileri!"},"content":{"rendered":"<p><img loading=\"lazy\" decoding=\"async\" class=\"alignnone size-full wp-image-19702\" src=\"http:\/\/balcilar-blog.com\/wp-content\/uploads\/2017\/05\/cats-22-MAYIS.jpg\" alt=\"cats 22 MAYIS\" width=\"640\" height=\"358\" srcset=\"https:\/\/balcilar-blog.com\/wp-content\/uploads\/2017\/05\/cats-22-MAYIS.jpg 640w, https:\/\/balcilar-blog.com\/wp-content\/uploads\/2017\/05\/cats-22-MAYIS-300x168.jpg 300w\" sizes=\"auto, (max-width: 640px) 100vw, 640px\" \/><\/p>\n<p>TNS \u00f6l\u00e7\u00fcmlerine g\u00f6re haz\u0131rlad\u0131\u011f\u0131m <strong>15 &#8211; 21 May\u0131s 2017<\/strong> Tarihleri aras\u0131nda en \u00e7ok seyredilen alt\u0131 Ulusal kanallar\u0131m\u0131zda ekranlar\u0131m\u0131za gelen <strong>30 dizi aras\u0131nda<\/strong>, Total\u2019de ve AB\u2019de ilk ona giren, haftan\u0131n dizi karnesini a\u015fa\u011f\u0131da bilgilerinize sunuyorum.<\/p>\n<p><strong>Ge\u00e7en Hafta G\u00f6sterimdeki Diziler :<\/strong><\/p>\n<p>\u0130\u00e7erde, K\u0131rg\u0131n \u00c7i\u00e7ekler, Hangimiz Sevmedik, \u0130simsizler, S\u00f6z, E\u015fk\u0131ya D\u00fcnyaya H\u00fck\u00fcmdar Olmaz, Anne, Muhte\u015fem Y\u00fczy\u0131l IV.Murad, Hayat \u015eark\u0131s\u0131, Bir Deli Sevda (Final), Dirili\u015f Ertu\u011frul, Kara Sevda, No:309, Vatan\u0131m Sensin, Cesur ve G\u00fczel, \u00c7oban Y\u0131ld\u0131z\u0131, Baba Cand\u0131r (Final), A\u015fk ve Mavi, Arka Sokaklar, Payitaht Abd\u00fclhamid, \u0130stanbullu Gelin, Kalbimdeki Deniz, Seksenler, Ad\u0131 Efsane, Yeni Gelin, Fazilet Han\u0131m ve K\u0131zlar\u0131, Sava\u015f\u00e7\u0131, Bodrum Masal\u0131, Lise Devriyesi ve Seni Kimler Ald\u0131 dizilerinin yeni b\u00f6l\u00fcmleri yay\u0131nland\u0131.<\/p>\n<p><strong>Haftan\u0131n dizilerinde ;<\/strong><\/p>\n<p><strong>Total&#8217;in ilk s\u0131ras\u0131nda<\/strong> bu hafta haftan\u0131n birincisi <strong>Dirili\u015f Ertu\u011frul<\/strong>, 88.b\u00f6l\u00fcm\u00fcnde ald\u0131\u011f\u0131, 12,13 reyting puan\u0131 ile ilk s\u0131rada yer ald\u0131. Total&#8217;in 10.s\u0131ras\u0131nda Show Tv&#8217;nin sevilen dizisi Yeni Gelin ald\u0131\u011f\u0131 6,08 reyting puan\u0131 ile yer alm\u0131\u015ft\u0131r.<\/p>\n<p><strong>AB&#8217;nin ilk s\u0131ras\u0131nda<\/strong>, TRT1&#8217;in <strong>Dirili\u015f Ertu\u011frul<\/strong> dizisi 88.b\u00f6l\u00fcm\u00fcnde ald\u0131\u011f\u0131 13,78 puanla birinci s\u0131rada yer alm\u0131\u015ft\u0131r. Kanal D&#8217;nin yeni dizisi \u0130simsizler 8.b\u00f6l\u00fcmde ald\u0131\u011f\u0131, 4,98 puanla 10.s\u0131rada yer alm\u0131\u015ft\u0131r.<\/p>\n<p><strong>F\u0130NAL YAPAN VE YAPACAK D\u0130Z\u0130LER<\/strong><\/p>\n<p><strong>B\u0130R DEL\u0130 SEVDA (SHOW) :<\/strong><\/p>\n<p><img loading=\"lazy\" decoding=\"async\" class=\"alignnone size-full wp-image-19695\" src=\"http:\/\/balcilar-blog.com\/wp-content\/uploads\/2017\/05\/bir-deli-sevda-oyunculari-konusu-oyuncu-kadrosu.jpg\" alt=\"bir-deli-sevda-oyunculari-konusu-oyuncu-kadrosu\" width=\"448\" height=\"290\" srcset=\"https:\/\/balcilar-blog.com\/wp-content\/uploads\/2017\/05\/bir-deli-sevda-oyunculari-konusu-oyuncu-kadrosu.jpg 448w, https:\/\/balcilar-blog.com\/wp-content\/uploads\/2017\/05\/bir-deli-sevda-oyunculari-konusu-oyuncu-kadrosu-300x194.jpg 300w\" sizes=\"auto, (max-width: 448px) 100vw, 448px\" \/><\/p>\n<p>Pastel Filmin, ba\u015frollerini Erkan Kol\u00e7ak K\u00f6stendil ve Cansu Tosun&#8217;un oynad\u0131\u011f\u0131 Bir Deli Seva, nedense olmad\u0131, tutulmad\u0131. 4.b\u00f6l\u00fcm\u00fcnde final yapt\u0131 ve ekranlara veda etti.<\/p>\n<p>&nbsp;<\/p>\n<p><strong>BABA CANDIR (TRT1)\u00a0<\/strong><\/p>\n<p><img loading=\"lazy\" decoding=\"async\" class=\"alignnone size-full wp-image-19692\" src=\"http:\/\/balcilar-blog.com\/wp-content\/uploads\/2017\/05\/baba-candir-16918-300x134-1.jpg\" alt=\"baba-candir-16918-300x134\" width=\"448\" height=\"200\" srcset=\"https:\/\/balcilar-blog.com\/wp-content\/uploads\/2017\/05\/baba-candir-16918-300x134-1.jpg 448w, https:\/\/balcilar-blog.com\/wp-content\/uploads\/2017\/05\/baba-candir-16918-300x134-1-300x134.jpg 300w\" sizes=\"auto, (max-width: 448px) 100vw, 448px\" \/><\/p>\n<p>TRT1&#8217;in uzun soluklu dizisi 66.b\u00f6l\u00fcm\u00fcnde final yapt\u0131 ve bitti. 18 May\u0131s Per\u015fembe ak\u015fam\u0131 66.b\u00f6l\u00fcm final b\u00f6l\u00fcm\u00fc ekranlara geldi.<\/p>\n<p>&nbsp;<\/p>\n<p><strong>HANG\u0130M\u0130Z SEVMED\u0130K (TRT1) :<\/strong><\/p>\n<p><img loading=\"lazy\" decoding=\"async\" class=\"alignnone size-full wp-image-19690\" src=\"http:\/\/balcilar-blog.com\/wp-content\/uploads\/2017\/05\/hangimiz-sevmedik.jpg\" alt=\"hangimiz-sevmedik\" width=\"448\" height=\"299\" srcset=\"https:\/\/balcilar-blog.com\/wp-content\/uploads\/2017\/05\/hangimiz-sevmedik.jpg 448w, https:\/\/balcilar-blog.com\/wp-content\/uploads\/2017\/05\/hangimiz-sevmedik-300x200.jpg 300w\" sizes=\"auto, (max-width: 448px) 100vw, 448px\" \/><\/p>\n<p>Pazartesi ak\u015famlara ekranlara gelen dizi bu ak\u015fam 40.b\u00f6l\u00fcm\u00fc ile ekranlara veda ediyor. Aile Romantik, komedi dizisi olan dizi Adile Na\u015fit ve M\u00fcnir \u00d6zkul&#8217;un 36 y\u0131l \u00f6nceki bir ye\u015fil\u00e7am a\u015fk\u0131n\u0131 konu alm\u0131\u015ft\u0131r.<\/p>\n<p>&nbsp;<\/p>\n<p><strong>SEKSENLER (TRT1) :<\/strong><\/p>\n<p><img loading=\"lazy\" decoding=\"async\" class=\"size-full wp-image-19694\" src=\"http:\/\/balcilar-blog.com\/wp-content\/uploads\/2017\/05\/seksenler-dizi-oyunculari-cast-.jpg\" alt=\"CREATOR: gd-jpeg v1.0 (using IJG JPEG v62), default quality\" width=\"448\" height=\"253\" srcset=\"https:\/\/balcilar-blog.com\/wp-content\/uploads\/2017\/05\/seksenler-dizi-oyunculari-cast-.jpg 448w, https:\/\/balcilar-blog.com\/wp-content\/uploads\/2017\/05\/seksenler-dizi-oyunculari-cast--300x169.jpg 300w\" sizes=\"auto, (max-width: 448px) 100vw, 448px\" \/><\/p>\n<p>TRT1&#8217;in uzun soluklu dizilerinden biri daha ekranlara veda ediyor. 27 May\u0131s Cumartesi ak\u015fam\u0131 228.b\u00f6l\u00fcm\u00fc ile son defa ekranlara gelecek. Seksenler dizisi T\u00fcrkiye\u2019nin 1980\u2019lerin ba\u015f\u0131ndan g\u00fcn\u00fcm\u00fcze de\u011fin ge\u00e7en 32 y\u0131ll\u0131k ge\u00e7mi\u015fini ve de\u011fi\u015fimin hikayesidir. Klasik bir T\u00fcrk ailesi \u00fczerindeki etkilerini hedefleyen e\u011flenceli bir d\u00f6nem anlat\u0131l\u0131yor. Dizi sosyal hayattaki de\u011fi\u015fimin, hayat\u0131m\u0131za giren yeniliklerin bizleri nas\u0131l etkiledi\u011fini g\u00f6zler \u00f6n\u00fcne sermektedir.<\/p>\n<p>&nbsp;<\/p>\n<p><strong>Reyting Nedir?<\/strong><\/p>\n<p>Reyting, izleyici tercihlerine g\u00f6re ortaya \u00e7\u0131kan izlenme pay\u0131n\u0131n kanallara ve programlara payla\u015ft\u0131r\u0131lmas\u0131 ile olu\u015fan de\u011ferlendirmedir. Reyting de\u011ferlendirmesi kanallar ve reklam \u015firketleri ad\u0131na TNS taraf\u0131ndan ger\u00e7ekle\u015ftirilir. \u00d6l\u00e7me i\u015flemi yakla\u015f\u0131k 2200 haneye yerle\u015ftirilen ve gizli tutulan reyting \u00f6l\u00e7me cihazlar\u0131 ile elde edilir. Reyting sonu\u00e7lar\u0131, t\u00fcm g\u00fcn boyunca izlenen programlar\u0131n listelenmesine imkan verir.<\/p>\n<p><strong>\u00d6l\u00e7\u00fcmler nas\u0131l yap\u0131l\u0131yor ?<\/strong><\/p>\n<p>Ba\u011f\u0131ms\u0131z kurulu\u015f taraf\u0131ndan hesaplanan sonu\u00e7lar 3 kategoride hesaplan\u0131yor AB, Total ve ABC1 kategorileri sonu\u00e7lar\u0131nda share ve rating s\u0131ral\u0131 olarak 100 Tv program\u0131 g\u00fcnl\u00fck olarak payla\u015f\u0131l\u0131yor reklam verenler ve yap\u0131mc\u0131lar i\u00e7in \u00f6nemli yere sahip olan sonu\u00e7lar denek tv&#8217;lerde ki \u00f6l\u00e7\u00fcm cihazlar\u0131 vas\u0131tas\u0131yla istatistiki bilgileri al\u0131n\u0131yor.<\/p>\n<p>Bu hafta en \u00e7ok izlenen ilk ona giren dizlere g\u00f6z atal\u0131m. Bu s\u0131ralama sadece dizilerin reytingler y\u00fczdesine g\u00f6re en \u00e7ok izlenen dizilerin ilk 10\u2019da yer alanlar\u0131n\u0131 s\u0131ralamaya koyuyorum. Yar\u0131\u015fma, e\u011flence ve haber programlar\u0131 y\u00fczdeleri y\u00fcksek olsa da bu s\u0131ralamaya koymuyorum. Bu sadece dizilerin yar\u0131\u015f\u0131d\u0131r, en \u00e7ok izlenen dizilerin s\u0131ralamas\u0131d\u0131r. Bir nevi dizilerin karnesidir.<\/p>\n<p>&nbsp;<\/p>\n<p><strong>Ge\u00e7en Haftan\u0131n En \u00c7ok \u0130zlenen Dizileri:<\/strong><\/p>\n<p><strong>Total ilk 10 :<\/strong><\/p>\n<p>1.Dirili\u015f Ertu\u011frul 88.B\u00f6l\u00fcm (TRT1)&#8230;&#8230;&#8230;&#8230;&#8230;&#8230;&#8230;&#8230;&#8230;&#8230;..12,13 &#8211; 26,63<\/p>\n<p>2.E\u015fk\u0131ya D\u00fcnyaya H\u00fck\u00fcmdar Olmaz 69.B\u00f6l\u00fcm (Atv)&#8230;.9,14 &#8211; 22,34<\/p>\n<p>3.S\u00f6z 7.B\u00f6l\u00fcm (Star Tv)&#8230;&#8230;&#8230;&#8230;&#8230;&#8230;&#8230;&#8230;&#8230;&#8230;&#8230;&#8230;&#8230;&#8230;&#8230;&#8230;&#8230;8,05 &#8211; 18,60<\/p>\n<p>4.A\u015fk ve Mavi 28.B\u00f6l\u00fcm (Atv)&#8230;&#8230;&#8230;&#8230;&#8230;&#8230;&#8230;&#8230;&#8230;&#8230;&#8230;&#8230;&#8230;..7,79 &#8211; 18,13<\/p>\n<p>5.Sava\u015f\u00e7\u0131 6.B\u00f6l\u00fcm (Fox Tv)&#8230;&#8230;&#8230;&#8230;&#8230;&#8230;&#8230;&#8230;&#8230;&#8230;&#8230;&#8230;&#8230;&#8230;&#8230;7,18 &#8211; 17,04<\/p>\n<p>6.\u0130\u00e7erde 34.B\u00f6l\u00fcm (Show Tv)&#8230;&#8230;&#8230;&#8230;&#8230;&#8230;&#8230;&#8230;&#8230;&#8230;&#8230;&#8230;&#8230;&#8230;7,00 &#8211; 16,38<\/p>\n<p>7.Arka Sokaklar 442.B\u00f6l\u00fcm (Kanal D)&#8230;&#8230;&#8230;&#8230;&#8230;&#8230;&#8230;&#8230;&#8230;6,54 &#8211; 14,94<\/p>\n<p>8.K\u0131rg\u0131n \u00c7i\u00e7ekler 84.B\u00f6l\u00fcm (Atv)&#8230;&#8230;&#8230;&#8230;&#8230;&#8230;&#8230;&#8230;&#8230;&#8230;&#8230;..6,48 &#8211; 15,34<\/p>\n<p>9.Anne 28.B\u00f6l\u00fcm (Star Tv)&#8230;&#8230;&#8230;&#8230;&#8230;&#8230;&#8230;&#8230;&#8230;&#8230;&#8230;&#8230;&#8230;&#8230;&#8230;6,39 &#8211; 15,44<\/p>\n<p>10.Yeni Gelin 11.B\u00f6l\u00fcm (Show Tv)&#8230;&#8230;&#8230;&#8230;&#8230;&#8230;&#8230;&#8230;&#8230;&#8230;&#8230;6,08 &#8211; 15,60<\/p>\n<p>&nbsp;<\/p>\n<p><strong>AB\u2019de ilk 10 :<\/strong><\/p>\n<p>1.Dirili\u015f Ertu\u011frul 88.B\u00f6l\u00fcm (TRT1)&#8230;&#8230;&#8230;&#8230;&#8230;&#8230;&#8230;&#8230;&#8230;&#8230;13,78 &#8211; 31,01<\/p>\n<p>2.E\u015fk\u0131ya D\u00fcnyaya H\u00fck\u00fcmdar Olmaz 69.B\u00f6l\u00fcm (Atv)..9,39 &#8211; 23,58<\/p>\n<p>3.\u0130\u00e7erde 34.B\u00f6l\u00fcm (Show Tv)&#8230;&#8230;&#8230;&#8230;&#8230;&#8230;&#8230;&#8230;&#8230;&#8230;&#8230;&#8230;&#8230;.8,41 &#8211; 20,74<\/p>\n<p>4.Vatan\u0131m Sensin 28.B\u00f6l\u00fcm ( Kanal D)&#8230;&#8230;&#8230;&#8230;&#8230;&#8230;&#8230;&#8230;8,09 &#8211; 20,64<\/p>\n<p>5.\u0130stanbullu Gelin 12.B\u00f6l\u00fcm (Star Tv)&#8230;&#8230;&#8230;&#8230;&#8230;&#8230;&#8230;&#8230;..6,22 &#8211; 16,26<\/p>\n<p>6.Anne 28.B\u00f6l\u00fcm (Star Tv)&#8230;&#8230;&#8230;&#8230;&#8230;&#8230;&#8230;&#8230;&#8230;&#8230;&#8230;&#8230;&#8230;&#8230;.5,68 &#8211; 14,15<\/p>\n<p>7.S\u00f6z 7.B\u00f6l\u00fcm (Star Tv)&#8230;&#8230;&#8230;&#8230;&#8230;&#8230;&#8230;&#8230;&#8230;&#8230;&#8230;&#8230;&#8230;&#8230;&#8230;&#8230;.5,47 &#8211; 13,47<\/p>\n<p>8.Payitaht Abd\u00fclhamit 12.B\u00f6l\u00fcm (TRT1)&#8230;&#8230;&#8230;&#8230;&#8230;&#8230;&#8230;5,29 &#8211; 13,59<\/p>\n<p>9.Sava\u015f\u00e7\u0131 6.B\u00f6l\u00fcm (Fox Tv)&#8230;&#8230;&#8230;&#8230;&#8230;&#8230;&#8230;&#8230;&#8230;&#8230;&#8230;&#8230;&#8230;&#8230;.5,01 &#8211; 12,50<\/p>\n<p>10.\u0130simsizler 8.B\u00f6l\u00fcm (Kanal D)&#8230;&#8230;&#8230;&#8230;&#8230;&#8230;&#8230;&#8230;&#8230;&#8230;&#8230;..4,98 &#8211; 12,28<\/p>\n<p>&nbsp;<\/p>\n<p><strong>TOTAL ve AB Grubunda reytingleri en y\u00fcksek olan Haftan\u0131n ilk 5 s\u0131ralamas\u0131 :<\/strong><\/p>\n<p><strong>1.D\u0130R\u0130L\u0130\u015e ERTU\u011eRUL<\/strong> : TRT1&#8217;in haftan\u0131n reyting karal\u0131 olan Dirili\u015f Ertu\u011frul bu hafta da AB&#8217;de ald\u0131\u011f\u0131 13,09 reyting puan\u0131 ile haftan\u0131n birincisi olmu\u015ftur.<\/p>\n<p><img loading=\"lazy\" decoding=\"async\" class=\"alignnone size-full wp-image-19701\" src=\"http:\/\/balcilar-blog.com\/wp-content\/uploads\/2017\/05\/dirirli\u015f-88.b\u00f6l\u00fcm.jpg\" alt=\"dirirli\u015f 88.b\u00f6l\u00fcm\" width=\"640\" height=\"373\" srcset=\"https:\/\/balcilar-blog.com\/wp-content\/uploads\/2017\/05\/dirirli\u015f-88.b\u00f6l\u00fcm.jpg 640w, https:\/\/balcilar-blog.com\/wp-content\/uploads\/2017\/05\/dirirli\u015f-88.b\u00f6l\u00fcm-300x175.jpg 300w\" sizes=\"auto, (max-width: 640px) 100vw, 640px\" \/><\/p>\n<p>Bir s\u00fcredir sessizli\u011fini koruyan Vasilius Nikea\u2019dan gelen b\u00fcy\u00fck orduyla birlikte g\u00fc\u00e7 toplam\u0131\u015f ve Sultan\u2019\u0131n casusunu yakalayarak Ertu\u011frul\u2019lar\u0131 b\u00fcy\u00fck bir tuza\u011fa d\u00fc\u015f\u00fcrm\u00fc\u015ft\u00fcr. Ertu\u011frul\u2019lar b\u00fcy\u00fck zayiat vermi\u015f, Aliyar ciddi bir ok darbesi alm\u0131\u015ft\u0131r. Peki Ertu\u011frul\u2019lar Vasilius\u2019un bu b\u00fcy\u00fck sald\u0131r\u0131s\u0131ndan kurtulabilecek midir? Aliyar ya\u015fayacak m\u0131d\u0131r? Di\u011fer yandan Halime do\u011fum sanc\u0131lar\u0131 i\u00e7inde k\u0131vranmaktad\u0131r. \u00c7ocuk ters gelmekte ve ebeler bir t\u00fcrl\u00fc do\u011fumu ger\u00e7ekle\u015ftirememektedir. Halime son olarak kendinden ge\u00e7mi\u015f ve herkes \u00e7aresiz kalm\u0131\u015ft\u0131r. Ebeler var g\u00fc\u00e7leriyle \u00e7aba harcamaktad\u0131rlar. Peki ebelerin bu \u00e7abas\u0131 netice verecek midir? Halime Sultan kurtulacak m\u0131d\u0131r? Bebek ya\u015fayacak m\u0131d\u0131r? Di\u011fer yandan Sultan Aleaddin Ebu Mansur ad\u0131yla Kay\u0131 Obas\u0131na gelmi\u015f, incelemelerde bulunmu\u015ftur. Peki Sultan Aleaddin\u2019i Konyadan kay\u0131 obas\u0131na tebdil-i k\u0131yafet getiren sebep nedir? Sultan\u2019\u0131n burada olmas\u0131 ne gibi neticeler do\u011furacakt\u0131r?<\/p>\n<p>&nbsp;<\/p>\n<p><strong>2.E\u015eKIYA D\u00dcNYAYA H\u00dcK\u00dcMDAR OLMAZ<\/strong> : Oktay Kaynarca&#8217;n\u0131n ba\u015frol\u00fc oynad\u0131\u011f\u0131 ATV&#8217;nin macera dizisinin 69.b\u00f6l\u00fcm\u00fcnde bu hafta 3 basamak y\u00fckselerek AB&#8217;de ald\u0131\u011f\u0131 9,39 reyting puan\u0131 ile 2.s\u0131rada yer ald\u0131.<\/p>\n<p>Suzi, Esra&#8217;y\u0131 \u00f6ld\u00fcrecek mi?<\/p>\n<p><img loading=\"lazy\" decoding=\"async\" class=\"alignnone size-full wp-image-19697\" src=\"http:\/\/balcilar-blog.com\/wp-content\/uploads\/2017\/05\/3_d-e\u015fk\u0131ya-69.bl_..jpg\" alt=\"3_d e\u015fk\u0131ya 69.bl.\" width=\"640\" height=\"360\" srcset=\"https:\/\/balcilar-blog.com\/wp-content\/uploads\/2017\/05\/3_d-e\u015fk\u0131ya-69.bl_..jpg 640w, https:\/\/balcilar-blog.com\/wp-content\/uploads\/2017\/05\/3_d-e\u015fk\u0131ya-69.bl_.-300x169.jpg 300w\" sizes=\"auto, (max-width: 640px) 100vw, 640px\" \/><\/p>\n<p>Serkan&#8217;a esir d\u00fc\u015fen \u0130lyas, Tipi ve \u015eahin A\u011fa tan\u0131k olmaya ikna olmad\u0131klar\u0131 i\u00e7in \u00e7e\u015fitli i\u015fkencelere maruz kal\u0131rlar. En ac\u0131mas\u0131z\u0131 ise sevdikleri \u00fczerinden yap\u0131lan psikolojik i\u015fkencedir. Herkes en zay\u0131f noktas\u0131ndan vurulur ama yine de kimse konu\u015fmaz. Olacaklardan habersiz ortal\u0131\u011f\u0131 kar\u0131\u015ft\u0131ran Serkan&#8217;\u0131n keyfi \u015fimdilik yerindedir.<\/p>\n<p>\u0130\u00e7eride tutulanlar sevdiklerine d\u00fc\u015fman edilmeye \u00e7al\u0131\u015f\u0131rken, d\u0131\u015far\u0131da b\u00fcy\u00fck bir \u00e7aba vard\u0131r. Elindekilerle yetinmeyen Serkan, operasyon haz\u0131rl\u0131\u011f\u0131 i\u00e7inde olan H\u0131z\u0131r ve \u00e7evresindekilere de zarar vermeye \u00e7al\u0131\u015f\u0131r. \u0130\u015fkenceler esnas\u0131nda \u00e7ekilip g\u00f6nderilen bir g\u00f6r\u00fcnt\u00fc barda\u011f\u0131 ta\u015f\u0131ran son damla olacakt\u0131r. Hem devleti hem sevdikleri i\u00e7in her t\u00fcrl\u00fc \u00e7abay\u0131 sarf eden Davut ise R\u00fcstem&#8217;in hala as\u0131l hedefidir.<\/p>\n<p>Ya\u015fanan t\u00fcm felaketlerin sebebi R\u00fcstem, gizli tan\u0131kl\u0131\u011f\u0131 kabul etmeyen Esra&#8217;n\u0131n evine Suzi&#8217;yi yollayarak onu \u00f6l\u00fcmle y\u00fczle\u015ftirir. \u0130lyas&#8217;\u0131n ya\u015famas\u0131 i\u00e7in her \u015feye raz\u0131 gelebilecek olan Suzi&#8217;nin bir se\u00e7im yapmas\u0131 gerekecektir.<\/p>\n<p>&nbsp;<\/p>\n<p><strong>3.\u0130\u00c7ERDE<\/strong> : Show Tv&#8217;nin fenomen dizisi olan \u0130\u00c7ERDE, bu hafta 34.b\u00f6l\u00fcmde AB Grubunda ald\u0131\u011f\u0131 ald\u0131\u011f\u0131 8,41 puanla haftan\u0131n dizileri aras\u0131nda bu hafta 3.s\u0131raya d\u00fc\u015ft\u00fc. Sarp (\u00c7a\u011fatay Ulusoy), d\u00f6rt ya\u015f\u0131nda ka\u00e7\u0131r\u0131lan \u00f6ld\u00fc denilen karde\u015fi Umut&#8217;u (Aras Bulut \u0130ynemli) arama hikayesi ele al\u0131n\u0131yor. Kaderin cilvesi her ikisi de polis kolejinde karde\u015f olduklar\u0131n\u0131 bilmeden birlikte okuyor, polis oluyorlar. Mert \u0130\u00e7erde polis ama mafya babas\u0131 Celal&#8217;e \u00e7al\u0131\u015f\u0131yor. A\u011fabey Sarp d\u0131\u015far\u0131da, k\u00f6fteci Celal&#8217;in sa\u011f kolu g\u00f6z\u00fckse de gizli polis, m\u00fcd\u00fcr\u00fc Yusuf&#8217;a \u00e7al\u0131\u015f\u0131yor. Mert, Organizede Celal&#8217;in adam\u0131 olarak \u00e7al\u0131\u015ft\u0131\u011f\u0131 de\u015fifre olunca, at\u0131ld\u0131 o da Celal&#8217;in yan\u0131na girdi.<\/p>\n<p><img loading=\"lazy\" decoding=\"async\" class=\"alignnone size-full wp-image-19600\" src=\"http:\/\/balcilar-blog.com\/wp-content\/uploads\/2017\/05\/\u0130\u00e7erde-34.B\u00f6l\u00fcm-4.jpg\" alt=\"\u0130\u00e7erde 34.B\u00f6l\u00fcm (4)\" width=\"640\" height=\"427\" srcset=\"https:\/\/balcilar-blog.com\/wp-content\/uploads\/2017\/05\/\u0130\u00e7erde-34.B\u00f6l\u00fcm-4.jpg 640w, https:\/\/balcilar-blog.com\/wp-content\/uploads\/2017\/05\/\u0130\u00e7erde-34.B\u00f6l\u00fcm-4-300x200.jpg 300w\" sizes=\"auto, (max-width: 640px) 100vw, 640px\" \/><\/p>\n<p>\u201c\u0130\u00e7erde\u201dnin 34. b\u00f6l\u00fcm\u00fcnde; Sarp ve Mert\u2019in k\u0131ran k\u0131rana ge\u00e7en d\u00fcellosu, ikisinin de kurtulmas\u0131yla sonu\u00e7lan\u0131r. Ancak iki cephe aras\u0131ndaki sava\u015f, Celal\u2019in F\u00fcsun\u2019u ka\u00e7\u0131rtmas\u0131yla k\u0131z\u0131\u015facakt\u0131r. Birincil hedefi Kudret olan Celal\u2019in g\u00f6z\u00fcn\u00fc, Sarp\u2019\u0131 ve t\u00fcm sevdiklerini yok etme h\u0131rs\u0131 b\u00fcr\u00fcyecektir. Annesi F\u00fcsun\u2019un ka\u00e7\u0131r\u0131ld\u0131\u011f\u0131n\u0131 \u00f6\u011frenen Sarp, harekete ge\u00e7ti\u011finde tek ba\u015f\u0131na olmayacakt\u0131r. Vicdan\u0131 ile mant\u0131\u011f\u0131 aras\u0131nda s\u0131k\u0131\u015f\u0131p kalan Mert ile Sarp, bir kez daha yan yana m\u00fccadele edeceklerdir. Bu esnada Kudret, ka\u00e7may\u0131 ba\u015far\u0131rken iki cephe aras\u0131ndaki sava\u015f ise karde\u015fleri yeniden kar\u015f\u0131 kar\u015f\u0131ya getirecek ve sava\u015f\u0131n seyri, Yusuf M\u00fcd\u00fcr\u00fcn hayat\u0131n\u0131 kaybetmesiyle bamba\u015fka bir boyut kazanacakt\u0131r.<\/p>\n<p>&nbsp;<\/p>\n<p>4.VATANIM SENS\u0130N : Kanal D&#8217;nin macera ve drama dizisi bu hafta 27.b\u00f6l\u00fcmde AB&#8217;de ald\u0131\u011f\u0131 8,72 puanla, haftan\u0131n dizileri aras\u0131nda 4.s\u0131raya yer alm\u0131\u015ft\u0131r. \u0130\u015fgal alt\u0131nda T\u00fcrkler ve d\u00fc\u015fmanlar ars\u0131nda a\u015fk \u00f6ne \u00e7\u0131kt\u0131.<\/p>\n<p><img loading=\"lazy\" decoding=\"async\" class=\"alignnone size-full wp-image-19696\" src=\"http:\/\/balcilar-blog.com\/wp-content\/uploads\/2017\/05\/vatan\u0131m-sensin-28.b\u00f6l\u00fcm.jpg\" alt=\"vatan\u0131m sensin 28.b\u00f6l\u00fcm\" width=\"640\" height=\"360\" srcset=\"https:\/\/balcilar-blog.com\/wp-content\/uploads\/2017\/05\/vatan\u0131m-sensin-28.b\u00f6l\u00fcm.jpg 640w, https:\/\/balcilar-blog.com\/wp-content\/uploads\/2017\/05\/vatan\u0131m-sensin-28.b\u00f6l\u00fcm-300x169.jpg 300w\" sizes=\"auto, (max-width: 640px) 100vw, 640px\" \/><\/p>\n<p>Y\u00f6r\u00fcklere yap\u0131lan katliam, herkesi derinden etkiler. Cevdet bunu yapanlardan intikam almak i\u00e7in do\u011fru zaman\u0131 beklemeye ba\u015flar. Azize\u2019nin, ger\u00e7ek vazifesini \u00f6\u011frenmesi her ikisini de mutlu etse de tedirginlik ya\u015famaya devam ederler. Art\u0131k vatan u\u011fruna birlikte hareket edecekler ve Azize\u2019nin de i\u00e7inde olaca\u011f\u0131 yeni bir plan yap\u0131lacakt\u0131r. Azize, Y\u00fczba\u015f\u0131 Yakup\u2019tan ald\u0131\u011f\u0131 talimatla harekete ge\u00e7meye haz\u0131rlan\u0131r.<\/p>\n<p>Kuvvac\u0131lar taraf\u0131na ge\u00e7ti gibi g\u00f6r\u00fcnse de Leon, Yunan Ordusu\u2019na hizmet etmeye devam eder. Babas\u0131 Vasili\u2019ye kuvvac\u0131lardan haber g\u00f6t\u00fcren Leon, Y\u00f6r\u00fcklere yap\u0131lan katliam\u0131n \u00f6nc\u00fcs\u00fcn\u00fc merak eder. Tevfik ve yanda\u015flar\u0131, bunun sorumlusu olarak kuvvay\u0131 hedef g\u00f6sterse de Ali Kemal ve kuvvac\u0131lar bunun ger\u00e7ek olmad\u0131\u011f\u0131n\u0131 her f\u0131rsatta dile getirirler. Ve Tevfik yapt\u0131klar\u0131n\u0131n hesab\u0131n\u0131 verecektir.<\/p>\n<p><strong>5.S\u00d6Z<\/strong> : Star Tv&#8217;nin yani sava\u015f ve macera dizisi S\u00f6z olduk\u00e7a sevildi. Bu hafta 2 basamak gerileyerek, Total&#8217;de ald\u0131\u011f\u0131 8,05 puanla haftan\u0131n dizileri aras\u0131nda 5.s\u0131rada yer ald\u0131.<\/p>\n<p><img loading=\"lazy\" decoding=\"async\" class=\"alignnone size-full wp-image-19699\" src=\"http:\/\/balcilar-blog.com\/wp-content\/uploads\/2017\/05\/74326-s\u00f6z-7..jpg\" alt=\"74326 s\u00f6z 7.\" width=\"640\" height=\"426\" srcset=\"https:\/\/balcilar-blog.com\/wp-content\/uploads\/2017\/05\/74326-s\u00f6z-7..jpg 640w, https:\/\/balcilar-blog.com\/wp-content\/uploads\/2017\/05\/74326-s\u00f6z-7.-300x200.jpg 300w\" sizes=\"auto, (max-width: 640px) 100vw, 640px\" \/><\/p>\n<p>\u00c7olak ka\u00e7mak i\u00e7in arad\u0131\u011f\u0131 f\u0131rsat\u0131 bulurken, Yavuz son s\u00fcrat olay yerine do\u011fru yola \u00e7\u0131kar. \u00dcstelik b\u00fcy\u00fck bir tuza\u011fa do\u011fru gitti\u011finden habersizdir. Bu arada K\u0131demli \u00dcste\u011fmen Yavuz ve ekibinin \u00c7olak\u2019\u0131n evindeki profes\u00f6r\u00fc ele ge\u00e7irmesi \u00c7olak\u2019\u0131n planlar\u0131n\u0131 bozar ama \u00c7olak\u2019\u0131n geri ad\u0131m atmaya niyeti yoktur. Biyolojik silahlar i\u00e7in ihtiyac\u0131 olan Profes\u00f6r\u00fc \u0130stanbul\u2019da bulmu\u015ftur. Bu durum Yavuz ve ekibini \u0130stanbul\u2019a gelmeye zorlar. \u00c7olak bu davette Yavuz\u2019a b\u00fcy\u00fck bir s\u00fcrpriz haz\u0131rlar ayn\u0131 davete Bahar\u2019\u0131n da gelmesi i\u015fleri iyice kar\u0131\u015ft\u0131r\u0131r. Yavuz Bahar\u2019la yak\u0131nla\u015f\u0131rken, zor ve riskli bir karar\u0131 da vermek zorundad\u0131r.<br \/>\n<strong>Her iki kategorinin ilk on&#8217;da yer alan dizileri :<\/strong><\/p>\n<p>\u0130\u00e7erde, S\u00f6z, E\u015fk\u0131ya D\u00fcnyaya H\u00fck\u00fcmdar Olmaz, Anne, Dirili\u015f Ertu\u011frul ve Sava\u015f\u00e7\u0131 her iki grupta yer alan diziler olmu\u015ftur.<\/p>\n<p><strong>Kanallara g\u00f6re s\u0131ralamaya g\u00f6z atarsak :<\/strong><\/p>\n<p><strong>Total grubunda ilk onda<\/strong>: Atv Tv. 3 Dizi. Show Tv ve Star Tv 2 dizi. TRT1, Kanal D ve Fox Tv birer dizi ile yer ald\u0131lar.<\/p>\n<p><strong>AB\u2019de ilk onda:<\/strong> Star Tv 3 dizi. TRT1. ve Kanal D 2 dizi. Atv, Fox, Kanal D ve Show Tv birer dizi ile yer alm\u0131\u015ft\u0131r.<\/p>\n<p><strong>Bu haftan\u0131n kanal\u0131<\/strong>; <strong>Star Tv<\/strong>. Total&#8217;de 2 ve AB&#8217;de 3 dizi ile tart\u0131\u015fmas\u0131z haftan\u0131n kanal\u0131 olmu\u015ftur.<\/p>\n<p>&nbsp;<\/p>\n<p><strong>YEN\u0130 D\u0130Z\u0130LER :<\/strong><\/p>\n<p><strong>\u015eevkat Yerimdar (Fox Tv) :<\/strong><\/p>\n<p><img loading=\"lazy\" decoding=\"async\" class=\"alignnone size-full wp-image-19689\" src=\"http:\/\/balcilar-blog.com\/wp-content\/uploads\/2017\/05\/18089038678806396254.jpg\" alt=\"18089038678806396254\" width=\"576\" height=\"480\" srcset=\"https:\/\/balcilar-blog.com\/wp-content\/uploads\/2017\/05\/18089038678806396254.jpg 576w, https:\/\/balcilar-blog.com\/wp-content\/uploads\/2017\/05\/18089038678806396254-300x250.jpg 300w\" sizes=\"auto, (max-width: 576px) 100vw, 576px\" \/><\/p>\n<p>Ba\u015frollerinde \u00d6zg\u00fcrcan \u00c7evik, Ba\u015fak Parlak, Salih Kalyon, Murat Akkoyunlu, Suzan Aksoy ve Pascal Nouma\u2019n\u0131n yer ald\u0131\u011f\u0131 \u015eevkat Yerimdar \u00e7ok yak\u0131nda FOX izleyicisiyle bulu\u015fuyor. Limon Film&#8217;in yap\u0131mc\u0131l\u0131\u011f\u0131n\u0131 \u00fcstlendi\u011fi, senaryosunu Erol Hizarc\u0131\u2019n\u0131n kaleme ald\u0131\u011f\u0131 ve y\u00f6netmen koltu\u011funda B\u00fclent \u0130\u015fbilen\u2019in oturdu\u011fu merakla beklenen \u015eevkat Yerimdar projesi, izleyiciyi g\u00fcld\u00fcrmeye haz\u0131rlan\u0131yor.<\/p>\n<p>Ba\u015frol oyuncular\u0131n\u0131n yan\u0131 s\u0131ra Ay\u015fe K\u00f6k\u00e7\u00fc, Mazlum \u00c7imen, Burak Demir, Bar\u0131\u015f Murat Ya\u011fc\u0131, Eser Ey\u00fcbo\u011flu, Pelin Orhuner ve Canan Maktal\u2019dan olu\u015fan deneyimli oyuncu kadrosunun izleyicisiyle bulu\u015fmas\u0131na sadece say\u0131l\u0131 g\u00fcnler kald\u0131.<\/p>\n<p><strong>Dizinin konusu:<\/strong><br \/>\nAsi ruhlu mahalle delikanl\u0131s\u0131 \u015eevkat, \u0130stanbul\u2019da eski bir mahallede ya\u015famaktad\u0131r. \u00c7ar\u015f\u0131da esnaft\u0131r ve yumurtac\u0131 d\u00fckkan\u0131 vard\u0131r. Mahallede renkli ki\u015filer ya\u015famaktad\u0131r. Ac\u0131 ve tatl\u0131 yanlar\u0131yla hayat\u0131 birlikte ya\u015far, eski mahalle k\u00fclt\u00fcr\u00fcn\u00fc ya\u015fat\u0131rlar. Mahalledeki evlerin ve \u00e7ar\u015f\u0131daki d\u00fckkanlar\u0131n \u00e7o\u011fu Cevdet Bey\u2019e aittir.<\/p>\n<p>Cevdet, zengin bir antikac\u0131d\u0131r. Bir zamanlar o mahallede rahmetli kar\u0131s\u0131yla ya\u015fam\u0131\u015f ve k\u0131z\u0131 Esin orada do\u011fmu\u015ftur. Mahalleyi korumak i\u00e7in kazand\u0131\u011f\u0131 paralarla m\u00fclk almaktad\u0131r. Kirac\u0131lar\u0131n\u0131 aray\u0131p sormaz, kiray\u0131 art\u0131rmalar\u0131n\u0131 talep etmez. Mahellede sayg\u0131 duyulan biridir.<\/p>\n<p>&nbsp;<\/p>\n<p><strong>T\u00fcrk Mal\u0131 (Star Tv) :<\/strong><\/p>\n<p><img loading=\"lazy\" decoding=\"async\" class=\"alignnone size-full wp-image-19691\" src=\"http:\/\/balcilar-blog.com\/wp-content\/uploads\/2017\/05\/turk_mali_aile_komedisi.jpg\" alt=\"turk_mali_aile_komedisi\" width=\"640\" height=\"358\" srcset=\"https:\/\/balcilar-blog.com\/wp-content\/uploads\/2017\/05\/turk_mali_aile_komedisi.jpg 640w, https:\/\/balcilar-blog.com\/wp-content\/uploads\/2017\/05\/turk_mali_aile_komedisi-300x168.jpg 300w\" sizes=\"auto, (max-width: 640px) 100vw, 640px\" \/><\/p>\n<p>\u015eafak Sezer ile Mewhmet Ali Erbil bir araya gelince ne olur? Yay\u0131nland\u0131\u011f\u0131 d\u00f6nem milyonlarca ki\u015finin g\u00f6nl\u00fcne taht kuran ve espirileri ile dillerden d\u00fc\u015fmeyen &#8216;T\u00fcrk Mal\u0131&#8217; dizisi \u00fcnl\u00fc oyuncu kadrosu, espirileri ve yenilikleriyle 28 May\u0131s Pazar 20.00&#8217;da Star&#8217;da ba\u015fl\u0131yor!<\/p>\n<p>T\u00fcrk Mal\u0131, dev kadrosu ve yepyeni senaryosu ile ekranlarda f\u0131rt\u0131nalar estirecek.<br \/>\n\u015eafak Sezer\u2019in canland\u0131rd\u0131\u011f\u0131 Erman Kuzu\u2019nun ba\u015f\u0131na gelen olaylar\u0131 komik bir \u015fekilde ele alan S\u00fcre\u00e7 Film imzal\u0131 dizinin senaristli\u011fini Tayfun G\u00fcneyer \u00fcstleniyor. G\u00fc\u00e7l\u00fc cast listesine sahip olan dizide \u015eafak Sezer, Mehmet Ali Erbil, Hasibe Eren, Nergis Kumbasar, An\u0131l \u0130lter, Burcu Binici, G\u00fclhan Tekin, Haki Bi\u00e7ici, Polina Ch, Selen G\u00f6rg\u00fczel, Serkan \u015eeng\u00fcl, \u0130lke Korkmaz ve Buse Narc\u0131 rol al\u0131yor.<\/p>\n<p>Haziran ay\u0131n\u0131n yakla\u015ft\u0131\u011f\u0131m\u0131z \u015fu g\u00fcnlerde sezon dizileri final ya da sezon finali yapmaktad\u0131rlar. Bu konuda kanallara g\u00f6re geni\u015f blog yaz\u0131m\u0131 18 May\u0131s da yaz\u0131p yay\u0131nlam\u0131\u015ft\u0131m. (2017 Sezon dizileri ne zaman final yapacak! Yeni Sezonda devam edecekler!\u00a0http:\/\/balcilar-blog.com\/?p=19620 ) Olduk\u00e7a da ilgi g\u00f6rd\u00fc. Milliyet Blog&#8217;da okuma rekorlar\u0131 k\u0131rd\u0131. (\u015eu s\u0131ralarda 5.900 okuma)<\/p>\n<p>Sayg\u0131lar ve sevgiler.<\/p>\n<p>Abdurrahman Balc\u0131lar<\/p>\n<p>Twitter:\u00a0<a href=\"https:\/\/twitter.com\/abbalcilar\">abdurrahman balc\u0131lar<\/a><a href=\"https:\/\/twitter.com\/abbalcilar\"><strong>@abbalcilar<\/strong><\/a><\/p>\n<p>Mail :\u00a0<a href=\"mailto:ab.balcilar@hotmail.com\">ab.balcilar@hotmail.com<\/a><\/p>\n<p>Blog:\u00a0<a href=\"http:\/\/t.co\/znqmIZgIqn\">blog.milliyet.com.tr\/cansever<\/a><\/p>\n<p>Blog:\u00a0<a href=\"http:\/\/balcilar-blog.com\/\">Abdurrahman Balc\u0131lar Blog Sayfas\u0131<\/a><\/p>\n<p>Not: G\u00f6rseller ve dizi \u00f6zetleri ilgili kanallar\u0131n dizi ana sayfalar\u0131ndan al\u0131nm\u0131\u015ft\u0131r. S\u0131ralamalar dizi reytinglerine g\u00f6re yap\u0131lm\u0131\u015ft\u0131r.)<\/p>\n<p><strong>*\u015eahsi Blog sayfamda ve Milliyet Blog&#8217;da yay\u0131nlanan blog yaz\u0131lar\u0131 b\u00fcy\u00fck bir \u00e7al\u0131\u015fman\u0131n \u00fcr\u00fcn\u00fc olup, izinsiz ya da kaynak g\u00f6stermeden al\u0131nt\u0131 yap\u0131lamaz. Aksi halde kanuni i\u015flem yap\u0131l\u0131r.<\/strong><\/p>\n","protected":false},"excerpt":{"rendered":"<p>TNS \u00f6l\u00e7\u00fcmlerine g\u00f6re haz\u0131rlad\u0131\u011f\u0131m 15 &#8211; 21 May\u0131s 2017 Tarihleri aras\u0131nda en \u00e7ok seyredilen alt\u0131 Ulusal kanallar\u0131m\u0131zda ekranlar\u0131m\u0131za gelen 30 dizi aras\u0131nda, Total\u2019de ve AB\u2019de ilk ona giren, haftan\u0131n dizi karnesini a\u015fa\u011f\u0131da bilgilerinize sunuyorum. Ge\u00e7en Hafta G\u00f6sterimdeki Diziler : \u0130\u00e7erde, K\u0131rg\u0131n \u00c7i\u00e7ekler, Hangimiz Sevmedik, \u0130simsizler, S\u00f6z, E\u015fk\u0131ya D\u00fcnyaya H\u00fck\u00fcmdar Olmaz, Anne, Muhte\u015fem Y\u00fczy\u0131l IV.Murad, Hayat [&hellip;]<\/p>\n","protected":false},"author":3,"featured_media":19702,"comment_status":"open","ping_status":"open","sticky":false,"template":"","format":"standard","meta":{"footnotes":""},"categories":[2],"tags":[15,570,801,1250,1219,1457,1458,1460,1416,530,1459,1294],"class_list":["post-19688","post","type-post","status-publish","format-standard","has-post-thumbnail","hentry","category-tv-programlari","tag-cagatay-ulusoy","tag-dirilis-ertugrul","tag-eskiya-dunyaya-hukumdar-olmaz","tag-haftanin-dizileri","tag-icerde","tag-reytinler","tag-safak-sezer","tag-sevkat-yerimdar","tag-soz","tag-tns-olcumleri","tag-turk-mali","tag-vatanim-sensin"],"views":3635,"blog_post_layout_featured_media_urls":{"thumbnail":["https:\/\/balcilar-blog.com\/wp-content\/uploads\/2017\/05\/cats-22-MAYIS-150x150.jpg",150,150,true],"full":["https:\/\/balcilar-blog.com\/wp-content\/uploads\/2017\/05\/cats-22-MAYIS.jpg",640,358,false]},"categories_names":{"2":{"name":"TV Programlar\u0131","link":"https:\/\/balcilar-blog.com\/?cat=2"}},"tags_names":{"15":{"name":"\u00e7a\u011fatay ulusoy","link":"https:\/\/balcilar-blog.com\/?tag=cagatay-ulusoy"},"570":{"name":"dirili\u015f Ertu\u011frul","link":"https:\/\/balcilar-blog.com\/?tag=dirilis-ertugrul"},"801":{"name":"E\u015fk\u0131ya D\u00fcnya'ya H\u00fck\u00fcmdar Olmaz","link":"https:\/\/balcilar-blog.com\/?tag=eskiya-dunyaya-hukumdar-olmaz"},"1250":{"name":"Haftan\u0131n Dizileri","link":"https:\/\/balcilar-blog.com\/?tag=haftanin-dizileri"},"1219":{"name":"\u0130\u00c7ERDE","link":"https:\/\/balcilar-blog.com\/?tag=icerde"},"1457":{"name":"Reytinler","link":"https:\/\/balcilar-blog.com\/?tag=reytinler"},"1458":{"name":"\u015eafak Sezer","link":"https:\/\/balcilar-blog.com\/?tag=safak-sezer"},"1460":{"name":"\u015eevkat Yerimdar","link":"https:\/\/balcilar-blog.com\/?tag=sevkat-yerimdar"},"1416":{"name":"S\u00f6z","link":"https:\/\/balcilar-blog.com\/?tag=soz"},"530":{"name":"TNS \u00f6l\u00e7\u00fcmleri","link":"https:\/\/balcilar-blog.com\/?tag=tns-olcumleri"},"1459":{"name":"T\u00fcrk Mal\u0131","link":"https:\/\/balcilar-blog.com\/?tag=turk-mali"},"1294":{"name":"Vatan\u0131m Sensin","link":"https:\/\/balcilar-blog.com\/?tag=vatanim-sensin"}},"comments_number":"0","wpmagazine_modules_lite_featured_media_urls":{"thumbnail":["https:\/\/balcilar-blog.com\/wp-content\/uploads\/2017\/05\/cats-22-MAYIS-150x150.jpg",150,150,true],"cvmm-medium":["https:\/\/balcilar-blog.com\/wp-content\/uploads\/2017\/05\/cats-22-MAYIS.jpg",300,168,false],"cvmm-medium-plus":["https:\/\/balcilar-blog.com\/wp-content\/uploads\/2017\/05\/cats-22-MAYIS.jpg",305,171,false],"cvmm-portrait":["https:\/\/balcilar-blog.com\/wp-content\/uploads\/2017\/05\/cats-22-MAYIS.jpg",400,224,false],"cvmm-medium-square":["https:\/\/balcilar-blog.com\/wp-content\/uploads\/2017\/05\/cats-22-MAYIS.jpg",600,336,false],"cvmm-large":["https:\/\/balcilar-blog.com\/wp-content\/uploads\/2017\/05\/cats-22-MAYIS.jpg",640,358,false],"cvmm-small":["https:\/\/balcilar-blog.com\/wp-content\/uploads\/2017\/05\/cats-22-MAYIS.jpg",130,73,false],"full":["https:\/\/balcilar-blog.com\/wp-content\/uploads\/2017\/05\/cats-22-MAYIS.jpg",640,358,false]},"_links":{"self":[{"href":"https:\/\/balcilar-blog.com\/index.php?rest_route=\/wp\/v2\/posts\/19688","targetHints":{"allow":["GET"]}}],"collection":[{"href":"https:\/\/balcilar-blog.com\/index.php?rest_route=\/wp\/v2\/posts"}],"about":[{"href":"https:\/\/balcilar-blog.com\/index.php?rest_route=\/wp\/v2\/types\/post"}],"author":[{"embeddable":true,"href":"https:\/\/balcilar-blog.com\/index.php?rest_route=\/wp\/v2\/users\/3"}],"replies":[{"embeddable":true,"href":"https:\/\/balcilar-blog.com\/index.php?rest_route=%2Fwp%2Fv2%2Fcomments&post=19688"}],"version-history":[{"count":6,"href":"https:\/\/balcilar-blog.com\/index.php?rest_route=\/wp\/v2\/posts\/19688\/revisions"}],"predecessor-version":[{"id":19707,"href":"https:\/\/balcilar-blog.com\/index.php?rest_route=\/wp\/v2\/posts\/19688\/revisions\/19707"}],"wp:featuredmedia":[{"embeddable":true,"href":"https:\/\/balcilar-blog.com\/index.php?rest_route=\/wp\/v2\/media\/19702"}],"wp:attachment":[{"href":"https:\/\/balcilar-blog.com\/index.php?rest_route=%2Fwp%2Fv2%2Fmedia&parent=19688"}],"wp:term":[{"taxonomy":"category","embeddable":true,"href":"https:\/\/balcilar-blog.com\/index.php?rest_route=%2Fwp%2Fv2%2Fcategories&post=19688"},{"taxonomy":"post_tag","embeddable":true,"href":"https:\/\/balcilar-blog.com\/index.php?rest_route=%2Fwp%2Fv2%2Ftags&post=19688"}],"curies":[{"name":"wp","href":"https:\/\/api.w.org\/{rel}","templated":true}]}}