{"id":19659,"date":"2017-05-20T13:40:00","date_gmt":"2017-05-20T10:40:00","guid":{"rendered":"http:\/\/balcilar-blog.com\/?p=19659"},"modified":"2017-05-22T10:25:42","modified_gmt":"2017-05-22T07:25:42","slug":"icerde-35-bolumde-sarp-nezarete-atilir-sarpi-kim-kurtaracak","status":"publish","type":"post","link":"https:\/\/balcilar-blog.com\/?p=19659","title":{"rendered":"\u0130\u00e7erde 35.B\u00f6l\u00fcmde Sarp nezarete at\u0131l\u0131r, Sarp&#8217;\u0131 kim kurtaracak?"},"content":{"rendered":"<p><img loading=\"lazy\" decoding=\"async\" class=\"alignnone size-full wp-image-19673\" src=\"http:\/\/balcilar-blog.com\/wp-content\/uploads\/2017\/05\/08310836671f9c9b654d262c6f1ad806_840.jpg\" alt=\"08310836671f9c9b654d262c6f1ad806_840\" width=\"640\" height=\"402\" srcset=\"https:\/\/balcilar-blog.com\/wp-content\/uploads\/2017\/05\/08310836671f9c9b654d262c6f1ad806_840.jpg 640w, https:\/\/balcilar-blog.com\/wp-content\/uploads\/2017\/05\/08310836671f9c9b654d262c6f1ad806_840-300x188.jpg 300w\" sizes=\"auto, (max-width: 640px) 100vw, 640px\" \/><\/p>\n<p><strong>Ay Yap\u0131m<\/strong>\u2018\u0131n yap\u0131mc\u0131l\u0131\u011f\u0131n\u0131 \u00fcstlendi\u011fi <strong>Show Tv<\/strong>\u2019nin fenomen dizisi <strong>\u0130\u00c7ERDE<\/strong>, heyecan dolu yeni b\u00f6l\u00fcm\u00fc ile <strong>22 May\u0131s Pazartesi<\/strong> ak\u015fam\u0131 saat:20.00\u2019de ekranlar\u0131n\u0131zda olacak. Sarp, Mert taraf\u0131ndan tuza\u011fa d\u00fc\u015f\u00fcr\u00fcl\u00fcr. Annesini kurtar\u0131r sonra da, Celal Babaya g\u00f6t\u00fcr\u00fcl\u00fcr. Yusuf M\u00fcd\u00fcr de Sarp&#8217;\u0131 takip eder.<\/p>\n<p>Yusuf M\u00fcd\u00fcr, Sarp&#8217;\u0131n hayat\u0131n\u0131n tehlikede oldu\u011fu bilir, Sarp&#8217;\u0131 kurtarmak i\u00e7in gelir. \u015eevko&#8217;yu \u00f6ld\u00fcr\u00fcp, Minik&#8217;i yaralay\u0131p, Yusuf&#8217; ile \u00e7at\u0131\u015fmaya girer. Celal, Yusuf M\u00fcd\u00fcr\u00fc \u00f6ld\u00fcr. Sarp&#8217;\u0131 yerde yatarken g\u00f6ren Yusuf M\u00fcd\u00fcr onunda \u00f6ld\u00fc\u011f\u00fcn\u00fc d\u00fc\u015f\u00fcn\u00fcr. Bir anda b\u00fct\u00fcn her \u015feyin bitti\u011fini san\u0131rken o\u011flu gibi sevdi\u011fi Sarp&#8217;\u0131n ya\u015fad\u0131\u011f\u0131n\u0131 g\u00f6r\u00fcr. Bu i\u015f bitmemi\u015ftir. &#8220;Buradan sa\u011f kurtulursan ba\u015flad\u0131\u011f\u0131m\u0131z i\u015fi bitir o\u011flum.&#8221; Bu Yusuf M\u00fcd\u00fcr&#8217;\u00fcn son s\u00f6zleri olur.<\/p>\n<p><img loading=\"lazy\" decoding=\"async\" class=\"alignnone size-full wp-image-19683\" src=\"http:\/\/balcilar-blog.com\/wp-content\/uploads\/2017\/05\/Ekran-Al\u0131nt\u0131s\u0131\u0130\u00c7.34.YUSUF_.jpg\" alt=\"Ekran Al\u0131nt\u0131s\u0131\u0130\u00c7.34.YUSUF\" width=\"640\" height=\"371\" srcset=\"https:\/\/balcilar-blog.com\/wp-content\/uploads\/2017\/05\/Ekran-Al\u0131nt\u0131s\u0131\u0130\u00c7.34.YUSUF_.jpg 640w, https:\/\/balcilar-blog.com\/wp-content\/uploads\/2017\/05\/Ekran-Al\u0131nt\u0131s\u0131\u0130\u00c7.34.YUSUF_-300x174.jpg 300w\" sizes=\"auto, (max-width: 640px) 100vw, 640px\" \/><\/p>\n<p>Yusuf&#8217;un tabancas\u0131n\u0131 Davut, Sarp&#8217;\u0131n eline tutu\u015fturur, bir el de ate\u015f ettirip su\u00e7u Sarp&#8217;a y\u00fcklerler.<\/p>\n<p>Celal, Mert&#8217;e Sarp&#8217;\u0131 vurmas\u0131n\u0131 emreder. Mert ne kadar Sarp&#8217;tan nefret etse de onu vurmak o kadar kolay olmayacakt\u0131r. Mert Sarp&#8217;la gelirken, &#8220;<strong>\u00d6lmek i\u00e7in g\u00fczel bir g\u00fcn<\/strong>&#8221; dese de yapamaz. F\u00fcsun Teyzesinin s\u00f6zlerini akl\u0131na d\u00fc\u015fer. &#8220;<strong>Belli ki i\u00e7inde bir par\u00e7a iyilik kalm\u0131\u015f, yoksa beni kurtarmak i\u00e7in kendini tehlikeye atmazd\u0131n. Eylemi hala d\u00fc\u015f\u00fcn\u00fcyorsun, ama yanl\u0131\u015f taraftas\u0131n, b\u00f6yle giderse o bi par\u00e7a iyilik de yok olucak. Sana yaz\u0131k olucak o\u011flum.<\/strong>&#8221;<\/p>\n<p>Celal hadi s\u0131k art\u0131k diye s\u0131k\u0131\u015ft\u0131r\u0131r. Mert, 3 el bo\u015fa ate\u015f eder, tabancay\u0131 Yusuf M\u00fcd\u00fcr\u00fcn eline tutu\u015fturur. Celal babay\u0131 kand\u0131rm\u0131\u015f olur.<\/p>\n<p>Yusuf&#8217;un polis o\u011flu G\u00f6khan gelir, Sarp&#8217;\u0131n elinde babas\u0131n\u0131n tabancas\u0131n\u0131 g\u00f6r\u00fcnce Sarp, ben polisim dese de, tutuklan\u0131r. Bu b\u00f6l\u00fcmde Sarp Polis oldu\u011funu inand\u0131rabilecek mi?<\/p>\n<p>Reyting rekortmeni \u0130\u00e7erde\u2019nin ba\u015frollerinde; \u00c7a\u011fatay Ulusoy, Aras Bulut \u0130ynemli, \u00c7etin Tekindor, Damla Colbay, Mustafa U\u011furlu, R\u0131za Kocao\u011flu, Nihal Kolda\u015f, G\u00f6zde Kansu, Y\u0131ld\u0131ray \u015eahinler ve U\u011fur Y\u00fccel yer al\u0131yor.<\/p>\n<p>Dizinin senaryosunu Ertan Kurtulan ve Toprak Karao\u011flu birlikte kaleme al\u0131yor, y\u00f6netmen koltu\u011funda ise Ulu\u00e7 Bayraktar oturuyor.<\/p>\n<p><iframe loading=\"lazy\" title=\"I\u0307c\u0327erde 35. Bo\u0308lu\u0308m - Sneak Peek\" width=\"640\" height=\"360\" src=\"https:\/\/www.youtube.com\/embed\/7ZWIXaTjKmU?feature=oembed\" frameborder=\"0\" allow=\"accelerometer; autoplay; clipboard-write; encrypted-media; gyroscope; picture-in-picture; web-share\" referrerpolicy=\"strict-origin-when-cross-origin\" allowfullscreen><\/iframe><\/p>\n<p><strong>\u0130\u00e7erde<\/strong>&#8216;nin 35. b\u00f6l\u00fcm tan\u0131t\u0131m\u0131 yay\u0131nland\u0131. Sarp\u2019\u0131n \u201cYusuf M\u00fcd\u00fcr\u2019le uzun zamand\u0131r gizli g\u00f6revde \u00e7al\u0131\u015f\u0131yorum, akademide m\u00fcd\u00fcr\u00fcme silah \u00e7ekmem, hapis yatmam hepsi plan\u0131n bir par\u00e7as\u0131yd\u0131&#8221; dedi\u011fi fakat kimseyi polis oldu\u011funa inand\u0131ramad\u0131. Yusuf M\u00fcd\u00fcr benim babam gibiydi. Sen nas\u0131l ac\u0131 \u00e7ekiyorsan ben de ayn\u0131s\u0131n\u0131 \u00e7ekiyorum der ama inand\u0131ramaz, tutuklanarak organizeye g\u00f6t\u00fcr\u00fcl\u00fcr.<\/p>\n<p><img loading=\"lazy\" decoding=\"async\" class=\"alignnone size-full wp-image-19664\" src=\"http:\/\/balcilar-blog.com\/wp-content\/uploads\/2017\/05\/4e1770d86ed64f9dd00df15ef435712f_840.jpg\" alt=\"4e1770d86ed64f9dd00df15ef435712f_840\" width=\"640\" height=\"392\" srcset=\"https:\/\/balcilar-blog.com\/wp-content\/uploads\/2017\/05\/4e1770d86ed64f9dd00df15ef435712f_840.jpg 640w, https:\/\/balcilar-blog.com\/wp-content\/uploads\/2017\/05\/4e1770d86ed64f9dd00df15ef435712f_840-300x184.jpg 300w\" sizes=\"auto, (max-width: 640px) 100vw, 640px\" \/><\/p>\n<p>Yusuf M\u00fcd\u00fcr&#8217;\u00fcn \u00f6lmesi ortal\u0131\u011f\u0131 kar\u0131\u015ft\u0131r\u0131r. Sarp, Yusuf M\u00fcd\u00fcr\u00fc \u00f6ld\u00fcrmedi\u011fini, kendisinin de polis oldu\u011funu inand\u0131rmaya \u00e7al\u0131\u015f\u0131yor. Ancak polisler ona inanmazlar.<\/p>\n<p>Sarp&#8217;\u0131n yo\u011fun sorgulamas\u0131n\u0131 Yusuf M\u00fcd\u00fcr\u00fcn yerine gelen yeni m\u00fcd\u00fcr yada sorgulamac\u0131 komiser yapar. Gizli soru\u015fturmac\u0131 numaras\u0131n\u0131 sorar. S\u00f6yledi\u011fi numaray\u0131 polis G\u00f6khan kontrol eder, kay\u0131tlarda \u00e7\u0131kmad\u0131\u011f\u0131n\u0131 s\u00f6yler. Yalan s\u00f6yledi\u011fi zannedilir.<\/p>\n<p><img loading=\"lazy\" decoding=\"async\" class=\"alignnone size-full wp-image-19667\" src=\"http:\/\/balcilar-blog.com\/wp-content\/uploads\/2017\/05\/83b5a5d57282616eeeb4e1de11168d40_840.jpg\" alt=\"83b5a5d57282616eeeb4e1de11168d40_840\" width=\"640\" height=\"391\" srcset=\"https:\/\/balcilar-blog.com\/wp-content\/uploads\/2017\/05\/83b5a5d57282616eeeb4e1de11168d40_840.jpg 640w, https:\/\/balcilar-blog.com\/wp-content\/uploads\/2017\/05\/83b5a5d57282616eeeb4e1de11168d40_840-300x183.jpg 300w\" sizes=\"auto, (max-width: 640px) 100vw, 640px\" \/><\/p>\n<p><strong>\u0130\u00c7ERDE&#8217;YE YEN\u0130 OYUNCU G\u0130R\u0130YOR:<\/strong><\/p>\n<p>\u0130\u00e7erde\u2019ye yeni m\u00fcd\u00fcr, bence sorgulamac\u0131 polis komiseri de olabilir. \u0130zleyici kar\u015f\u0131s\u0131na \u00e7\u0131kacak olan Levent Can \u00f6nce, Aile Ba\u011flar\u0131 dizisi ile oyunculu\u011fa ba\u015flayan sanat\u00e7\u0131; Kurtlar Vadisi Pusu dizisinde Fehmi Kuzuzade karakterini canland\u0131rm\u0131\u015ft\u0131. Son, Hicran Yaras\u0131, Ezel, Emret Komutan\u0131m, Kavak Yelleri, R\u00fczgarl\u0131 Bah\u00e7e, K\u0131smet De\u011filmi\u015f rol ald\u0131\u011f\u0131 diziler aras\u0131ndad\u0131r. Pek \u00e7ok projede yer alan Levent Can, son olarak \u0130\u00e7imdeki F\u0131rt\u0131na dizisinde Selim karakterini canland\u0131rm\u0131\u015ft\u0131r.<\/p>\n<p>Yusuf&#8217;un o\u011flu polis G\u00f6khan, b\u00f6yle bir gizli soru\u015fturmac\u0131 kayd\u0131 yok deyince yalanc\u0131 durumuna d\u00fc\u015fer. Sarp h\u00fccreye at\u0131l\u0131r.<\/p>\n<p><img loading=\"lazy\" decoding=\"async\" class=\"alignnone size-full wp-image-19666\" src=\"http:\/\/balcilar-blog.com\/wp-content\/uploads\/2017\/05\/67fb2b1e55875879afc331dcdcf09e64_840.jpg\" alt=\"67fb2b1e55875879afc331dcdcf09e64_840\" width=\"640\" height=\"425\" srcset=\"https:\/\/balcilar-blog.com\/wp-content\/uploads\/2017\/05\/67fb2b1e55875879afc331dcdcf09e64_840.jpg 640w, https:\/\/balcilar-blog.com\/wp-content\/uploads\/2017\/05\/67fb2b1e55875879afc331dcdcf09e64_840-300x199.jpg 300w\" sizes=\"auto, (max-width: 640px) 100vw, 640px\" \/><\/p>\n<p>Kudret, Alyanak&#8217;\u0131n yard\u0131m\u0131 ile Celal&#8217;in adamlar\u0131n\u0131n elinden kurtulur. Kebap\u00e7\u0131 Celal, Yusuf M\u00fcd\u00fcr\u00fcn \u00f6l\u00fcm\u00fc nedeniyle onunla u\u011fra\u015facak zaman\u0131 yoktur, s\u0131ra ona daha sonra gelecektir.<\/p>\n<p><img loading=\"lazy\" decoding=\"async\" class=\"alignnone size-full wp-image-19677\" src=\"http:\/\/balcilar-blog.com\/wp-content\/uploads\/2017\/05\/cf426bbe7359da0552fcb5e9940205e9_840.jpg\" alt=\"cf426bbe7359da0552fcb5e9940205e9_840\" width=\"640\" height=\"368\" srcset=\"https:\/\/balcilar-blog.com\/wp-content\/uploads\/2017\/05\/cf426bbe7359da0552fcb5e9940205e9_840.jpg 640w, https:\/\/balcilar-blog.com\/wp-content\/uploads\/2017\/05\/cf426bbe7359da0552fcb5e9940205e9_840-300x173.jpg 300w\" sizes=\"auto, (max-width: 640px) 100vw, 640px\" \/><\/p>\n<p>Alyanak, Kudretin paralar\u0131n\u0131n \u00fczerine \u00e7\u00f6km\u00fc\u015ft\u00fcr. Kudret de, sen de kals\u0131n deyince keyfi yerindedir. Kudret ile birlikte Celal ile sava\u015facaklard\u0131r.<\/p>\n<p><img loading=\"lazy\" decoding=\"async\" class=\"alignnone size-full wp-image-19671\" src=\"http:\/\/balcilar-blog.com\/wp-content\/uploads\/2017\/05\/27257bd738b6177fd6f927aebdb7eacf_840.jpg\" alt=\"27257bd738b6177fd6f927aebdb7eacf_840\" width=\"640\" height=\"374\" srcset=\"https:\/\/balcilar-blog.com\/wp-content\/uploads\/2017\/05\/27257bd738b6177fd6f927aebdb7eacf_840.jpg 640w, https:\/\/balcilar-blog.com\/wp-content\/uploads\/2017\/05\/27257bd738b6177fd6f927aebdb7eacf_840-300x175.jpg 300w\" sizes=\"auto, (max-width: 640px) 100vw, 640px\" \/><\/p>\n<p>Celal Baba Sarp&#8217;\u0131n \u00f6lmedi\u011fini duyunca, Mert&#8217;e hesap sorar. Mert k\u00f6\u015feye s\u0131k\u0131\u015f\u0131r.<\/p>\n<p><img loading=\"lazy\" decoding=\"async\" class=\"alignnone size-full wp-image-19670\" src=\"http:\/\/balcilar-blog.com\/wp-content\/uploads\/2017\/05\/19388d70e26deb41234c9cafa7298656_840.jpg\" alt=\"19388d70e26deb41234c9cafa7298656_840\" width=\"640\" height=\"392\" srcset=\"https:\/\/balcilar-blog.com\/wp-content\/uploads\/2017\/05\/19388d70e26deb41234c9cafa7298656_840.jpg 640w, https:\/\/balcilar-blog.com\/wp-content\/uploads\/2017\/05\/19388d70e26deb41234c9cafa7298656_840-300x184.jpg 300w\" sizes=\"auto, (max-width: 640px) 100vw, 640px\" \/><\/p>\n<p>Di\u011fer taraftan Co\u015fkun bu olaylara seyirci kalmaz. B\u00f6l\u00fcm fragman\u0131nda Co\u015fkun\u2019un Celal\u2019e silah \u00e7ekti\u011fi heyecan dolu tan\u0131t\u0131m izleyenlerde merak uyand\u0131rd\u0131. Bu at\u0131\u015f karavana olabilece\u011fi gibi, Celal omuzundan yaralanm\u0131\u015f da olabilir. Co\u015fkun ile Celal Duman aras\u0131nda hesapla\u015fma bitmez, devam edecek.<\/p>\n<p><img loading=\"lazy\" decoding=\"async\" class=\"alignnone size-full wp-image-19676\" src=\"http:\/\/balcilar-blog.com\/wp-content\/uploads\/2017\/05\/bb52f6032cd4cc8483d4b769b2ce5786_840.jpg\" alt=\"bb52f6032cd4cc8483d4b769b2ce5786_840\" width=\"640\" height=\"375\" srcset=\"https:\/\/balcilar-blog.com\/wp-content\/uploads\/2017\/05\/bb52f6032cd4cc8483d4b769b2ce5786_840.jpg 640w, https:\/\/balcilar-blog.com\/wp-content\/uploads\/2017\/05\/bb52f6032cd4cc8483d4b769b2ce5786_840-300x176.jpg 300w\" sizes=\"auto, (max-width: 640px) 100vw, 640px\" \/><\/p>\n<p>\u015eimdi Sarp&#8217;\u0131 kim kurtaracak! Mert, Sarp&#8217;\u0131n a\u011fabeyi oldu\u011funu Co\u015fkun&#8217;dan \u00f6\u011frenirse, zaten Celal baba ile ters d\u00fc\u015fm\u00fc\u015ft\u00fc. A\u011fabeyi Sarp&#8217;\u0131 hapisten \u00e7ekip alacakt\u0131r.<\/p>\n<p>Sarp&#8217;\u0131n gizli g\u00f6revle \u00e7al\u0131\u015ft\u0131\u011f\u0131n\u0131 bilen bir de emniyet amiri vard\u0131, Sarp&#8217;\u0131 a\u00e7\u0131\u011fa almak istemi\u015f, sonra Yusuf M\u00fcd\u00fcr vazge\u00e7irmi\u015fti. O amir ile Sarp y\u00fcz y\u00fcze konu\u015fmu\u015ftur. Bu olaya m\u00fcdahil olabilir, Sarp&#8217;\u0131 h\u00fccreden \u00e7\u0131kartabilir.<\/p>\n<p>Sarp&#8217;\u0131n polis oldu\u011fu ortaya \u00e7\u0131k\u0131nca; Komiser Sema&#8217;n\u0131n yerine organizede b\u00f6l\u00fcm \u015fefi olarak ekibin ba\u015f\u0131na ge\u00e7ebilir. O zaman Celal&#8217;in bile\u011fine kelep\u00e7e takmadan, Yusuf M\u00fcd\u00fcr\u00fcn intikam\u0131n\u0131 almadan g\u00f6z\u00fcne uyku girmeyecektir.<\/p>\n<p><strong>\u0130\u00e7erde<\/strong>&#8216;nin yeni 35.b\u00f6l\u00fcm\u00fcnde bizleri yine heyecan dolu anlar bekliyor. <strong>22 May\u0131s Pazartesi ak\u015fam\u0131 saat:20.00&#8217;de Show Tv ekranlar\u0131nda&#8230;<\/strong><\/p>\n<p>Art\u0131k dizide sona yakla\u015f\u0131l\u0131yor. Bir tak\u0131m s\u00f6ylentilere g\u00f6re 2.sezon devam etmesi isteniyormu\u015f. Bana g\u00f6re tad\u0131nda b\u0131rak\u0131l\u0131p, bu dizi burada bitmeli&#8230; Bu hikayeyi uzatmak anlams\u0131z olur ve reyting kaybeder. Benden s\u00f6ylemesi.<\/p>\n<div class=\"left-block-620\">\n<div class=\"MagazinDetailLeftBlock\">\n<div class=\"newsDetail\">\n<div class=\"social-bar \"><strong>\u00a0<\/strong><\/div>\n<\/div>\n<\/div>\n<\/div>\n<p><iframe loading=\"lazy\" title=\"\u0130\u00e7erde 35. B\u00f6l\u00fcm Fragman\" width=\"640\" height=\"360\" src=\"https:\/\/www.youtube.com\/embed\/EQPdCBEjG3s?feature=oembed\" frameborder=\"0\" allow=\"accelerometer; autoplay; clipboard-write; encrypted-media; gyroscope; picture-in-picture; web-share\" referrerpolicy=\"strict-origin-when-cross-origin\" allowfullscreen><\/iframe><\/p>\n<p><iframe loading=\"lazy\" title=\"\u0130\u00e7erde 35. B\u00f6l\u00fcm 2. Fragman\" width=\"640\" height=\"360\" src=\"https:\/\/www.youtube.com\/embed\/26GUCubzNv0?feature=oembed\" frameborder=\"0\" allow=\"accelerometer; autoplay; clipboard-write; encrypted-media; gyroscope; picture-in-picture; web-share\" referrerpolicy=\"strict-origin-when-cross-origin\" allowfullscreen><\/iframe><\/p>\n<p>Ve Y\u0131lmaz karde\u015fler nihayet sarma\u015f dola\u015f. 35.B\u00f6l\u00fcm 3.fragman\u0131 sesiz sinema gibi. Sadece duygular konu\u015fuyor. Her iki karde\u015fte g\u00f6z ya\u015f\u0131 var. \u00a0\u0130ki karde\u015fin d\u00fc\u015fman\u0131 ortak, s\u0131rt s\u0131rta verip Celal&#8217;in tozunu att\u0131racaklar.<\/p>\n<p><iframe loading=\"lazy\" title=\"I\u0307c\u0327erde 35. Bo\u0308lu\u0308m 3. Fragman\" width=\"640\" height=\"360\" src=\"https:\/\/www.youtube.com\/embed\/HhdkbI_OqNI?feature=oembed\" frameborder=\"0\" allow=\"accelerometer; autoplay; clipboard-write; encrypted-media; gyroscope; picture-in-picture; web-share\" referrerpolicy=\"strict-origin-when-cross-origin\" allowfullscreen><\/iframe><\/p>\n<p>Keyifli Seyirler.<\/p>\n<p>Sayg\u0131lar ve sevgiler.<\/p>\n<p>Abdurrahman Balc\u0131lar<\/p>\n<p>Twitter:\u00a0<a href=\"https:\/\/twitter.com\/abbalcilar\">abdurrahman balc\u0131lar<\/a><a href=\"https:\/\/twitter.com\/abbalcilar\"><strong>@abbalcilar<\/strong><\/a><\/p>\n<p>Mail :\u00a0<a href=\"mailto:ab.balcilar@hotmail.com\">ab.balcilar@hotmail.com<\/a><\/p>\n<p>Blog:\u00a0<a href=\"http:\/\/t.co\/znqmIZgIqn\">blog.milliyet.com.tr\/cansever<\/a><\/p>\n<p>Blog:\u00a0<a href=\"http:\/\/balcilar-blog.com\/\">Abdurrahman Balc\u0131lar Blog Sayfas\u0131<\/a><\/p>\n","protected":false},"excerpt":{"rendered":"<p>Ay Yap\u0131m\u2018\u0131n yap\u0131mc\u0131l\u0131\u011f\u0131n\u0131 \u00fcstlendi\u011fi Show Tv\u2019nin fenomen dizisi \u0130\u00c7ERDE, heyecan dolu yeni b\u00f6l\u00fcm\u00fc ile 22 May\u0131s Pazartesi ak\u015fam\u0131 saat:20.00\u2019de ekranlar\u0131n\u0131zda olacak. Sarp, Mert taraf\u0131ndan tuza\u011fa d\u00fc\u015f\u00fcr\u00fcl\u00fcr. Annesini kurtar\u0131r sonra da, Celal Babaya g\u00f6t\u00fcr\u00fcl\u00fcr. Yusuf M\u00fcd\u00fcr de Sarp&#8217;\u0131 takip eder. Yusuf M\u00fcd\u00fcr, Sarp&#8217;\u0131n hayat\u0131n\u0131n tehlikede oldu\u011fu bilir, Sarp&#8217;\u0131 kurtarmak i\u00e7in gelir. \u015eevko&#8217;yu \u00f6ld\u00fcr\u00fcp, Minik&#8217;i yaralay\u0131p, Yusuf&#8217; [&hellip;]<\/p>\n","protected":false},"author":3,"featured_media":19673,"comment_status":"open","ping_status":"open","sticky":false,"template":"","format":"standard","meta":{"footnotes":""},"categories":[2],"tags":[533,26,15,693,1219,1456,35],"class_list":["post-19659","post","type-post","status-publish","format-standard","has-post-thumbnail","hentry","category-tv-programlari","tag-aras-bulut-iynemli","tag-ay-yapim","tag-cagatay-ulusoy","tag-cetin-tekindor","tag-icerde","tag-levent-can","tag-show-tv"],"views":5782,"blog_post_layout_featured_media_urls":{"thumbnail":["https:\/\/balcilar-blog.com\/wp-content\/uploads\/2017\/05\/08310836671f9c9b654d262c6f1ad806_840-150x150.jpg",150,150,true],"full":["https:\/\/balcilar-blog.com\/wp-content\/uploads\/2017\/05\/08310836671f9c9b654d262c6f1ad806_840.jpg",640,402,false]},"categories_names":{"2":{"name":"TV Programlar\u0131","link":"https:\/\/balcilar-blog.com\/?cat=2"}},"tags_names":{"533":{"name":"Aras Bulut \u0130ynemli","link":"https:\/\/balcilar-blog.com\/?tag=aras-bulut-iynemli"},"26":{"name":"Ay Yap\u0131m","link":"https:\/\/balcilar-blog.com\/?tag=ay-yapim"},"15":{"name":"\u00e7a\u011fatay ulusoy","link":"https:\/\/balcilar-blog.com\/?tag=cagatay-ulusoy"},"693":{"name":"\u00c7etin Tekindor","link":"https:\/\/balcilar-blog.com\/?tag=cetin-tekindor"},"1219":{"name":"\u0130\u00c7ERDE","link":"https:\/\/balcilar-blog.com\/?tag=icerde"},"1456":{"name":"Levent Can","link":"https:\/\/balcilar-blog.com\/?tag=levent-can"},"35":{"name":"Show Tv","link":"https:\/\/balcilar-blog.com\/?tag=show-tv"}},"comments_number":"0","wpmagazine_modules_lite_featured_media_urls":{"thumbnail":["https:\/\/balcilar-blog.com\/wp-content\/uploads\/2017\/05\/08310836671f9c9b654d262c6f1ad806_840-150x150.jpg",150,150,true],"cvmm-medium":["https:\/\/balcilar-blog.com\/wp-content\/uploads\/2017\/05\/08310836671f9c9b654d262c6f1ad806_840.jpg",300,188,false],"cvmm-medium-plus":["https:\/\/balcilar-blog.com\/wp-content\/uploads\/2017\/05\/08310836671f9c9b654d262c6f1ad806_840.jpg",305,192,false],"cvmm-portrait":["https:\/\/balcilar-blog.com\/wp-content\/uploads\/2017\/05\/08310836671f9c9b654d262c6f1ad806_840.jpg",400,251,false],"cvmm-medium-square":["https:\/\/balcilar-blog.com\/wp-content\/uploads\/2017\/05\/08310836671f9c9b654d262c6f1ad806_840.jpg",600,377,false],"cvmm-large":["https:\/\/balcilar-blog.com\/wp-content\/uploads\/2017\/05\/08310836671f9c9b654d262c6f1ad806_840.jpg",640,402,false],"cvmm-small":["https:\/\/balcilar-blog.com\/wp-content\/uploads\/2017\/05\/08310836671f9c9b654d262c6f1ad806_840.jpg",130,82,false],"full":["https:\/\/balcilar-blog.com\/wp-content\/uploads\/2017\/05\/08310836671f9c9b654d262c6f1ad806_840.jpg",640,402,false]},"_links":{"self":[{"href":"https:\/\/balcilar-blog.com\/index.php?rest_route=\/wp\/v2\/posts\/19659","targetHints":{"allow":["GET"]}}],"collection":[{"href":"https:\/\/balcilar-blog.com\/index.php?rest_route=\/wp\/v2\/posts"}],"about":[{"href":"https:\/\/balcilar-blog.com\/index.php?rest_route=\/wp\/v2\/types\/post"}],"author":[{"embeddable":true,"href":"https:\/\/balcilar-blog.com\/index.php?rest_route=\/wp\/v2\/users\/3"}],"replies":[{"embeddable":true,"href":"https:\/\/balcilar-blog.com\/index.php?rest_route=%2Fwp%2Fv2%2Fcomments&post=19659"}],"version-history":[{"count":10,"href":"https:\/\/balcilar-blog.com\/index.php?rest_route=\/wp\/v2\/posts\/19659\/revisions"}],"predecessor-version":[{"id":19687,"href":"https:\/\/balcilar-blog.com\/index.php?rest_route=\/wp\/v2\/posts\/19659\/revisions\/19687"}],"wp:featuredmedia":[{"embeddable":true,"href":"https:\/\/balcilar-blog.com\/index.php?rest_route=\/wp\/v2\/media\/19673"}],"wp:attachment":[{"href":"https:\/\/balcilar-blog.com\/index.php?rest_route=%2Fwp%2Fv2%2Fmedia&parent=19659"}],"wp:term":[{"taxonomy":"category","embeddable":true,"href":"https:\/\/balcilar-blog.com\/index.php?rest_route=%2Fwp%2Fv2%2Fcategories&post=19659"},{"taxonomy":"post_tag","embeddable":true,"href":"https:\/\/balcilar-blog.com\/index.php?rest_route=%2Fwp%2Fv2%2Ftags&post=19659"}],"curies":[{"name":"wp","href":"https:\/\/api.w.org\/{rel}","templated":true}]}}