{"id":1965,"date":"2014-05-18T13:31:23","date_gmt":"2014-05-18T10:31:23","guid":{"rendered":"http:\/\/balcilar-blog.com\/?p=1965"},"modified":"2014-05-18T13:31:23","modified_gmt":"2014-05-18T10:31:23","slug":"cagatay-ulusoydan-bu-yaz-sinema-filmi-yok","status":"publish","type":"post","link":"https:\/\/balcilar-blog.com\/?p=1965","title":{"rendered":"\u00c7a\u011fatay Ulusoy\u2019dan bu yaz sinema filmi yok!"},"content":{"rendered":"<div class=\"topLine\">\n<div class=\"tarih\">\n<h4>18 May\u0131s &#8217;14<\/h4>\n<\/div>\n<\/div>\n<div class=\"yaziDetay detailClass\">\n<dl class=\"left\">\n<dt>Kategori<\/dt>\n<dd><strong><a href=\"http:\/\/blog.milliyet.com.tr\/sinema\/Kategori\/?KategoriNo=39\">Sinema<\/a><\/strong><\/dd>\n<\/dl>\n<div class=\"details\">\n<div class=\"makaleImg\"><img loading=\"lazy\" decoding=\"async\" src=\"http:\/\/iblog.milliyet.com.tr\/imgroot\/blogv7\/Blog333\/2014\/05\/18\/19\/461402-3-4-54567.jpg\" alt=\"\u00c7a\u011fatay Ulusoy\u2019dan bu yaz sinema filmi yok!\" width=\"333\" height=\"240\" \/><\/p>\n<div class=\"clear\"><\/div>\n<\/div>\n<div id=\"BlogDetail\">\n<p><a class=\"Blogkeyword\" href=\"http:\/\/blog.milliyet.com.tr\/AramaBlog\/?search=Medcezir\" rel=\"external nofollow\">Medcezir<\/a> dizisinin yak\u0131\u015f\u0131kl\u0131 oyuncusu <a class=\"Blogkeyword\" href=\"http:\/\/blog.milliyet.com.tr\/AramaBlog\/?search=\u00c7a\u011fatay Ulusoy\" rel=\"external nofollow\">\u00c7a\u011fatay Ulusoy<\/a>\u2019dan sevenleri bu yaz bir sinema filmi bekliyordu.<\/p>\n<p>Bu film i\u00e7in <a class=\"Blogkeyword\" href=\"http:\/\/blog.milliyet.com.tr\/AramaBlog\/?search=\u00d6zcan Deniz\" rel=\"external nofollow\">\u00d6zcan Deniz<\/a> kendisine teklif yapm\u0131\u015f. G\u00fcnayd\u0131n gazetesinden <a class=\"Blogkeyword\" href=\"http:\/\/blog.milliyet.com.tr\/AramaBlog\/?search=\u00d6ner \u00d6ng\u00fcn\" rel=\"external nofollow\">\u00d6ner \u00d6ng\u00fcn<\/a>\u2019\u00fcn haberine g\u00f6re, \u00c7a\u011fatay Ulusoy maalesef bu teklifi kabul etmemi\u015f.<\/p>\n<p>\u00d6zcan Deniz senaryosunu kendisin yazd\u0131\u011f\u0131, bu yaz \u00e7ekece\u011fi sinema filmi i\u00e7in g\u00fc\u00e7l\u00fc bir erkek karakter olarak, \u00c7a\u011fatay Ulusoy\u2019u d\u00fc\u015f\u00fcnm\u00fc\u015f. Senaryo ve y\u00f6netmenli\u011fi kendisinin yapaca\u011f\u0131 bu filmde ses getirecek bir erkek oyuncu d\u00fc\u015f\u00fcnm\u00fc\u015f olmal\u0131 ki, \u00c7a\u011fatay Ulusoy\u2019u teklif g\u00f6t\u00fcrm\u00fc\u015f.<\/p>\n<p>Bu yaz Medcezir dizi \u00e7ekimlerinden \u00e7ok yorulmu\u015f olmal\u0131 ki, tatil planlar\u0131n\u0131 \u00f6nceden <a class=\"Blogkeyword\" href=\"http:\/\/blog.milliyet.com.tr\/AramaBlog\/?search=Serenay Sar\u0131kaya\" rel=\"external nofollow\">Serenay Sar\u0131kaya<\/a> ile yapm\u0131\u015ft\u0131. \u00d6nce Amerika\u2019da oyunculuk \u00fczerine k\u0131sa bir e\u011fitim alacak olan ikili, sonra da Meksika sahillerinde 12 g\u00fcnl\u00fck bir tatil yapacaklard\u0131.<\/p>\n<p>Bu tatil nedene ile, \u00d6zcan Deniz\u2019in teklifini, \u201cTatile \u00e7\u0131kaca\u011f\u0131m, bu yaz film \u00e7ekmeyi d\u00fc\u015f\u00fcnm\u00fcyorum\u201d yan\u0131t\u0131n\u0131 vermi\u015f. \u00d6zcan Deniz de \u00c7a\u011fatay\u2019\u0131n yan\u0131t\u0131 \u00fczerine b\u00fcy\u00fck \u015fa\u015fk\u0131nl\u0131k ya\u015fam\u0131\u015f.<\/p>\n<p>Gen\u00e7 oyuncunun bu cazip teklifini geri \u00e7evirmesini sinirlenen \u00d6zcan Deniz, \u00e7evresine \u201cPi\u015fman oldum, ke\u015fke ona hi\u00e7 teklif g\u00f6t\u00fcrmeseydim\u201d diye dert yanm\u0131\u015f.<\/p>\n<p>Ke\u015fke \u00c7a\u011fatay Ulusoy, bu tatil aras\u0131na bu veya ba\u015fka bir film s\u0131k\u0131\u015ft\u0131rabilseydi. Sevenleri ve de fanlar\u0131 ondan \u0131srarla bir film bekliyorlar. Zira \u201c<a class=\"Blogkeyword\" href=\"http:\/\/blog.milliyet.com.tr\/AramaBlog\/?search=Anadolu Kartallar\u0131\" rel=\"external nofollow\">Anadolu Kartallar\u0131<\/a>\u201d filmindeki \u00dcste\u011fmen Ahmet Onur rol\u00fcn\u00fc bay\u0131lm\u0131\u015flard\u0131.<\/p>\n<p>\u00c7a\u011fatay Ulusoy i\u00e7in ileri bir zamana diyelim. Eyl\u00fcl ay\u0131nda Medcezir\u2019in ikinci sezonu ba\u015flayaca\u011f\u0131na g\u00f6re, 2015 yaz\u0131na in\u015fallah.<\/p>\n<p>\u015eayet \u00c7a\u011fatay Ulusoy, Deniz\u2019in teklifini kabul etseydi, her ikisi i\u00e7in s\u00fcper olurdu. \u0130zleyicinin de \u00c7a\u011fatay \u00f6zlemi biterdi.<\/p>\n<p>Hay\u0131rl\u0131s\u0131 ne ise, o olsun diyelim. \u00c7a\u011fatay ile Serenay&#8217;a g\u00f6n\u00fcllerince bir yaz tatili dileyelim.<\/p>\n<p>Sayg\u0131lar, sevgiler.<\/p>\n<p>Abdurrahman Balc\u0131lar<\/p>\n<p>Twitter: abdurrahman balc\u0131lar@abbalcilar<\/p>\n<p>Face : <a href=\"mailto:ab.balcilar@hotmail.com\" target=\"_blank\">ab.balcilar@hotmail.com<\/a><\/p>\n<p>Blog: milliyet.com.tr\/cansever<\/p>\n<p>Blog: balcilar-blog.com<\/p>\n<p>Not: G\u00f6rseller internetten kopyalanm\u0131\u015ft\u0131r.<\/p>\n<p>&nbsp;<\/p>\n<p>&nbsp;<\/p>\n<p>&nbsp;<\/p>\n<\/div>\n<\/div>\n<\/div>\n","protected":false},"excerpt":{"rendered":"<p>18 May\u0131s &#8217;14 Kategori Sinema Medcezir dizisinin yak\u0131\u015f\u0131kl\u0131 oyuncusu \u00c7a\u011fatay Ulusoy\u2019dan sevenleri bu yaz bir sinema filmi bekliyordu. Bu film i\u00e7in \u00d6zcan Deniz kendisine teklif yapm\u0131\u015f. G\u00fcnayd\u0131n gazetesinden \u00d6ner \u00d6ng\u00fcn\u2019\u00fcn haberine g\u00f6re, \u00c7a\u011fatay Ulusoy maalesef bu teklifi kabul etmemi\u015f. \u00d6zcan Deniz senaryosunu kendisin yazd\u0131\u011f\u0131, bu yaz \u00e7ekece\u011fi sinema filmi i\u00e7in g\u00fc\u00e7l\u00fc bir erkek karakter olarak, [&hellip;]<\/p>\n","protected":false},"author":3,"featured_media":0,"comment_status":"open","ping_status":"open","sticky":false,"template":"","format":"standard","meta":{"footnotes":""},"categories":[10],"tags":[110,15,16,434,433,27],"class_list":["post-1965","post","type-post","status-publish","format-standard","hentry","category-sinema","tag-anadolu-kartallari","tag-cagatay-ulusoy","tag-medcezir","tag-oner-ongun","tag-ozcan-deniz","tag-serenay-sarikaya"],"views":3300,"blog_post_layout_featured_media_urls":{"thumbnail":"","full":""},"categories_names":{"10":{"name":"Sinema","link":"https:\/\/balcilar-blog.com\/?cat=10"}},"tags_names":{"110":{"name":"Anadolu Kartallar\u0131","link":"https:\/\/balcilar-blog.com\/?tag=anadolu-kartallari"},"15":{"name":"\u00e7a\u011fatay ulusoy","link":"https:\/\/balcilar-blog.com\/?tag=cagatay-ulusoy"},"16":{"name":"medcezir","link":"https:\/\/balcilar-blog.com\/?tag=medcezir"},"434":{"name":"\u00d6ner \u00d6ng\u00fcn","link":"https:\/\/balcilar-blog.com\/?tag=oner-ongun"},"433":{"name":"\u00d6zcan Deniz","link":"https:\/\/balcilar-blog.com\/?tag=ozcan-deniz"},"27":{"name":"Serenay Sar\u0131kaya","link":"https:\/\/balcilar-blog.com\/?tag=serenay-sarikaya"}},"comments_number":"0","wpmagazine_modules_lite_featured_media_urls":{"thumbnail":"","cvmm-medium":"","cvmm-medium-plus":"","cvmm-portrait":"","cvmm-medium-square":"","cvmm-large":"","cvmm-small":"","full":""},"_links":{"self":[{"href":"https:\/\/balcilar-blog.com\/index.php?rest_route=\/wp\/v2\/posts\/1965","targetHints":{"allow":["GET"]}}],"collection":[{"href":"https:\/\/balcilar-blog.com\/index.php?rest_route=\/wp\/v2\/posts"}],"about":[{"href":"https:\/\/balcilar-blog.com\/index.php?rest_route=\/wp\/v2\/types\/post"}],"author":[{"embeddable":true,"href":"https:\/\/balcilar-blog.com\/index.php?rest_route=\/wp\/v2\/users\/3"}],"replies":[{"embeddable":true,"href":"https:\/\/balcilar-blog.com\/index.php?rest_route=%2Fwp%2Fv2%2Fcomments&post=1965"}],"version-history":[{"count":1,"href":"https:\/\/balcilar-blog.com\/index.php?rest_route=\/wp\/v2\/posts\/1965\/revisions"}],"predecessor-version":[{"id":1966,"href":"https:\/\/balcilar-blog.com\/index.php?rest_route=\/wp\/v2\/posts\/1965\/revisions\/1966"}],"wp:attachment":[{"href":"https:\/\/balcilar-blog.com\/index.php?rest_route=%2Fwp%2Fv2%2Fmedia&parent=1965"}],"wp:term":[{"taxonomy":"category","embeddable":true,"href":"https:\/\/balcilar-blog.com\/index.php?rest_route=%2Fwp%2Fv2%2Fcategories&post=1965"},{"taxonomy":"post_tag","embeddable":true,"href":"https:\/\/balcilar-blog.com\/index.php?rest_route=%2Fwp%2Fv2%2Ftags&post=1965"}],"curies":[{"name":"wp","href":"https:\/\/api.w.org\/{rel}","templated":true}]}}