{"id":19578,"date":"2017-05-16T11:32:28","date_gmt":"2017-05-16T08:32:28","guid":{"rendered":"http:\/\/balcilar-blog.com\/?p=19578"},"modified":"2017-05-16T12:13:48","modified_gmt":"2017-05-16T09:13:48","slug":"icerde-ekibi-minik-kalpler-icin-sahaya-cikti","status":"publish","type":"post","link":"https:\/\/balcilar-blog.com\/?p=19578","title":{"rendered":"\u0130\u00e7erde ekibi Minik Kalpler i\u00e7in sahaya \u00e7\u0131kt\u0131!"},"content":{"rendered":"<p>&nbsp;<\/p>\n<div tabindex=\"-1\">\n<div tabindex=\"-1\">\n<div tabindex=\"0\">\n<div class=\"_rp_85\" tabindex=\"-1\">\n<div class=\"_rp_K4 ms-border-color-neutralLight ShowConsesusSchedulingLink ShowReferenceAttachmentsLinks\" tabindex=\"-1\">\n<div class=\"_rp_X4\">\n<div>\n<div class=\"_pe_d _pe_32\" tabindex=\"-1\"><img loading=\"lazy\" decoding=\"async\" class=\"alignnone size-full wp-image-19584\" src=\"http:\/\/balcilar-blog.com\/wp-content\/uploads\/2017\/05\/\u0130\u00e7erde-Mika-Der-Destek-Ma\u00e7\u0131-3.jpg\" alt=\"\u0130\u00e7erde Mika-Der Destek Ma\u00e7\u0131 (3)\" width=\"640\" height=\"374\" srcset=\"https:\/\/balcilar-blog.com\/wp-content\/uploads\/2017\/05\/\u0130\u00e7erde-Mika-Der-Destek-Ma\u00e7\u0131-3.jpg 640w, https:\/\/balcilar-blog.com\/wp-content\/uploads\/2017\/05\/\u0130\u00e7erde-Mika-Der-Destek-Ma\u00e7\u0131-3-300x175.jpg 300w\" sizes=\"auto, (max-width: 640px) 100vw, 640px\" \/><\/div>\n<div class=\"_pe_d _pe_32\" tabindex=\"-1\">\n<p>\u0130\u00e7erde oyuncular\u0131 ba\u015fta \u00c7a\u011fatay Ulusoy ve Aras Bulut \u0130ynemli olmak \u00fczere, Minik kalpler i\u00e7in sahadayd\u0131. A\u011fr\u0131 Aile ve Sosyal Politikalar Gen\u00e7lik ve Spor Kul\u00fcb\u00fc K\u0131z Futbol Tak\u0131m\u0131 ile ge\u00e7ti\u011fimiz Cumartesi g\u00fcn\u00fc (13 May\u0131s 2017) ma\u00e7 yapt\u0131.<\/p>\n<p><strong>\u0130\u00c7ERDE M\u0130KA-DER DESTEK MA\u00c7I RENKL\u0130 G\u00d6R\u00dcNT\u00dcLERE SAHNE OLDU!<\/strong><\/p>\n<p><strong>\u0130\u00c7ERDE\u2019N\u0130N GOL\u00dc \u00c7A\u011eATAY ULUSOY\u2019DAN GELD\u0130!<\/strong><\/p>\n<p>Ay Yap\u0131m imzal\u0131 reyting rekortmeni \u2018\u0130\u00e7erde\u2019 dizisinin oyuncular\u0131, Minik Kalpler\u2019le ye\u015fil sahada bulu\u015ftu. Minik Kalpler \u0130\u00e7erde projesine kalbini koyan \u2018\u0130\u00e7erde\u2019 ekibi ile A\u011fr\u0131 Aile ve Sosyal Politikalar Gen\u00e7lik ve Spor Kul\u00fcb\u00fc K\u0131z Futbol Tak\u0131m\u0131 aras\u0131nda ger\u00e7ekle\u015fen dostluk ma\u00e7\u0131 unutulmaz anlara sahne oldu.<\/p>\n<p>Pazartesi ak\u015famlar\u0131 milyonlar\u0131 ekran ba\u015f\u0131na kilitleyen \u2018\u0130\u00e7erde\u2019 dizisinin oyuncular\u0131, unutulmaz bir etkinli\u011fe imza att\u0131. Tekirda\u011f\u2019da yap\u0131lacak Mika-Der \u0130\u00e7erde Spor Rehabilitasyon Merkezi\u2019nin yap\u0131m\u0131na g\u00f6n\u00fcllerini koyarak \u00e7ocuklar\u0131n nice mutlu an\u0131 biriktirmeleri i\u00e7in kollar\u0131 s\u0131vayan \u2018\u0130\u00e7erde\u2019 ekibi, A\u011fr\u0131 Aile ve Sosyal Politikalar Gen\u00e7lik ve Spor Kul\u00fcb\u00fc K\u0131z Futbol Tak\u0131m\u0131 ile destek ma\u00e7\u0131na \u00e7\u0131kt\u0131. 13 May\u0131s Cumartesi g\u00fcn\u00fc Be\u015fikta\u015f Belediyesi \u00c7ilekli Spor Tesisleri\u2019nde ger\u00e7ekle\u015fen ma\u00e7ta tam kadro yer alan \u2018\u0130\u00e7erde\u2019 dizisinin oyuncular\u0131, \u00f6rnek olacak bir sosyal sorumluluk etkinli\u011fine imza att\u0131.<\/p>\n<p><strong>\u2018\u0130\u00e7erde\u2019nin gol\u00fc \u00c7a\u011fatay Ulusoy\u2019dan!<\/strong><\/p>\n<p><img loading=\"lazy\" decoding=\"async\" class=\"alignnone size-full wp-image-19580\" src=\"http:\/\/balcilar-blog.com\/wp-content\/uploads\/2017\/05\/\u0130\u00e7erde-Mika-Der-Destek-Ma\u00e7\u0131-4.jpg\" alt=\"\u0130\u00e7erde Mika-Der Destek Ma\u00e7\u0131 (4)\" width=\"640\" height=\"369\" srcset=\"https:\/\/balcilar-blog.com\/wp-content\/uploads\/2017\/05\/\u0130\u00e7erde-Mika-Der-Destek-Ma\u00e7\u0131-4.jpg 640w, https:\/\/balcilar-blog.com\/wp-content\/uploads\/2017\/05\/\u0130\u00e7erde-Mika-Der-Destek-Ma\u00e7\u0131-4-300x173.jpg 300w\" sizes=\"auto, (max-width: 640px) 100vw, 640px\" \/><\/p>\n<p>Aile ve Sosyal Politikalar Bakanl\u0131\u011f\u0131, Minik Kalplerle El Ele Derne\u011fi (Mika-Der), Tekirda\u011f Valili\u011fi, Show TV ve Ay Yap\u0131m i\u015fbirli\u011fiyle ger\u00e7ekle\u015fen sosyal sorumluluk projesine destek sa\u011flayan dostluk ma\u00e7\u0131nda A\u011fr\u0131 K\u0131z Futbol Tak\u0131m\u0131, 2-1\u2019lik skorla g\u00fcn\u00fcn galibi oldu. \u2018\u0130\u00e7erde\u2019nin tek gol\u00fc, ma\u00e7\u0131n ba\u015flar\u0131nda \u00c7a\u011fatay Ulusoy\u2019dan geldi. T\u00fcm ekibin sevin\u00e7lerini, Ulusoy\u2019la payla\u015ft\u0131\u011f\u0131 anlar etkinli\u011fin unutulmaz anlar\u0131ndand\u0131.<\/p>\n<p><img loading=\"lazy\" decoding=\"async\" class=\"alignnone size-full wp-image-19582\" src=\"http:\/\/balcilar-blog.com\/wp-content\/uploads\/2017\/05\/\u0130\u00e7erde-Mika-Der-Destek-Ma\u00e7\u0131-5.jpg\" alt=\"\u0130\u00e7erde Mika-Der Destek Ma\u00e7\u0131 (5)\" width=\"640\" height=\"344\" srcset=\"https:\/\/balcilar-blog.com\/wp-content\/uploads\/2017\/05\/\u0130\u00e7erde-Mika-Der-Destek-Ma\u00e7\u0131-5.jpg 640w, https:\/\/balcilar-blog.com\/wp-content\/uploads\/2017\/05\/\u0130\u00e7erde-Mika-Der-Destek-Ma\u00e7\u0131-5-300x161.jpg 300w\" sizes=\"auto, (max-width: 640px) 100vw, 640px\" \/><\/p>\n<p><strong>Tak\u0131m\u0131n teknik direkt\u00f6r\u00fc Mustafa U\u011furlu!<\/strong><\/p>\n<p><img loading=\"lazy\" decoding=\"async\" class=\"alignnone size-full wp-image-19583\" src=\"http:\/\/balcilar-blog.com\/wp-content\/uploads\/2017\/05\/\u0130\u00e7erde-Mika-Der-Destek-Ma\u00e7\u0131-10.jpg\" alt=\"\u0130\u00e7erde Mika-Der Destek Ma\u00e7\u0131 (10)\" width=\"640\" height=\"364\" srcset=\"https:\/\/balcilar-blog.com\/wp-content\/uploads\/2017\/05\/\u0130\u00e7erde-Mika-Der-Destek-Ma\u00e7\u0131-10.jpg 640w, https:\/\/balcilar-blog.com\/wp-content\/uploads\/2017\/05\/\u0130\u00e7erde-Mika-Der-Destek-Ma\u00e7\u0131-10-300x171.jpg 300w\" sizes=\"auto, (max-width: 640px) 100vw, 640px\" \/><\/p>\n<p>Dizide Komiser Selim karakterini canland\u0131ran U\u011fur Y\u0131ld\u0131ran\u2019\u0131n enerjik sunumuyla ba\u015flayan ma\u00e7ta, \u00c7a\u011fatay Ulusoy\u2019la birlikte Aras Bulut \u0130ynemli ve t\u00fcm \u2018\u0130\u00e7erde\u2019 oyuncular\u0131 ye\u015fil sahadaki h\u00fcnerlerini g\u00f6sterdi. Mustafa U\u011furlu\u2019nun (Yusuf M\u00fcd\u00fcr) teknik direkt\u00f6r oldu\u011fu kar\u015f\u0131la\u015fmada, \u2018\u0130\u00e7erde\u2019 kalesi dizinin Minik\u2019i Seyithan \u00d6zdemir\u2019e emanetken, Bar\u0131\u015f K\u0131ralio\u011flu (Komiser Musa) ise hakem olarak yeri geldi\u011finde sar\u0131 kart g\u00f6stermekten \u00e7ekinmedi. \u2018\u0130\u00e7erde\u2019nin g\u00fc\u00e7l\u00fc kad\u0131nlar\u0131 Damla Colbay, Nihal Kolda\u015f, G\u00f6zde Kansu, \u015eenay G\u00fcrler, Duygu Sar\u0131\u015f\u0131n ve Esra K\u0131l\u0131\u00e7\u2019\u0131n da m\u00fccadele etti\u011fi ma\u00e7ta, Sarp, Umut (Mert) ve Eylem\u2019in k\u00fc\u00e7\u00fckl\u00fcklerini canland\u0131ran \u00e7ocuk oyuncular da kar\u015f\u0131la\u015fmaya renk katt\u0131.<\/p>\n<p><img loading=\"lazy\" decoding=\"async\" class=\"alignnone size-full wp-image-19585\" src=\"http:\/\/balcilar-blog.com\/wp-content\/uploads\/2017\/05\/\u0130\u00e7erde-Mika-Der-Destek-Ma\u00e7\u0131-21.jpg\" alt=\"\u0130\u00e7erde Mika-Der Destek Ma\u00e7\u0131 (21)\" width=\"640\" height=\"412\" srcset=\"https:\/\/balcilar-blog.com\/wp-content\/uploads\/2017\/05\/\u0130\u00e7erde-Mika-Der-Destek-Ma\u00e7\u0131-21.jpg 640w, https:\/\/balcilar-blog.com\/wp-content\/uploads\/2017\/05\/\u0130\u00e7erde-Mika-Der-Destek-Ma\u00e7\u0131-21-300x193.jpg 300w\" sizes=\"auto, (max-width: 640px) 100vw, 640px\" \/><\/p>\n<p>Ma\u00e7\u0131n ilerleyen dakikalar\u0131nda \u2018\u0130\u00e7erde\u2019 ekibinin yerini alan BJK Gen\u00e7 K\u0131z Futbol Tak\u0131m\u0131 ile A\u011fr\u0131 K\u0131z Futbol Tak\u0131m\u0131 aras\u0131nda ge\u00e7en kar\u015f\u0131la\u015fma, berabere sonu\u00e7land\u0131.<\/p>\n<\/div>\n<div class=\"_pe_d _pe_32\" tabindex=\"-1\"><\/div>\n<div class=\"_pe_d _pe_32\" tabindex=\"-1\"><strong>Ma\u00e7 sonunda \u00c7a\u011fatay Ulusoy izleyicilerle selfie \u00e7ekti.<\/strong><\/div>\n<div class=\"_pe_d _pe_32\" tabindex=\"-1\"><\/div>\n<div class=\"_pe_d _pe_32\" tabindex=\"-1\"><img loading=\"lazy\" decoding=\"async\" class=\"alignnone size-full wp-image-19586\" src=\"http:\/\/balcilar-blog.com\/wp-content\/uploads\/2017\/05\/\u0130\u00e7erde-Mika-Der-Destek-Ma\u00e7\u0131-28-1.jpg\" alt=\"\u0130\u00e7erde Mika-Der Destek Ma\u00e7\u0131 (28)\" width=\"640\" height=\"386\" srcset=\"https:\/\/balcilar-blog.com\/wp-content\/uploads\/2017\/05\/\u0130\u00e7erde-Mika-Der-Destek-Ma\u00e7\u0131-28-1.jpg 640w, https:\/\/balcilar-blog.com\/wp-content\/uploads\/2017\/05\/\u0130\u00e7erde-Mika-Der-Destek-Ma\u00e7\u0131-28-1-300x181.jpg 300w\" sizes=\"auto, (max-width: 640px) 100vw, 640px\" \/><\/div>\n<div class=\"_pe_d _pe_32\" tabindex=\"-1\"><\/div>\n<div class=\"_pe_d _pe_32\" tabindex=\"-1\"><strong>Bir Selfie de Aras Bulut \u0130ynemli&#8217;den :<\/strong><\/div>\n<div class=\"_pe_d _pe_32\" tabindex=\"-1\"><\/div>\n<div class=\"_pe_d _pe_32\" tabindex=\"-1\">\u00a0<img loading=\"lazy\" decoding=\"async\" class=\"alignnone size-full wp-image-19591\" src=\"http:\/\/balcilar-blog.com\/wp-content\/uploads\/2017\/05\/\u0130\u00e7erde-Mika-Der-Destek-Ma\u00e7\u0131-26.jpg\" alt=\"\u0130\u00e7erde Mika-Der Destek Ma\u00e7\u0131 (26)\" width=\"640\" height=\"362\" srcset=\"https:\/\/balcilar-blog.com\/wp-content\/uploads\/2017\/05\/\u0130\u00e7erde-Mika-Der-Destek-Ma\u00e7\u0131-26.jpg 640w, https:\/\/balcilar-blog.com\/wp-content\/uploads\/2017\/05\/\u0130\u00e7erde-Mika-Der-Destek-Ma\u00e7\u0131-26-300x170.jpg 300w\" sizes=\"auto, (max-width: 640px) 100vw, 640px\" \/><\/div>\n<div class=\"_pe_d _pe_32\" tabindex=\"-1\">\n<p>Elde edilen t\u00fcm gelirin, \u00e7ocuklar\u0131n gelece\u011fe umutla bakmalar\u0131n\u0131 sa\u011flayacak Tekirda\u011f Mika-Der \u0130\u00e7erde Spor Rehabilitasyon Merkezi\u2019ne ba\u011f\u0131\u015fland\u0131\u011f\u0131 ma\u00e7tan en renkli anlar, 20 May\u0131s Cumartesi g\u00fcn\u00fc Show TV\u2019de ekranlara gelecek.<\/p>\n<p><strong>Minik Kalpler \u0130\u00e7erde Projesi hakk\u0131nda:<\/strong><\/p>\n<p><img loading=\"lazy\" decoding=\"async\" class=\"alignnone size-full wp-image-17312\" src=\"http:\/\/balcilar-blog.com\/wp-content\/uploads\/2017\/01\/cats-minik.jpg\" alt=\"cats minik\" width=\"640\" height=\"413\" srcset=\"https:\/\/balcilar-blog.com\/wp-content\/uploads\/2017\/01\/cats-minik.jpg 640w, https:\/\/balcilar-blog.com\/wp-content\/uploads\/2017\/01\/cats-minik-300x194.jpg 300w\" sizes=\"auto, (max-width: 640px) 100vw, 640px\" \/><\/p>\n<p>\u0130\u00e7erde, Mika-Der, Ay Yap\u0131m, Show Tv proje ortakl\u0131\u011f\u0131 ve T.C. Aile ve Sosyal Politikalar Bakanl\u0131\u011f\u0131&#8217;n\u0131n da onay\u0131 ile hayata ge\u00e7en \u2018\u2019Minik Kalpler \u0130\u00e7erde\u2019\u2019 projesi Ocak 2017\u2019de ba\u015flad\u0131. Proje, \u201c\u0130\u00e7erde\u201d dizisi oyuncular\u0131 ile dizi finaline dek yap\u0131lacak tan\u0131t\u0131m faaliyetleri arac\u0131l\u0131\u011f\u0131yla Tekirda\u011f ilinde, Aile ve Sosyal Politikalar Bakanl\u0131\u011f\u0131 \u00c7ocuk Hizmetleri Genel M\u00fcd\u00fcrl\u00fc\u011f\u00fc b\u00fcnyesindeki kurum ve kurulu\u015flarda ya\u015famak zorunda olan ve ge\u00e7mi\u015flerindeki a\u011f\u0131r travmalar nedeni ile ya\u015famla uyum sa\u011flayamayan \u00e7ocuklar\u0131m\u0131z\u0131 sporla hayata kazand\u0131racak bir Spor Rehabilitasyon Merkezi a\u00e7mak amac\u0131yla hayata ge\u00e7irildi. Projeye destek olmak isteyen herkes, 5145\u2019e \u0130\u00e7erde veya Mikader yaz\u0131p SMS atarak katk\u0131da bulunabilir.<\/p>\n<\/div>\n<\/div>\n<\/div>\n<div class=\"_pe_d _pe_32\" tabindex=\"-1\"><\/div>\n<div class=\"_pe_d _pe_32\" tabindex=\"-1\">Ben kendi ad\u0131ma 5145&#8217;e SMS att\u0131m. B\u00fct\u00fcn yard\u0131mseverlere Minik kalpler \u0130\u00e7erde projesine desteklemelerini diliyorum.<\/div>\n<div class=\"_rp_X4\">\n<div>\n<div class=\"_pe_d _pe_32\" tabindex=\"-1\"><\/div>\n<div class=\"_pe_d _pe_32\" tabindex=\"-1\">\n<p class=\"x_MsoNormal\" align=\"center\"><b>Kampanya tan\u0131t\u0131m filmleri i\u00e7in:<\/b><\/p>\n<p class=\"x_MsoNormal\" align=\"center\"><a href=\"https:\/\/www.youtube.com\/watch?v=7lJAFopQPRA\" target=\"_blank\" rel=\"noopener noreferrer\"><b>https:\/\/www.youtube.com\/watch?v=7lJAFopQPRA<\/b><\/a><\/p>\n<p class=\"x_MsoNormal\" align=\"center\"><a href=\"https:\/\/www.youtube.com\/watch?v=phjbmrXYj5Q\" target=\"_blank\" rel=\"noopener noreferrer\"><b>https:\/\/www.youtube.com\/watch?v=phjbmrXYj5Q<\/b><\/a><\/p>\n<p class=\"x_MsoNormal\" align=\"center\"><a href=\"https:\/\/www.youtube.com\/watch?v=-LiEXg7YtJk\" target=\"_blank\" rel=\"noopener noreferrer\"><b>https:\/\/www.youtube.com\/watch?v=-LiEXg7YtJk<\/b><\/a><\/p>\n<p class=\"x_MsoNormal\" align=\"center\"><b><a href=\"https:\/\/www.youtube.com\/watch?v=CZx-6VkMPDg\" target=\"_blank\" rel=\"noopener noreferrer\">https:\/\/www.youtube.com\/watch?v=CZx-6VkMPDg<\/a><\/b><\/p>\n<p class=\"x_MsoNormal\" align=\"center\"><b>\u00a0<\/b><\/p>\n<p>Bu ma\u00e7 ile g\u00f6rsellerin tamam\u0131n\u0131 Milliyet Galerilerim sayfas\u0131nda g\u00f6rebilirsiniz.<\/p>\n<p>Sayg\u0131lar ve sevgiler.<\/p>\n<p>Abdurrahman Balc\u0131lar<\/p>\n<p>Twitter:\u00a0<a href=\"https:\/\/twitter.com\/abbalcilar\">abdurrahman balc\u0131lar<\/a><a href=\"https:\/\/twitter.com\/abbalcilar\"><strong>@abbalcilar<\/strong><\/a><\/p>\n<p>Mail :\u00a0<a href=\"mailto:ab.balcilar@hotmail.com\">ab.balcilar@hotmail.com<\/a><\/p>\n<p>Blog:\u00a0<a href=\"http:\/\/t.co\/znqmIZgIqn\">blog.milliyet.com.tr\/cansever<\/a><\/p>\n<p>Blog:\u00a0<a href=\"http:\/\/balcilar-blog.com\/\">Abdurrahman Balc\u0131lar Blog Sayfas\u0131<\/a><\/p>\n<\/div>\n<div class=\"_pe_d _pe_32\" tabindex=\"-1\">Not : Haber ve g\u00f6rseller Persona Sanat Bas\u0131n B\u00fclteni<\/div>\n<div class=\"_pe_d _pe_32\" tabindex=\"-1\"><\/div>\n<div class=\"_pe_d _pe_32\" tabindex=\"-1\"><\/div>\n<\/div>\n<div class=\"_rp_S4\"><\/div>\n<\/div>\n<\/div>\n<\/div>\n<\/div>\n<\/div>\n<\/div>\n","protected":false},"excerpt":{"rendered":"<p>&nbsp; \u0130\u00e7erde oyuncular\u0131 ba\u015fta \u00c7a\u011fatay Ulusoy ve Aras Bulut \u0130ynemli olmak \u00fczere, Minik kalpler i\u00e7in sahadayd\u0131. A\u011fr\u0131 Aile ve Sosyal Politikalar Gen\u00e7lik ve Spor Kul\u00fcb\u00fc K\u0131z Futbol Tak\u0131m\u0131 ile ge\u00e7ti\u011fimiz Cumartesi g\u00fcn\u00fc (13 May\u0131s 2017) ma\u00e7 yapt\u0131. \u0130\u00c7ERDE M\u0130KA-DER DESTEK MA\u00c7I RENKL\u0130 G\u00d6R\u00dcNT\u00dcLERE SAHNE OLDU! \u0130\u00c7ERDE\u2019N\u0130N GOL\u00dc \u00c7A\u011eATAY ULUSOY\u2019DAN GELD\u0130! Ay Yap\u0131m imzal\u0131 reyting rekortmeni [&hellip;]<\/p>\n","protected":false},"author":3,"featured_media":19584,"comment_status":"open","ping_status":"open","sticky":false,"template":"","format":"standard","meta":{"footnotes":""},"categories":[2],"tags":[533,26,15,1219,1452,1451,35],"class_list":["post-19578","post","type-post","status-publish","format-standard","has-post-thumbnail","hentry","category-tv-programlari","tag-aras-bulut-iynemli","tag-ay-yapim","tag-cagatay-ulusoy","tag-icerde","tag-mika-der","tag-minik-kalpler","tag-show-tv"],"views":3126,"blog_post_layout_featured_media_urls":{"thumbnail":["https:\/\/balcilar-blog.com\/wp-content\/uploads\/2017\/05\/\u0130\u00e7erde-Mika-Der-Destek-Ma\u00e7\u0131-3-150x150.jpg",150,150,true],"full":["https:\/\/balcilar-blog.com\/wp-content\/uploads\/2017\/05\/\u0130\u00e7erde-Mika-Der-Destek-Ma\u00e7\u0131-3.jpg",640,374,false]},"categories_names":{"2":{"name":"TV Programlar\u0131","link":"https:\/\/balcilar-blog.com\/?cat=2"}},"tags_names":{"533":{"name":"Aras Bulut \u0130ynemli","link":"https:\/\/balcilar-blog.com\/?tag=aras-bulut-iynemli"},"26":{"name":"Ay Yap\u0131m","link":"https:\/\/balcilar-blog.com\/?tag=ay-yapim"},"15":{"name":"\u00e7a\u011fatay ulusoy","link":"https:\/\/balcilar-blog.com\/?tag=cagatay-ulusoy"},"1219":{"name":"\u0130\u00c7ERDE","link":"https:\/\/balcilar-blog.com\/?tag=icerde"},"1452":{"name":"Mika-Der","link":"https:\/\/balcilar-blog.com\/?tag=mika-der"},"1451":{"name":"Minik Kalpler","link":"https:\/\/balcilar-blog.com\/?tag=minik-kalpler"},"35":{"name":"Show Tv","link":"https:\/\/balcilar-blog.com\/?tag=show-tv"}},"comments_number":"0","wpmagazine_modules_lite_featured_media_urls":{"thumbnail":["https:\/\/balcilar-blog.com\/wp-content\/uploads\/2017\/05\/\u0130\u00e7erde-Mika-Der-Destek-Ma\u00e7\u0131-3-150x150.jpg",150,150,true],"cvmm-medium":["https:\/\/balcilar-blog.com\/wp-content\/uploads\/2017\/05\/\u0130\u00e7erde-Mika-Der-Destek-Ma\u00e7\u0131-3.jpg",300,175,false],"cvmm-medium-plus":["https:\/\/balcilar-blog.com\/wp-content\/uploads\/2017\/05\/\u0130\u00e7erde-Mika-Der-Destek-Ma\u00e7\u0131-3.jpg",305,178,false],"cvmm-portrait":["https:\/\/balcilar-blog.com\/wp-content\/uploads\/2017\/05\/\u0130\u00e7erde-Mika-Der-Destek-Ma\u00e7\u0131-3.jpg",400,234,false],"cvmm-medium-square":["https:\/\/balcilar-blog.com\/wp-content\/uploads\/2017\/05\/\u0130\u00e7erde-Mika-Der-Destek-Ma\u00e7\u0131-3.jpg",600,351,false],"cvmm-large":["https:\/\/balcilar-blog.com\/wp-content\/uploads\/2017\/05\/\u0130\u00e7erde-Mika-Der-Destek-Ma\u00e7\u0131-3.jpg",640,374,false],"cvmm-small":["https:\/\/balcilar-blog.com\/wp-content\/uploads\/2017\/05\/\u0130\u00e7erde-Mika-Der-Destek-Ma\u00e7\u0131-3.jpg",130,76,false],"full":["https:\/\/balcilar-blog.com\/wp-content\/uploads\/2017\/05\/\u0130\u00e7erde-Mika-Der-Destek-Ma\u00e7\u0131-3.jpg",640,374,false]},"_links":{"self":[{"href":"https:\/\/balcilar-blog.com\/index.php?rest_route=\/wp\/v2\/posts\/19578","targetHints":{"allow":["GET"]}}],"collection":[{"href":"https:\/\/balcilar-blog.com\/index.php?rest_route=\/wp\/v2\/posts"}],"about":[{"href":"https:\/\/balcilar-blog.com\/index.php?rest_route=\/wp\/v2\/types\/post"}],"author":[{"embeddable":true,"href":"https:\/\/balcilar-blog.com\/index.php?rest_route=\/wp\/v2\/users\/3"}],"replies":[{"embeddable":true,"href":"https:\/\/balcilar-blog.com\/index.php?rest_route=%2Fwp%2Fv2%2Fcomments&post=19578"}],"version-history":[{"count":7,"href":"https:\/\/balcilar-blog.com\/index.php?rest_route=\/wp\/v2\/posts\/19578\/revisions"}],"predecessor-version":[{"id":19593,"href":"https:\/\/balcilar-blog.com\/index.php?rest_route=\/wp\/v2\/posts\/19578\/revisions\/19593"}],"wp:featuredmedia":[{"embeddable":true,"href":"https:\/\/balcilar-blog.com\/index.php?rest_route=\/wp\/v2\/media\/19584"}],"wp:attachment":[{"href":"https:\/\/balcilar-blog.com\/index.php?rest_route=%2Fwp%2Fv2%2Fmedia&parent=19578"}],"wp:term":[{"taxonomy":"category","embeddable":true,"href":"https:\/\/balcilar-blog.com\/index.php?rest_route=%2Fwp%2Fv2%2Fcategories&post=19578"},{"taxonomy":"post_tag","embeddable":true,"href":"https:\/\/balcilar-blog.com\/index.php?rest_route=%2Fwp%2Fv2%2Ftags&post=19578"}],"curies":[{"name":"wp","href":"https:\/\/api.w.org\/{rel}","templated":true}]}}