{"id":1944,"date":"2014-05-16T21:45:08","date_gmt":"2014-05-16T18:45:08","guid":{"rendered":"http:\/\/balcilar-blog.com\/?p=1944"},"modified":"2014-05-16T21:45:08","modified_gmt":"2014-05-16T18:45:08","slug":"medcezire-yeni-bir-oyuncu-geliyor","status":"publish","type":"post","link":"https:\/\/balcilar-blog.com\/?p=1944","title":{"rendered":"Medcezir\u2019e yeni bir oyuncu geliyor!"},"content":{"rendered":"<div class=\"topLine\">\n<div class=\"tarih\">\n<h4>16 May\u0131s &#8217;14<\/h4>\n<\/div>\n<\/div>\n<div class=\"yaziDetay detailClass\">\n<dl class=\"left\">\n<dt>Kategori<\/dt>\n<dd><a href=\"http:\/\/blog.milliyet.com.tr\/tv-programlari\/Kategori\/?KategoriNo=351\"><strong>TV Programlar\u0131<\/strong><\/a><\/dd>\n<\/dl>\n<dl class=\"right\">\n<dt><\/dt>\n<\/dl>\n<div class=\"clear\"><\/div>\n<div class=\"details\">\n<div class=\"makaleImg\"><img loading=\"lazy\" decoding=\"async\" src=\"http:\/\/iblog.milliyet.com.tr\/imgroot\/blogv7\/Blog333\/2014\/05\/16\/43\/461190-3-4-f0ada.jpg\" alt=\"Medcezir\u2019e yeni bir oyuncu geliyor!\" width=\"333\" height=\"240\" \/><\/p>\n<div class=\"clear\"><\/div>\n<p>&nbsp;<\/p>\n<\/div>\n<div id=\"BlogDetail\">\n<p><a class=\"Blogkeyword\" href=\"http:\/\/blog.milliyet.com.tr\/AramaBlog\/?search=Star Tv\" rel=\"external nofollow\">Star Tv<\/a>.nin s\u00fcper dizisi <a class=\"Blogkeyword\" href=\"http:\/\/blog.milliyet.com.tr\/AramaBlog\/?search=Medcezir\" rel=\"external nofollow\">Medcezir<\/a>&#8216;de bir karakter gidiyor, bir karakter geliyor. Ge\u00e7en b\u00f6l\u00fcmde Yaman\u2019\u0131 ka\u00e7\u0131ran Tan (Saim Karakale), polis kur\u015funlar\u0131 ile \u00f6ld\u00fcr\u00fcld\u00fc ve diziden ayr\u0131lm\u0131\u015f oldu.<\/p>\n<p>\u015eimdi de bu ak\u015famki 35.b\u00f6l\u00fcme yeni bir karakter geliyor. Kurt Seyit ve \u015eura dizisinde \u201cMi\u015fa\u201d karakterini canland\u0131ran, <a class=\"Blogkeyword\" href=\"http:\/\/blog.milliyet.com.tr\/AramaBlog\/?search=Berk Er\u00e7er\" rel=\"external nofollow\">Berk Er\u00e7er<\/a> diziye dahil oldu.<\/p>\n<p>Sude Beylice\u2019nin yay\u0131na ba\u015flataca\u011f\u0131, yeni dergide edit\u00f6r olarak i\u015fe ba\u015flayacak, \u201cSinan Envero\u011flu\u201d karakterine can verecek olan Berk, Selim ve Ender aras\u0131nda k\u0131skan\u00e7l\u0131k krizine sebep olacakm\u0131\u015f.<\/p>\n<p>Kurt Seyit ve \u015eura\u2019da \u201cMi\u015fa\u201d karakteri olarak ba\u015far\u0131l\u0131 bir performans g\u00f6steren Berk Er\u00e7er, Medcezir\u2019de \u201cSinan Envero\u011flu\u201d olarak nas\u0131l bir performans g\u00f6sterecek hep birlikte g\u00f6rece\u011fiz.<\/p>\n<p><a class=\"Blogkeyword\" href=\"http:\/\/blog.milliyet.com.tr\/AramaBlog\/?search=\u00c7a\u011fatay Ulusoy\" rel=\"external nofollow\">\u00c7a\u011fatay Ulusoy<\/a> ve <a class=\"Blogkeyword\" href=\"http:\/\/blog.milliyet.com.tr\/AramaBlog\/?search=Serenay Sar\u0131kaya\" rel=\"external nofollow\">Serenay Sar\u0131kaya<\/a>\u2019n\u0131n ba\u015frollerini oynad\u0131\u011f\u0131 Medcezir\u2019e her yeni giren karakter konuya zenginlik kat\u0131yor.<\/p>\n<p>Ay Yap\u0131m\u2019\u0131n s\u00fcper dizisinde bu konu zenginli\u011fi, \u015f\u00fcphesiz izleyenlere de keyif veriyor.<\/p>\n<p>\u0130yi seyirler.<\/p>\n<p>&nbsp;<\/p>\n<p>Sayg\u0131lar, sevgiler.<\/p>\n<p>Abdurrahman Balc\u0131lar<\/p>\n<p>Twitter: abdurrahman balc\u0131lar@abbalcilar<\/p>\n<p>Mail : <a href=\"mailto:ab.balcilar@hotmail.com\" target=\"_blank\">ab.balcilar@hotmail.com<\/a><\/p>\n<div>\n<p>Blog: milliyet.com.tr\/cansever<\/p>\n<p>Blog: balcilar-blog.com<\/p>\n<\/div>\n<p>Not: G\u00f6rsel internetten al\u0131nm\u0131\u015ft\u0131r<\/p>\n<p>&nbsp;<\/p>\n<\/div>\n<\/div>\n<\/div>\n","protected":false},"excerpt":{"rendered":"<p>16 May\u0131s &#8217;14 Kategori TV Programlar\u0131 &nbsp; Star Tv.nin s\u00fcper dizisi Medcezir&#8216;de bir karakter gidiyor, bir karakter geliyor. Ge\u00e7en b\u00f6l\u00fcmde Yaman\u2019\u0131 ka\u00e7\u0131ran Tan (Saim Karakale), polis kur\u015funlar\u0131 ile \u00f6ld\u00fcr\u00fcld\u00fc ve diziden ayr\u0131lm\u0131\u015f oldu. \u015eimdi de bu ak\u015famki 35.b\u00f6l\u00fcme yeni bir karakter geliyor. Kurt Seyit ve \u015eura dizisinde \u201cMi\u015fa\u201d karakterini canland\u0131ran, Berk Er\u00e7er diziye dahil oldu. [&hellip;]<\/p>\n","protected":false},"author":3,"featured_media":0,"comment_status":"open","ping_status":"open","sticky":false,"template":"","format":"standard","meta":{"footnotes":""},"categories":[2],"tags":[26,430,15,16,27,25],"class_list":["post-1944","post","type-post","status-publish","format-standard","hentry","category-tv-programlari","tag-ay-yapim","tag-berk-ercer","tag-cagatay-ulusoy","tag-medcezir","tag-serenay-sarikaya","tag-star-tv"],"views":4721,"blog_post_layout_featured_media_urls":{"thumbnail":"","full":""},"categories_names":{"2":{"name":"TV Programlar\u0131","link":"https:\/\/balcilar-blog.com\/?cat=2"}},"tags_names":{"26":{"name":"Ay Yap\u0131m","link":"https:\/\/balcilar-blog.com\/?tag=ay-yapim"},"430":{"name":"Berk Er\u00e7er","link":"https:\/\/balcilar-blog.com\/?tag=berk-ercer"},"15":{"name":"\u00e7a\u011fatay ulusoy","link":"https:\/\/balcilar-blog.com\/?tag=cagatay-ulusoy"},"16":{"name":"medcezir","link":"https:\/\/balcilar-blog.com\/?tag=medcezir"},"27":{"name":"Serenay Sar\u0131kaya","link":"https:\/\/balcilar-blog.com\/?tag=serenay-sarikaya"},"25":{"name":"Star Tv","link":"https:\/\/balcilar-blog.com\/?tag=star-tv"}},"comments_number":"0","wpmagazine_modules_lite_featured_media_urls":{"thumbnail":"","cvmm-medium":"","cvmm-medium-plus":"","cvmm-portrait":"","cvmm-medium-square":"","cvmm-large":"","cvmm-small":"","full":""},"_links":{"self":[{"href":"https:\/\/balcilar-blog.com\/index.php?rest_route=\/wp\/v2\/posts\/1944","targetHints":{"allow":["GET"]}}],"collection":[{"href":"https:\/\/balcilar-blog.com\/index.php?rest_route=\/wp\/v2\/posts"}],"about":[{"href":"https:\/\/balcilar-blog.com\/index.php?rest_route=\/wp\/v2\/types\/post"}],"author":[{"embeddable":true,"href":"https:\/\/balcilar-blog.com\/index.php?rest_route=\/wp\/v2\/users\/3"}],"replies":[{"embeddable":true,"href":"https:\/\/balcilar-blog.com\/index.php?rest_route=%2Fwp%2Fv2%2Fcomments&post=1944"}],"version-history":[{"count":1,"href":"https:\/\/balcilar-blog.com\/index.php?rest_route=\/wp\/v2\/posts\/1944\/revisions"}],"predecessor-version":[{"id":1945,"href":"https:\/\/balcilar-blog.com\/index.php?rest_route=\/wp\/v2\/posts\/1944\/revisions\/1945"}],"wp:attachment":[{"href":"https:\/\/balcilar-blog.com\/index.php?rest_route=%2Fwp%2Fv2%2Fmedia&parent=1944"}],"wp:term":[{"taxonomy":"category","embeddable":true,"href":"https:\/\/balcilar-blog.com\/index.php?rest_route=%2Fwp%2Fv2%2Fcategories&post=1944"},{"taxonomy":"post_tag","embeddable":true,"href":"https:\/\/balcilar-blog.com\/index.php?rest_route=%2Fwp%2Fv2%2Ftags&post=1944"}],"curies":[{"name":"wp","href":"https:\/\/api.w.org\/{rel}","templated":true}]}}