{"id":19377,"date":"2017-05-05T13:14:14","date_gmt":"2017-05-05T10:14:14","guid":{"rendered":"http:\/\/balcilar-blog.com\/?p=19377"},"modified":"2017-05-05T18:48:11","modified_gmt":"2017-05-05T15:48:11","slug":"__trashed-3","status":"publish","type":"post","link":"https:\/\/balcilar-blog.com\/?p=19377","title":{"rendered":"Vatan\u0131m Sensin \/ Leon &#8211; Hilal a\u015fk\u0131 son iki b\u00f6l\u00fcme damgas\u0131n\u0131 vurdu!"},"content":{"rendered":"<p><img loading=\"lazy\" decoding=\"async\" class=\"alignnone size-full wp-image-19394\" src=\"http:\/\/balcilar-blog.com\/wp-content\/uploads\/2017\/05\/Ekran-Al\u0131nt\u0131s\u0131VS.26.KP_.jpg\" alt=\"Ekran Al\u0131nt\u0131s\u0131VS.26.KP\" width=\"640\" height=\"411\" srcset=\"https:\/\/balcilar-blog.com\/wp-content\/uploads\/2017\/05\/Ekran-Al\u0131nt\u0131s\u0131VS.26.KP_.jpg 640w, https:\/\/balcilar-blog.com\/wp-content\/uploads\/2017\/05\/Ekran-Al\u0131nt\u0131s\u0131VS.26.KP_-300x193.jpg 300w\" sizes=\"auto, (max-width: 640px) 100vw, 640px\" \/><\/p>\n<p>Bir laf vard\u0131r; A\u015fk&#8217;\u0131n dini, iman\u0131, vatan\u0131 olmaz. Dostlar aras\u0131nda ya\u015fanan a\u015fk, d\u00fc\u015fmanlar aras\u0131nda ya\u015fanan da sava\u015f olurmu\u015f. Onlar dost de\u011fil, dini \u0131rk\u0131 vatan\u0131 ayr\u0131 iki d\u00fc\u015fman taraf\u0131n \u00e7ocuklar\u0131. Leon ile Hilal aras\u0131nda ya\u015fanana ne a\u015fk\u0131 demeli&#8230; Vatan\u0131n\u0131 i\u015fgal eden komutan\u0131n o\u011flu Te\u011fmen Leon ile T\u00fcrk k\u0131z\u0131 Hilal aras\u0131nda son iki b\u00f6l\u00fcmd\u00fcr ya\u015fanan a\u015fk diziye damgas\u0131n\u0131 vurdu.<\/p>\n<p>Te\u011fmen Leon Afyon&#8217;a g\u00f6nderilen yard\u0131m sand\u0131klar\u0131ndaki silahlar\u0131 Hilal&#8217;a olan a\u015fk\u0131 u\u011fruna g\u00f6rmezlikten gelmi\u015f, kendi vatan\u0131na ihanet etmi\u015ftir. Bu su\u00e7u nedeniyle, ka\u00e7ak durumuna d\u00fc\u015fer.<\/p>\n<p>G\u00fcnlerce ormanda ka\u00e7ak durumunda saklanmak zorunda kal\u0131r. Hilal ona yiyecek g\u00f6t\u00fcr\u00fcr.<\/p>\n<p><img loading=\"lazy\" decoding=\"async\" class=\"alignnone size-full wp-image-19380\" src=\"http:\/\/balcilar-blog.com\/wp-content\/uploads\/2017\/05\/Ekran-Al\u0131nt\u0131s\u0131VS.25.1.jpg\" alt=\"Ekran Al\u0131nt\u0131s\u0131VS.25.1\" width=\"640\" height=\"399\" srcset=\"https:\/\/balcilar-blog.com\/wp-content\/uploads\/2017\/05\/Ekran-Al\u0131nt\u0131s\u0131VS.25.1.jpg 640w, https:\/\/balcilar-blog.com\/wp-content\/uploads\/2017\/05\/Ekran-Al\u0131nt\u0131s\u0131VS.25.1-300x187.jpg 300w\" sizes=\"auto, (max-width: 640px) 100vw, 640px\" \/><\/p>\n<p>Mehmet tabancas\u0131 ile Leon&#8217;u \u00f6ld\u00fcrmek ister. Hilal, Te\u011fmen Leon&#8217;u siper olur. Mehmet&#8217;e \u00f6nce beni \u00f6ld\u00fcrmen laz\u0131m. Hilal seviyorum onu, vatan\u0131m\u0131z i\u00e7in silahlar\u0131 g\u00f6z yumdu. Onu ikna eder, Leon&#8217;u Ali Kemal&#8217;e g\u00f6t\u00fcr\u00fcr.<\/p>\n<p><img loading=\"lazy\" decoding=\"async\" class=\"alignnone size-full wp-image-19381\" src=\"http:\/\/balcilar-blog.com\/wp-content\/uploads\/2017\/05\/Ekran-Al\u0131nt\u0131s\u0131VS.25.2.jpg\" alt=\"Ekran Al\u0131nt\u0131s\u0131VS.25.2\" width=\"640\" height=\"411\" srcset=\"https:\/\/balcilar-blog.com\/wp-content\/uploads\/2017\/05\/Ekran-Al\u0131nt\u0131s\u0131VS.25.2.jpg 640w, https:\/\/balcilar-blog.com\/wp-content\/uploads\/2017\/05\/Ekran-Al\u0131nt\u0131s\u0131VS.25.2-300x193.jpg 300w\" sizes=\"auto, (max-width: 640px) 100vw, 640px\" \/><\/p>\n<p>Leon yurt d\u0131\u015f\u0131na ka\u00e7acakt\u0131r. Hilal ile vedala\u015f\u0131r. Ben tekrar seni bulmak i\u00e7in gelece\u011fim, bekler misin? Seneler ge\u00e7se bile d\u00f6nerim.<\/p>\n<p><img loading=\"lazy\" decoding=\"async\" class=\"alignnone size-full wp-image-19382\" src=\"http:\/\/balcilar-blog.com\/wp-content\/uploads\/2017\/05\/Ekran-Al\u0131nt\u0131s\u0131VS.25.3.jpg\" alt=\"Ekran Al\u0131nt\u0131s\u0131VS.25.3\" width=\"640\" height=\"402\" srcset=\"https:\/\/balcilar-blog.com\/wp-content\/uploads\/2017\/05\/Ekran-Al\u0131nt\u0131s\u0131VS.25.3.jpg 640w, https:\/\/balcilar-blog.com\/wp-content\/uploads\/2017\/05\/Ekran-Al\u0131nt\u0131s\u0131VS.25.3-300x188.jpg 300w\" sizes=\"auto, (max-width: 640px) 100vw, 640px\" \/><\/p>\n<p>K\u0131y\u0131dan sandala bindirip, a\u00e7\u0131ktaki gemi ile g\u00f6ndereceklerdir. Te\u011fmen Leon&#8217;u, Ali Kemal ile Hilal deniz k\u0131y\u0131s\u0131na getirirler, oradan tekneyle sahildeki gemiye ge\u00e7ecektir. Ali Kemal ile Leon vedala\u015f\u0131rlar.<\/p>\n<p><img loading=\"lazy\" decoding=\"async\" class=\"alignnone size-full wp-image-19384\" src=\"http:\/\/balcilar-blog.com\/wp-content\/uploads\/2017\/05\/Ekran-Al\u0131nt\u0131s\u0131VS.25.4.jpg\" alt=\"Ekran Al\u0131nt\u0131s\u0131VS.25.4\" width=\"640\" height=\"393\" srcset=\"https:\/\/balcilar-blog.com\/wp-content\/uploads\/2017\/05\/Ekran-Al\u0131nt\u0131s\u0131VS.25.4.jpg 640w, https:\/\/balcilar-blog.com\/wp-content\/uploads\/2017\/05\/Ekran-Al\u0131nt\u0131s\u0131VS.25.4-300x184.jpg 300w\" sizes=\"auto, (max-width: 640px) 100vw, 640px\" \/><\/p>\n<p>Hilal ve Ali Kemal ayr\u0131l\u0131rlar, tam o s\u0131rada Yunan binba\u015f\u0131 ve askerler gelip, Leon&#8217;u yakalarlar ve g\u00f6t\u00fcr\u00fcrler. Y\u0131ld\u0131z ihbar etmi\u015f, bu nedenle yakalanm\u0131\u015ft\u0131r. Hilal, bundan sonra senin gibi bir karde\u015fim yok diye isyan eder.<\/p>\n<p><img loading=\"lazy\" decoding=\"async\" class=\"alignnone size-full wp-image-19385\" src=\"http:\/\/balcilar-blog.com\/wp-content\/uploads\/2017\/05\/Ekran-Al\u0131nt\u0131s\u0131VS.26.1.jpg\" alt=\"Ekran Al\u0131nt\u0131s\u0131VS.26.1\" width=\"640\" height=\"426\" srcset=\"https:\/\/balcilar-blog.com\/wp-content\/uploads\/2017\/05\/Ekran-Al\u0131nt\u0131s\u0131VS.26.1.jpg 640w, https:\/\/balcilar-blog.com\/wp-content\/uploads\/2017\/05\/Ekran-Al\u0131nt\u0131s\u0131VS.26.1-300x200.jpg 300w\" sizes=\"auto, (max-width: 640px) 100vw, 640px\" \/><\/p>\n<p>Babas\u0131 General Vasili o\u011flunu h\u00fccrede ziyaret eder, af edemez, vatan hain olarak, sorgulan\u0131p askeri mahkemede yarg\u0131lanaca\u011f\u0131n\u0131 s\u00f6yler. Daha sonra, General Cevdet onunla konu\u015fur, sebebini soran Cevdet&#8217;e sizi nefret bu hale getirdi, bana da sevda&#8230; Cezam neyse raz\u0131y\u0131m.<\/p>\n<p>Azize k\u0131zlar\u0131na Te\u011fmen Leon&#8217;un yakalanmas\u0131n\u0131n ailesine zarar vermesinden endi\u015fe eder. Y\u0131ld\u0131z&#8217;a ihbar etti\u011fi i\u00e7in \u00e7ok sinirlenir.<\/p>\n<p>Leon&#8217;un annesi Veronika bir t\u00fcrl\u00fc o\u011flunun neden yapt\u0131\u011f\u0131n\u0131 anlam veremez. T\u00fcrk k\u0131z\u0131na yazd\u0131\u011f\u0131 mektup oldu\u011funu \u00f6\u011frenir. Hilal mahkeme salonuna Leon ile konu\u015fmak i\u00e7in gelir, ama konu\u015fturulmaz. Hilal&#8217;e sana m\u0131 yazd\u0131 diye sorar, sonra da sar\u0131l\u0131r. Onu ancak sen ikna edebilirsin, hayatta kalmak i\u00e7in ne gerekiyorsa yaps\u0131n diye yalvar\u0131r.<\/p>\n<p><img loading=\"lazy\" decoding=\"async\" class=\"alignnone size-full wp-image-19386\" src=\"http:\/\/balcilar-blog.com\/wp-content\/uploads\/2017\/05\/Ekran-Al\u0131nt\u0131s\u0131VS.26.2.jpg\" alt=\"Ekran Al\u0131nt\u0131s\u0131VS.26.2\" width=\"640\" height=\"397\" srcset=\"https:\/\/balcilar-blog.com\/wp-content\/uploads\/2017\/05\/Ekran-Al\u0131nt\u0131s\u0131VS.26.2.jpg 640w, https:\/\/balcilar-blog.com\/wp-content\/uploads\/2017\/05\/Ekran-Al\u0131nt\u0131s\u0131VS.26.2-300x186.jpg 300w\" sizes=\"auto, (max-width: 640px) 100vw, 640px\" \/><\/p>\n<p>Te\u011fmen Leon askeri mahkemede yarg\u0131lan\u0131r. Mahkeme karar\u0131n\u0131 verir, vatana ihanetten kur\u015funa dizilerek infaz edilmesini karar verilir. Veronika kocas\u0131 general Vasili&#8217;ye, o\u011flunun katledilmeden Hilal ile konu\u015fturmas\u0131n\u0131 rica eder.<\/p>\n<p><img loading=\"lazy\" decoding=\"async\" class=\"alignnone size-full wp-image-19387\" src=\"http:\/\/balcilar-blog.com\/wp-content\/uploads\/2017\/05\/Ekran-Al\u0131nt\u0131s\u0131VS.26.3.jpg\" alt=\"Ekran Al\u0131nt\u0131s\u0131VS.26.3\" width=\"640\" height=\"412\" srcset=\"https:\/\/balcilar-blog.com\/wp-content\/uploads\/2017\/05\/Ekran-Al\u0131nt\u0131s\u0131VS.26.3.jpg 640w, https:\/\/balcilar-blog.com\/wp-content\/uploads\/2017\/05\/Ekran-Al\u0131nt\u0131s\u0131VS.26.3-300x193.jpg 300w\" sizes=\"auto, (max-width: 640px) 100vw, 640px\" \/><\/p>\n<p>Ve Leon&#8217;un yan\u0131na girmeye ba\u015far\u0131r, s\u0131k\u0131 s\u0131k\u0131ya sar\u0131l\u0131rlar. Konu\u015furlar. Hilal; mani olmam\u0131n bir yolu olmal\u0131. Leon; Yok bir yolu, yok. Ben bir \u015fey \u00f6\u011frendim bar\u0131\u015f i\u00e7in sava\u015fmak, sava\u015f i\u00e7in sava\u015fmaktan daha g\u00fc\u00e7m\u00fc\u015f. \u0130nsan sevmedi\u011fi b\u00fct\u00fcn yollar\u0131, sevdikleri u\u011fruna girmek mecburiyetinde kalabiliyormu\u015f, ben de bunu yapaca\u011f\u0131m. Hilal, g\u00f6z ya\u015flar\u0131 i\u00e7inde benim i\u00e7in ya\u015famal\u0131s\u0131n Leon. Biz istersek bu sava\u015f\u0131 durdururuz. Leon&#8217;un avucuna bir \u015fey s\u0131k\u0131\u015ft\u0131r\u0131r.<\/p>\n<p><img loading=\"lazy\" decoding=\"async\" class=\"alignnone size-full wp-image-19388\" src=\"http:\/\/balcilar-blog.com\/wp-content\/uploads\/2017\/05\/Ekran-Al\u0131nt\u0131s\u0131VS.26.4.jpg\" alt=\"Ekran Al\u0131nt\u0131s\u0131VS.26.4\" width=\"640\" height=\"413\" srcset=\"https:\/\/balcilar-blog.com\/wp-content\/uploads\/2017\/05\/Ekran-Al\u0131nt\u0131s\u0131VS.26.4.jpg 640w, https:\/\/balcilar-blog.com\/wp-content\/uploads\/2017\/05\/Ekran-Al\u0131nt\u0131s\u0131VS.26.4-300x194.jpg 300w\" sizes=\"auto, (max-width: 640px) 100vw, 640px\" \/><\/p>\n<p>Veronika o\u011flunun ac\u0131s\u0131na dayanamaz, bile\u011fini keserek intihara kalk\u0131\u015f\u0131r.<\/p>\n<p>Hilal olduk\u00e7a \u00fczg\u00fcnd\u00fcr, kendisini tabiat\u0131n derinliklerine salar. Leon&#8217;u beklemeye ba\u015flar. Leon&#8217;un nas\u0131l olduysa h\u00fccresinin kilidini y\u00fczba\u015f\u0131 a\u00e7\u0131k b\u0131rak\u0131r, Leon ka\u00e7ar ve Hilal ile bulu\u015fur.<\/p>\n<p><img loading=\"lazy\" decoding=\"async\" class=\"alignnone size-full wp-image-19389\" src=\"http:\/\/balcilar-blog.com\/wp-content\/uploads\/2017\/05\/Ekran-Al\u0131nt\u0131s\u0131VS.26.6.jpg\" alt=\"Ekran Al\u0131nt\u0131s\u0131VS.26.6\" width=\"640\" height=\"411\" srcset=\"https:\/\/balcilar-blog.com\/wp-content\/uploads\/2017\/05\/Ekran-Al\u0131nt\u0131s\u0131VS.26.6.jpg 640w, https:\/\/balcilar-blog.com\/wp-content\/uploads\/2017\/05\/Ekran-Al\u0131nt\u0131s\u0131VS.26.6-300x193.jpg 300w\" sizes=\"auto, (max-width: 640px) 100vw, 640px\" \/><\/p>\n<p>Hilal, Leon&#8217;un durgunlu\u011funu g\u00f6r\u00fcnce, ni\u00e7in b\u00f6ylesin ka\u00e7t\u0131n kurtuldun i\u015fte&#8230; Leon, ne kayg\u0131, ne korku ne de musibet b\u0131rakmayacak yakam\u0131z\u0131&#8230; Olsun \u015fu halimizi d\u00fcnyan\u0131n b\u00fct\u00fcn sava\u015flar\u0131n\u0131 feda edelim. S\u0131k\u0131ca sar\u0131l\u0131rlar&#8230;<\/p>\n<p><img loading=\"lazy\" decoding=\"async\" class=\"alignnone size-medium wp-image-19390\" src=\"http:\/\/balcilar-blog.com\/wp-content\/uploads\/2017\/05\/Ekran-Al\u0131nt\u0131s\u0131VS.26.7-300x195.jpg\" alt=\"Ekran Al\u0131nt\u0131s\u0131VS.26.7\" width=\"300\" height=\"195\" srcset=\"https:\/\/balcilar-blog.com\/wp-content\/uploads\/2017\/05\/Ekran-Al\u0131nt\u0131s\u0131VS.26.7-300x195.jpg 300w, https:\/\/balcilar-blog.com\/wp-content\/uploads\/2017\/05\/Ekran-Al\u0131nt\u0131s\u0131VS.26.7.jpg 640w\" sizes=\"auto, (max-width: 300px) 100vw, 300px\" \/>\u00a0<img loading=\"lazy\" decoding=\"async\" class=\"alignnone size-medium wp-image-19391\" src=\"http:\/\/balcilar-blog.com\/wp-content\/uploads\/2017\/05\/Ekran-Al\u0131nt\u0131s\u0131VS.26.8-300x195.jpg\" alt=\"Ekran Al\u0131nt\u0131s\u0131VS.26.8\" width=\"300\" height=\"195\" srcset=\"https:\/\/balcilar-blog.com\/wp-content\/uploads\/2017\/05\/Ekran-Al\u0131nt\u0131s\u0131VS.26.8-300x195.jpg 300w, https:\/\/balcilar-blog.com\/wp-content\/uploads\/2017\/05\/Ekran-Al\u0131nt\u0131s\u0131VS.26.8.jpg 640w\" sizes=\"auto, (max-width: 300px) 100vw, 300px\" \/><\/p>\n<p>Di\u011fer taraftan R\u0131za Bey \u0130stanbul&#8217;da Meclis-i Mebusan&#8217;da ate\u015fli bir konu\u015fma yapar.<\/p>\n<p><img loading=\"lazy\" decoding=\"async\" class=\"alignnone size-full wp-image-19392\" src=\"http:\/\/balcilar-blog.com\/wp-content\/uploads\/2017\/05\/Ekran-Al\u0131nt\u0131s\u0131VS.26.9.jpg\" alt=\"Ekran Al\u0131nt\u0131s\u0131VS.26.9\" width=\"640\" height=\"410\" srcset=\"https:\/\/balcilar-blog.com\/wp-content\/uploads\/2017\/05\/Ekran-Al\u0131nt\u0131s\u0131VS.26.9.jpg 640w, https:\/\/balcilar-blog.com\/wp-content\/uploads\/2017\/05\/Ekran-Al\u0131nt\u0131s\u0131VS.26.9-300x192.jpg 300w\" sizes=\"auto, (max-width: 640px) 100vw, 640px\" \/><\/p>\n<p>M.Kemal&#8217;in Misak-\u0131 milli kararlar\u0131 oylama kabul edilir. R\u0131za Bey, \u0130zmir&#8217;deki \u0130ngiliz Hamilton&#8217;a o\u011flunu feda ederek istedi\u011fini yapmaz. Hamilton da o\u011flunu \u00f6ld\u00fcr\u00fcr.<\/p>\n<p>M.Kemal Cevdet&#8217;e yazd\u0131\u011f\u0131 mektupta ba\u015far\u0131lar\u0131ndan dolay\u0131 kutlan\u0131\u015f r\u00fctbesini Miralayl\u0131\u011fa y\u00fckseltmi\u015ftir. \u00a0Bir ger\u00e7ek r\u00fctbe itibar\u0131n\u0131n verilece\u011fini m\u00fcjdelemi\u015ftir.<\/p>\n<p><img loading=\"lazy\" decoding=\"async\" class=\"alignnone size-full wp-image-19393\" src=\"http:\/\/balcilar-blog.com\/wp-content\/uploads\/2017\/05\/Ekran-Al\u0131nt\u0131s\u0131VS.26.11.jpg\" alt=\"Ekran Al\u0131nt\u0131s\u0131VS.26.11\" width=\"640\" height=\"417\" srcset=\"https:\/\/balcilar-blog.com\/wp-content\/uploads\/2017\/05\/Ekran-Al\u0131nt\u0131s\u0131VS.26.11.jpg 640w, https:\/\/balcilar-blog.com\/wp-content\/uploads\/2017\/05\/Ekran-Al\u0131nt\u0131s\u0131VS.26.11-300x195.jpg 300w\" sizes=\"auto, (max-width: 640px) 100vw, 640px\" \/><\/p>\n<p>Kahraman T\u00fcrk kad\u0131n\u0131n temsil eden Fatma; Azize&#8217;ye; &#8220;Evlad\u0131n\u0131z h\u00fcr bir \u00fclkede do\u011facak, Allah&#8217;\u0131n izniyle babas\u0131na da kavu\u015facak!&#8221;<\/p>\n<p>Burada 26.b\u00f6l\u00fcm sona erdi. Leon (Boran Kuzum) ile Hilal (Miray Daner) a\u015fk\u0131 ger\u00e7ekten s\u0131n\u0131r tan\u0131maz bir a\u015fkt\u0131. Son iki b\u00f6l\u00fcme de damgas\u0131n\u0131 vurdu.<\/p>\n<p>Kanal D&#8217;nin Vatan\u0131m Sensin ilgi ile izledi\u011fimiz bir dizi. Zaman zaman milli duygular\u0131 \u00f6ne \u00e7\u0131kart\u0131yor, bazen de Hilal &#8211; Leon aras\u0131ndaki gibi a\u015fklara&#8230;<\/p>\n<p>&nbsp;<\/p>\n<p>Sayg\u0131lar ve sevgiler.<\/p>\n<p>Abdurrahman Balc\u0131lar<\/p>\n<p>Twitter:\u00a0<a href=\"https:\/\/twitter.com\/abbalcilar\">abdurrahman balc\u0131lar<\/a><a href=\"https:\/\/twitter.com\/abbalcilar\"><strong>@abbalcilar<\/strong><\/a><\/p>\n<p>Mail :\u00a0<a href=\"mailto:ab.balcilar@hotmail.com\">ab.balcilar@hotmail.com<\/a><\/p>\n<p>Blog:\u00a0<a href=\"http:\/\/t.co\/znqmIZgIqn\">blog.milliyet.com.tr\/cansever<\/a><\/p>\n<p>Blog:\u00a0<a href=\"http:\/\/balcilar-blog.com\/\">Abdurrahman Balc\u0131lar Blog Sayfas\u0131<\/a><\/p>\n<p>&nbsp;<\/p>\n<p>Not: G\u00f6rseller taraf\u0131mdan diziden al\u0131nm\u0131\u015ft\u0131r.<\/p>\n<p>&nbsp;<\/p>\n","protected":false},"excerpt":{"rendered":"<p>Bir laf vard\u0131r; A\u015fk&#8217;\u0131n dini, iman\u0131, vatan\u0131 olmaz. Dostlar aras\u0131nda ya\u015fanan a\u015fk, d\u00fc\u015fmanlar aras\u0131nda ya\u015fanan da sava\u015f olurmu\u015f. Onlar dost de\u011fil, dini \u0131rk\u0131 vatan\u0131 ayr\u0131 iki d\u00fc\u015fman taraf\u0131n \u00e7ocuklar\u0131. Leon ile Hilal aras\u0131nda ya\u015fanana ne a\u015fk\u0131 demeli&#8230; Vatan\u0131n\u0131 i\u015fgal eden komutan\u0131n o\u011flu Te\u011fmen Leon ile T\u00fcrk k\u0131z\u0131 Hilal aras\u0131nda son iki b\u00f6l\u00fcmd\u00fcr ya\u015fanan a\u015fk diziye [&hellip;]<\/p>\n","protected":false},"author":3,"featured_media":19394,"comment_status":"open","ping_status":"open","sticky":false,"template":"","format":"standard","meta":{"footnotes":""},"categories":[2],"tags":[1386,91,1385,1294],"class_list":["post-19377","post","type-post","status-publish","format-standard","has-post-thumbnail","hentry","category-tv-programlari","tag-boran-kuzum","tag-kanal-d","tag-miray-daner","tag-vatanim-sensin"],"views":6511,"blog_post_layout_featured_media_urls":{"thumbnail":["https:\/\/balcilar-blog.com\/wp-content\/uploads\/2017\/05\/Ekran-Al\u0131nt\u0131s\u0131VS.26.KP_-150x150.jpg",150,150,true],"full":["https:\/\/balcilar-blog.com\/wp-content\/uploads\/2017\/05\/Ekran-Al\u0131nt\u0131s\u0131VS.26.KP_.jpg",640,411,false]},"categories_names":{"2":{"name":"TV Programlar\u0131","link":"https:\/\/balcilar-blog.com\/?cat=2"}},"tags_names":{"1386":{"name":"Boran Kuzum","link":"https:\/\/balcilar-blog.com\/?tag=boran-kuzum"},"91":{"name":"Kanal D","link":"https:\/\/balcilar-blog.com\/?tag=kanal-d"},"1385":{"name":"Miray Daner","link":"https:\/\/balcilar-blog.com\/?tag=miray-daner"},"1294":{"name":"Vatan\u0131m Sensin","link":"https:\/\/balcilar-blog.com\/?tag=vatanim-sensin"}},"comments_number":"0","wpmagazine_modules_lite_featured_media_urls":{"thumbnail":["https:\/\/balcilar-blog.com\/wp-content\/uploads\/2017\/05\/Ekran-Al\u0131nt\u0131s\u0131VS.26.KP_-150x150.jpg",150,150,true],"cvmm-medium":["https:\/\/balcilar-blog.com\/wp-content\/uploads\/2017\/05\/Ekran-Al\u0131nt\u0131s\u0131VS.26.KP_.jpg",300,193,false],"cvmm-medium-plus":["https:\/\/balcilar-blog.com\/wp-content\/uploads\/2017\/05\/Ekran-Al\u0131nt\u0131s\u0131VS.26.KP_.jpg",305,196,false],"cvmm-portrait":["https:\/\/balcilar-blog.com\/wp-content\/uploads\/2017\/05\/Ekran-Al\u0131nt\u0131s\u0131VS.26.KP_.jpg",400,257,false],"cvmm-medium-square":["https:\/\/balcilar-blog.com\/wp-content\/uploads\/2017\/05\/Ekran-Al\u0131nt\u0131s\u0131VS.26.KP_.jpg",600,385,false],"cvmm-large":["https:\/\/balcilar-blog.com\/wp-content\/uploads\/2017\/05\/Ekran-Al\u0131nt\u0131s\u0131VS.26.KP_.jpg",640,411,false],"cvmm-small":["https:\/\/balcilar-blog.com\/wp-content\/uploads\/2017\/05\/Ekran-Al\u0131nt\u0131s\u0131VS.26.KP_.jpg",130,83,false],"full":["https:\/\/balcilar-blog.com\/wp-content\/uploads\/2017\/05\/Ekran-Al\u0131nt\u0131s\u0131VS.26.KP_.jpg",640,411,false]},"_links":{"self":[{"href":"https:\/\/balcilar-blog.com\/index.php?rest_route=\/wp\/v2\/posts\/19377","targetHints":{"allow":["GET"]}}],"collection":[{"href":"https:\/\/balcilar-blog.com\/index.php?rest_route=\/wp\/v2\/posts"}],"about":[{"href":"https:\/\/balcilar-blog.com\/index.php?rest_route=\/wp\/v2\/types\/post"}],"author":[{"embeddable":true,"href":"https:\/\/balcilar-blog.com\/index.php?rest_route=\/wp\/v2\/users\/3"}],"replies":[{"embeddable":true,"href":"https:\/\/balcilar-blog.com\/index.php?rest_route=%2Fwp%2Fv2%2Fcomments&post=19377"}],"version-history":[{"count":3,"href":"https:\/\/balcilar-blog.com\/index.php?rest_route=\/wp\/v2\/posts\/19377\/revisions"}],"predecessor-version":[{"id":19395,"href":"https:\/\/balcilar-blog.com\/index.php?rest_route=\/wp\/v2\/posts\/19377\/revisions\/19395"}],"wp:featuredmedia":[{"embeddable":true,"href":"https:\/\/balcilar-blog.com\/index.php?rest_route=\/wp\/v2\/media\/19394"}],"wp:attachment":[{"href":"https:\/\/balcilar-blog.com\/index.php?rest_route=%2Fwp%2Fv2%2Fmedia&parent=19377"}],"wp:term":[{"taxonomy":"category","embeddable":true,"href":"https:\/\/balcilar-blog.com\/index.php?rest_route=%2Fwp%2Fv2%2Fcategories&post=19377"},{"taxonomy":"post_tag","embeddable":true,"href":"https:\/\/balcilar-blog.com\/index.php?rest_route=%2Fwp%2Fv2%2Ftags&post=19377"}],"curies":[{"name":"wp","href":"https:\/\/api.w.org\/{rel}","templated":true}]}}