{"id":19356,"date":"2017-05-03T18:04:54","date_gmt":"2017-05-03T15:04:54","guid":{"rendered":"http:\/\/balcilar-blog.com\/?p=19356"},"modified":"2017-05-03T18:04:54","modified_gmt":"2017-05-03T15:04:54","slug":"bu-sehir-arkandan-gelecek-sahin-oglu-ali-icin-yillar-sonra-ringe-cikiyor","status":"publish","type":"post","link":"https:\/\/balcilar-blog.com\/?p=19356","title":{"rendered":"Bu \u015eehir Arkandan Gelecek \/ \u015eahin, o\u011flu Ali i\u00e7in y\u0131llar sonra ringe \u00e7\u0131k\u0131yor!"},"content":{"rendered":"<p class=\"x_MsoNormal\" align=\"center\"><img loading=\"lazy\" decoding=\"async\" class=\"alignnone size-full wp-image-19370\" src=\"http:\/\/balcilar-blog.com\/wp-content\/uploads\/2017\/05\/B\u015eAG-16.B\u00f6l\u00fcm-4.jpg\" alt=\"B\u015eAG 16.B\u00f6l\u00fcm (4)\" width=\"800\" height=\"533\" srcset=\"https:\/\/balcilar-blog.com\/wp-content\/uploads\/2017\/05\/B\u015eAG-16.B\u00f6l\u00fcm-4.jpg 800w, https:\/\/balcilar-blog.com\/wp-content\/uploads\/2017\/05\/B\u015eAG-16.B\u00f6l\u00fcm-4-300x200.jpg 300w, https:\/\/balcilar-blog.com\/wp-content\/uploads\/2017\/05\/B\u015eAG-16.B\u00f6l\u00fcm-4-768x512.jpg 768w\" sizes=\"auto, (max-width: 800px) 100vw, 800px\" \/><\/p>\n<p class=\"x_MsoNormal\" align=\"center\">Ay Yap\u0131m imzal\u0131 \u2018Bu \u015eehir Arkandan Gelecek\u2019in yeni b\u00f6l\u00fcm\u00fcnde \u015eahin, o\u011flu Ali\u2019yi Aydemir ve G\u00fclce\u2019nin elinden kurtarmak i\u00e7in ringe \u00e7\u0131kacak. Ge\u00e7mi\u015fte \u2018\u015eampiyon\u2019 lakab\u0131yla ringin tozunu att\u0131ran \u015eahin\u2019i \u00e7etin bir kar\u015f\u0131la\u015fma bekleyecek.<\/p>\n<p>Kerem B\u00fcrsin, Leyla Lydia Tu\u011futlu ve G\u00fcrkan Uygun\u2019un rol ald\u0131\u011f\u0131 \u2018Bu \u015eehir Arkandan Gelecek\u2019in yeni b\u00f6l\u00fcm\u00fcnde \u015eahin, o\u011flu Ali\u2019nin \u00f6zg\u00fcrl\u00fc\u011f\u00fcne kavu\u015fmas\u0131 i\u00e7in harekete ge\u00e7ecek. Ali\u2019nin, Aydemir ve G\u00fclce\u2019yle olan anla\u015fmas\u0131n\u0131n iptali i\u00e7in Aydemir ile kar\u015f\u0131 kar\u015f\u0131ya gelen \u015eahin, beklenmedik bir teklifle kar\u015f\u0131la\u015facak.<\/p>\n<p><img loading=\"lazy\" decoding=\"async\" class=\"alignnone size-full wp-image-19372\" src=\"http:\/\/balcilar-blog.com\/wp-content\/uploads\/2017\/05\/B\u015eAG-16.B\u00f6l\u00fcm-6.jpg\" alt=\"B\u015eAG 16.B\u00f6l\u00fcm (6)\" width=\"640\" height=\"360\" srcset=\"https:\/\/balcilar-blog.com\/wp-content\/uploads\/2017\/05\/B\u015eAG-16.B\u00f6l\u00fcm-6.jpg 640w, https:\/\/balcilar-blog.com\/wp-content\/uploads\/2017\/05\/B\u015eAG-16.B\u00f6l\u00fcm-6-300x169.jpg 300w\" sizes=\"auto, (max-width: 640px) 100vw, 640px\" \/><\/p>\n<p>Aydemir, \u015eahin\u2019den kendisinden gen\u00e7 birisiyle kurals\u0131z d\u00f6v\u00fc\u015fmesini isteyecek. \u015eahin bu teklifi g\u00f6z\u00fc kapal\u0131 kabul etse de Nesrin\u2019in \u201cEvlili\u011fi unut\u201d resti onu ikinci kez sevdi\u011fi kad\u0131n\u0131 kaybetmenin e\u015fi\u011fine getirecek.<\/p>\n<p><img loading=\"lazy\" decoding=\"async\" class=\"alignnone size-full wp-image-19369\" src=\"http:\/\/balcilar-blog.com\/wp-content\/uploads\/2017\/05\/B\u015eAG-16.B\u00f6l\u00fcm-3.jpg\" alt=\"B\u015eAG 16.B\u00f6l\u00fcm (3)\" width=\"640\" height=\"360\" srcset=\"https:\/\/balcilar-blog.com\/wp-content\/uploads\/2017\/05\/B\u015eAG-16.B\u00f6l\u00fcm-3.jpg 640w, https:\/\/balcilar-blog.com\/wp-content\/uploads\/2017\/05\/B\u015eAG-16.B\u00f6l\u00fcm-3-300x169.jpg 300w\" sizes=\"auto, (max-width: 640px) 100vw, 640px\" \/><\/p>\n<p>Beklenmedik bir anda t\u00fcm bu ya\u015fananlar\u0131 \u00f6\u011frenen Ali ise babas\u0131n\u0131 kurtarmak i\u00e7in \u00e7abalayacak. Tansiyonun y\u00fckselece\u011fi b\u00f6l\u00fcmde Ali, babas\u0131na yeti\u015fecek mi sorusunun cevab\u0131 yan\u0131t bulacak.<\/p>\n<p><strong>\u201c\u00dc\u00e7\u00fcm\u00fcz \u00e7ok g\u00fczel bir aile olaca\u011f\u0131z\u201d<\/strong><\/p>\n<p>Ali\u2019nin hayat\u0131 G\u00fclce ile aralar\u0131ndaki anla\u015fma y\u00fcz\u00fcnden her ge\u00e7en g\u00fcn zorla\u015f\u0131rken,<\/p>\n<p><img loading=\"lazy\" decoding=\"async\" class=\"alignnone size-full wp-image-19373\" src=\"http:\/\/balcilar-blog.com\/wp-content\/uploads\/2017\/05\/B\u015eAG-16.B\u00f6l\u00fcm-7.jpg\" alt=\"B\u015eAG 16.B\u00f6l\u00fcm (7)\" width=\"640\" height=\"360\" srcset=\"https:\/\/balcilar-blog.com\/wp-content\/uploads\/2017\/05\/B\u015eAG-16.B\u00f6l\u00fcm-7.jpg 640w, https:\/\/balcilar-blog.com\/wp-content\/uploads\/2017\/05\/B\u015eAG-16.B\u00f6l\u00fcm-7-300x169.jpg 300w\" sizes=\"auto, (max-width: 640px) 100vw, 640px\" \/><\/p>\n<p>Derin ise annesi Belgin\u2019in uyanmas\u0131yla birlikte onunla y\u00fczle\u015fecek. Yeni bir f\u0131rt\u0131nayla savrulan Ali ve Derin\u2019in ba\u015f ba\u015fa kald\u0131\u011f\u0131 romantik anlar ekran ba\u015f\u0131ndakilere keyifli dakikalar ya\u015fatacak. Ali ve Derin, k\u0131sa s\u00fcreli\u011fine de olsa her \u015feyi unutup bir aile olman\u0131n hayalini kuracak.<\/p>\n<p><img loading=\"lazy\" decoding=\"async\" class=\"alignnone size-full wp-image-19368\" src=\"http:\/\/balcilar-blog.com\/wp-content\/uploads\/2017\/05\/B\u015eAG-16.B\u00f6l\u00fcm-2.jpg\" alt=\"B\u015eAG 16.B\u00f6l\u00fcm (2)\" width=\"640\" height=\"360\" srcset=\"https:\/\/balcilar-blog.com\/wp-content\/uploads\/2017\/05\/B\u015eAG-16.B\u00f6l\u00fcm-2.jpg 640w, https:\/\/balcilar-blog.com\/wp-content\/uploads\/2017\/05\/B\u015eAG-16.B\u00f6l\u00fcm-2-300x169.jpg 300w\" sizes=\"auto, (max-width: 640px) 100vw, 640px\" \/><\/p>\n<p>\u2018Bu \u015eehir Arkandan Gelecek\u2019in heyecan dolu yeni b\u00f6l\u00fcm\u00fcnde Ali, G\u00fclce\u2019den kurtulabilecek mi, Belgin, ge\u00e7mi\u015fte Ali\u2019nin evini kundaklatt\u0131\u011f\u0131 ger\u00e7e\u011fini itiraf edecek mi, \u015eahin ma\u00e7\u0131 kazanabilecek mi gibi sorular cevap bulacak.<\/p>\n<p><img loading=\"lazy\" decoding=\"async\" class=\"alignnone size-full wp-image-19367\" src=\"http:\/\/balcilar-blog.com\/wp-content\/uploads\/2017\/05\/B\u015eAG-16.B\u00f6l\u00fcm-1.jpg\" alt=\"B\u015eAG 16.B\u00f6l\u00fcm (1)\" width=\"640\" height=\"360\" srcset=\"https:\/\/balcilar-blog.com\/wp-content\/uploads\/2017\/05\/B\u015eAG-16.B\u00f6l\u00fcm-1.jpg 640w, https:\/\/balcilar-blog.com\/wp-content\/uploads\/2017\/05\/B\u015eAG-16.B\u00f6l\u00fcm-1-300x169.jpg 300w\" sizes=\"auto, (max-width: 640px) 100vw, 640px\" \/><\/p>\n<p class=\"x_MsoNormal\" align=\"center\"><b>Fragman:\u00a0<\/b><span style=\"font-family: cambria, serif;\"><b><a href=\"https:\/\/www.youtube.com\/watch?v=duhp8e0P-WE\" target=\"_blank\" rel=\"noopener noreferrer\">https:\/\/www.youtube.com\/watch?v=duhp8e0P-WE<\/a><\/b><\/span><\/p>\n<p class=\"x_MsoNormal\" align=\"center\"><b>\u2018Bu \u015eehir Arkandan Gelecek\u2019in yeni b\u00f6l\u00fcm\u00fc 3 May\u0131s \u00c7ar\u015famba saat 20:00\u2019da Atv\u2019de ekranlara gelecek.\u00a0<\/b><\/p>\n<p>&nbsp;<\/p>\n<p>\u0130yi Seyirler.<\/p>\n<p>Sayg\u0131lar ve sevgiler.<\/p>\n<p>Abdurrahman Balc\u0131lar<\/p>\n<p>Twitter:\u00a0<a href=\"https:\/\/twitter.com\/abbalcilar\">abdurrahman balc\u0131lar<\/a><a href=\"https:\/\/twitter.com\/abbalcilar\"><strong>@abbalcilar<\/strong><\/a><\/p>\n<p>Mail :\u00a0<a href=\"mailto:ab.balcilar@hotmail.com\">ab.balcilar@hotmail.com<\/a><\/p>\n<p>Blog:\u00a0<a href=\"http:\/\/t.co\/znqmIZgIqn\">blog.milliyet.com.tr\/cansever<\/a><\/p>\n<p>Blog:\u00a0<a href=\"http:\/\/balcilar-blog.com\/\">Abdurrahman Balc\u0131lar Blog Sayfas\u0131<\/a><\/p>\n<p>Not: Haber ve g\u00f6rseller Persona Bas\u0131n B\u00fclteni.<\/p>\n<p class=\"x_MsoNormal\" align=\"center\">\n","protected":false},"excerpt":{"rendered":"<p>Ay Yap\u0131m imzal\u0131 \u2018Bu \u015eehir Arkandan Gelecek\u2019in yeni b\u00f6l\u00fcm\u00fcnde \u015eahin, o\u011flu Ali\u2019yi Aydemir ve G\u00fclce\u2019nin elinden kurtarmak i\u00e7in ringe \u00e7\u0131kacak. Ge\u00e7mi\u015fte \u2018\u015eampiyon\u2019 lakab\u0131yla ringin tozunu att\u0131ran \u015eahin\u2019i \u00e7etin bir kar\u015f\u0131la\u015fma bekleyecek. Kerem B\u00fcrsin, Leyla Lydia Tu\u011futlu ve G\u00fcrkan Uygun\u2019un rol ald\u0131\u011f\u0131 \u2018Bu \u015eehir Arkandan Gelecek\u2019in yeni b\u00f6l\u00fcm\u00fcnde \u015eahin, o\u011flu Ali\u2019nin \u00f6zg\u00fcrl\u00fc\u011f\u00fcne kavu\u015fmas\u0131 i\u00e7in harekete ge\u00e7ecek. [&hellip;]<\/p>\n","protected":false},"author":3,"featured_media":19370,"comment_status":"open","ping_status":"open","sticky":false,"template":"","format":"standard","meta":{"footnotes":""},"categories":[2],"tags":[48,1289,1312,673,745],"class_list":["post-19356","post","type-post","status-publish","format-standard","has-post-thumbnail","hentry","category-tv-programlari","tag-atv","tag-bu-sehir-arkandan-gelecek","tag-gurkan-uygun","tag-kerem-bursin","tag-leyla-lydia-tugutlu"],"views":3449,"blog_post_layout_featured_media_urls":{"thumbnail":["https:\/\/balcilar-blog.com\/wp-content\/uploads\/2017\/05\/B\u015eAG-16.B\u00f6l\u00fcm-4-150x150.jpg",150,150,true],"full":["https:\/\/balcilar-blog.com\/wp-content\/uploads\/2017\/05\/B\u015eAG-16.B\u00f6l\u00fcm-4.jpg",800,533,false]},"categories_names":{"2":{"name":"TV Programlar\u0131","link":"https:\/\/balcilar-blog.com\/?cat=2"}},"tags_names":{"48":{"name":"ATV","link":"https:\/\/balcilar-blog.com\/?tag=atv"},"1289":{"name":"Bu \u015eehir Arkandan Gelecek","link":"https:\/\/balcilar-blog.com\/?tag=bu-sehir-arkandan-gelecek"},"1312":{"name":"G\u00fcrkan Uygun","link":"https:\/\/balcilar-blog.com\/?tag=gurkan-uygun"},"673":{"name":"Kerem Bursin","link":"https:\/\/balcilar-blog.com\/?tag=kerem-bursin"},"745":{"name":"Leyla Lydia Tu\u011futlu","link":"https:\/\/balcilar-blog.com\/?tag=leyla-lydia-tugutlu"}},"comments_number":"0","wpmagazine_modules_lite_featured_media_urls":{"thumbnail":["https:\/\/balcilar-blog.com\/wp-content\/uploads\/2017\/05\/B\u015eAG-16.B\u00f6l\u00fcm-4-150x150.jpg",150,150,true],"cvmm-medium":["https:\/\/balcilar-blog.com\/wp-content\/uploads\/2017\/05\/B\u015eAG-16.B\u00f6l\u00fcm-4.jpg",300,200,false],"cvmm-medium-plus":["https:\/\/balcilar-blog.com\/wp-content\/uploads\/2017\/05\/B\u015eAG-16.B\u00f6l\u00fcm-4.jpg",305,203,false],"cvmm-portrait":["https:\/\/balcilar-blog.com\/wp-content\/uploads\/2017\/05\/B\u015eAG-16.B\u00f6l\u00fcm-4.jpg",400,267,false],"cvmm-medium-square":["https:\/\/balcilar-blog.com\/wp-content\/uploads\/2017\/05\/B\u015eAG-16.B\u00f6l\u00fcm-4.jpg",600,400,false],"cvmm-large":["https:\/\/balcilar-blog.com\/wp-content\/uploads\/2017\/05\/B\u015eAG-16.B\u00f6l\u00fcm-4.jpg",800,533,false],"cvmm-small":["https:\/\/balcilar-blog.com\/wp-content\/uploads\/2017\/05\/B\u015eAG-16.B\u00f6l\u00fcm-4.jpg",130,87,false],"full":["https:\/\/balcilar-blog.com\/wp-content\/uploads\/2017\/05\/B\u015eAG-16.B\u00f6l\u00fcm-4.jpg",800,533,false]},"_links":{"self":[{"href":"https:\/\/balcilar-blog.com\/index.php?rest_route=\/wp\/v2\/posts\/19356","targetHints":{"allow":["GET"]}}],"collection":[{"href":"https:\/\/balcilar-blog.com\/index.php?rest_route=\/wp\/v2\/posts"}],"about":[{"href":"https:\/\/balcilar-blog.com\/index.php?rest_route=\/wp\/v2\/types\/post"}],"author":[{"embeddable":true,"href":"https:\/\/balcilar-blog.com\/index.php?rest_route=\/wp\/v2\/users\/3"}],"replies":[{"embeddable":true,"href":"https:\/\/balcilar-blog.com\/index.php?rest_route=%2Fwp%2Fv2%2Fcomments&post=19356"}],"version-history":[{"count":1,"href":"https:\/\/balcilar-blog.com\/index.php?rest_route=\/wp\/v2\/posts\/19356\/revisions"}],"predecessor-version":[{"id":19374,"href":"https:\/\/balcilar-blog.com\/index.php?rest_route=\/wp\/v2\/posts\/19356\/revisions\/19374"}],"wp:featuredmedia":[{"embeddable":true,"href":"https:\/\/balcilar-blog.com\/index.php?rest_route=\/wp\/v2\/media\/19370"}],"wp:attachment":[{"href":"https:\/\/balcilar-blog.com\/index.php?rest_route=%2Fwp%2Fv2%2Fmedia&parent=19356"}],"wp:term":[{"taxonomy":"category","embeddable":true,"href":"https:\/\/balcilar-blog.com\/index.php?rest_route=%2Fwp%2Fv2%2Fcategories&post=19356"},{"taxonomy":"post_tag","embeddable":true,"href":"https:\/\/balcilar-blog.com\/index.php?rest_route=%2Fwp%2Fv2%2Ftags&post=19356"}],"curies":[{"name":"wp","href":"https:\/\/api.w.org\/{rel}","templated":true}]}}