{"id":19233,"date":"2017-04-29T14:34:50","date_gmt":"2017-04-29T11:34:50","guid":{"rendered":"http:\/\/balcilar-blog.com\/?p=19233"},"modified":"2017-05-23T15:01:39","modified_gmt":"2017-05-23T12:01:39","slug":"cagatay-ulusoy-bu-yaz-3-sinema-filmi-ile-geliyor","status":"publish","type":"post","link":"https:\/\/balcilar-blog.com\/?p=19233","title":{"rendered":"\u00c7a\u011fatay Ulusoy bu yaz 3.Sinema filmi ile geliyor!"},"content":{"rendered":"<p><img loading=\"lazy\" decoding=\"async\" class=\"alignnone size-full wp-image-19235\" src=\"http:\/\/balcilar-blog.com\/wp-content\/uploads\/2017\/04\/cats-\u00c7.Ulusoy.jpg\" alt=\"cats \u00c7.Ulusoy\" width=\"480\" height=\"486\" srcset=\"https:\/\/balcilar-blog.com\/wp-content\/uploads\/2017\/04\/cats-\u00c7.Ulusoy.jpg 480w, https:\/\/balcilar-blog.com\/wp-content\/uploads\/2017\/04\/cats-\u00c7.Ulusoy-296x300.jpg 296w\" sizes=\"auto, (max-width: 480px) 100vw, 480px\" \/><\/p>\n<p>\u00c7a\u011fatay Ulusoy, 2016 &#8211; 2017 dizi sezonunda &#8220;\u0130\u00e7erde&#8221; dizisi ile \u00e7\u0131k\u0131\u015f\u0131n\u0131 devam ettirdi. \u0130\u00e7erde; Haziran ay\u0131 i\u00e7inde en ba\u015fta planland\u0131\u011f\u0131 gibi 39.b\u00f6l\u00fcmde final yapacak ve bitecek. Ulusoy, ge\u00e7en yaz sinema filmi yapmayarak, Amerika&#8217;da Los Angeles Santa Monika&#8217;daki evinde dinlenerek ve \u0130\u00e7erde dizisine haz\u0131rlanarak ge\u00e7irmi\u015fti.<\/p>\n<p>Dizinin bitimi ile yeni projesi i\u00e7in kollar\u0131 s\u0131vayacak olan \u00c7a\u011fatay Ulusoy, gelen haberlere g\u00f6re Taff Pictures ile anla\u015ft\u0131\u011f\u0131 s\u00f6yleniyor.<\/p>\n<p>Hadi hay\u0131rl\u0131 olsun diyelim. Ulusoy, \u00f6nceki 2015 yaz\u0131nda &#8220;Delibal&#8221; filminde Bar\u0131\u015f Ayaz karakteri ile \u00e7ok b\u00fcy\u00fck bir ba\u015far\u0131 ede etmi\u015ftir.<\/p>\n<p><img loading=\"lazy\" decoding=\"async\" class=\"alignnone size-full wp-image-17222\" src=\"http:\/\/balcilar-blog.com\/wp-content\/uploads\/2017\/01\/cats-delibal-bar\u0131\u015f.jpg\" alt=\"cats delibal - bar\u0131\u015f\" width=\"640\" height=\"363\" srcset=\"https:\/\/balcilar-blog.com\/wp-content\/uploads\/2017\/01\/cats-delibal-bar\u0131\u015f.jpg 640w, https:\/\/balcilar-blog.com\/wp-content\/uploads\/2017\/01\/cats-delibal-bar\u0131\u015f-300x170.jpg 300w\" sizes=\"auto, (max-width: 640px) 100vw, 640px\" \/><\/p>\n<p>Hazal Kaya ile ba\u015flad\u0131\u011f\u0131 ilk dizisi &#8220;Ad\u0131n\u0131 Feriha Koydum&#8221; ile ad\u0131n\u0131 duyurmu\u015f Feriha-Emir a\u015fk\u0131 ile fenomen olmu\u015flard\u0131. \u00a02011 yaz\u0131nda dizi sezon finalinden sonra &#8220;Anadolu Kartallar\u0131&#8221; adl\u0131 ilk sinema filminde rol alm\u0131\u015f, \u00fcste\u011fmen Ahmet Onur karakteri ile g\u00f6z doldurmu\u015ftu.<\/p>\n<p><img loading=\"lazy\" decoding=\"async\" class=\"alignnone size-full wp-image-12436\" src=\"http:\/\/balcilar-blog.com\/wp-content\/uploads\/2016\/01\/\u00e7a\u011fatayulusoyanadolu-kartallar\u0131.jpg\" alt=\"\u00e7a\u011fatayulusoyanadolu-kartallar\u0131\" width=\"480\" height=\"483\" srcset=\"https:\/\/balcilar-blog.com\/wp-content\/uploads\/2016\/01\/\u00e7a\u011fatayulusoyanadolu-kartallar\u0131.jpg 480w, https:\/\/balcilar-blog.com\/wp-content\/uploads\/2016\/01\/\u00e7a\u011fatayulusoyanadolu-kartallar\u0131-150x150.jpg 150w, https:\/\/balcilar-blog.com\/wp-content\/uploads\/2016\/01\/\u00e7a\u011fatayulusoyanadolu-kartallar\u0131-298x300.jpg 298w\" sizes=\"auto, (max-width: 480px) 100vw, 480px\" \/><\/p>\n<p>\u015eimdilik filmin konusu, \u00c7a\u011fatay Ulusoy d\u0131\u015f\u0131nda oyuncular\u0131 belli de\u011fil. \u0130\u00e7erde dizi \u00e7ekimleri biter bitmez yeni projesine haz\u0131rlanmaya ba\u015flayacakt\u0131r. \u0130\u00e7erde dizisinde sa\u00e7lar\u0131n\u0131 kestirmi\u015f, k\u0131sa sa\u00e7l\u0131 sakall\u0131 bir imajla, hem polis, hemde mafya adam\u0131 olarak &#8220;Sarp Y\u0131lmaz&#8221; karakterini canland\u0131rm\u0131\u015ft\u0131r. Yine oyunculu\u011fu ile kendisini g\u00f6stermi\u015f, yine \u00e7ok sevilmi\u015ftir. G\u00fc\u00e7l\u00fc oyuncularla oynam\u0131\u015f, kendi g\u00fcn\u00fcnde ba\u015flad\u0131\u011f\u0131 ilk g\u00fcnden bu yana her \u00fc\u00e7 kategoride gecenin birincisi ve haftan\u0131n dizilerinde 2.s\u0131rada yer alm\u0131\u015ft\u0131r. \u00a0Ulusoy&#8217;un dizinin ba\u015far\u0131s\u0131nda pay\u0131 \u00e7ok b\u00fcy\u00fck olmu\u015ftur.<\/p>\n<p>&nbsp;<\/p>\n<p><img loading=\"lazy\" decoding=\"async\" class=\"alignnone size-full wp-image-19279\" src=\"http:\/\/balcilar-blog.com\/wp-content\/uploads\/2017\/04\/18119053_693485410836914_590114559163903251_n.jpg\" alt=\"18119053_693485410836914_590114559163903251_n\" width=\"640\" height=\"360\" srcset=\"https:\/\/balcilar-blog.com\/wp-content\/uploads\/2017\/04\/18119053_693485410836914_590114559163903251_n.jpg 640w, https:\/\/balcilar-blog.com\/wp-content\/uploads\/2017\/04\/18119053_693485410836914_590114559163903251_n-300x169.jpg 300w\" sizes=\"auto, (max-width: 640px) 100vw, 640px\" \/><\/p>\n<p>\u00c7a\u011fatay Ulusoy bu 3.Sinema filminde, yine \u00e7ok farkl\u0131 bir imajla ve karakter olarak yer alacakt\u0131r. Oynayaca\u011f\u0131 role g\u00f6re, tahminim sa\u00e7lar AFK&#8217;da oldu\u011fu gibi ve kirli sakall\u0131 olacakt\u0131r. Sevenleri \u015fimdiden merakla bekliyorlar.<\/p>\n<p>Delibal sinema filmi, Medcezir ve son dizisi \u0130\u00e7erde&#8217;yi Ay Yap\u0131m ile \u00e7al\u0131\u015fan \u00c7a\u011fatay Ulusoy, yeni sinema filmini Taff Pictures&#8217;le yapacakm\u0131\u015f. Son y\u0131llarda ba\u015far\u0131l\u0131 sinema filmlerine imza atan Taff Yap\u0131m, ba\u015far\u0131l\u0131 oyuncuyu imza att\u0131rm\u0131\u015f.<\/p>\n<p>Taff Pictures, son y\u0131llarda \u00e7ok ba\u015far\u0131l\u0131 i\u015flere imza atm\u0131\u015f bir yap\u0131m \u015firketi. Sonsuz A\u015fk (Murat Y\u0131ld\u0131r\u0131m &#8211; Fahriye Evcen), D\u00f6nerse Senindir (Murat Boz &#8211; \u00a0\u0130ren Sak). K\u00f6t\u00fc \u00c7ocuk (Tolga Sar\u0131ta\u015f &#8211; Afra Sara\u00e7o\u011flu). \u0130kimizin Yerine (Serenay Sar\u0131kaya &#8211; Nejat \u0130\u015fler). Karde\u015fim Benim (Burak \u00d6z\u00e7ivit \u00a0&#8211; Murat Boz &#8211; Asl\u0131 Enver) ve Unutursam F\u0131s\u0131lda gibi onlarca ba\u015far\u0131l\u0131 filme imza atm\u0131\u015ft\u0131r.<\/p>\n<p><img loading=\"lazy\" decoding=\"async\" class=\"alignnone size-full wp-image-19282\" src=\"http:\/\/balcilar-blog.com\/wp-content\/uploads\/2017\/04\/cagatay-ulusoy-okul-seo_640.jpg\" alt=\"cagatay-ulusoy-okul-seo_640\" width=\"640\" height=\"360\" srcset=\"https:\/\/balcilar-blog.com\/wp-content\/uploads\/2017\/04\/cagatay-ulusoy-okul-seo_640.jpg 640w, https:\/\/balcilar-blog.com\/wp-content\/uploads\/2017\/04\/cagatay-ulusoy-okul-seo_640-300x169.jpg 300w\" sizes=\"auto, (max-width: 640px) 100vw, 640px\" \/><\/p>\n<p>Yap\u0131mc\u0131 firma kaliteli i\u015flere imza atm\u0131\u015f, oyucu da ba\u015far\u0131l\u0131 olunca 4+4&#8217;l\u00fck bir yap\u0131m geliyor demektir.<\/p>\n<p>\u00c7a\u011fatay Ulusoy&#8217;a \u00fc\u00e7\u00fcnc\u00fc sinema filmiyle, b\u00fcy\u00fck ses getirece\u011fini inan\u0131yorum. Oyuncumuza \u015fimdiden ba\u015far\u0131lar diliyorum. Film konusu ve oyuncular netle\u015fince geni\u015f bir bilgi aktaraca\u011f\u0131m.<\/p>\n<p>&nbsp;<\/p>\n<p>Sayg\u0131lar ve sevgiler.<\/p>\n<p>Abdurrahman Balc\u0131lar<\/p>\n<p>Twitter:\u00a0<a href=\"https:\/\/twitter.com\/abbalcilar\">abdurrahman balc\u0131lar<\/a><a href=\"https:\/\/twitter.com\/abbalcilar\"><strong>@abbalcilar<\/strong><\/a><\/p>\n<p>Mail :\u00a0<a href=\"mailto:ab.balcilar@hotmail.com\">ab.balcilar@hotmail.com<\/a><\/p>\n<p>Blog:\u00a0<a href=\"http:\/\/t.co\/znqmIZgIqn\">blog.milliyet.com.tr\/cansever<\/a><\/p>\n<p>Blog:\u00a0<a href=\"http:\/\/balcilar-blog.com\/\">Abdurrahman Balc\u0131lar Blog Sayfas\u0131<\/a><\/p>\n<p>&nbsp;<\/p>\n<p>&nbsp;<\/p>\n<p>&nbsp;<\/p>\n","protected":false},"excerpt":{"rendered":"<p>\u00c7a\u011fatay Ulusoy, 2016 &#8211; 2017 dizi sezonunda &#8220;\u0130\u00e7erde&#8221; dizisi ile \u00e7\u0131k\u0131\u015f\u0131n\u0131 devam ettirdi. \u0130\u00e7erde; Haziran ay\u0131 i\u00e7inde en ba\u015fta planland\u0131\u011f\u0131 gibi 39.b\u00f6l\u00fcmde final yapacak ve bitecek. Ulusoy, ge\u00e7en yaz sinema filmi yapmayarak, Amerika&#8217;da Los Angeles Santa Monika&#8217;daki evinde dinlenerek ve \u0130\u00e7erde dizisine haz\u0131rlanarak ge\u00e7irmi\u015fti. Dizinin bitimi ile yeni projesi i\u00e7in kollar\u0131 s\u0131vayacak olan \u00c7a\u011fatay Ulusoy, [&hellip;]<\/p>\n","protected":false},"author":3,"featured_media":19235,"comment_status":"open","ping_status":"open","sticky":false,"template":"","format":"standard","meta":{"footnotes":""},"categories":[10],"tags":[42,110,26,15,752,1219,16,405,1433],"class_list":["post-19233","post","type-post","status-publish","format-standard","has-post-thumbnail","hentry","category-sinema","tag-adini-feriha-koydum","tag-anadolu-kartallari","tag-ay-yapim","tag-cagatay-ulusoy","tag-delibal","tag-icerde","tag-medcezir","tag-sinema-filmi","tag-taff-pictures"],"views":4581,"blog_post_layout_featured_media_urls":{"thumbnail":["https:\/\/balcilar-blog.com\/wp-content\/uploads\/2017\/04\/cats-\u00c7.Ulusoy-150x150.jpg",150,150,true],"full":["https:\/\/balcilar-blog.com\/wp-content\/uploads\/2017\/04\/cats-\u00c7.Ulusoy.jpg",480,486,false]},"categories_names":{"10":{"name":"Sinema","link":"https:\/\/balcilar-blog.com\/?cat=10"}},"tags_names":{"42":{"name":"Ad\u0131n\u0131 Feriha Koydum","link":"https:\/\/balcilar-blog.com\/?tag=adini-feriha-koydum"},"110":{"name":"Anadolu Kartallar\u0131","link":"https:\/\/balcilar-blog.com\/?tag=anadolu-kartallari"},"26":{"name":"Ay Yap\u0131m","link":"https:\/\/balcilar-blog.com\/?tag=ay-yapim"},"15":{"name":"\u00e7a\u011fatay ulusoy","link":"https:\/\/balcilar-blog.com\/?tag=cagatay-ulusoy"},"752":{"name":"Delibal","link":"https:\/\/balcilar-blog.com\/?tag=delibal"},"1219":{"name":"\u0130\u00c7ERDE","link":"https:\/\/balcilar-blog.com\/?tag=icerde"},"16":{"name":"medcezir","link":"https:\/\/balcilar-blog.com\/?tag=medcezir"},"405":{"name":"Sinema Filmi","link":"https:\/\/balcilar-blog.com\/?tag=sinema-filmi"},"1433":{"name":"Taff Pictures","link":"https:\/\/balcilar-blog.com\/?tag=taff-pictures"}},"comments_number":"0","wpmagazine_modules_lite_featured_media_urls":{"thumbnail":["https:\/\/balcilar-blog.com\/wp-content\/uploads\/2017\/04\/cats-\u00c7.Ulusoy-150x150.jpg",150,150,true],"cvmm-medium":["https:\/\/balcilar-blog.com\/wp-content\/uploads\/2017\/04\/cats-\u00c7.Ulusoy.jpg",296,300,false],"cvmm-medium-plus":["https:\/\/balcilar-blog.com\/wp-content\/uploads\/2017\/04\/cats-\u00c7.Ulusoy.jpg",204,207,false],"cvmm-portrait":["https:\/\/balcilar-blog.com\/wp-content\/uploads\/2017\/04\/cats-\u00c7.Ulusoy.jpg",400,405,false],"cvmm-medium-square":["https:\/\/balcilar-blog.com\/wp-content\/uploads\/2017\/04\/cats-\u00c7.Ulusoy.jpg",480,486,false],"cvmm-large":["https:\/\/balcilar-blog.com\/wp-content\/uploads\/2017\/04\/cats-\u00c7.Ulusoy.jpg",480,486,false],"cvmm-small":["https:\/\/balcilar-blog.com\/wp-content\/uploads\/2017\/04\/cats-\u00c7.Ulusoy.jpg",94,95,false],"full":["https:\/\/balcilar-blog.com\/wp-content\/uploads\/2017\/04\/cats-\u00c7.Ulusoy.jpg",480,486,false]},"_links":{"self":[{"href":"https:\/\/balcilar-blog.com\/index.php?rest_route=\/wp\/v2\/posts\/19233","targetHints":{"allow":["GET"]}}],"collection":[{"href":"https:\/\/balcilar-blog.com\/index.php?rest_route=\/wp\/v2\/posts"}],"about":[{"href":"https:\/\/balcilar-blog.com\/index.php?rest_route=\/wp\/v2\/types\/post"}],"author":[{"embeddable":true,"href":"https:\/\/balcilar-blog.com\/index.php?rest_route=\/wp\/v2\/users\/3"}],"replies":[{"embeddable":true,"href":"https:\/\/balcilar-blog.com\/index.php?rest_route=%2Fwp%2Fv2%2Fcomments&post=19233"}],"version-history":[{"count":8,"href":"https:\/\/balcilar-blog.com\/index.php?rest_route=\/wp\/v2\/posts\/19233\/revisions"}],"predecessor-version":[{"id":19728,"href":"https:\/\/balcilar-blog.com\/index.php?rest_route=\/wp\/v2\/posts\/19233\/revisions\/19728"}],"wp:featuredmedia":[{"embeddable":true,"href":"https:\/\/balcilar-blog.com\/index.php?rest_route=\/wp\/v2\/media\/19235"}],"wp:attachment":[{"href":"https:\/\/balcilar-blog.com\/index.php?rest_route=%2Fwp%2Fv2%2Fmedia&parent=19233"}],"wp:term":[{"taxonomy":"category","embeddable":true,"href":"https:\/\/balcilar-blog.com\/index.php?rest_route=%2Fwp%2Fv2%2Fcategories&post=19233"},{"taxonomy":"post_tag","embeddable":true,"href":"https:\/\/balcilar-blog.com\/index.php?rest_route=%2Fwp%2Fv2%2Ftags&post=19233"}],"curies":[{"name":"wp","href":"https:\/\/api.w.org\/{rel}","templated":true}]}}