{"id":19181,"date":"2017-04-26T11:12:55","date_gmt":"2017-04-26T08:12:55","guid":{"rendered":"http:\/\/balcilar-blog.com\/?p=19181"},"modified":"2017-04-26T11:13:16","modified_gmt":"2017-04-26T08:13:16","slug":"kara-sevdada-savas-canlari-kimin-icin-caliyor","status":"publish","type":"post","link":"https:\/\/balcilar-blog.com\/?p=19181","title":{"rendered":"Kara Sevda&#8217;da Sava\u015f \u00c7anlar\u0131 kimin i\u00e7in \u00e7al\u0131yor!"},"content":{"rendered":"<div id=\"Item.MessagePartBody\" class=\"_rp_M4\">\n<div id=\"Item.MessageUniqueBody\" class=\"_rp_N4 ms-font-weight-regular ms-font-color-neutralDark rpHighlightAllClass rpHighlightBodyClass\" tabindex=\"0\">\n<div class=\"rps_9a09\">\n<div dir=\"ltr\">\n<div class=\"x_gmail_quote\">\n<div dir=\"ltr\">\n<p><img loading=\"lazy\" decoding=\"async\" class=\"alignnone size-full wp-image-19187\" src=\"http:\/\/balcilar-blog.com\/wp-content\/uploads\/2017\/04\/Kara-Sevda-66_5.jpg\" alt=\"Kara Sevda 66_5\" width=\"640\" height=\"397\" srcset=\"https:\/\/balcilar-blog.com\/wp-content\/uploads\/2017\/04\/Kara-Sevda-66_5.jpg 640w, https:\/\/balcilar-blog.com\/wp-content\/uploads\/2017\/04\/Kara-Sevda-66_5-300x186.jpg 300w\" sizes=\"auto, (max-width: 640px) 100vw, 640px\" \/><\/p>\n<p><strong>Emir\u2019in Son Hamlesi T\u00fcm Dengeleri De\u011fi\u015ftirecek!<\/strong><\/p>\n<p>Ay Yap\u0131m imzal\u0131 \u2018Kara Sevda\u2019n\u0131n yeni b\u00f6l\u00fcm\u00fcnde etraflar\u0131na a\u015fklar\u0131ndan bir kale \u00f6ren Kemal ve Nihan, Emir\u2019in tehlikeli komplosuyla kar\u015f\u0131 kar\u015f\u0131ya kalacak. Emir\u2019in arka arkaya t\u00fcm kozlar\u0131n\u0131 kullanmas\u0131 b\u00fcy\u00fck bir sava\u015f ba\u015flatacak.<\/p>\n<p>Burak \u00d6z\u00e7ivit, Neslihan Atag\u00fcl, Kaan Urganc\u0131o\u011flu, Zerrin Tekindor, U\u011fur Aslan, Gizem Karaca ve Melisa Asl\u0131 Pamuk&#8217;un rol ald\u0131\u011f\u0131 \u2018Kara Sevda\u2019n\u0131n yeni b\u00f6l\u00fcm\u00fcnde y\u00fczle\u015ftikleri t\u00fcm f\u0131rt\u0131nalara ra\u011fmen s\u0131cak yuvalar\u0131nda bir aile olman\u0131n mutlulu\u011funu tadan Kemal ve Nihan\u2019\u0131, Emir\u2019in b\u00fcy\u00fck hamlesi alt \u00fcst edecek. Kara sevdal\u0131lar\u0131n g\u00f6r\u00fc\u015fmeye devam etmeleri halinde Nihan\u2019\u0131 hapse g\u00f6nderebilecek g\u00fcce sahip oldu\u011funu g\u00f6steren Emir, bunu kan\u0131tlayacak ve Nihan\u2019\u0131, izinsiz maden i\u015fletti\u011fi gerek\u00e7esiyle polise ihbar edecek. Kemal ve Nihan\u2019\u0131n mutlu aile tablosunu tamamen silmeye kararl\u0131 olan Emir\u2019in, Nihan\u2019a k\u0131z\u0131 Deniz\u2019i kaybetmesine yol a\u00e7acak belgeyi g\u00f6nderece\u011fi an ise tansiyon giderek y\u00fckselecek.<\/p>\n<p><img loading=\"lazy\" decoding=\"async\" class=\"alignnone size-full wp-image-19184\" src=\"http:\/\/balcilar-blog.com\/wp-content\/uploads\/2017\/04\/Kara-Sevda-66_2.jpg\" alt=\"Kara Sevda 66_2\" width=\"640\" height=\"410\" srcset=\"https:\/\/balcilar-blog.com\/wp-content\/uploads\/2017\/04\/Kara-Sevda-66_2.jpg 640w, https:\/\/balcilar-blog.com\/wp-content\/uploads\/2017\/04\/Kara-Sevda-66_2-300x192.jpg 300w\" sizes=\"auto, (max-width: 640px) 100vw, 640px\" \/><\/p>\n<p>Kemal, sevdi\u011fi kad\u0131n\u0131 ve yeni kavu\u015ftu\u011fu ailesini kurtarmak i\u00e7in her \u015feyi g\u00f6ze alacak. S\u0131cak sava\u015f\u0131n art\u0131k \u00f6nlenemez \u015fekilde ba\u015flad\u0131\u011f\u0131 \u2018Kara Sevda\u2019da, Kemal ve Nihan, a\u015fklar\u0131n\u0131n g\u00fcc\u00fcne tutunacaklar.<\/p>\n<p><strong>Zeynep, Hakan\u2019la evlenecek mi?<\/strong><\/p>\n<p><img loading=\"lazy\" decoding=\"async\" class=\"alignnone size-full wp-image-19186\" src=\"http:\/\/balcilar-blog.com\/wp-content\/uploads\/2017\/04\/Kara-Sevda-66_4.jpg\" alt=\"Kara Sevda 66_4\" width=\"640\" height=\"415\" srcset=\"https:\/\/balcilar-blog.com\/wp-content\/uploads\/2017\/04\/Kara-Sevda-66_4.jpg 640w, https:\/\/balcilar-blog.com\/wp-content\/uploads\/2017\/04\/Kara-Sevda-66_4-300x195.jpg 300w\" sizes=\"auto, (max-width: 640px) 100vw, 640px\" \/><\/p>\n<p>Zeynep, Emir\u2019e \u00e7\u0131lg\u0131nlar gibi \u00e2\u015f\u0131k olsa ve onun \u00e7ocu\u011funu ta\u015f\u0131yor olsa da, her \u015feyin Emir\u2019in istedi\u011fi gibi gitmedi\u011fini g\u00f6stermek i\u00e7in Hakan\u2019la nikah masas\u0131na oturacak. Emir\u2019e rest \u00e7ekse de nikah an\u0131nda ondan bir i\u015faret bekleyen Zeynep ve art\u0131k her \u015feyi geride b\u0131rak\u0131p k\u0131zlar\u0131n\u0131n mutlulu\u011funu g\u00f6rmek isteyen Soydere Ailesi b\u00fcy\u00fck bir s\u00fcrprizle kar\u015f\u0131la\u015facak.<\/p>\n<p><img loading=\"lazy\" decoding=\"async\" class=\"alignnone size-full wp-image-19182\" src=\"http:\/\/balcilar-blog.com\/wp-content\/uploads\/2017\/04\/Kara-Sevda-66_6.jpg\" alt=\"Kara Sevda 66_6\" width=\"640\" height=\"418\" srcset=\"https:\/\/balcilar-blog.com\/wp-content\/uploads\/2017\/04\/Kara-Sevda-66_6.jpg 640w, https:\/\/balcilar-blog.com\/wp-content\/uploads\/2017\/04\/Kara-Sevda-66_6-300x196.jpg 300w\" sizes=\"auto, (max-width: 640px) 100vw, 640px\" \/><\/p>\n<p>Zeynep, Hakan\u2019la evlenecek mi sorusunun cevab\u0131 b\u00fcy\u00fck bir merakla beklenecek.<\/p>\n<p><img loading=\"lazy\" decoding=\"async\" class=\"alignnone size-full wp-image-19183\" src=\"http:\/\/balcilar-blog.com\/wp-content\/uploads\/2017\/04\/Kara-Sevda-66_1.jpg\" alt=\"Kara Sevda 66_1\" width=\"640\" height=\"390\" srcset=\"https:\/\/balcilar-blog.com\/wp-content\/uploads\/2017\/04\/Kara-Sevda-66_1.jpg 640w, https:\/\/balcilar-blog.com\/wp-content\/uploads\/2017\/04\/Kara-Sevda-66_1-300x183.jpg 300w\" sizes=\"auto, (max-width: 640px) 100vw, 640px\" \/><\/p>\n<p>\u2018Kara Sevda\u2019n\u0131n heyecan ve umut dolu yeni b\u00f6l\u00fcm\u00fcnde;<\/p>\n<p><img loading=\"lazy\" decoding=\"async\" class=\"alignnone size-full wp-image-19185\" src=\"http:\/\/balcilar-blog.com\/wp-content\/uploads\/2017\/04\/Kara-Sevda-66_3.jpg\" alt=\"Kara Sevda 66_3\" width=\"640\" height=\"446\" srcset=\"https:\/\/balcilar-blog.com\/wp-content\/uploads\/2017\/04\/Kara-Sevda-66_3.jpg 640w, https:\/\/balcilar-blog.com\/wp-content\/uploads\/2017\/04\/Kara-Sevda-66_3-300x209.jpg 300w\" sizes=\"auto, (max-width: 640px) 100vw, 640px\" \/><\/p>\n<p>Kemal, Nihan\u2019\u0131 kurtarabilecek mi, Kemal ve Nihan, Emir\u2019i nas\u0131l durduracak gibi sorular cevap bulacak.<\/p>\n<p><strong>Kara Sevda 66. B\u00f6l\u00fcm Fragmanlar\u0131:<\/strong><\/p>\n<p><iframe loading=\"lazy\" title=\"Kara Sevda 66. Bo\u0308lu\u0308m Fragman\" width=\"640\" height=\"360\" src=\"https:\/\/www.youtube.com\/embed\/yfGA3BHYfsY?feature=oembed\" frameborder=\"0\" allow=\"accelerometer; autoplay; clipboard-write; encrypted-media; gyroscope; picture-in-picture; web-share\" referrerpolicy=\"strict-origin-when-cross-origin\" allowfullscreen><\/iframe><\/p>\n<p><iframe loading=\"lazy\" title=\"Kara Sevda 66. B\u00f6l\u00fcm 2. Fragman\" width=\"640\" height=\"360\" src=\"https:\/\/www.youtube.com\/embed\/HOWvUF4AeeA?feature=oembed\" frameborder=\"0\" allow=\"accelerometer; autoplay; clipboard-write; encrypted-media; gyroscope; picture-in-picture; web-share\" referrerpolicy=\"strict-origin-when-cross-origin\" allowfullscreen><\/iframe><\/p>\n<p><strong>\u2018Kara Sevda\u2019n\u0131n yeni b\u00f6l\u00fcm\u00fc 26 Nisan \u00c7ar\u015famba (bu ak\u015fam) saat 20:00\u2019da Star TV\u2019de ekranlara gelecek.<\/strong><\/p>\n<p>Keyifli Seyirler.<\/p>\n<p>Sayg\u0131lar ve sevgiler.<\/p>\n<p>Abdurrahman Balc\u0131lar<\/p>\n<p>Twitter:\u00a0<a href=\"https:\/\/twitter.com\/abbalcilar\">abdurrahman balc\u0131lar<\/a><a href=\"https:\/\/twitter.com\/abbalcilar\"><strong>@abbalcilar<\/strong><\/a><\/p>\n<p>Mail :\u00a0<a href=\"mailto:ab.balcilar@hotmail.com\">ab.balcilar@hotmail.com<\/a><\/p>\n<p>Blog:\u00a0<a href=\"http:\/\/t.co\/znqmIZgIqn\">blog.milliyet.com.tr\/cansever<\/a><\/p>\n<p>Blog:\u00a0<a href=\"http:\/\/balcilar-blog.com\/\">Abdurrahman Balc\u0131lar Blog Sayfas\u0131<\/a><\/p>\n<p>Not: Kaynak haber ve g\u00f6rseller Persona Bas\u0131n B\u00fclteni.<\/p>\n<p class=\"x_MsoNormal\" align=\"center\"><strong>\u00a0<\/strong><\/p>\n<\/div>\n<\/div>\n<\/div>\n<\/div>\n<\/div>\n<\/div>\n","protected":false},"excerpt":{"rendered":"<p>Emir\u2019in Son Hamlesi T\u00fcm Dengeleri De\u011fi\u015ftirecek! Ay Yap\u0131m imzal\u0131 \u2018Kara Sevda\u2019n\u0131n yeni b\u00f6l\u00fcm\u00fcnde etraflar\u0131na a\u015fklar\u0131ndan bir kale \u00f6ren Kemal ve Nihan, Emir\u2019in tehlikeli komplosuyla kar\u015f\u0131 kar\u015f\u0131ya kalacak. Emir\u2019in arka arkaya t\u00fcm kozlar\u0131n\u0131 kullanmas\u0131 b\u00fcy\u00fck bir sava\u015f ba\u015flatacak. Burak \u00d6z\u00e7ivit, Neslihan Atag\u00fcl, Kaan Urganc\u0131o\u011flu, Zerrin Tekindor, U\u011fur Aslan, Gizem Karaca ve Melisa Asl\u0131 Pamuk&#8217;un rol ald\u0131\u011f\u0131 [&hellip;]<\/p>\n","protected":false},"author":3,"featured_media":19187,"comment_status":"open","ping_status":"open","sticky":false,"template":"","format":"standard","meta":{"footnotes":""},"categories":[2],"tags":[26,409,355,799,119,25],"class_list":["post-19181","post","type-post","status-publish","format-standard","has-post-thumbnail","hentry","category-tv-programlari","tag-ay-yapim","tag-burak-ozcivit","tag-kaan-urgancioglu","tag-kara-sevda","tag-neslihan-atagul","tag-star-tv"],"views":3740,"blog_post_layout_featured_media_urls":{"thumbnail":["https:\/\/balcilar-blog.com\/wp-content\/uploads\/2017\/04\/Kara-Sevda-66_5-150x150.jpg",150,150,true],"full":["https:\/\/balcilar-blog.com\/wp-content\/uploads\/2017\/04\/Kara-Sevda-66_5.jpg",640,397,false]},"categories_names":{"2":{"name":"TV Programlar\u0131","link":"https:\/\/balcilar-blog.com\/?cat=2"}},"tags_names":{"26":{"name":"Ay Yap\u0131m","link":"https:\/\/balcilar-blog.com\/?tag=ay-yapim"},"409":{"name":"Burak \u00d6z\u00e7ivit","link":"https:\/\/balcilar-blog.com\/?tag=burak-ozcivit"},"355":{"name":"Kaan Urganc\u0131o\u011flu","link":"https:\/\/balcilar-blog.com\/?tag=kaan-urgancioglu"},"799":{"name":"Kara Sevda","link":"https:\/\/balcilar-blog.com\/?tag=kara-sevda"},"119":{"name":"Neslihan Atag\u00fcl","link":"https:\/\/balcilar-blog.com\/?tag=neslihan-atagul"},"25":{"name":"Star Tv","link":"https:\/\/balcilar-blog.com\/?tag=star-tv"}},"comments_number":"0","wpmagazine_modules_lite_featured_media_urls":{"thumbnail":["https:\/\/balcilar-blog.com\/wp-content\/uploads\/2017\/04\/Kara-Sevda-66_5-150x150.jpg",150,150,true],"cvmm-medium":["https:\/\/balcilar-blog.com\/wp-content\/uploads\/2017\/04\/Kara-Sevda-66_5.jpg",300,186,false],"cvmm-medium-plus":["https:\/\/balcilar-blog.com\/wp-content\/uploads\/2017\/04\/Kara-Sevda-66_5.jpg",305,189,false],"cvmm-portrait":["https:\/\/balcilar-blog.com\/wp-content\/uploads\/2017\/04\/Kara-Sevda-66_5.jpg",400,248,false],"cvmm-medium-square":["https:\/\/balcilar-blog.com\/wp-content\/uploads\/2017\/04\/Kara-Sevda-66_5.jpg",600,372,false],"cvmm-large":["https:\/\/balcilar-blog.com\/wp-content\/uploads\/2017\/04\/Kara-Sevda-66_5.jpg",640,397,false],"cvmm-small":["https:\/\/balcilar-blog.com\/wp-content\/uploads\/2017\/04\/Kara-Sevda-66_5.jpg",130,81,false],"full":["https:\/\/balcilar-blog.com\/wp-content\/uploads\/2017\/04\/Kara-Sevda-66_5.jpg",640,397,false]},"_links":{"self":[{"href":"https:\/\/balcilar-blog.com\/index.php?rest_route=\/wp\/v2\/posts\/19181","targetHints":{"allow":["GET"]}}],"collection":[{"href":"https:\/\/balcilar-blog.com\/index.php?rest_route=\/wp\/v2\/posts"}],"about":[{"href":"https:\/\/balcilar-blog.com\/index.php?rest_route=\/wp\/v2\/types\/post"}],"author":[{"embeddable":true,"href":"https:\/\/balcilar-blog.com\/index.php?rest_route=\/wp\/v2\/users\/3"}],"replies":[{"embeddable":true,"href":"https:\/\/balcilar-blog.com\/index.php?rest_route=%2Fwp%2Fv2%2Fcomments&post=19181"}],"version-history":[{"count":1,"href":"https:\/\/balcilar-blog.com\/index.php?rest_route=\/wp\/v2\/posts\/19181\/revisions"}],"predecessor-version":[{"id":19188,"href":"https:\/\/balcilar-blog.com\/index.php?rest_route=\/wp\/v2\/posts\/19181\/revisions\/19188"}],"wp:featuredmedia":[{"embeddable":true,"href":"https:\/\/balcilar-blog.com\/index.php?rest_route=\/wp\/v2\/media\/19187"}],"wp:attachment":[{"href":"https:\/\/balcilar-blog.com\/index.php?rest_route=%2Fwp%2Fv2%2Fmedia&parent=19181"}],"wp:term":[{"taxonomy":"category","embeddable":true,"href":"https:\/\/balcilar-blog.com\/index.php?rest_route=%2Fwp%2Fv2%2Fcategories&post=19181"},{"taxonomy":"post_tag","embeddable":true,"href":"https:\/\/balcilar-blog.com\/index.php?rest_route=%2Fwp%2Fv2%2Ftags&post=19181"}],"curies":[{"name":"wp","href":"https:\/\/api.w.org\/{rel}","templated":true}]}}