{"id":19113,"date":"2017-04-19T15:48:46","date_gmt":"2017-04-19T12:48:46","guid":{"rendered":"http:\/\/balcilar-blog.com\/?p=19113"},"modified":"2017-04-19T15:50:14","modified_gmt":"2017-04-19T12:50:14","slug":"bu-sehir-arkandan-gelecek-ali-buyuk-bir-cikmazin-esigine-gelecek","status":"publish","type":"post","link":"https:\/\/balcilar-blog.com\/?p=19113","title":{"rendered":"Bu \u015eehir Arkandan Gelecek \/ Ali, b\u00fcy\u00fck bir \u00e7\u0131kmaz\u0131n e\u015fi\u011fine gelecek!"},"content":{"rendered":"<div tabindex=\"-1\">\n<div tabindex=\"-1\"><\/div>\n<div class=\"_rp_f\" tabindex=\"-1\">\n<div class=\"_qc_F ms-bg-color-white _qc_G\">\n<div class=\"_qc_y ms-border-color-neutralLight _qc_z\" tabindex=\"-1\"><img loading=\"lazy\" decoding=\"async\" class=\"alignnone size-full wp-image-19115\" src=\"http:\/\/balcilar-blog.com\/wp-content\/uploads\/2017\/04\/B\u015eAG-15.B\u00f6l\u00fcm-2.jpg\" alt=\"B\u015eAG 15.B\u00f6l\u00fcm (2)\" width=\"640\" height=\"360\" srcset=\"https:\/\/balcilar-blog.com\/wp-content\/uploads\/2017\/04\/B\u015eAG-15.B\u00f6l\u00fcm-2.jpg 640w, https:\/\/balcilar-blog.com\/wp-content\/uploads\/2017\/04\/B\u015eAG-15.B\u00f6l\u00fcm-2-300x169.jpg 300w\" sizes=\"auto, (max-width: 640px) 100vw, 640px\" \/><\/div>\n<div class=\"_qc_y ms-border-color-neutralLight _qc_z\" tabindex=\"-1\">\n<p>Kerem B\u00fcrsin&#8217;in &#8220;Bu \u015eehir Arkandan Gelecek&#8221; erken final yapaca\u011f\u0131 s\u00f6yleniyor. Milliyet Cadde yazar\u0131 Sina Kolo\u011flu ge\u00e7en hafta k\u00f6\u015fesinde erken final haberini yazd\u0131.<\/p>\n<p>Atv reytingi 3-5 haftad\u0131r olduk\u00e7a d\u00fc\u015f\u00fck olan dizinin biletini her an kesebilir. Bir s\u00f6ylentiye g\u00f6re May\u0131s ay\u0131 i\u00e7inde 18.b\u00f6l\u00fcmde dizinin final yapaca\u011f\u0131 s\u00f6yleniyor.<\/p>\n<p>Biz gelelim bu ak\u015fam 15.b\u00f6l\u00fcm\u00fc Atv ekranlar\u0131na gelecek olan dizimizde neler olaca\u011f\u0131na:<\/p>\n<p><strong>Ay Yap\u0131m imzal\u0131 \u2018Bu \u015eehir Arkandan Gelecek\u2019in yeni b\u00f6l\u00fcm\u00fcnde Ali, G\u00fclce ile aras\u0131ndaki s\u00f6zle\u015fme y\u00fcz\u00fcnden k\u00f6\u015feye s\u0131k\u0131\u015facak. Ali\u2019yi bu durum kar\u015f\u0131s\u0131nda babas\u0131 \u015eahin yaln\u0131z b\u0131rakmayacak ve onun \u00f6zg\u00fcrl\u00fc\u011f\u00fcne kavu\u015fabilmesi i\u00e7in elinden geleni yapacak.<\/strong><\/p>\n<p><img loading=\"lazy\" decoding=\"async\" class=\"alignnone size-full wp-image-19116\" src=\"http:\/\/balcilar-blog.com\/wp-content\/uploads\/2017\/04\/B\u015eAG-15.B\u00f6l\u00fcm-3.jpg\" alt=\"B\u015eAG 15.B\u00f6l\u00fcm (3)\" width=\"640\" height=\"360\" srcset=\"https:\/\/balcilar-blog.com\/wp-content\/uploads\/2017\/04\/B\u015eAG-15.B\u00f6l\u00fcm-3.jpg 640w, https:\/\/balcilar-blog.com\/wp-content\/uploads\/2017\/04\/B\u015eAG-15.B\u00f6l\u00fcm-3-300x169.jpg 300w\" sizes=\"auto, (max-width: 640px) 100vw, 640px\" \/><\/p>\n<p>Kerem B\u00fcrsin, Leyla Lydia Tu\u011futlu ve G\u00fcrkan Uygun\u2019un rol ald\u0131\u011f\u0131 \u2018Bu \u015eehir Arkandan Gelecek\u2019in yeni b\u00f6l\u00fcm\u00fcnde G\u00fclce ile aras\u0131ndaki s\u00f6zle\u015fmeyi bozmas\u0131 halinde bir milyon dolar \u00f6demesi gerekti\u011fini \u00f6\u011frenen Ali, b\u00fcy\u00fck bir \u00e7\u0131kmaz\u0131n e\u015fi\u011fine gelecek. \u015eahin, bu zor g\u00fcnlerde o\u011flu Ali\u2019ye destek olmak i\u00e7in harekete ge\u00e7ecek.<\/p>\n<\/div>\n<div class=\"_qc_y ms-border-color-neutralLight _qc_z\" tabindex=\"-1\"><\/div>\n<div class=\"_qc_y ms-border-color-neutralLight _qc_z\" tabindex=\"-1\"><img loading=\"lazy\" decoding=\"async\" class=\"alignnone size-full wp-image-19114\" src=\"http:\/\/balcilar-blog.com\/wp-content\/uploads\/2017\/04\/B\u015eAG-15.B\u00f6l\u00fcm-1.jpg\" alt=\"B\u015eAG 15.B\u00f6l\u00fcm (1)\" width=\"640\" height=\"360\" srcset=\"https:\/\/balcilar-blog.com\/wp-content\/uploads\/2017\/04\/B\u015eAG-15.B\u00f6l\u00fcm-1.jpg 640w, https:\/\/balcilar-blog.com\/wp-content\/uploads\/2017\/04\/B\u015eAG-15.B\u00f6l\u00fcm-1-300x169.jpg 300w\" sizes=\"auto, (max-width: 640px) 100vw, 640px\" \/><\/div>\n<div class=\"_qc_y ms-border-color-neutralLight _qc_z\" tabindex=\"-1\"><\/div>\n<div class=\"_qc_y ms-border-color-neutralLight _qc_z\" tabindex=\"-1\">\n<p>Ali, G\u00fclce ile \u00e7al\u0131\u015fmak zorunda kal\u0131rken, Derin\u2019in de bu durumdan etkilenmemesi i\u00e7in \u00e7abalayacak. Derin ise annesi Belgin\u2019in Bora\u2019yla ya\u015fad\u0131\u011f\u0131 yasak ili\u015fkinin ortaya \u00e7\u0131kmas\u0131 ve babas\u0131 Tekin\u2019in hapse girmesiyle zor g\u00fcnler ya\u015fayacak. Her zorlu\u011fa ra\u011fmen a\u015fklar\u0131na s\u0131\u011f\u0131nan Ali ve Derin, bu b\u00fcy\u00fck f\u0131rt\u0131naya kar\u015f\u0131 birlikte g\u00f6\u011f\u00fcs germeye \u00e7al\u0131\u015facak.<\/p>\n<p><strong>\u015eahin ve Nesrin\u2019in ni\u015fan gecesine ger\u00e7ekler damgas\u0131n\u0131 vuracak!<\/strong><\/p>\n<p><img loading=\"lazy\" decoding=\"async\" class=\"alignnone size-full wp-image-19117\" src=\"http:\/\/balcilar-blog.com\/wp-content\/uploads\/2017\/04\/B\u015eAG-15.B\u00f6l\u00fcm-4.jpg\" alt=\"B\u015eAG 15.B\u00f6l\u00fcm (4)\" width=\"640\" height=\"360\" srcset=\"https:\/\/balcilar-blog.com\/wp-content\/uploads\/2017\/04\/B\u015eAG-15.B\u00f6l\u00fcm-4.jpg 640w, https:\/\/balcilar-blog.com\/wp-content\/uploads\/2017\/04\/B\u015eAG-15.B\u00f6l\u00fcm-4-300x169.jpg 300w\" sizes=\"auto, (max-width: 640px) 100vw, 640px\" \/><\/p>\n<p>\u015eahin ve Nesrin, aile olma yolunda ilk b\u00fcy\u00fck ad\u0131m\u0131 atacak. \u015eahin\u2019in Rauf Anne ve Ali ile birlikte Nesrin\u2019i, o\u011flu Veysel\u2019den istemeye gitti\u011fi sahne, ekran ba\u015f\u0131ndakilere keyifli dakikalar ge\u00e7irtecek. Ancak \u015eahin ve Nesrin\u2019in ni\u015fan gecesi her \u015fey yolunda giderken Bora\u2019n\u0131n beklenmedik anda ortaya \u00e7\u0131k\u0131\u015f\u0131 sars\u0131c\u0131 ger\u00e7ekleri de beraberinde getirecek.<\/p>\n<\/div>\n<div class=\"_qc_y ms-border-color-neutralLight _qc_z\" tabindex=\"-1\">B\u00f6l\u00fcmde Belgin\u2019in ihanetini kald\u0131ramayan ve ondan bo\u015fanmak i\u00e7in harekete ge\u00e7en Tekin, hapishanedeyken onu b\u00fcy\u00fck bir karar a\u015famas\u0131nda b\u0131rakacak tehlikeli bir teklifle kar\u015f\u0131la\u015facak. Tekin\u2019in verece\u011fi karar, b\u00fcy\u00fck sonu\u00e7lar do\u011furacak.<img loading=\"lazy\" decoding=\"async\" class=\"alignnone size-full wp-image-19118\" src=\"http:\/\/balcilar-blog.com\/wp-content\/uploads\/2017\/04\/B\u015eAG-15.B\u00f6l\u00fcm-5.jpg\" alt=\"B\u015eAG 15.B\u00f6l\u00fcm (5)\" width=\"640\" height=\"360\" srcset=\"https:\/\/balcilar-blog.com\/wp-content\/uploads\/2017\/04\/B\u015eAG-15.B\u00f6l\u00fcm-5.jpg 640w, https:\/\/balcilar-blog.com\/wp-content\/uploads\/2017\/04\/B\u015eAG-15.B\u00f6l\u00fcm-5-300x169.jpg 300w\" sizes=\"auto, (max-width: 640px) 100vw, 640px\" \/><\/p>\n<p>\u2018Bu \u015eehir Arkandan Gelecek\u2019in soluksuz izlenecek yeni b\u00f6l\u00fcm\u00fcnde Ali, G\u00fclce ile \u00e7al\u0131\u015fmaktan nas\u0131l kurtulacak; Derin, annesi ile babas\u0131yla ilgili hangi ger\u00e7ekleri \u00f6\u011frenecek gibi sorular cevap bulacak.<\/p>\n<p class=\"x_MsoNormal\" align=\"center\"><b>Fragman: <a href=\"https:\/\/www.youtube.com\/watch?v=GRRclnwkRlI\" target=\"_blank\">https:\/\/www.youtube.com\/watch?v=GRRclnwkRlI<\/a><\/b><\/p>\n<p>\u2018Bu \u015eehir Arkandan Gelecek\u2019in yeni b\u00f6l\u00fcm\u00fc 19 Nisan \u00c7ar\u015famba (bu ak\u015fam) saat 20:00\u2019de atv\u2019de ekrana gelecek.<\/p>\n<\/div>\n<div class=\"_qc_y ms-border-color-neutralLight _qc_z\" tabindex=\"-1\"><\/div>\n<div class=\"_qc_y ms-border-color-neutralLight _qc_z\" tabindex=\"-1\">\u0130yi Seyirler.<\/div>\n<div class=\"_qc_y ms-border-color-neutralLight _qc_z\" tabindex=\"-1\">\n<p>Sayg\u0131lar ve sevgiler.<\/p>\n<p>Abdurrahman Balc\u0131lar<\/p>\n<p>Twitter:\u00a0<a href=\"https:\/\/twitter.com\/abbalcilar\">abdurrahman balc\u0131lar<\/a><a href=\"https:\/\/twitter.com\/abbalcilar\"><strong>@abbalcilar<\/strong><\/a><\/p>\n<p>Mail :\u00a0<a href=\"mailto:ab.balcilar@hotmail.com\">ab.balcilar@hotmail.com<\/a><\/p>\n<p>Blog:\u00a0<a href=\"http:\/\/t.co\/znqmIZgIqn\">blog.milliyet.com.tr\/cansever<\/a><\/p>\n<p>Blog:\u00a0<a href=\"http:\/\/balcilar-blog.com\/\">Abdurrahman Balc\u0131lar Blog Sayfas\u0131<\/a><\/p>\n<p>Not: Haber ve g\u00f6rseller Persona Bas\u0131n B\u00fclteni.<\/p>\n<\/div>\n<\/div>\n<\/div>\n<\/div>\n","protected":false},"excerpt":{"rendered":"<p>Kerem B\u00fcrsin&#8217;in &#8220;Bu \u015eehir Arkandan Gelecek&#8221; erken final yapaca\u011f\u0131 s\u00f6yleniyor. Milliyet Cadde yazar\u0131 Sina Kolo\u011flu ge\u00e7en hafta k\u00f6\u015fesinde erken final haberini yazd\u0131. Atv reytingi 3-5 haftad\u0131r olduk\u00e7a d\u00fc\u015f\u00fck olan dizinin biletini her an kesebilir. Bir s\u00f6ylentiye g\u00f6re May\u0131s ay\u0131 i\u00e7inde 18.b\u00f6l\u00fcmde dizinin final yapaca\u011f\u0131 s\u00f6yleniyor. Biz gelelim bu ak\u015fam 15.b\u00f6l\u00fcm\u00fc Atv ekranlar\u0131na gelecek olan dizimizde [&hellip;]<\/p>\n","protected":false},"author":3,"featured_media":19115,"comment_status":"open","ping_status":"open","sticky":false,"template":"","format":"standard","meta":{"footnotes":""},"categories":[2],"tags":[48,26,1289,1312,673,745,1428],"class_list":["post-19113","post","type-post","status-publish","format-standard","has-post-thumbnail","hentry","category-tv-programlari","tag-atv","tag-ay-yapim","tag-bu-sehir-arkandan-gelecek","tag-gurkan-uygun","tag-kerem-bursin","tag-leyla-lydia-tugutlu","tag-sina-kologlu"],"views":3242,"blog_post_layout_featured_media_urls":{"thumbnail":["https:\/\/balcilar-blog.com\/wp-content\/uploads\/2017\/04\/B\u015eAG-15.B\u00f6l\u00fcm-2-150x150.jpg",150,150,true],"full":["https:\/\/balcilar-blog.com\/wp-content\/uploads\/2017\/04\/B\u015eAG-15.B\u00f6l\u00fcm-2.jpg",640,360,false]},"categories_names":{"2":{"name":"TV Programlar\u0131","link":"https:\/\/balcilar-blog.com\/?cat=2"}},"tags_names":{"48":{"name":"ATV","link":"https:\/\/balcilar-blog.com\/?tag=atv"},"26":{"name":"Ay Yap\u0131m","link":"https:\/\/balcilar-blog.com\/?tag=ay-yapim"},"1289":{"name":"Bu \u015eehir Arkandan Gelecek","link":"https:\/\/balcilar-blog.com\/?tag=bu-sehir-arkandan-gelecek"},"1312":{"name":"G\u00fcrkan Uygun","link":"https:\/\/balcilar-blog.com\/?tag=gurkan-uygun"},"673":{"name":"Kerem Bursin","link":"https:\/\/balcilar-blog.com\/?tag=kerem-bursin"},"745":{"name":"Leyla Lydia Tu\u011futlu","link":"https:\/\/balcilar-blog.com\/?tag=leyla-lydia-tugutlu"},"1428":{"name":"Sina Kolo\u011flu","link":"https:\/\/balcilar-blog.com\/?tag=sina-kologlu"}},"comments_number":"0","wpmagazine_modules_lite_featured_media_urls":{"thumbnail":["https:\/\/balcilar-blog.com\/wp-content\/uploads\/2017\/04\/B\u015eAG-15.B\u00f6l\u00fcm-2-150x150.jpg",150,150,true],"cvmm-medium":["https:\/\/balcilar-blog.com\/wp-content\/uploads\/2017\/04\/B\u015eAG-15.B\u00f6l\u00fcm-2.jpg",300,169,false],"cvmm-medium-plus":["https:\/\/balcilar-blog.com\/wp-content\/uploads\/2017\/04\/B\u015eAG-15.B\u00f6l\u00fcm-2.jpg",305,172,false],"cvmm-portrait":["https:\/\/balcilar-blog.com\/wp-content\/uploads\/2017\/04\/B\u015eAG-15.B\u00f6l\u00fcm-2.jpg",400,225,false],"cvmm-medium-square":["https:\/\/balcilar-blog.com\/wp-content\/uploads\/2017\/04\/B\u015eAG-15.B\u00f6l\u00fcm-2.jpg",600,338,false],"cvmm-large":["https:\/\/balcilar-blog.com\/wp-content\/uploads\/2017\/04\/B\u015eAG-15.B\u00f6l\u00fcm-2.jpg",640,360,false],"cvmm-small":["https:\/\/balcilar-blog.com\/wp-content\/uploads\/2017\/04\/B\u015eAG-15.B\u00f6l\u00fcm-2.jpg",130,73,false],"full":["https:\/\/balcilar-blog.com\/wp-content\/uploads\/2017\/04\/B\u015eAG-15.B\u00f6l\u00fcm-2.jpg",640,360,false]},"_links":{"self":[{"href":"https:\/\/balcilar-blog.com\/index.php?rest_route=\/wp\/v2\/posts\/19113","targetHints":{"allow":["GET"]}}],"collection":[{"href":"https:\/\/balcilar-blog.com\/index.php?rest_route=\/wp\/v2\/posts"}],"about":[{"href":"https:\/\/balcilar-blog.com\/index.php?rest_route=\/wp\/v2\/types\/post"}],"author":[{"embeddable":true,"href":"https:\/\/balcilar-blog.com\/index.php?rest_route=\/wp\/v2\/users\/3"}],"replies":[{"embeddable":true,"href":"https:\/\/balcilar-blog.com\/index.php?rest_route=%2Fwp%2Fv2%2Fcomments&post=19113"}],"version-history":[{"count":2,"href":"https:\/\/balcilar-blog.com\/index.php?rest_route=\/wp\/v2\/posts\/19113\/revisions"}],"predecessor-version":[{"id":19120,"href":"https:\/\/balcilar-blog.com\/index.php?rest_route=\/wp\/v2\/posts\/19113\/revisions\/19120"}],"wp:featuredmedia":[{"embeddable":true,"href":"https:\/\/balcilar-blog.com\/index.php?rest_route=\/wp\/v2\/media\/19115"}],"wp:attachment":[{"href":"https:\/\/balcilar-blog.com\/index.php?rest_route=%2Fwp%2Fv2%2Fmedia&parent=19113"}],"wp:term":[{"taxonomy":"category","embeddable":true,"href":"https:\/\/balcilar-blog.com\/index.php?rest_route=%2Fwp%2Fv2%2Fcategories&post=19113"},{"taxonomy":"post_tag","embeddable":true,"href":"https:\/\/balcilar-blog.com\/index.php?rest_route=%2Fwp%2Fv2%2Ftags&post=19113"}],"curies":[{"name":"wp","href":"https:\/\/api.w.org\/{rel}","templated":true}]}}