{"id":191,"date":"2013-11-23T16:50:07","date_gmt":"2013-11-23T14:50:07","guid":{"rendered":"http:\/\/balcilar-blog.com\/?p=191"},"modified":"2014-02-20T16:53:24","modified_gmt":"2014-02-20T14:53:24","slug":"koyumuzde-muharrem-ayi-asure-yapimi","status":"publish","type":"post","link":"https:\/\/balcilar-blog.com\/?p=191","title":{"rendered":"K\u00f6y\u00fcm\u00fczde Muharrem ay\u0131 a\u015fure yap\u0131m\u0131,"},"content":{"rendered":"<div>\n<h4>23 Kas\u0131m &#8217;13<\/h4>\n<\/div>\n<div><\/div>\n<dl>\n<dt>Kategori<\/dt>\n<dd><a href=\"http:\/\/blog.milliyet.com.tr\/gelenekler\/Kategori\/?KategoriNo=286\"><strong>Gelenekler<\/strong><\/a><\/dd>\n<\/dl>\n<p>&nbsp;<\/p>\n<div>\n<div><img loading=\"lazy\" decoding=\"async\" alt=\"K\u00f6y\u00fcm\u00fczde Muharrem ay\u0131 a\u015fure yap\u0131m\u0131,\" src=\"http:\/\/iblog.milliyet.com.tr\/imgroot\/blogv7\/Blog333\/2013\/11\/22\/46\/437528-3-4-8a7fc.jpg\" width=\"333\" height=\"240\" \/><\/p>\n<div><\/div>\n<\/div>\n<div id=\"BlogDetail\">\n<p>Malumunuz\u00a0<a href=\"http:\/\/blog.milliyet.com.tr\/AramaBlog\/?search=Muharrem%20ay%C4%B1\" rel=\"external nofollow\">Muharrem ay\u0131<\/a>\u00a0<a href=\"http:\/\/blog.milliyet.com.tr\/AramaBlog\/?search=a%C5%9Fure\" rel=\"external nofollow\">a\u015fure<\/a>\u00a0ay\u0131d\u0131r.\u00a0<a href=\"http:\/\/blog.milliyet.com.tr\/AramaBlog\/?search=Ayd%C4%B1n\" rel=\"external nofollow\">Ayd\u0131n<\/a>,<a href=\"http:\/\/blog.milliyet.com.tr\/AramaBlog\/?search=Germencik\" rel=\"external nofollow\">Germencik<\/a>,\u00a0<a href=\"http:\/\/blog.milliyet.com.tr\/AramaBlog\/?search=Da%C4%9Fyeni%20k%C3%B6y%C3%BC\" rel=\"external nofollow\">Da\u011fyeni k\u00f6y\u00fc<\/a>nde de, a\u015furesi yap\u0131m\u0131 gelene\u011fi s\u00fcrd\u00fcr\u00fclmektedir.<\/p>\n<p>K\u00f6yde her aile mutlaka a\u015fure yapar. Yapmayan yok denecek kadar azd\u0131r.<\/p>\n<p>\u00d6nce malzemeleri s\u0131ralayal\u0131m, sonra yap\u0131m\u0131 anlatay\u0131m.<\/p>\n<p>5 k\u011f. A\u015furelik bu\u011fday, (Tatl\u0131 a\u015fure i\u00e7in 3 k\u011f.bu\u011fday)<\/p>\n<p>5 k\u011f.\u00a0\u00a0\u00a0\u00a0\u00a0 Toz \u015feker,<\/p>\n<p>0,5 k\u011f.\u00a0\u00a0\u00a0 \u0130\u00e7 ceviz,<\/p>\n<p>0,250 k\u011f. Susam<\/p>\n<p>Yar\u0131m \u00e7ay barda\u011f\u0131 g\u00fcl suyu<\/p>\n<p>Karar d\u00f6v\u00fclm\u00fc\u015f karanfil.<\/p>\n<p>15-20 litrelik k\u00fc\u00e7\u00fck kazan su konur. Bu\u011fdaylar ilave edilir. Bizim buralarda odun ate\u015finde yap\u0131ld\u0131\u011f\u0131ndan bir saat kaynat\u0131l\u0131r. Sonra tahta kep\u00e7e ile d\u00f6v\u00fcl\u00fcr. Merhem k\u0131vam\u0131na gelince kadar bu i\u015flem devam eder. Yar\u0131m \u00e7ay barda\u011f\u0131ndan az zeytinya\u011f\u0131 ve 2-3 \u00e7ay ka\u015f\u0131\u011f\u0131 tuz ilave ederler.\u00a0<a href=\"http:\/\/blog.milliyet.com.tr\/AramaBlog\/?search=Ak%20a%C5%9F%C4%B1r\" rel=\"external nofollow\">Ak a\u015f\u0131r<\/a>\u00a0haz\u0131rd\u0131r. Tatl\u0131 a\u015fure yap\u0131lmadan (\u015feker konmadan) \u00f6nceki \u015fekline ak a\u015f\u0131r denir. Haz\u0131rlanan bu ak a\u015f\u0131r konu kom\u015fu ve \u00e7a\u011fr\u0131lan akrabalarla birka\u00e7 sofra halinde yenir. Tabaklarda yap\u0131lan servise \u00e7i\u011f zeytinya\u011f\u0131 ve tuz konulup, ekmek veya yufka ile s\u0131cak olarak ka\u015f\u0131k, ka\u015f\u0131k yerler.<\/p>\n<p>Daha sonra kalan ak a\u015f\u0131ra, 2 k\u011f. Yenmi\u015ftir. 3 k\u011f.l\u0131k\u00a0 k\u0131sma 5 k\u011f. toz \u015feker konur. Sonra, susam, badem, ceviz, d\u00f6v\u00fclm\u00fc\u015f karanfil ve g\u00fcl suyu koyulur. Kar\u0131\u015ft\u0131r\u0131larak biraz daha kaynat\u0131l\u0131r. Tad\u0131na bak\u0131larak, gerekirse toz \u015feker ilave edilir. Art\u0131k tatl\u0131 a\u015furemiz haz\u0131rd\u0131r. Da\u011f\u0131t\u0131lacak tabaklara s\u0131cak olarak d\u00f6k\u00fcl\u00fcr. Tabaklar en az 4-5 ki\u015filik olarak ayarlan\u0131r. \u00a0\u00d6nce etraf kom\u015fular\u0131ndan ba\u015flayarak, k\u00f6y i\u00e7indeki b\u00fct\u00fcn akrabalar\u0131n\u0131 da\u011f\u0131t\u0131l\u0131r.<\/p>\n<p>A\u015furelere baz\u0131 yerlerde, kuru kay\u0131s\u0131, kuru armut, kuru incir, \u00e7ekirdeksiz kuru \u00fcz\u00fcm, ha\u015flanm\u0131\u015f kuru fasulye ve nohut ilave edilebilir. Tek ki\u015filik \u00e7orba k\u00e2selerine kondu\u011funda \u00fczerlerine tatl\u0131 nar taneleri konabilir.<\/p>\n<p>Afiyet olsun, Allah kabul etsin.<\/p>\n<p>&nbsp;<\/p>\n<p>Abdurrahman Balc\u0131lar<\/p>\n<p>Twitter: abdurrahman balc\u0131lar@abbalcilar<\/p>\n<p>Mail :\u00a0<a href=\"mailto:ab.balcilar@hotmail.com\" target=\"_blank\">ab.balcilar@hotmail.com<\/a><\/p>\n<div>\n<p>Blog: milliyet.com.tr\/cansever<\/p>\n<\/div>\n<\/div>\n<\/div>\n","protected":false},"excerpt":{"rendered":"<p>23 Kas\u0131m &#8217;13 Kategori Gelenekler &nbsp; Malumunuz\u00a0Muharrem ay\u0131\u00a0a\u015fure\u00a0ay\u0131d\u0131r.\u00a0Ayd\u0131n,Germencik,\u00a0Da\u011fyeni k\u00f6y\u00fcnde de, a\u015furesi yap\u0131m\u0131 gelene\u011fi s\u00fcrd\u00fcr\u00fclmektedir. K\u00f6yde her aile mutlaka a\u015fure yapar. Yapmayan yok denecek kadar azd\u0131r. \u00d6nce malzemeleri s\u0131ralayal\u0131m, sonra yap\u0131m\u0131 anlatay\u0131m. 5 k\u011f. A\u015furelik bu\u011fday, (Tatl\u0131 a\u015fure i\u00e7in 3 k\u011f.bu\u011fday) 5 k\u011f.\u00a0\u00a0\u00a0\u00a0\u00a0 Toz \u015feker, 0,5 k\u011f.\u00a0\u00a0\u00a0 \u0130\u00e7 ceviz, 0,250 k\u011f. Susam Yar\u0131m \u00e7ay barda\u011f\u0131 g\u00fcl [&hellip;]<\/p>\n","protected":false},"author":3,"featured_media":0,"comment_status":"open","ping_status":"open","sticky":false,"template":"","format":"standard","meta":{"footnotes":""},"categories":[3],"tags":[114,113,72,73,77,112],"class_list":["post-191","post","type-post","status-publish","format-standard","hentry","category-gelenekler","tag-ak-asir","tag-asure","tag-aydin","tag-dagyeni-koyu","tag-germencik","tag-muharrem-ayi"],"views":4433,"blog_post_layout_featured_media_urls":{"thumbnail":"","full":""},"categories_names":{"3":{"name":"Gelenekler","link":"https:\/\/balcilar-blog.com\/?cat=3"}},"tags_names":{"114":{"name":"Ak a\u015f\u0131r","link":"https:\/\/balcilar-blog.com\/?tag=ak-asir"},"113":{"name":"A\u015fure","link":"https:\/\/balcilar-blog.com\/?tag=asure"},"72":{"name":"Ayd\u0131n","link":"https:\/\/balcilar-blog.com\/?tag=aydin"},"73":{"name":"Da\u011fyeni K\u00f6y\u00fc","link":"https:\/\/balcilar-blog.com\/?tag=dagyeni-koyu"},"77":{"name":"Germencik","link":"https:\/\/balcilar-blog.com\/?tag=germencik"},"112":{"name":"Muharrem Ay\u0131","link":"https:\/\/balcilar-blog.com\/?tag=muharrem-ayi"}},"comments_number":"0","wpmagazine_modules_lite_featured_media_urls":{"thumbnail":"","cvmm-medium":"","cvmm-medium-plus":"","cvmm-portrait":"","cvmm-medium-square":"","cvmm-large":"","cvmm-small":"","full":""},"_links":{"self":[{"href":"https:\/\/balcilar-blog.com\/index.php?rest_route=\/wp\/v2\/posts\/191","targetHints":{"allow":["GET"]}}],"collection":[{"href":"https:\/\/balcilar-blog.com\/index.php?rest_route=\/wp\/v2\/posts"}],"about":[{"href":"https:\/\/balcilar-blog.com\/index.php?rest_route=\/wp\/v2\/types\/post"}],"author":[{"embeddable":true,"href":"https:\/\/balcilar-blog.com\/index.php?rest_route=\/wp\/v2\/users\/3"}],"replies":[{"embeddable":true,"href":"https:\/\/balcilar-blog.com\/index.php?rest_route=%2Fwp%2Fv2%2Fcomments&post=191"}],"version-history":[{"count":1,"href":"https:\/\/balcilar-blog.com\/index.php?rest_route=\/wp\/v2\/posts\/191\/revisions"}],"predecessor-version":[{"id":192,"href":"https:\/\/balcilar-blog.com\/index.php?rest_route=\/wp\/v2\/posts\/191\/revisions\/192"}],"wp:attachment":[{"href":"https:\/\/balcilar-blog.com\/index.php?rest_route=%2Fwp%2Fv2%2Fmedia&parent=191"}],"wp:term":[{"taxonomy":"category","embeddable":true,"href":"https:\/\/balcilar-blog.com\/index.php?rest_route=%2Fwp%2Fv2%2Fcategories&post=191"},{"taxonomy":"post_tag","embeddable":true,"href":"https:\/\/balcilar-blog.com\/index.php?rest_route=%2Fwp%2Fv2%2Ftags&post=191"}],"curies":[{"name":"wp","href":"https:\/\/api.w.org\/{rel}","templated":true}]}}