{"id":19072,"date":"2017-04-17T16:41:18","date_gmt":"2017-04-17T13:41:18","guid":{"rendered":"http:\/\/balcilar-blog.com\/?p=19072"},"modified":"2017-04-17T16:53:58","modified_gmt":"2017-04-17T13:53:58","slug":"gecen-haftanin-10-16-nisan-2017-en-cok-izlenen-dizileri","status":"publish","type":"post","link":"https:\/\/balcilar-blog.com\/?p=19072","title":{"rendered":"Ge\u00e7en Haftan\u0131n (10 &#8211; 16 Nisan 2017) en \u00e7ok izlenen dizileri!"},"content":{"rendered":"<p><img loading=\"lazy\" decoding=\"async\" class=\"alignnone size-full wp-image-19083\" src=\"http:\/\/balcilar-blog.com\/wp-content\/uploads\/2017\/04\/cats17-N\u0130SAN.jpg\" alt=\"cats17 N\u0130SAN\" width=\"640\" height=\"361\" srcset=\"https:\/\/balcilar-blog.com\/wp-content\/uploads\/2017\/04\/cats17-N\u0130SAN.jpg 640w, https:\/\/balcilar-blog.com\/wp-content\/uploads\/2017\/04\/cats17-N\u0130SAN-300x169.jpg 300w\" sizes=\"auto, (max-width: 640px) 100vw, 640px\" \/><\/p>\n<p>TNS \u00f6l\u00e7\u00fcmlerine g\u00f6re haz\u0131rlad\u0131\u011f\u0131m <strong>10 &#8211; 16 Nisan 2017<\/strong> Tarihleri aras\u0131nda en \u00e7ok seyredilen alt\u0131 Ulusal kanallar\u0131m\u0131zda ekranlar\u0131m\u0131za gelen 30 dizi aras\u0131nda, Total\u2019de ve AB\u2019de ilk ona giren, haftan\u0131n dizi karnesini a\u015fa\u011f\u0131da bilgilerinize sunuyorum. Bu hafta Pazar ak\u015fam\u0131 referandum sonu\u00e7lar\u0131 ekranlar\u0131 getirildi\u011fi i\u00e7in hi\u00e7 bir kanalda yeni dizi yoktu. Bu nedenle bu haftaki dizilerde Pazar dizileri yok.<\/p>\n<p><strong>Ge\u00e7en Hafta G\u00f6sterimdeki Diziler :<\/strong><\/p>\n<p>\u0130\u00e7erde, K\u0131rg\u0131n \u00c7i\u00e7ekler, Hangimiz Sevmedik, K\u0131rlang\u0131\u00e7 F\u0131rt\u0131nas\u0131, \u0130simsizler, S\u00f6z, Anne, Muhte\u015fem Y\u00fczy\u0131l IV.Murad, Kara Yaz\u0131, A\u015fk ve Gurur, Kara Yaz\u0131, Dirili\u015f Ertu\u011frul, Kara Sevda, Bu \u015eehir Arkandan Gelecek, Evlat Kokusu, No:309, Bir Deli Sevda, Vatan\u0131m Sensin, Cesur ve G\u00fczel, \u00c7oban Y\u0131ld\u0131z\u0131, \u00d6lene Kadar, A\u015fk ve Mavi, Arka Sokaklar, Dayan Y\u00fcre\u011fim, Payitaht Abd\u00fclhamid, \u0130stanbullu Gelin, Kalbimdeki Deniz, Seksenler, Ad\u0131 Efsane, Yeni Gelin, Fazilet Han\u0131m ve K\u0131zlar\u0131 dizilerinin yeni b\u00f6l\u00fcmleri yay\u0131nland\u0131.<\/p>\n<p><strong>Haftan\u0131n dizilerinde ;<\/strong><\/p>\n<p><strong>Total&#8217;in ilk s\u0131ras\u0131nda<\/strong> bu hafta tekrar TRT1&#8217;in Dirili\u015f Ertu\u011frul&#8217;un 84.b\u00f6l\u00fcm\u00fcnde ald\u0131\u011f\u0131, 13,87 reyting puan\u0131 ile ilk s\u0131rada yer ald\u0131. Total&#8217;in 10.s\u0131ras\u0131nda ge\u00e7en hafta oldu\u011fu gibi Fox Tv&#8217;nin Kalbimdeki Deniz, 6,04 puanla yer alm\u0131\u015ft\u0131r.<\/p>\n<p><strong>AB&#8217;nin ilk s\u0131ras\u0131nda<\/strong>, TRT1&#8217;in Dirili\u015f Ertu\u011frul 16,40 gibi y\u00fcksek bir puanla birinci s\u0131rada yer alm\u0131\u015ft\u0131r. Fox Tv&#8217;nin dizisi Kalbimdeki Deniz 25.b\u00f6l\u00fcmde ald\u0131\u011f\u0131 5,12 reyting puan\u0131 ile 10.s\u0131rada yer alm\u0131\u015ft\u0131r.<\/p>\n<p>&nbsp;<\/p>\n<p><strong>F\u0130NAL YAPAN D\u0130Z\u0130LER :<\/strong><\/p>\n<p>Ge\u00e7en hafta, <strong>Damla S\u00f6nmez, Mert F\u0131rat<\/strong> ve Alper Sald\u0131ran&#8217;\u0131n ba\u015f rol oynad\u0131\u011f\u0131 Show Tv&#8217;nin A\u015fk ve Gurur 6.b\u00f6l\u00fcm\u00fc ile ekranlara veda etti.<\/p>\n<p><img loading=\"lazy\" decoding=\"async\" class=\"alignnone size-full wp-image-17877\" src=\"http:\/\/balcilar-blog.com\/wp-content\/uploads\/2017\/02\/cats-A\u015fk-ve-Gurur.jpg\" alt=\"cats A\u015fk ve Gurur\" width=\"640\" height=\"363\" srcset=\"https:\/\/balcilar-blog.com\/wp-content\/uploads\/2017\/02\/cats-A\u015fk-ve-Gurur.jpg 640w, https:\/\/balcilar-blog.com\/wp-content\/uploads\/2017\/02\/cats-A\u015fk-ve-Gurur-300x170.jpg 300w\" sizes=\"auto, (max-width: 640px) 100vw, 640px\" \/><\/p>\n<p>Sebebi ne olursa olsun resmen reyting kurban\u0131 oldu. Uzun soluklu bir dizi olmas\u0131n\u0131 isterdim.<\/p>\n<p>&nbsp;<\/p>\n<p><img loading=\"lazy\" decoding=\"async\" class=\"alignnone size-full wp-image-19027\" src=\"http:\/\/balcilar-blog.com\/wp-content\/uploads\/2017\/04\/4_d-1.jpg\" alt=\"4_d\" width=\"640\" height=\"426\" srcset=\"https:\/\/balcilar-blog.com\/wp-content\/uploads\/2017\/04\/4_d-1.jpg 640w, https:\/\/balcilar-blog.com\/wp-content\/uploads\/2017\/04\/4_d-1-300x200.jpg 300w\" sizes=\"auto, (max-width: 640px) 100vw, 640px\" \/><\/p>\n<p>Bir ba\u015fka reyting kurban\u0131 dizi, Atv&#8217;de oynayan Engin Aky\u00fcrek ve Fahriye Evcen&#8217;in dizisi \u00d6lene Kadar 13.b\u00f6l\u00fcmde ac\u0131 bir final yapt\u0131. Finalde dizinin ba\u015frol oyuncusu Da\u011fhan \u00f6ld\u00fc. Ya o\u011flunu, ya da sevgisini tercih etmesi gerekiryordu. O her ikisinden vazge\u00e7medi, s\u0131rt\u0131ndan kur\u015funland\u0131 ve \u00f6ld\u00fc. Ba\u015far\u0131l\u0131 ve de \u00f6d\u00fcll\u00fc oyuncumuz Engin Aky\u00fcrek i\u00e7in bu dizi moral bozucu olmu\u015ftur. Ona bundan sonraki i\u015flerinde ba\u015far\u0131lar diliyorum.<\/p>\n<p><strong>Reyting Nedir?<\/strong><\/p>\n<p>Reyting, izleyici tercihlerine g\u00f6re ortaya \u00e7\u0131kan izlenme pay\u0131n\u0131n kanallara ve programlara payla\u015ft\u0131r\u0131lmas\u0131 ile olu\u015fan de\u011ferlendirmedir. Reyting de\u011ferlendirmesi kanallar ve reklam \u015firketleri ad\u0131na TNS taraf\u0131ndan ger\u00e7ekle\u015ftirilir. \u00d6l\u00e7me i\u015flemi yakla\u015f\u0131k 2200 haneye yerle\u015ftirilen ve gizli tutulan reyting \u00f6l\u00e7me cihazlar\u0131 ile elde edilir. Reyting sonu\u00e7lar\u0131, t\u00fcm g\u00fcn boyunca izlenen programlar\u0131n listelenmesine imkan verir.<\/p>\n<p><strong>\u00d6l\u00e7\u00fcmler nas\u0131l yap\u0131l\u0131yor ?<\/strong><\/p>\n<p>Ba\u011f\u0131ms\u0131z kurulu\u015f taraf\u0131ndan hesaplanan sonu\u00e7lar 3 kategoride hesaplan\u0131yor AB, Total ve ABC1 kategorileri sonu\u00e7lar\u0131nda share ve rating s\u0131ral\u0131 olarak 100 Tv program\u0131 g\u00fcnl\u00fck olarak payla\u015f\u0131l\u0131yor reklam verenler ve yap\u0131mc\u0131lar i\u00e7in \u00f6nemli yere sahip olan sonu\u00e7lar denek tv&#8217;lerde ki \u00f6l\u00e7\u00fcm cihazlar\u0131 vas\u0131tas\u0131yla istatistiki bilgileri al\u0131n\u0131yor.<\/p>\n<p>Bu hafta en \u00e7ok izlenen ilk ona giren dizlere g\u00f6z atal\u0131m. Bu s\u0131ralama sadece dizilerin reytingler y\u00fczdesine g\u00f6re en \u00e7ok izlenen dizilerin ilk 10\u2019da yer alanlar\u0131n\u0131 s\u0131ralamaya koyuyorum. Yar\u0131\u015fma, e\u011flence ve haber programlar\u0131 y\u00fczdeleri y\u00fcksek olsa da bu s\u0131ralamaya koymuyorum. Bu sadece dizilerin yar\u0131\u015f\u0131d\u0131r, en \u00e7ok izlenen dizilerin s\u0131ralamas\u0131d\u0131r. Bir nevi dizilerin karnesidir.<\/p>\n<p>&nbsp;<\/p>\n<p><strong>Ge\u00e7en Haftan\u0131n En \u00c7ok \u0130zlenen Dizileri:<\/strong><\/p>\n<p><strong>Total ilk 10 :<\/strong><\/p>\n<p>1.Dirili\u015f Ertu\u011frul 84.B\u00f6l\u00fcm (TRT1)&#8230;&#8230;&#8230;&#8230;&#8230;&#8230;&#8230;&#8230;&#8230;&#8230;.13,87 &#8211; 29,28<\/p>\n<p>2.Arka Sokaklar 437.B\u00f6l\u00fcm (Kanal D)&#8230;&#8230;&#8230;&#8230;&#8230;&#8230;&#8230;&#8230;&#8230;7,96 &#8211; 17,62<\/p>\n<p>3.A\u015fk ve Mavi 23.B\u00f6l\u00fcm (Atv)&#8230;&#8230;&#8230;&#8230;&#8230;&#8230;&#8230;&#8230;&#8230;&#8230;&#8230;&#8230;&#8230;.7,75 &#8211; 17,24<\/p>\n<p>4.Anne 23.B\u00f6l\u00fcm (Star Tv)&#8230;&#8230;&#8230;&#8230;&#8230;&#8230;&#8230;&#8230;&#8230;&#8230;&#8230;&#8230;&#8230;&#8230;&#8230;7,69 &#8211; 17,29<\/p>\n<p>5.K\u0131rg\u0131n \u00c7i\u00e7ekler 79.B\u00f6l\u00fcm (Atv)&#8230;&#8230;&#8230;&#8230;&#8230;&#8230;&#8230;&#8230;&#8230;&#8230;&#8230;..7,33 &#8211; 15,84<\/p>\n<p>6.\u0130\u00e7erde 29.B\u00f6l\u00fcm (Show Tv)&#8230;&#8230;&#8230;&#8230;&#8230;&#8230;&#8230;&#8230;&#8230;&#8230;&#8230;&#8230;&#8230;..7,28 &#8211; 15,60<\/p>\n<p>7.Yeni Gelin 7.B\u00f6l\u00fcm (Show Tv)&#8230;&#8230;&#8230;&#8230;&#8230;&#8230;&#8230;&#8230;&#8230;&#8230;&#8230;&#8230;.7,00 &#8211; 15,76<\/p>\n<p>8.S\u00f6z 2.B\u00f6l\u00fcm (Star Tv)&#8230;&#8230;&#8230;&#8230;&#8230;&#8230;&#8230;&#8230;&#8230;&#8230;&#8230;&#8230;&#8230;&#8230;&#8230;&#8230;.6,85 &#8211; 14,84<\/p>\n<p>9.Kara Sevda 64.B\u00f6l\u00fcm (Star Tv)&#8230;&#8230;&#8230;&#8230;&#8230;&#8230;&#8230;&#8230;&#8230;&#8230;&#8230;.6,27 &#8211; 13,87<\/p>\n<p>10.Kalbimdeki Deniz 25.B\u00f6l\u00fcm (Fox Tv)&#8230;&#8230;&#8230;&#8230;&#8230;&#8230;&#8230;.6,04 &#8211; 13,58<\/p>\n<p>&nbsp;<\/p>\n<p><strong>AB\u2019de ilk 10 :<\/strong><\/p>\n<p>1.Dirili\u015f Ertu\u011frul 84.B\u00f6l\u00fcm (TRT1)&#8230;&#8230;&#8230;&#8230;&#8230;&#8230;&#8230;&#8230;&#8230;&#8230;.16,40 &#8211; 33,67<\/p>\n<p>2.Vatan\u0131m Sensin 23.B\u00f6l\u00fcm ( Kanal D)&#8230;&#8230;&#8230;&#8230;&#8230;&#8230;&#8230;&#8230;.9,28 &#8211; 20,19<\/p>\n<p>3.\u0130\u00e7erde 29.B\u00f6l\u00fcm (Show Tv)&#8230;&#8230;&#8230;&#8230;&#8230;&#8230;&#8230;&#8230;&#8230;&#8230;&#8230;&#8230;&#8230;..9,15 &#8211; 20,05<\/p>\n<p>4.Anne 23.B\u00f6l\u00fcm (Star Tv)&#8230;&#8230;&#8230;&#8230;&#8230;&#8230;&#8230;&#8230;&#8230;&#8230;&#8230;&#8230;&#8230;&#8230;&#8230;8,67 &#8211; 20,00<\/p>\n<p>5.\u0130stanbullu Gelin 7.B\u00f6l\u00fcm (Star Tv)&#8230;&#8230;&#8230;&#8230;&#8230;&#8230;&#8230;&#8230;&#8230;..6,79 &#8211; 15,18<\/p>\n<p>6.Cesur ve G\u00fczel 22.B\u00f6l\u00fcm (Star Tv)&#8230;&#8230;&#8230;&#8230;&#8230;&#8230;&#8230;&#8230;&#8230;..6,41 &#8211; 13,74<\/p>\n<p>7.S\u00f6z 2.B\u00f6l\u00fcm (Star Tv)&#8230;&#8230;&#8230;&#8230;&#8230;&#8230;&#8230;&#8230;&#8230;&#8230;&#8230;&#8230;&#8230;&#8230;&#8230;&#8230;.5,97 &#8211; 13,71<\/p>\n<p>8.Ad\u0131 Efsane 12.B\u00f6l\u00fcm (Kanal D)&#8230;&#8230;&#8230;&#8230;&#8230;&#8230;&#8230;&#8230;&#8230;&#8230;&#8230;5,83 &#8211; 14,13<\/p>\n<p>9.Kara Sevda 64.B\u00f6l\u00fcm (Star Tv)&#8230;&#8230;&#8230;&#8230;&#8230;&#8230;&#8230;&#8230;&#8230;&#8230;&#8230;5,49 &#8211; 11,80<\/p>\n<p>10.Kalbimdeki Deniz 25.B\u00f6l\u00fcm (Fox Tv)&#8230;&#8230;&#8230;&#8230;&#8230;&#8230;&#8230;5,12 &#8211; 12,27<\/p>\n<p>&nbsp;<\/p>\n<p><strong>TOTAL ve AB Grubunda reytingleri en y\u00fcksek olan Haftan\u0131n ilk 5 s\u0131ralamas\u0131 :<\/strong><\/p>\n<p><strong>1.D\u0130R\u0130L\u0130\u015e ERTU\u011eRUL<\/strong> : TRT1&#8217;in sevilen dizisi Dirili\u015f Ertu\u011frul bu hafta da ekranlara gelen 84.B\u00f6l\u00fcm\u00fc ile AB&#8217;de ald\u0131\u011f\u0131 16,40 reyting puan\u0131 ile haftan\u0131n dizileri aras\u0131nda ilk s\u0131rada yer al\u0131yor.<\/p>\n<p><img loading=\"lazy\" decoding=\"async\" class=\"alignnone size-full wp-image-19078\" src=\"http:\/\/balcilar-blog.com\/wp-content\/uploads\/2017\/04\/dirilis-ertugrul-84-bolum-fragmani-dundar.jpg\" alt=\"dirilis-ertugrul-84-bolum-fragmani-dundar\" width=\"670\" height=\"330\" srcset=\"https:\/\/balcilar-blog.com\/wp-content\/uploads\/2017\/04\/dirilis-ertugrul-84-bolum-fragmani-dundar.jpg 670w, https:\/\/balcilar-blog.com\/wp-content\/uploads\/2017\/04\/dirilis-ertugrul-84-bolum-fragmani-dundar-300x148.jpg 300w\" sizes=\"auto, (max-width: 670px) 100vw, 670px\" \/><\/p>\n<p>Ertu\u011frul, Nikea\u2019dan gelen istihbarat \u00fczerine D\u00fcndar\u2019a ve Do\u011fan\u2019a, sultana haber iletmeleri i\u00e7in onlar\u0131 Konya\u2019ya g\u00f6nderece\u011fini s\u00f6ylemi\u015ftir. D\u00fcndar, gizli kalmas\u0131 gereken bu bilgiyi zaaf g\u00f6stererek G\u00fcnyeli\u2019ye s\u00f6ylemi\u015ftir. G\u00fcnyeli D\u00fcndar\u2019\u0131n Konya\u2019ya gidece\u011fini babas\u0131na s\u00f6yleyince bu haber Ural\u2019a daha sonra Vasilius\u2019a ula\u015fm\u0131\u015ft\u0131r. Ural ve Vasilius bunu bir f\u0131rsat bilmi\u015f, Do\u011fan\u2019\u0131 \u00f6ld\u00fcrerek, D\u00fcndar\u2019\u0131 esir alm\u0131\u015flard\u0131r. Bu durum kay\u0131 obas\u0131nda b\u00fct\u00fcn ahaliyi sarsm\u0131\u015f, obay\u0131 matem b\u00fcr\u00fcm\u00fc\u015ft\u00fcr. Dumrul\u2019dan gelen istihbaratla Ertu\u011frul Nikea\u2019ya giden kervan\u0131 basm\u0131\u015f, karde\u015fi D\u00fcndar\u2019\u0131 kurtaraca\u011f\u0131n\u0131 san\u0131rken Ha\u00e7aturyan\u2019\u0131n cesediyle kar\u015f\u0131la\u015fm\u0131\u015ft\u0131r. Ertu\u011frul b\u00fcy\u00fck sars\u0131nt\u0131 i\u00e7erisindedir. \u0130ntikam duygusu b\u00fct\u00fcn bedenini sarm\u0131\u015ft\u0131r. \u015eimdi ad\u0131m ad\u0131m cihad yakla\u015fmaktad\u0131r. Art\u0131k Ertu\u011frul\u2019u durdurmak kolay olmayacakt\u0131r. Peki Ertu\u011frul\u2019un hamlesi ne olacakt\u0131r? Di\u011fer yandan D\u00fcndar, Karacahisar Kalesinde hala esirdir. Vasilius son olarak onu zindandan alm\u0131\u015f ve bir yere g\u00f6t\u00fcrm\u00fc\u015ft\u00fcr. Kimse nereye gitti\u011fini bilmemektedir. Peki D\u00fcndar\u2019\u0131n ak\u0131beti ne olacakt\u0131r? B\u00fct\u00fcn bu ac\u0131lar\u0131n ya\u015fanmas\u0131na sebep olan Acar ve G\u00fcnyeli ise kazand\u0131klar\u0131 zaferin mutlulu\u011fu i\u00e7erisindedirler. \u00c7avdar Obas\u0131 i\u00e7inde fitneye devam etmektedirler. Peki b\u00fct\u00fcn bu i\u015flerin ard\u0131nda onlar\u0131n oldu\u011fu anla\u015f\u0131lacak m\u0131d\u0131r? Yoksa ortal\u0131\u011f\u0131 kar\u0131\u015ft\u0131rmaya devam m\u0131 edeceklerdir?<\/p>\n<p><strong>2.VATANIM SENS\u0130N<\/strong> : Kanal D&#8217;nin macera ve drama dizisi bu hafta 23.b\u00f6l\u00fcmde AB&#8217;de ald\u0131\u011f\u0131 9,28 puanla, haftan\u0131n dizileri aras\u0131nda 2.s\u0131raya y\u00fckseldi.<\/p>\n<p><img loading=\"lazy\" decoding=\"async\" class=\"alignnone size-full wp-image-19080\" src=\"http:\/\/balcilar-blog.com\/wp-content\/uploads\/2017\/04\/vatan\u0131m-sensin-23.b\u00f6l..jpg\" alt=\"vatan\u0131m sensin 23.b\u00f6l.\" width=\"640\" height=\"369\" srcset=\"https:\/\/balcilar-blog.com\/wp-content\/uploads\/2017\/04\/vatan\u0131m-sensin-23.b\u00f6l..jpg 640w, https:\/\/balcilar-blog.com\/wp-content\/uploads\/2017\/04\/vatan\u0131m-sensin-23.b\u00f6l.-300x173.jpg 300w\" sizes=\"auto, (max-width: 640px) 100vw, 640px\" \/><\/p>\n<p>Vatan\u0131m Sensin 23. B\u00f6l\u00fcm&#8217;de; Kuva-yi Milliye Bat\u0131 Cephesi Komutan\u0131 Ali Fuat Pa\u015fa&#8217;n\u0131n emri do\u011frultusunda, \u0130zmir&#8217;de bulunan t\u00fcm m\u00fchimmat\u0131n Afyon&#8217;a sevk edilmesi gerekir.<\/p>\n<p>Afyon&#8217;a gitmeye \u00e7al\u0131\u015fan T\u00fcrk halk\u0131na, Ala\u015fehir&#8217;de yap\u0131lan zul\u00fcm onlara bir yard\u0131m g\u00f6t\u00fcr\u00fclmesi gerekti\u011fi durumunu ortaya \u00e7\u0131kar\u0131r.<\/p>\n<p><img loading=\"lazy\" decoding=\"async\" class=\"alignnone size-full wp-image-19018\" src=\"http:\/\/balcilar-blog.com\/wp-content\/uploads\/2017\/04\/vatanim-sensin-23-bolumunde-silahlar-yerine-ulast-2806982.jpeg\" alt=\"vatanim-sensin-23-bolumunde-silahlar-yerine-ulast-2806982\" width=\"640\" height=\"387\" srcset=\"https:\/\/balcilar-blog.com\/wp-content\/uploads\/2017\/04\/vatanim-sensin-23-bolumunde-silahlar-yerine-ulast-2806982.jpeg 640w, https:\/\/balcilar-blog.com\/wp-content\/uploads\/2017\/04\/vatanim-sensin-23-bolumunde-silahlar-yerine-ulast-2806982-300x181.jpeg 300w\" sizes=\"auto, (max-width: 640px) 100vw, 640px\" \/><\/p>\n<p>Azize&#8217;nin organize etti\u011fi bu yard\u0131ma, \u0130zmir&#8217;deki T\u00fcrk halk\u0131 kat\u0131l\u0131rken, Cevdet ve Y\u00fczba\u015f\u0131 Yakup gizli bir plan yaparlar. Sava\u015f\u0131n kaderini belirleyecek silahlar, \u0130zmir&#8217;de herkesin pe\u015finde oldu\u011fu bir sorun haline gelmi\u015fti. Kuva-yi Milliye Bat\u0131 Cephesi Komutan\u0131 Ali Fuat Pa\u015fa, \u0130zmir&#8217;de bulunan silahlar\u0131n Afyon&#8217;a g\u00f6nderilmesini emreder. Gidecek yard\u0131m\u0131 bir f\u0131rsat olarak g\u00f6ren Cevdet ve Y\u00fczba\u015f\u0131 Yakup, bunun i\u00e7in Azize&#8217;nin yard\u0131m\u0131na ihtiya\u00e7 duyarlar. Azize ve Ali Kemal&#8217;in ba\u015f\u0131 \u00e7ekti\u011fi T\u00fcrkler, silahlar\u0131 yard\u0131m sand\u0131klar\u0131n\u0131 i\u00e7ine yerle\u015ftirirler.<\/p>\n<p><strong>3.\u0130\u00c7ERDE<\/strong> : Show Tv&#8217;nin fenomen dizisi olan \u0130\u00c7ERDE, bu hafta AB Grubunda ald\u0131\u011f\u0131 ald\u0131\u011f\u0131 9,15 puanla haftan\u0131n dizileri aras\u0131nda bu hafta bir basamak gerileyerek 3.s\u0131rada tekrar yer ald\u0131.<\/p>\n<p><img loading=\"lazy\" decoding=\"async\" class=\"alignnone size-full wp-image-18928\" src=\"http:\/\/balcilar-blog.com\/wp-content\/uploads\/2017\/04\/17634430_680658492119606_2309611728643829117_n.jpg\" alt=\"17634430_680658492119606_2309611728643829117_n\" width=\"640\" height=\"360\" srcset=\"https:\/\/balcilar-blog.com\/wp-content\/uploads\/2017\/04\/17634430_680658492119606_2309611728643829117_n.jpg 640w, https:\/\/balcilar-blog.com\/wp-content\/uploads\/2017\/04\/17634430_680658492119606_2309611728643829117_n-300x169.jpg 300w\" sizes=\"auto, (max-width: 640px) 100vw, 640px\" \/><\/p>\n<p>Sarp (\u00c7a\u011fatay Ulusoy), d\u00f6rt ya\u015f\u0131nda ka\u00e7\u0131r\u0131lan \u00f6ld\u00fc denilen karde\u015fi Umut&#8217;u (Aras Bulut \u0130ynemli) arama hikayesi ele al\u0131n\u0131yor. Kaderin cilvesi her ikisi de polis kolejinde karde\u015f olduklar\u0131n\u0131 bilmeden birlikte okuyor, polis oluyorlar. Mert \u0130\u00e7erde polis ama mafya babas\u0131 Celal&#8217;e \u00e7al\u0131\u015f\u0131yor. A\u011fabey Sarp d\u0131\u015far\u0131da, k\u00f6fteci Celal&#8217;in sa\u011f kolu g\u00f6z\u00fckse de gizli polis, m\u00fcd\u00fcr\u00fc Yusuf&#8217;a \u00e7al\u0131\u015f\u0131yor. Sarp, Celal&#8217;in itimad\u0131n\u0131 iyici kazand\u0131 ve onun sa\u011f kolu olarak g\u00f6z\u00fck\u00fcyor.<\/p>\n<p><img loading=\"lazy\" decoding=\"async\" class=\"alignnone size-full wp-image-18997\" src=\"http:\/\/balcilar-blog.com\/wp-content\/uploads\/2017\/04\/Ekran-Al\u0131nt\u0131s\u0131295.jpg\" alt=\"Ekran Al\u0131nt\u0131s\u013129,5\" width=\"640\" height=\"381\" srcset=\"https:\/\/balcilar-blog.com\/wp-content\/uploads\/2017\/04\/Ekran-Al\u0131nt\u0131s\u0131295.jpg 640w, https:\/\/balcilar-blog.com\/wp-content\/uploads\/2017\/04\/Ekran-Al\u0131nt\u0131s\u0131295-300x179.jpg 300w\" sizes=\"auto, (max-width: 640px) 100vw, 640px\" \/><\/p>\n<p>\u201c\u0130\u00e7erde\u201dnin 29. b\u00f6l\u00fcm\u00fcnde; Handan, Kudret\u2019in g\u00f6zleri \u00f6n\u00fcnde \u00f6ld\u00fcr\u00fclm\u00fc\u015ft\u00fcr. Kudret&#8217;in g\u00f6z\u00fcn\u00fc \u00f6fke b\u00fcr\u00fcr. Handan&#8217;\u0131n \u00f6l\u00fcm\u00fcyle hayat\u0131n\u0131n y\u0131k\u0131m\u0131n\u0131 ya\u015fayan Kudret, Serkan ve adamlar\u0131n\u0131 Celal&#8217;i \u00f6ld\u00fcrmeleri i\u00e7in g\u00f6revlendirir. Kudret, Celal&#8217;e ula\u015fmak i\u00e7in her yolu dener. Buna Ye\u015fim&#8217;i, Melek&#8217;i tuza\u011fa d\u00fc\u015f\u00fcrd\u00fc\u011f\u00fcn\u00fc Celal&#8217;e s\u00f6ylemekle tehdit etmek de d\u00e2hildir. Ye\u015fim&#8217;i hayati bir kararla kar\u015f\u0131 kar\u015f\u0131ya b\u0131rakan Kudret&#8217;in hedefinde Sarp ve Mert de vard\u0131r. Kudret&#8217;in a\u00e7t\u0131\u011f\u0131 sava\u015f s\u0131ras\u0131nda ortaya \u00e7\u0131kan Co\u015fkun da dengeleri de\u011fi\u015ftirecektir. Sarp ve Mert&#8217;in karde\u015f oldu\u011fu s\u0131rr\u0131 beklenmedik biri taraf\u0131ndan, s\u00fcrpriz \u015fekilde \u00f6\u011frenilecektir.<\/p>\n<p><img loading=\"lazy\" decoding=\"async\" class=\"alignnone size-full wp-image-18994\" src=\"http:\/\/balcilar-blog.com\/wp-content\/uploads\/2017\/04\/\u0130\u00e7erde-3-1.jpg\" alt=\"\u0130\u00e7erde (3)\" width=\"640\" height=\"378\" srcset=\"https:\/\/balcilar-blog.com\/wp-content\/uploads\/2017\/04\/\u0130\u00e7erde-3-1.jpg 640w, https:\/\/balcilar-blog.com\/wp-content\/uploads\/2017\/04\/\u0130\u00e7erde-3-1-300x177.jpg 300w\" sizes=\"auto, (max-width: 640px) 100vw, 640px\" \/><\/p>\n<p><strong>4. ANNE<\/strong> : Star Tv&#8217;nin sevilen drama dizisi bu hafta sal\u0131 ak\u015fam\u0131 yay\u0131nlanan 23.b\u00f6l\u00fcm\u00fcnde, Total&#8217;de ald\u0131\u011f\u0131 8,67 puanla haftan\u0131n dizileri aras\u0131na 4.s\u0131ra yer ald\u0131.<\/p>\n<p><img loading=\"lazy\" decoding=\"async\" class=\"alignnone size-full wp-image-19075\" src=\"http:\/\/balcilar-blog.com\/wp-content\/uploads\/2017\/04\/73556-anne.jpg\" alt=\"73556 anne\" width=\"640\" height=\"357\" srcset=\"https:\/\/balcilar-blog.com\/wp-content\/uploads\/2017\/04\/73556-anne.jpg 640w, https:\/\/balcilar-blog.com\/wp-content\/uploads\/2017\/04\/73556-anne-300x167.jpg 300w\" sizes=\"auto, (max-width: 640px) 100vw, 640px\" \/><\/p>\n<p>Sinan ve Cahide yakalanacak m\u0131?<br \/>\nZeynep, Sinan ve Cahide Turna konusunu konu\u015furken i\u00e7eri dalar. Ancak ikili s\u00f6z\u00fc ge\u00e7i\u015ftirerek, kulak misafiri oldu\u011fu s\u00f6zlerden \u015f\u00fcphelenen Zeynep&#8217;e yakalanmaktan kurtulur. Ama Sinan Zeynep&#8217;e daha fazla yalan s\u00f6ylemek istememektedir. Cahide ise onu susmas\u0131 i\u00e7in ikna etmeye niyetlidir.<\/p>\n<p><img loading=\"lazy\" decoding=\"async\" class=\"alignnone size-full wp-image-19074\" src=\"http:\/\/balcilar-blog.com\/wp-content\/uploads\/2017\/04\/73553-anne.jpg\" alt=\"73553 anne\" width=\"640\" height=\"427\" srcset=\"https:\/\/balcilar-blog.com\/wp-content\/uploads\/2017\/04\/73553-anne.jpg 640w, https:\/\/balcilar-blog.com\/wp-content\/uploads\/2017\/04\/73553-anne-300x200.jpg 300w\" sizes=\"auto, (max-width: 640px) 100vw, 640px\" \/><\/p>\n<p>Zeynep&#8217;i Zeli\u015f&#8217;le g\u00f6ren Turna ise hayalk\u0131r\u0131kl\u0131\u011f\u0131 i\u00e7inde kendini Hasan&#8217;a ablal\u0131k ederek avutur. Ne\u015feyle gelen \u015eule ve Cengiz&#8217;in hallerine anlam veremeyen Turna \u015eule&#8217;nin \u015fark\u0131c\u0131l\u0131k yapaca\u011f\u0131n\u0131 \u00f6\u011frenir.<\/p>\n<p><strong>5.ARKA SOKAKLAR<\/strong> : Kanal D&#8217;nin polisiye macera dizisi bu hafta 437.b\u00f6l\u00fcm\u00fc ile Total&#8217;de ald\u0131\u011f\u0131 7,96 reyting puan\u0131 ile 5.s\u0131rada yer ald\u0131.<\/p>\n<p><img loading=\"lazy\" decoding=\"async\" class=\"alignnone size-full wp-image-19073\" src=\"http:\/\/balcilar-blog.com\/wp-content\/uploads\/2017\/04\/57768f72e50aa916ec1f24fd.jpg\" alt=\"57768f72e50aa916ec1f24fd\" width=\"640\" height=\"336\" srcset=\"https:\/\/balcilar-blog.com\/wp-content\/uploads\/2017\/04\/57768f72e50aa916ec1f24fd.jpg 640w, https:\/\/balcilar-blog.com\/wp-content\/uploads\/2017\/04\/57768f72e50aa916ec1f24fd-300x158.jpg 300w\" sizes=\"auto, (max-width: 640px) 100vw, 640px\" \/><\/p>\n<p>Hale, mankenlik ajans\u0131 sahibi olan fakat gen\u00e7 k\u0131zlar\u0131 tuza\u011fa d\u00fc\u015f\u00fcr\u00fcp fuhu\u015fa zorlayan bir kad\u0131nd\u0131r. Buse isimli olduk\u00e7a g\u00fczel bir mankeni tehdit ederek, \u015fiddet uygular. K\u0131z \u015fik\u00e2yet\u00e7i olmak i\u00e7in emniyete gelir. Ekibimiz Hale\u2019nin yapt\u0131\u011f\u0131 pis i\u015fleri ortaya \u00e7\u0131karmak i\u00e7in plan yaparlar. Buse\u2019yi de son dakika fuhu\u015fa zorlanmaktan Ali\u2019nin de d\u00e2hil oldu\u011fu ekibimiz kurtar\u0131r. Buse, Ali\u2019den etkilenmi\u015ftir. P\u0131nar, Ali ile \u00f6\u011flen yeme\u011fine \u00e7\u0131kmak i\u00e7in emniyete gelir. Bu s\u0131rada emniyette i\u015flemleri devam etmekte olan Buse Ali\u2019ye te\u015fekk\u00fcr etmek i\u00e7in boynuna sar\u0131l\u0131r. P\u0131nar\u2019\u0131n bu ana bire bir tan\u0131k olmas\u0131 ve verdi\u011fi tepki sonras\u0131nda do\u011facak sorunlar\u0131n habercisi olur.<\/p>\n<p><img loading=\"lazy\" decoding=\"async\" class=\"alignnone size-full wp-image-19076\" src=\"http:\/\/balcilar-blog.com\/wp-content\/uploads\/2017\/04\/arka-sk.-437..jpg\" alt=\"arka sk. 437.\" width=\"640\" height=\"426\" srcset=\"https:\/\/balcilar-blog.com\/wp-content\/uploads\/2017\/04\/arka-sk.-437..jpg 640w, https:\/\/balcilar-blog.com\/wp-content\/uploads\/2017\/04\/arka-sk.-437.-300x200.jpg 300w\" sizes=\"auto, (max-width: 640px) 100vw, 640px\" \/><\/p>\n<p>Nihal ve Furkan isimli \u00e7ift uyu\u015fturucu ba\u011f\u0131ml\u0131s\u0131d\u0131r. Furkan tedavi olup b\u0131rakm\u0131\u015ft\u0131r ancak Nihal hamile oldu\u011fu i\u00e7in tedavi olamam\u0131\u015f ve bebe\u011fi de ba\u011f\u0131ml\u0131 do\u011fmu\u015ftur. Kad\u0131n ald\u0131\u011f\u0131 uyu\u015fturucu etkisiyle hayat\u0131n\u0131 kaybeder. Nihal\u2019in uyu\u015fturucu ald\u0131\u011f\u0131 torbac\u0131lar\u0131n hepsi esrarengiz \u015fekilde \u00f6ld\u00fcr\u00fclmektedir.<\/p>\n<p><strong>Her iki kategorinin ilk on&#8217;da yer alan dizileri :<\/strong><\/p>\n<p>\u0130\u00e7erde, S\u00f6z, Anne, Dirili\u015f Ertu\u011frul, Kara Sevda ve Kalbimdeki Deniz her iki grupta yer alan diziler olmu\u015ftur.<\/p>\n<p><strong>Kanallara g\u00f6re s\u0131ralamaya g\u00f6z atarsak<\/strong> :<\/p>\n<p><strong>Total grubunda:<\/strong> Star Tv. 3 Dizi, Atv ve Show Tv 2 dizi. Trt1, Kanal D ve Fox Tv birer dizi ile yer ald\u0131lar.<\/p>\n<p><strong>AB\u2019de ilk onda<\/strong>: Star Tv. 5 dizi. TRT1 ve Kanal D iki\u015fer dizi. Atv, Show Tv ve Fox Tv birer dizi ile yer alm\u0131\u015ft\u0131r.<\/p>\n<p><strong>Bu haftan\u0131n kanal\u0131<\/strong>; <strong>Star Tv<\/strong>. Total&#8217;de 3 ve AB&#8217;de 5 dizi ile tart\u0131\u015fmas\u0131z haftan\u0131n kanal\u0131 olmu\u015ftur.<\/p>\n<p>\u00d6nceki hafta yeni ba\u015flayan yeni sava\u015f dizilerinden <strong>S\u00f6z<\/strong> Pazartesi kendi g\u00fcn\u00fcnde her iki kategoride ilk ona girerek \u00f6ne \u00e7\u0131kt\u0131. S\u00f6z bordo berelilerin kahramanl\u0131k dolu hikayesini anlat\u0131yor.<\/p>\n<p><img loading=\"lazy\" decoding=\"async\" class=\"alignnone size-full wp-image-19082\" src=\"http:\/\/balcilar-blog.com\/wp-content\/uploads\/2017\/04\/030420171147476172400_3.jpg\" alt=\"030420171147476172400_3\" width=\"640\" height=\"341\" srcset=\"https:\/\/balcilar-blog.com\/wp-content\/uploads\/2017\/04\/030420171147476172400_3.jpg 640w, https:\/\/balcilar-blog.com\/wp-content\/uploads\/2017\/04\/030420171147476172400_3-300x160.jpg 300w\" sizes=\"auto, (max-width: 640px) 100vw, 640px\" \/><\/p>\n<p>&nbsp;<\/p>\n<p><strong>G\u00dcN DE\u011e\u0130\u015eT\u0130REN D\u0130Z\u0130LER:<\/strong><\/p>\n<p>Kendi g\u00fcnlerinde ba\u015far\u0131l\u0131 olamayan, yada yeni dizilere yer a\u00e7mak i\u00e7in g\u00fcn de\u011fi\u015ftiriyorlar. Kanal D&#8217;nin Hayat \u015eark\u0131s\u0131, Pazar g\u00fcn\u00fcnden Sal\u0131ya geldi. Bu hafta 50.b\u00f6l\u00fcm\u00fc ile yay\u0131nlanacak. Show Tv&#8217;nin \u00e7ar\u015famba g\u00fcn\u00fc yeni ba\u015flayan, Kara Yaz\u0131 da Pazar g\u00fcn\u00fcn geldi. 4.b\u00f6l\u00fcm\u00fcnden itibaren Pazar g\u00fcnleri yay\u0131nlanacak.<\/p>\n<p>&nbsp;<\/p>\n<p><strong>SERENAY SARIKAYA&#8217;NIN &#8220;F\u0130\u0130&#8221; \u0130NTERNETTE REKOR KIRIYOR<\/strong><\/p>\n<p><strong>Puhu TV<\/strong>\u2019de ilk \u00fc\u00e7 b\u00f6l\u00fcm\u00fc yay\u0131nlanan \u2018<strong>Fi<\/strong>&#8216; dizisi, seyircisinden tam not ald\u0131. 10 g\u00fcnde 10 milyon izlenme oran\u0131na ula\u015ft\u0131\u011f\u0131 s\u00f6yleniyor. Cesur sahneleriyle \u00e7ok konu\u015fulan &#8216;Fi&#8217; dizisinin son b\u00f6l\u00fcm\u00fcnde, <strong>Ozan G\u00fcven<\/strong>&#8216;in hayat verdi\u011fi &#8216;Can Manay&#8217; karakteri, Serenay Sar\u0131kaya&#8217;n\u0131n canland\u0131rd\u0131\u011f\u0131 &#8216;Duru&#8217;yu \u00f6p\u00fc\u015fme sahneleri damgas\u0131n\u0131 vurdu.<\/p>\n<p><img loading=\"lazy\" decoding=\"async\" class=\"alignnone size-full wp-image-19081\" src=\"http:\/\/balcilar-blog.com\/wp-content\/uploads\/2017\/04\/olay-dizi-fi-rekor.jpeg\" alt=\"olay-dizi-fi-rekor\" width=\"640\" height=\"387\" srcset=\"https:\/\/balcilar-blog.com\/wp-content\/uploads\/2017\/04\/olay-dizi-fi-rekor.jpeg 640w, https:\/\/balcilar-blog.com\/wp-content\/uploads\/2017\/04\/olay-dizi-fi-rekor-300x181.jpeg 300w\" sizes=\"auto, (max-width: 640px) 100vw, 640px\" \/><\/p>\n<p><strong>Ay Yap\u0131m<\/strong>\u2019\u0131n yap\u0131mc\u0131l\u0131\u011f\u0131n\u0131 \u00fcstlendi\u011fi, y\u00f6netmen koltu\u011funda Mert Baykal\u2019\u0131n oturdu\u011fu, yeni nesil online televizyon puhutv\u2019nin ilk orjinal dizisi \u2018Fi\u2019 31 Mart\u2019ta izleyicileriyle bulu\u015fmu\u015ftu.<br \/>\n<img loading=\"lazy\" decoding=\"async\" class=\"alignnone size-full wp-image-19079\" src=\"http:\/\/balcilar-blog.com\/wp-content\/uploads\/2017\/04\/fi-dizi.jpeg\" alt=\"fi dizi\" width=\"480\" height=\"488\" srcset=\"https:\/\/balcilar-blog.com\/wp-content\/uploads\/2017\/04\/fi-dizi.jpeg 480w, https:\/\/balcilar-blog.com\/wp-content\/uploads\/2017\/04\/fi-dizi-295x300.jpeg 295w\" sizes=\"auto, (max-width: 480px) 100vw, 480px\" \/><\/p>\n<p>Azra Kohen\u2019in \u00e7ok satan kitaplar\u0131ndan \u2018<strong>Fi\u00c7iPi<\/strong>\u2019 \u00fc\u00e7lemesinden uyarlanan, N\u00fcket B\u0131\u00e7ak\u00e7\u0131 taraf\u0131ndan senaryola\u015ft\u0131r\u0131lm\u0131\u015ft\u0131r. Ba\u015frollerinde Ozan G\u00fcven, Serenay Sar\u0131kaya, Berrak T\u00fcz\u00fcnata\u00e7, Mehmet G\u00fcns\u00fcr ve B\u00fc\u015fra Develi\u2019nin yer ald\u0131\u011f\u0131 \u2018Fi\u2019 yakla\u015f\u0131k 60 dakikal\u0131k b\u00f6l\u00fcmleri ile puhutv\u2019de yay\u0131nlan\u0131yor. Dizilerde 60 dakikal\u0131k b\u00f6l\u00fcm \u00f6nc\u00fcl\u00fc\u011f\u00fcn\u00fc yap\u0131yor.<br \/>\nF\u0130 Konusu: \u0130htiya\u00e7 duydu\u011fu her \u015feye sahip olan \u00fcnl\u00fc psikiyatrist Can Manay\u2019\u0131n, Duru ile kar\u015f\u0131la\u015ft\u0131ktan sonra de\u011fi\u015fen ve de\u011fi\u015ftirdi\u011fi hayatlar\u0131n tutku, gizem ve aray\u0131\u015f dolu hikayesini anlat\u0131yor.<\/p>\n<p>Sayg\u0131lar ve sevgiler.<\/p>\n<p>Abdurrahman Balc\u0131lar<\/p>\n<p>Twitter:\u00a0<a href=\"https:\/\/twitter.com\/abbalcilar\">abdurrahman balc\u0131lar<\/a><a href=\"https:\/\/twitter.com\/abbalcilar\"><strong>@abbalcilar<\/strong><\/a><\/p>\n<p>Mail :\u00a0<a href=\"mailto:ab.balcilar@hotmail.com\">ab.balcilar@hotmail.com<\/a><\/p>\n<p>Blog:\u00a0<a href=\"http:\/\/t.co\/znqmIZgIqn\">blog.milliyet.com.tr\/cansever<\/a><\/p>\n<p>Blog:\u00a0<a href=\"http:\/\/balcilar-blog.com\/\">Abdurrahman Balc\u0131lar Blog Sayfas\u0131<\/a><\/p>\n<p>Not: G\u00f6rseller ve dizi \u00f6zetleri ilgili kanallar\u0131n dizi ana sayfalar\u0131ndan al\u0131nm\u0131\u015ft\u0131r. S\u0131ralamalar dizi reytinglerine g\u00f6re yap\u0131lm\u0131\u015ft\u0131r.)<\/p>\n","protected":false},"excerpt":{"rendered":"<p>TNS \u00f6l\u00e7\u00fcmlerine g\u00f6re haz\u0131rlad\u0131\u011f\u0131m 10 &#8211; 16 Nisan 2017 Tarihleri aras\u0131nda en \u00e7ok seyredilen alt\u0131 Ulusal kanallar\u0131m\u0131zda ekranlar\u0131m\u0131za gelen 30 dizi aras\u0131nda, Total\u2019de ve AB\u2019de ilk ona giren, haftan\u0131n dizi karnesini a\u015fa\u011f\u0131da bilgilerinize sunuyorum. Bu hafta Pazar ak\u015fam\u0131 referandum sonu\u00e7lar\u0131 ekranlar\u0131 getirildi\u011fi i\u00e7in hi\u00e7 bir kanalda yeni dizi yoktu. Bu nedenle bu haftaki dizilerde Pazar [&hellip;]<\/p>\n","protected":false},"author":3,"featured_media":19083,"comment_status":"open","ping_status":"open","sticky":false,"template":"","format":"standard","meta":{"footnotes":""},"categories":[2],"tags":[1293,1104,570,1250,1219,375,25,530,1294],"class_list":["post-19072","post","type-post","status-publish","format-standard","has-post-thumbnail","hentry","category-tv-programlari","tag-anne","tag-arka-sokaklar","tag-dirilis-ertugrul","tag-haftanin-dizileri","tag-icerde","tag-reytingler","tag-star-tv","tag-tns-olcumleri","tag-vatanim-sensin"],"views":3942,"blog_post_layout_featured_media_urls":{"thumbnail":["https:\/\/balcilar-blog.com\/wp-content\/uploads\/2017\/04\/cats17-N\u0130SAN-150x150.jpg",150,150,true],"full":["https:\/\/balcilar-blog.com\/wp-content\/uploads\/2017\/04\/cats17-N\u0130SAN.jpg",640,361,false]},"categories_names":{"2":{"name":"TV Programlar\u0131","link":"https:\/\/balcilar-blog.com\/?cat=2"}},"tags_names":{"1293":{"name":"Anne","link":"https:\/\/balcilar-blog.com\/?tag=anne"},"1104":{"name":"Arka Sokaklar","link":"https:\/\/balcilar-blog.com\/?tag=arka-sokaklar"},"570":{"name":"dirili\u015f Ertu\u011frul","link":"https:\/\/balcilar-blog.com\/?tag=dirilis-ertugrul"},"1250":{"name":"Haftan\u0131n Dizileri","link":"https:\/\/balcilar-blog.com\/?tag=haftanin-dizileri"},"1219":{"name":"\u0130\u00c7ERDE","link":"https:\/\/balcilar-blog.com\/?tag=icerde"},"375":{"name":"Reytingler","link":"https:\/\/balcilar-blog.com\/?tag=reytingler"},"25":{"name":"Star Tv","link":"https:\/\/balcilar-blog.com\/?tag=star-tv"},"530":{"name":"TNS \u00f6l\u00e7\u00fcmleri","link":"https:\/\/balcilar-blog.com\/?tag=tns-olcumleri"},"1294":{"name":"Vatan\u0131m Sensin","link":"https:\/\/balcilar-blog.com\/?tag=vatanim-sensin"}},"comments_number":"0","wpmagazine_modules_lite_featured_media_urls":{"thumbnail":["https:\/\/balcilar-blog.com\/wp-content\/uploads\/2017\/04\/cats17-N\u0130SAN-150x150.jpg",150,150,true],"cvmm-medium":["https:\/\/balcilar-blog.com\/wp-content\/uploads\/2017\/04\/cats17-N\u0130SAN.jpg",300,169,false],"cvmm-medium-plus":["https:\/\/balcilar-blog.com\/wp-content\/uploads\/2017\/04\/cats17-N\u0130SAN.jpg",305,172,false],"cvmm-portrait":["https:\/\/balcilar-blog.com\/wp-content\/uploads\/2017\/04\/cats17-N\u0130SAN.jpg",400,226,false],"cvmm-medium-square":["https:\/\/balcilar-blog.com\/wp-content\/uploads\/2017\/04\/cats17-N\u0130SAN.jpg",600,338,false],"cvmm-large":["https:\/\/balcilar-blog.com\/wp-content\/uploads\/2017\/04\/cats17-N\u0130SAN.jpg",640,361,false],"cvmm-small":["https:\/\/balcilar-blog.com\/wp-content\/uploads\/2017\/04\/cats17-N\u0130SAN.jpg",130,73,false],"full":["https:\/\/balcilar-blog.com\/wp-content\/uploads\/2017\/04\/cats17-N\u0130SAN.jpg",640,361,false]},"_links":{"self":[{"href":"https:\/\/balcilar-blog.com\/index.php?rest_route=\/wp\/v2\/posts\/19072","targetHints":{"allow":["GET"]}}],"collection":[{"href":"https:\/\/balcilar-blog.com\/index.php?rest_route=\/wp\/v2\/posts"}],"about":[{"href":"https:\/\/balcilar-blog.com\/index.php?rest_route=\/wp\/v2\/types\/post"}],"author":[{"embeddable":true,"href":"https:\/\/balcilar-blog.com\/index.php?rest_route=\/wp\/v2\/users\/3"}],"replies":[{"embeddable":true,"href":"https:\/\/balcilar-blog.com\/index.php?rest_route=%2Fwp%2Fv2%2Fcomments&post=19072"}],"version-history":[{"count":2,"href":"https:\/\/balcilar-blog.com\/index.php?rest_route=\/wp\/v2\/posts\/19072\/revisions"}],"predecessor-version":[{"id":19085,"href":"https:\/\/balcilar-blog.com\/index.php?rest_route=\/wp\/v2\/posts\/19072\/revisions\/19085"}],"wp:featuredmedia":[{"embeddable":true,"href":"https:\/\/balcilar-blog.com\/index.php?rest_route=\/wp\/v2\/media\/19083"}],"wp:attachment":[{"href":"https:\/\/balcilar-blog.com\/index.php?rest_route=%2Fwp%2Fv2%2Fmedia&parent=19072"}],"wp:term":[{"taxonomy":"category","embeddable":true,"href":"https:\/\/balcilar-blog.com\/index.php?rest_route=%2Fwp%2Fv2%2Fcategories&post=19072"},{"taxonomy":"post_tag","embeddable":true,"href":"https:\/\/balcilar-blog.com\/index.php?rest_route=%2Fwp%2Fv2%2Ftags&post=19072"}],"curies":[{"name":"wp","href":"https:\/\/api.w.org\/{rel}","templated":true}]}}