{"id":18967,"date":"2017-04-10T14:51:02","date_gmt":"2017-04-10T11:51:02","guid":{"rendered":"http:\/\/balcilar-blog.com\/?p=18967"},"modified":"2017-04-10T16:59:24","modified_gmt":"2017-04-10T13:59:24","slug":"gecen-haftanin-03-09-nisan-2017-en-cok-izlenen-dizileri","status":"publish","type":"post","link":"https:\/\/balcilar-blog.com\/?p=18967","title":{"rendered":"Ge\u00e7en Haftan\u0131n (03 &#8211; 09 Nisan 2017) en \u00e7ok izlenen dizileri!"},"content":{"rendered":"<p>&nbsp;<\/p>\n<p><img loading=\"lazy\" decoding=\"async\" class=\"alignnone size-full wp-image-18981\" src=\"http:\/\/balcilar-blog.com\/wp-content\/uploads\/2017\/04\/10-N\u0130SAN.jpg\" alt=\"10 N\u0130SAN\" width=\"640\" height=\"361\" srcset=\"https:\/\/balcilar-blog.com\/wp-content\/uploads\/2017\/04\/10-N\u0130SAN.jpg 640w, https:\/\/balcilar-blog.com\/wp-content\/uploads\/2017\/04\/10-N\u0130SAN-300x169.jpg 300w\" sizes=\"auto, (max-width: 640px) 100vw, 640px\" \/><\/p>\n<p>TNS \u00f6l\u00e7\u00fcmlerine g\u00f6re haz\u0131rlad\u0131\u011f\u0131m <strong>03 &#8211; 09 Nisan 2017<\/strong> Tarihleri aras\u0131nda en \u00e7ok seyredilen alt\u0131 Ulusal kanallar\u0131m\u0131zda ekranlar\u0131m\u0131za gelen <strong>36 dizi<\/strong> aras\u0131nda, Total\u2019de ve AB\u2019de ilk ona giren, haftan\u0131n dizi karnesini a\u015fa\u011f\u0131da bilgilerinize sunuyorum.<\/p>\n<p><strong>Ge\u00e7en Hafta G\u00f6sterimdeki Diziler :<\/strong><\/p>\n<p>\u0130\u00e7erde, K\u0131rg\u0131n \u00c7i\u00e7ekler, Hangimiz Sevmedik, K\u0131rlang\u0131\u00e7 F\u0131rt\u0131nas\u0131, \u0130simsizler, <strong>S\u00f6z<\/strong> (Yeni), Anne, E\u015fk\u0131ya D\u00fcnyaya H\u00fck\u00fcmdar Olmaz, Muhte\u015fem Y\u00fczy\u0131l IV.Murad, Kara Yaz\u0131, A\u015fk ve Gurur, Kara Yaz\u0131, Dirili\u015f Ertu\u011frul, Kara Sevda, Bu \u015eehir Arkandan Gelecek, Evlat Kokusu, No:309, <strong>Bir Deli Sevda<\/strong> (Yeni), Vatan\u0131m Sensin, Cesur ve G\u00fczel, \u00c7oban Y\u0131ld\u0131z\u0131, \u00d6lene Kadar, Baba Can&#8217;d\u0131r, A\u015fk ve Mavi, Arka Sokaklar, Dayan Y\u00fcre\u011fim, Payitaht Abd\u00fclhamid, \u0130stanbullu Gelin, Kalbimdeki Deniz, Seksenler, Ad\u0131 Efsane, Yeni Gelin, Fazilet Han\u0131m ve K\u0131zlar\u0131, Hayat Bazen Tatl\u0131d\u0131r, Bodrum Masal\u0131, Hayat \u015eark\u0131s\u0131, Lise Devriyesi ve <strong>Sava\u015f\u00e7\u0131<\/strong> (Yeni) dizilerinin yeni b\u00f6l\u00fcmleri yay\u0131nland\u0131.<\/p>\n<p><strong>Haftan\u0131n dizilerinde ;<\/strong><\/p>\n<p><strong>Total&#8217;in ilk s\u0131ras\u0131nda<\/strong> bu hafta tekrar <strong>TRT1&#8217;in Dirili\u015f Ertu\u011frul<\/strong>&#8216;un 83.b\u00f6l\u00fcm\u00fcnde ald\u0131\u011f\u0131, <strong>14,12<\/strong> reyting puan\u0131 ile ilk s\u0131rada yer ald\u0131. Total&#8217;in 10.s\u0131ras\u0131nda ge\u00e7en hafta oldu\u011fu gibi Fox Tv&#8217;nin Kalbimdeki Deniz, 6,36 puanla yer alm\u0131\u015ft\u0131r.<\/p>\n<p><strong>AB&#8217;nin ilk s\u0131ras\u0131nda<\/strong>, <strong>TRT1&#8217;in Dirili\u015f Ertu\u011frul 17,94<\/strong> gibi y\u00fcksek bir puanla birinci s\u0131rada yer alm\u0131\u015ft\u0131r. Kanal D&#8217;nin yeni sava\u015f dizisi \u0130simsizler 2.b\u00f6l\u00fcmde ald\u0131\u011f\u0131 5,62 reyting puan\u0131 ile 10.s\u0131rada yer alm\u0131\u015ft\u0131r.<\/p>\n<p>&nbsp;<\/p>\n<p><strong>F\u0130NAL YAPACAK D\u0130Z\u0130LER :<\/strong><\/p>\n<p>Kanallarda yeni diziler yer al\u0131rken, final yapan diziler o dizilere yer a\u00e7\u0131yor. Pazar g\u00fcn\u00fcnden Sal\u0131&#8217;ya gelen A\u015fk ve Gurur dizisi bu hafta ne yaz\u0131k ki, reyting kurban\u0131 olarak final yap\u0131yor. Damla S\u00f6nmez, Mert F\u0131rat ve Alper Sald\u0131ran&#8217;\u0131n ba\u015f rol oynad\u0131\u011f\u0131 Show Tv&#8217;nin bu dizisi hayli iddial\u0131 ba\u015flam\u0131\u015ft\u0131. 6.b\u00f6l\u00fcmde bu sal\u0131 ani final yap\u0131yor.<\/p>\n<p><img loading=\"lazy\" decoding=\"async\" class=\"alignnone size-medium wp-image-18160\" src=\"http:\/\/balcilar-blog.com\/wp-content\/uploads\/2017\/03\/cats-A\u015eK-VE-GURUR-300x165.jpg\" alt=\"cats A\u015eK VE GURUR\" width=\"300\" height=\"165\" srcset=\"https:\/\/balcilar-blog.com\/wp-content\/uploads\/2017\/03\/cats-A\u015eK-VE-GURUR-300x165.jpg 300w, https:\/\/balcilar-blog.com\/wp-content\/uploads\/2017\/03\/cats-A\u015eK-VE-GURUR.jpg 640w\" sizes=\"auto, (max-width: 300px) 100vw, 300px\" \/><\/p>\n<p>&nbsp;<\/p>\n<p>Bir ba\u015fka reyting kurban\u0131 dizi, Atv&#8217;de oynayan Engin Aky\u00fcrek ve Fahriye Evcen&#8217;in dizisi <strong>\u00d6lene Kadar<\/strong> 13.b\u00f6l\u00fcmde final yap\u0131yor. Bu dizi benim takip etti\u011fim, ancak Per\u015fembe&#8217;nin g\u00fc\u00e7l\u00fc dizileri aras\u0131nda kaynad\u0131. \u0130zleyici tercihi b\u00f6yle, s\u00f6ylenecek \u00e7ok fazla s\u00f6z yok!<\/p>\n<p><img loading=\"lazy\" decoding=\"async\" class=\"alignnone size-medium wp-image-17944\" src=\"http:\/\/balcilar-blog.com\/wp-content\/uploads\/2017\/02\/2_d-300x190.jpg\" alt=\"2_d\" width=\"300\" height=\"190\" srcset=\"https:\/\/balcilar-blog.com\/wp-content\/uploads\/2017\/02\/2_d-300x190.jpg 300w, https:\/\/balcilar-blog.com\/wp-content\/uploads\/2017\/02\/2_d.jpg 640w\" sizes=\"auto, (max-width: 300px) 100vw, 300px\" \/><\/p>\n<p>&nbsp;<\/p>\n<p>Final duyumu ald\u0131\u011f\u0131m\u0131z Kerem B\u00fcrsin&#8217;in &#8216;<strong>Bu \u015eehir Arkandan Gelecek<\/strong>&#8216; de var. Da\u011f\u0131n\u0131k konusu nedeniyle tutulmad\u0131, 17.b\u00f6l\u00fcmde final yapaca\u011f\u0131 s\u00f6yleniyor.<\/p>\n<p><img loading=\"lazy\" decoding=\"async\" class=\"alignnone size-medium wp-image-18349\" src=\"http:\/\/balcilar-blog.com\/wp-content\/uploads\/2017\/03\/11-6-300x200.jpg\" alt=\"11-6\" width=\"300\" height=\"200\" srcset=\"https:\/\/balcilar-blog.com\/wp-content\/uploads\/2017\/03\/11-6-300x200.jpg 300w, https:\/\/balcilar-blog.com\/wp-content\/uploads\/2017\/03\/11-6.jpg 640w\" sizes=\"auto, (max-width: 300px) 100vw, 300px\" \/><\/p>\n<p>&nbsp;<\/p>\n<p>Final yapacak bir ba\u015fka dizi de TRT1&#8217;in <strong>Seksenler<\/strong> dizisi. Bu hafta 222.B\u00f6l\u00fcm\u00fc ekranlara gelecek olan dizi, Ocak 2012&#8217;den bu tarafa devam ediyordu. 27 May\u0131s&#8217;ta final yapmaya karar vermi\u015f.<\/p>\n<p><img loading=\"lazy\" decoding=\"async\" class=\"alignnone size-medium wp-image-18979\" src=\"http:\/\/balcilar-blog.com\/wp-content\/uploads\/2017\/04\/images-80-LER-300x158.jpg\" alt=\"images 80 LER\" width=\"300\" height=\"158\" srcset=\"https:\/\/balcilar-blog.com\/wp-content\/uploads\/2017\/04\/images-80-LER-300x158.jpg 300w, https:\/\/balcilar-blog.com\/wp-content\/uploads\/2017\/04\/images-80-LER.jpg 640w\" sizes=\"auto, (max-width: 300px) 100vw, 300px\" \/><\/p>\n<p>&nbsp;<\/p>\n<p><strong>Reyting Nedir?<\/strong><\/p>\n<p>Reyting, izleyici tercihlerine g\u00f6re ortaya \u00e7\u0131kan izlenme pay\u0131n\u0131n kanallara ve programlara payla\u015ft\u0131r\u0131lmas\u0131 ile olu\u015fan de\u011ferlendirmedir. Reyting de\u011ferlendirmesi kanallar ve reklam \u015firketleri ad\u0131na TNS taraf\u0131ndan ger\u00e7ekle\u015ftirilir. \u00d6l\u00e7me i\u015flemi yakla\u015f\u0131k 2200 haneye yerle\u015ftirilen ve gizli tutulan reyting \u00f6l\u00e7me cihazlar\u0131 ile elde edilir. Reyting sonu\u00e7lar\u0131, t\u00fcm g\u00fcn boyunca izlenen programlar\u0131n listelenmesine imkan verir.<\/p>\n<p><strong>\u00d6l\u00e7\u00fcmler nas\u0131l yap\u0131l\u0131yor ?<\/strong><\/p>\n<p>Ba\u011f\u0131ms\u0131z kurulu\u015f taraf\u0131ndan hesaplanan sonu\u00e7lar 3 kategoride hesaplan\u0131yor AB, Total ve ABC1 kategorileri sonu\u00e7lar\u0131nda share ve rating s\u0131ral\u0131 olarak 100 Tv program\u0131 g\u00fcnl\u00fck olarak payla\u015f\u0131l\u0131yor reklam verenler ve yap\u0131mc\u0131lar i\u00e7in \u00f6nemli yere sahip olan sonu\u00e7lar denek tv&#8217;lerde ki \u00f6l\u00e7\u00fcm cihazlar\u0131 vas\u0131tas\u0131yla istatistiki bilgileri al\u0131n\u0131yor.<\/p>\n<p>Bu hafta en \u00e7ok izlenen ilk ona giren dizlere g\u00f6z atal\u0131m. Bu s\u0131ralama sadece dizilerin reytingler y\u00fczdesine g\u00f6re en \u00e7ok izlenen dizilerin ilk 10\u2019da yer alanlar\u0131n\u0131 s\u0131ralamaya koyuyorum. Yar\u0131\u015fma, e\u011flence ve haber programlar\u0131 y\u00fczdeleri y\u00fcksek olsa da bu s\u0131ralamaya koymuyorum. Bu sadece dizilerin yar\u0131\u015f\u0131d\u0131r, en \u00e7ok izlenen dizilerin s\u0131ralamas\u0131d\u0131r. Bir nevi dizilerin karnesidir.<\/p>\n<p>&nbsp;<\/p>\n<p><strong>Ge\u00e7en Haftan\u0131n En \u00c7ok \u0130zlenen Dizileri:<\/strong><\/p>\n<p><strong>Total ilk 10 :<\/strong><\/p>\n<p>1.Dirili\u015f Ertu\u011frul 83.B\u00f6l\u00fcm (TRT1)&#8230;&#8230;&#8230;&#8230;&#8230;&#8230;&#8230;&#8230;&#8230;&#8230;.14,12 &#8211; 30,62<\/p>\n<p>2.E\u015fk\u0131ya D\u00fcnyaya H\u00fck\u00fcmdar Olmaz 64.B\u00f6l\u00fcm (Atv)&#8230;9,38 &#8211; 21,18<\/p>\n<p>3.Anne 22.B\u00f6l\u00fcm (Star Tv)&#8230;&#8230;&#8230;&#8230;&#8230;&#8230;&#8230;&#8230;&#8230;&#8230;&#8230;&#8230;&#8230;&#8230;&#8230;8,64 &#8211; 20,45<\/p>\n<p>4.Arka Sokaklar 436.B\u00f6l\u00fcm (Kanal D)&#8230;&#8230;&#8230;&#8230;&#8230;&#8230;&#8230;&#8230;&#8230;8,55 -18,66<\/p>\n<p>5.\u0130\u00e7erde 28.B\u00f6l\u00fcm (Show Tv)&#8230;&#8230;&#8230;&#8230;&#8230;&#8230;&#8230;&#8230;&#8230;&#8230;&#8230;&#8230;&#8230;..8,51 &#8211; 18,67<\/p>\n<p>6.A\u015fk ve Mavi 22.B\u00f6l\u00fcm (Atv)&#8230;&#8230;&#8230;&#8230;&#8230;&#8230;&#8230;&#8230;&#8230;&#8230;&#8230;&#8230;&#8230;.7,82 &#8211; 17,31<\/p>\n<p>7.Sava\u015f\u00e7\u0131 1.B\u00f6l\u00fcm (Fox Tv)&#8230;&#8230;&#8230;&#8230;&#8230;&#8230;&#8230;&#8230;&#8230;&#8230;&#8230;&#8230;&#8230;&#8230;..7,29 &#8211; 16,16<\/p>\n<p>8.K\u0131rg\u0131n \u00c7i\u00e7ekler 78.B\u00f6l\u00fcm (Atv)&#8230;&#8230;&#8230;&#8230;&#8230;&#8230;&#8230;&#8230;&#8230;&#8230;&#8230;.6,86 &#8211; 15,97<\/p>\n<p>9.Yeni Gelin 6.B\u00f6l\u00fcm (Show Tv)&#8230;&#8230;&#8230;&#8230;&#8230;&#8230;&#8230;&#8230;&#8230;&#8230;&#8230;..6,41 &#8211; 14,56<\/p>\n<p>10.Kalbimdeki Deniz 24.B\u00f6l\u00fcm (Fox Tv)&#8230;&#8230;&#8230;&#8230;&#8230;&#8230;&#8230;.6,36 &#8211; 14,70<\/p>\n<p>&nbsp;<\/p>\n<p><strong>AB\u2019de ilk 10 :<\/strong><\/p>\n<p>1.Dirili\u015f Ertu\u011frul 83.B\u00f6l\u00fcm (TRT1)&#8230;&#8230;&#8230;&#8230;&#8230;&#8230;&#8230;&#8230;&#8230;&#8230;.17,94 &#8211; 38,47<\/p>\n<p>2.\u0130\u00e7erde 28.B\u00f6l\u00fcm (Show Tv)&#8230;&#8230;&#8230;&#8230;&#8230;&#8230;&#8230;&#8230;&#8230;&#8230;&#8230;&#8230;&#8230;.11,10 &#8211; 23,69<\/p>\n<p>3.E\u015fk\u0131ya D\u00fcnyaya H\u00fck\u00fcmdar Olmaz 64.B\u00f6l\u00fcm (Atv)&#8230;9,23 &#8211; 20,86<\/p>\n<p>4.Vatan\u0131m Sensin 22.B\u00f6l\u00fcm ( Kanal D)&#8230;&#8230;&#8230;&#8230;&#8230;&#8230;&#8230;&#8230;.9,19 &#8211; 21,79<\/p>\n<p>5.Anne 22.B\u00f6l\u00fcm (Star Tv)&#8230;&#8230;&#8230;&#8230;&#8230;&#8230;&#8230;&#8230;&#8230;&#8230;&#8230;&#8230;&#8230;&#8230;&#8230;8,12 &#8211; 19,13<\/p>\n<p>6.Payitaht Abd\u00fclhamid 7.B\u00f6l\u00fcm (TRT1)&#8230;&#8230;&#8230;&#8230;&#8230;&#8230;&#8230;&#8230;8.00 &#8211; 16,92<\/p>\n<p>7.Sava\u015f\u00e7\u0131 1.B\u00f6l\u00fcm (Fox Tv)&#8230;&#8230;&#8230;&#8230;&#8230;&#8230;&#8230;&#8230;&#8230;&#8230;&#8230;&#8230;&#8230;&#8230;&#8230;6,80 &#8211; 14,74<\/p>\n<p>8.\u0130stanbullu Gelin 6.B\u00f6l\u00fcm (Star Tv)&#8230;&#8230;&#8230;&#8230;&#8230;&#8230;&#8230;&#8230;&#8230;..6,79 &#8211; 14,08<\/p>\n<p>9.Cesur ve G\u00fczel 21.B\u00f6l\u00fcm (Star Tv)&#8230;&#8230;&#8230;&#8230;&#8230;&#8230;&#8230;&#8230;&#8230;&#8230;6,64 &#8211; 15,81<\/p>\n<p>10.\u0130simsizler 2.B\u00f6l\u00fcm (Kanal D)&#8230;&#8230;&#8230;&#8230;&#8230;&#8230;&#8230;&#8230;&#8230;&#8230;&#8230;&#8230;5,62 &#8211; 12,85<\/p>\n<p>&nbsp;<\/p>\n<p><strong>TOTAL ve AB Grubunda reytingleri en y\u00fcksek olan Haftan\u0131n ilk 5 s\u0131ralamas\u0131 :<\/strong><\/p>\n<p><strong>1.D\u0130R\u0130L\u0130\u015e ERTU\u011eRUL<\/strong> : TRT1&#8217;in sevilen dizisi Dirili\u015f Ertu\u011frul bu hafta da ekranlara gelen 83.B\u00f6l\u00fcm\u00fc ile AB&#8217;de ald\u0131\u011f\u0131 17,94 reyting puan\u0131 ile haftan\u0131n dizileri aras\u0131nda ilk s\u0131rada yer al\u0131yor.<\/p>\n<p><img loading=\"lazy\" decoding=\"async\" class=\"alignnone size-full wp-image-18968\" src=\"http:\/\/balcilar-blog.com\/wp-content\/uploads\/2017\/04\/dirili\u015f-83.bl_..jpg\" alt=\"dirili\u015f 83.bl.\" width=\"640\" height=\"373\" srcset=\"https:\/\/balcilar-blog.com\/wp-content\/uploads\/2017\/04\/dirili\u015f-83.bl_..jpg 640w, https:\/\/balcilar-blog.com\/wp-content\/uploads\/2017\/04\/dirili\u015f-83.bl_.-300x175.jpg 300w\" sizes=\"auto, (max-width: 640px) 100vw, 640px\" \/><\/p>\n<p>Ertu\u011frul, \u00c7avdar obas\u0131 alplar\u0131ndan Ya\u011f\u0131z\u2019\u0131 kullanarak Vasilius\u2019u b\u00fcy\u00fck bir tuza\u011fa \u00e7ekmi\u015f, askerlerini \u00f6ld\u00fcrerek, Teo\u2019yu esir alm\u0131\u015ft\u0131r. Vasilius Ural\u2019\u0131n da k\u0131\u015fk\u0131rtmas\u0131yla Helena\u2019y\u0131 denemi\u015f ve ona bir s\u0131r vermi\u015ftir. Vasilius s\u0131rr\u0131n\u0131n Helena taraf\u0131ndan Ertu\u011frul\u2019lara iletildi\u011fini d\u00fc\u015f\u00fcnerek \u00f6fkeye kap\u0131lm\u0131\u015f ve Helena\u2019y\u0131 zindana atm\u0131\u015ft\u0131r.<\/p>\n<p><img loading=\"lazy\" decoding=\"async\" class=\"alignnone size-full wp-image-18976\" src=\"http:\/\/balcilar-blog.com\/wp-content\/uploads\/2017\/04\/dirilis_ertugrul_83bolum_2frag.jpg\" alt=\"dirilis_ertugrul_83bolum_2frag\" width=\"640\" height=\"358\" srcset=\"https:\/\/balcilar-blog.com\/wp-content\/uploads\/2017\/04\/dirilis_ertugrul_83bolum_2frag.jpg 640w, https:\/\/balcilar-blog.com\/wp-content\/uploads\/2017\/04\/dirilis_ertugrul_83bolum_2frag-300x168.jpg 300w\" sizes=\"auto, (max-width: 640px) 100vw, 640px\" \/><\/p>\n<p>Fakat Ertu\u011frul, Ya\u011f\u0131z alp\u0131n cesedini bir notla g\u00f6nderince b\u00fct\u00fcn d\u00fc\u011f\u00fcmler \u00e7\u00f6z\u00fclm\u00fc\u015f, her \u015feyin Ertu\u011frul\u2019un bir oyunu oldu\u011fu anla\u015f\u0131lm\u0131\u015ft\u0131r. B\u00f6ylece Ural\u2019a g\u00fcvendi\u011fi i\u00e7in askerleri \u00f6len ve neredeyse sevdi\u011fi kad\u0131n\u0131 \u00f6ld\u00fcrecek olan Vasilius b\u00fcy\u00fck bir \u00f6fkeyle Ural\u2019a sald\u0131rm\u0131\u015ft\u0131r. Peki Ural Vasilius\u2019un \u00f6fkeli ellerinden kurtulabilecek midir? Di\u011fer yandan D\u00fcndar G\u00fcnyeli aras\u0131ndaki ili\u015fki g\u00fcn ge\u00e7tik\u00e7e ilerlemektedir. D\u00fcndar G\u00fcnyeli\u2019ye samimi duygularla yakla\u015f\u0131yor olsa da G\u00fcnyeli babas\u0131n\u0131n tavsiyesiyle kaleyi i\u00e7erden fethetmeye \u00e7al\u0131\u015fmaktad\u0131r. Hayme bu meseleye olumlu yakla\u015fsa da D\u00fcndar\u2019\u0131n gidi\u015fat\u0131nda ve G\u00fcnyeli\u2019nin tav\u0131rlar\u0131nda olumsuzluk sezen Halime temkinli davranmaktad\u0131r. Peki D\u00fcndar\u2019\u0131n G\u00fcnyeli\u2019ye olan zaaf\u0131 nelere mal olacakt\u0131r?<\/p>\n<p>&nbsp;<\/p>\n<p><strong>2.\u0130\u00c7ERDE<\/strong> : Show Tv&#8217;nin fenomen dizisi olan \u0130\u00c7ERDE, Pazartesi gecesinin reyting rekortmeni olarak zirvede yer al\u0131yordu. Bu hafta AB Grubunda ald\u0131\u011f\u0131 ald\u0131\u011f\u0131 11,10 puanla haftan\u0131n dizileri aras\u0131nda bu hafta 2.s\u0131rada tekrar yer ald\u0131.<\/p>\n<p><img loading=\"lazy\" decoding=\"async\" class=\"alignnone size-full wp-image-18973\" src=\"http:\/\/balcilar-blog.com\/wp-content\/uploads\/2017\/04\/17626492_676447175874071_3619062341511154377_n.jpg\" alt=\"17626492_676447175874071_3619062341511154377_n\" width=\"640\" height=\"398\" srcset=\"https:\/\/balcilar-blog.com\/wp-content\/uploads\/2017\/04\/17626492_676447175874071_3619062341511154377_n.jpg 640w, https:\/\/balcilar-blog.com\/wp-content\/uploads\/2017\/04\/17626492_676447175874071_3619062341511154377_n-300x187.jpg 300w\" sizes=\"auto, (max-width: 640px) 100vw, 640px\" \/><\/p>\n<p>Sarp (\u00c7a\u011fatay Ulusoy), d\u00f6rt ya\u015f\u0131nda ka\u00e7\u0131r\u0131lan \u00f6ld\u00fc denilen karde\u015fi Umut&#8217;u (Aras Bulut \u0130ynemli) arama hikayesi ele al\u0131n\u0131yor. Kaderin cilvesi her ikisi de polis kolejinde karde\u015f olduklar\u0131n\u0131 bilmeden birlikte okuyor, polis oluyorlar. Mert \u0130\u00e7erde polis ama mafya babas\u0131 Celal&#8217;e \u00e7al\u0131\u015f\u0131yor. A\u011fabey Sarp d\u0131\u015far\u0131da, k\u00f6fteci Celal&#8217;in sa\u011f kolu g\u00f6z\u00fckse de gizli polis, m\u00fcd\u00fcr\u00fc Yusuf&#8217;a \u00e7al\u0131\u015f\u0131yor. Sarp, Celal&#8217;in itimad\u0131n\u0131 iyici kazand\u0131 ve onun sa\u011f kolu olarak g\u00f6z\u00fck\u00fcyor. \u0130ki karde\u015f hen\u00fcz dizide karde\u015f olduklar\u0131n\u0131 bilmiyorlar ama \u00f6zel hayatlar\u0131nda \u00e7ok g\u00fczel anla\u015f\u0131yorlar.<\/p>\n<p>Aras Bulut \u0130ynemli ge\u00e7en hafta verdi\u011fi bir r\u00f6portajda muhabirin bir sorusuna \u015f\u00f6yle cevap vermi\u015f: \u00c7a\u011fatay da gen\u00e7 ve yak\u0131\u015f\u0131kl\u0131, siz de \u00f6yle. Seyircinin ilgisi aran\u0131zda bir rekabet duygusu do\u011furmuyor mu?<\/p>\n<p>&#8220;- \u00c7a\u011fatay ne kadar ba\u015far\u0131l\u0131 ve iyi olursa bu i\u015f o kadar ba\u015far\u0131l\u0131 ve iyi olur. Ben ne kadar i\u015fime sahip \u00e7\u0131karsam, ba\u015far\u0131l\u0131 olursam bu i\u015f o kadar iyi olur. Aram\u0131zdaki ili\u015fki birbirimizi desteklemek \u00fczerine do\u011fdu. Ben hi\u00e7 rekabet g\u00f6z\u00fcyle bakmad\u0131m bu duruma. D\u0131\u015far\u0131dan bak\u0131nca ilk akla gelen o olabilir ama biz bir ekip i\u015fi yap\u0131yoruz.&#8221; Ger\u00e7ekten de dizinin ba\u015far\u0131s\u0131nda ekibin rol\u00fc \u00e7ok b\u00fcy\u00fck.<\/p>\n<p><img loading=\"lazy\" decoding=\"async\" class=\"alignnone size-full wp-image-18974\" src=\"http:\/\/balcilar-blog.com\/wp-content\/uploads\/2017\/04\/C8gf0j1XcAEVkV8.jpg\" alt=\"C8gf0j1XcAEVkV8\" width=\"640\" height=\"384\" srcset=\"https:\/\/balcilar-blog.com\/wp-content\/uploads\/2017\/04\/C8gf0j1XcAEVkV8.jpg 640w, https:\/\/balcilar-blog.com\/wp-content\/uploads\/2017\/04\/C8gf0j1XcAEVkV8-300x180.jpg 300w\" sizes=\"auto, (max-width: 640px) 100vw, 640px\" \/><\/p>\n<p>\u0130\u00e7erde 28. b\u00f6l\u00fcm\u00fcnde; F\u00fcsun, Mustafa ve Melek\u2019i kurtarmak i\u00e7in Kudret\u2019i ikna etmek \u00fczere evine gider. Kudret\u2019in, Melek\u2019i eve g\u00f6nderdi\u011finden haberi yoktur. Di\u011fer tarafta Celal, Mustafa\u2019n\u0131n \u00f6ld\u00fc\u011f\u00fcn\u00fc d\u00fc\u015f\u00fcnerek Kudret\u2019i ve kim varsa herkesi \u00f6ld\u00fcrtmek i\u00e7in \u00e7oktan adamlar\u0131n\u0131 g\u00f6ndermi\u015ftir. F\u00fcsun tehlikeden habersizdir. Sarp durumu son anda \u00f6\u011frenip engel olmaya \u00e7al\u0131\u015f\u0131r. Celal \u00e7ocuklar\u0131n\u0131 ka\u00e7\u0131ran Kudret\u2019e yapt\u0131klar\u0131ndan dolay\u0131 \u00e7ok \u00f6fkelidir. Onu \u00f6ld\u00fcrmeden rahat etmeyecektir. Davut, Fulya\u2019y\u0131 kullanarak Kudret\u2019e b\u00fcy\u00fck bir tuzak haz\u0131rlar.<\/p>\n<p>&nbsp;<\/p>\n<p><strong>3.E\u015eKIYA D\u00dcNYAYA H\u00dcK\u00dcMDAR OLMAZ<\/strong> : Oktay Kaynarca&#8217;n\u0131n macera dizisi Atv ekranlar\u0131nda devam ediyor. Bu hafta 64.b\u00f6l\u00fcm\u00fc ile Total&#8217;de ald\u0131\u011f\u0131 9,38 reyting puan\u0131 ile 3.s\u0131rada yer ald\u0131.<\/p>\n<p><strong>H\u0131z\u0131r k\u00f6\u015feye s\u0131k\u0131\u015ft\u0131<\/strong> :<\/p>\n<p><img loading=\"lazy\" decoding=\"async\" class=\"size-full wp-image-18969\" src=\"http:\/\/balcilar-blog.com\/wp-content\/uploads\/2017\/04\/7_d-h\u0131z\u0131r.jpg\" alt=\"JPEGmini\" width=\"480\" height=\"531\" srcset=\"https:\/\/balcilar-blog.com\/wp-content\/uploads\/2017\/04\/7_d-h\u0131z\u0131r.jpg 480w, https:\/\/balcilar-blog.com\/wp-content\/uploads\/2017\/04\/7_d-h\u0131z\u0131r-271x300.jpg 271w\" sizes=\"auto, (max-width: 480px) 100vw, 480px\" \/><\/p>\n<p>Alparslan sa\u011f g\u00f6sterip sol vurmu\u015f hi\u00e7 beklenmedik bir anda \u00dcnal Kaplan&#8217;a s\u0131km\u0131\u015ft\u0131r. Avni&#8217;nin \u00f6lmesine kesin g\u00f6z\u00fcyle bakan masa \u00fcyeleri \u015fok olur. Alparslan&#8217;n\u0131n \u00dcnal&#8217;\u0131n \u00f6l\u00fcm\u00fcyle ilgili CIA ile uzla\u015fm\u0131\u015f olmas\u0131na anlam veremezler. Bu durum son ana kadar Avni&#8217;nin \u00f6ld\u00fcr\u00fclece\u011fini d\u00fc\u015f\u00fcnd\u00fc\u011f\u00fcnden pusuda bekleyen Serkan&#8217;\u0131 keyiflendirir. D\u00fc\u015fman tarafta her \u015fey yolunda gidiyor gibidir. \u0130kinci bir k\u00f6t\u00fc s\u00fcrpriz ise masan\u0131n \u00fc\u00e7 kurucusundan biri olan ve \u00f6ld\u00fc san\u0131lan Avni&#8217;nin a\u011fabeyi R\u00fcstem&#8217;in ya\u015fad\u0131\u011f\u0131n\u0131n ortaya \u00e7\u0131kmas\u0131d\u0131r. Masadaki yerini geri almas\u0131 i\u00e7in \u00f6n\u00fcnde tek bir engel vard\u0131r, o da Suzi!<\/p>\n<p><img loading=\"lazy\" decoding=\"async\" class=\"alignnone size-full wp-image-18970\" src=\"http:\/\/balcilar-blog.com\/wp-content\/uploads\/2017\/04\/12_d-suzi.jpg\" alt=\"12_d suzi\" width=\"640\" height=\"426\" srcset=\"https:\/\/balcilar-blog.com\/wp-content\/uploads\/2017\/04\/12_d-suzi.jpg 640w, https:\/\/balcilar-blog.com\/wp-content\/uploads\/2017\/04\/12_d-suzi-300x200.jpg 300w\" sizes=\"auto, (max-width: 640px) 100vw, 640px\" \/><\/p>\n<p>Ya\u015fanan olaylarda kilit bir noktada yer alan Suzi geri d\u00f6ner. CIA i\u00e7in \u015fimdi s\u0131ra ondad\u0131r. \u00dcnal Kaplan ve \u00c7ak\u0131rbeylilere olan ba\u011fl\u0131l\u0131\u011f\u0131 y\u00fcz\u00fcnden \u015fahsi hareket eden Suzi, \u015firketiyle ters d\u00fc\u015febilecek noktaya gelmi\u015ftir. Bu y\u00fczden \u00f6l\u00fcm\u00fc istenmektedir. Suzi&#8217;nin korumac\u0131 tavr\u0131 \u0130lyas&#8217;a olan ilgisinin her ge\u00e7en g\u00fcn artmas\u0131ndan da kaynaklan\u0131r. Bunca tehlikenin aras\u0131nda \u0130lyas ile bu denli yak\u0131nla\u015fmakla en b\u00fcy\u00fck riski al\u0131yordur asl\u0131nda. \u0130kili nihayet ba\u015f ba\u015fa kalma f\u0131rsat\u0131 bulur fakat bu durum \u00e7ok uzun s\u00fcrmeyecektir.<\/p>\n<p>\u0130stihbarattan Serkan, \u00c7ak\u0131rbeylilerin etraf\u0131ndaki \u00e7emberi h\u0131zla daraltmaktad\u0131r. Avni ve Mert&#8217;ten sonra \u0130lker&#8217;i de kendi saf\u0131na \u00e7eker. Bir yandan ye\u011feni di\u011fer yandan i\u00e7erideki hainlerle u\u011fra\u015fmak zorunda kalan H\u0131z\u0131r&#8217;\u0131n pes etmesine ramak kalm\u0131\u015ft\u0131r.<\/p>\n<p>&nbsp;<\/p>\n<p><strong>4.VATANIM SENS\u0130N<\/strong> : kanal D&#8217;nin macera ve drama dizisi bu hafta 22.b\u00f6l\u00fcmde AB&#8217;de ald\u0131\u011f\u0131 9,19 puanla, haftan\u0131n dizileri aras\u0131nda 4.s\u0131rada yer ald\u0131.<\/p>\n<p><img loading=\"lazy\" decoding=\"async\" class=\"alignnone size-full wp-image-18972\" src=\"http:\/\/balcilar-blog.com\/wp-content\/uploads\/2017\/04\/58e682ddf0dc1e1b10873e7b.jpg\" alt=\"58e682ddf0dc1e1b10873e7b\" width=\"640\" height=\"390\" srcset=\"https:\/\/balcilar-blog.com\/wp-content\/uploads\/2017\/04\/58e682ddf0dc1e1b10873e7b.jpg 640w, https:\/\/balcilar-blog.com\/wp-content\/uploads\/2017\/04\/58e682ddf0dc1e1b10873e7b-300x183.jpg 300w\" sizes=\"auto, (max-width: 640px) 100vw, 640px\" \/><\/p>\n<p>Veronika\u2019n\u0131n yanl\u0131\u015f anlamas\u0131 \u00fczerine Y\u0131ld\u0131z ile Leon\u2019un bir izdiva\u00e7 kurmak istemelerini d\u00fc\u015f\u00fcnmesi, Leon\u2019u k\u00f6\u015feye s\u0131k\u0131\u015ft\u0131r\u0131r. Hilal\u2019in, Leon\u2019a kar\u015f\u0131 giderek artan \u00f6fkesini anlay\u0131\u015fla kar\u015f\u0131layan Leon, ne yapaca\u011f\u0131n\u0131 bilemez. Leon\u2019un haberi olmadan konakta ger\u00e7ekle\u015ftirecek merasim, herkesi olduk\u00e7a \u015fa\u015f\u0131rt\u0131r.<\/p>\n<p><img loading=\"lazy\" decoding=\"async\" class=\"alignnone size-full wp-image-18977\" src=\"http:\/\/balcilar-blog.com\/wp-content\/uploads\/2017\/04\/vatan\u0131m-sensin-223.bl_..jpg\" alt=\"vatan\u0131m sensin 223.bl.\" width=\"640\" height=\"427\" srcset=\"https:\/\/balcilar-blog.com\/wp-content\/uploads\/2017\/04\/vatan\u0131m-sensin-223.bl_..jpg 640w, https:\/\/balcilar-blog.com\/wp-content\/uploads\/2017\/04\/vatan\u0131m-sensin-223.bl_.-300x200.jpg 300w\" sizes=\"auto, (max-width: 640px) 100vw, 640px\" \/><\/p>\n<p>Tevfik\u2019in kuvvac\u0131lar\u0131n ba\u015f\u0131nda yer alaca\u011f\u0131n\u0131 d\u00fc\u015f\u00fcnen Azize, Cevdet\u2019in herkesten bir \u015feyler saklad\u0131\u011f\u0131n\u0131 hisseder. Tevfik ile evlenmeyi kabul eden Azize, bunu ger\u00e7ekle\u015ftirmek i\u00e7in \u00f6n\u00fcnde engel kalmad\u0131\u011f\u0131n\u0131 d\u00fc\u015f\u00fcn\u00fcr. Cevdet\u2019in son anda evde kar\u015f\u0131la\u015ft\u0131\u011f\u0131 manzara, yanl\u0131\u015f bir karar verilmesini \u00f6nlemek i\u00e7in son hamledir. Tevfik\u2019in ger\u00e7ekleri \u00f6\u011frenmesiyle Cevdet ile aras\u0131nda yeni bir m\u00fccadele ba\u015flat\u0131r. Vasili ile g\u00f6r\u00fc\u015f\u00fcp Cevdet\u2019in ger\u00e7ek y\u00fcz\u00fcn\u00fc a\u00e7\u0131klamak isteyen Tevfik, hi\u00e7 beklemedi\u011fi bir hareketle kar\u015f\u0131la\u015facakt\u0131r.<\/p>\n<p><strong>5. ANNE<\/strong> : Star Tv&#8217;nin sevilen drama dizisi bu hafta sal\u0131 ak\u015fam\u0131 yay\u0131nlanan 22.b\u00f6l\u00fcm\u00fcnde, Total&#8217;de ald\u0131\u011f\u0131 8,64 puanla haftan\u0131n dizileri aras\u0131na 5.s\u0131ra yer ald\u0131.<\/p>\n<p><strong>Zeynep Turna\u2019n\u0131n ya\u015fad\u0131\u011f\u0131n\u0131 \u00f6\u011frenecek mi?<\/strong><\/p>\n<p>Turna Zeynep\u2019e son derece k\u0131rg\u0131nd\u0131r. Uzun zaman sonra hasretle ba\u011fl\u0131 oldu\u011fu annesini g\u00f6rmesine ra\u011fmen yan\u0131na gitmez. Ne de olsa Zeynep ona kendi yoluna bak demi\u015ftir. \u00dcstelik uzaklara gidece\u011fini s\u00f6ylemi\u015fken Zeynep \u0130stanbul\u2019da, kar\u015f\u0131s\u0131ndad\u0131r. Buna ra\u011fmen Turna\u2019y\u0131 hi\u00e7 aramam\u0131\u015f, sormam\u0131\u015ft\u0131r. K\u00fc\u00e7\u00fck k\u0131z Zeynep\u2019e g\u00f6r\u00fcnmeden, kalp k\u0131r\u0131kl\u0131\u011f\u0131yla arkas\u0131n\u0131 d\u00f6n\u00fcp gider.<\/p>\n<p><img loading=\"lazy\" decoding=\"async\" class=\"alignnone size-full wp-image-18978\" src=\"http:\/\/balcilar-blog.com\/wp-content\/uploads\/2017\/04\/6e5df3964d73ba77ed9f7e9b568f7b81_640x320.jpg\" alt=\"6e5df3964d73ba77ed9f7e9b568f7b81_640x320\" width=\"640\" height=\"320\" srcset=\"https:\/\/balcilar-blog.com\/wp-content\/uploads\/2017\/04\/6e5df3964d73ba77ed9f7e9b568f7b81_640x320.jpg 640w, https:\/\/balcilar-blog.com\/wp-content\/uploads\/2017\/04\/6e5df3964d73ba77ed9f7e9b568f7b81_640x320-300x150.jpg 300w\" sizes=\"auto, (max-width: 640px) 100vw, 640px\" \/><\/p>\n<p>Zeynep \u00f6ld\u00fc bildi\u011fi Turna\u2019y\u0131 unutamam\u0131\u015ft\u0131r. Ac\u0131s\u0131n\u0131 dindirmek, ba\u015fka bir \u00e7ocu\u011fun derdine \u00e7are olabilmek i\u00e7in evlat edinmeye \u00e7abalar. Fakat bu pek kolay olmayacakt\u0131r. Daha \u00f6nce Zeynep\u2019in \u00e7ocuk ka\u00e7\u0131rma haberini duymu\u015f olan bir kurum \u00e7al\u0131\u015fan\u0131 i\u015fleri kar\u0131\u015ft\u0131r\u0131r. T\u00fcm bunlar olurken Zeynep\u2019in akl\u0131na s\u00fcrpriz bir \u015f\u00fcphe d\u00fc\u015fer. Acaba Zeynep hamile midir?<br \/>\n<strong>Her iki kategorinin ilk on&#8217;da yer alan dizileri :<\/strong><\/p>\n<p>\u0130\u00e7erde, K\u0131rg\u0131n \u00c7i\u00e7ekler, E\u015fk\u0131ya D\u00fcnyaya H\u00fck\u00fcmdar Olmaz, Anne, Dirili\u015f Ertu\u011frul ve Kalbimdeki Deniz her iki grupta yer alan diziler olmu\u015ftur.<\/p>\n<p><strong>Kanallara g\u00f6re s\u0131ralamaya g\u00f6z atarsak :<\/strong><\/p>\n<p>Total grubunda: Atv 3 Dizi. Show ve Fox iki\u015fer dizi. TRT1, Star Tv ve Kanal D birer dizi ile yer ald\u0131lar.<\/p>\n<p><strong>AB\u2019de ilk onda<\/strong>: Star Tv 3 dizi. TRT1 ve Kanal D iki\u015fer dizi. Atv, Show Tv ve Fox Tv birer dizi ile yer alm\u0131\u015ft\u0131r.<\/p>\n<p><strong>Bu haftan\u0131n kanal\u0131; Total&#8217;de 3 dizi ve AB&#8217;de bir dizi ATV olmu\u015ftur.<\/strong><\/p>\n<p>&nbsp;<\/p>\n<p><strong>GE\u00c7EN HAFTA YEN\u0130 BA\u015eLAYAN D\u0130Z\u0130LER\u0130N PERFORMANSLARI!<\/strong><\/p>\n<p><img loading=\"lazy\" decoding=\"async\" class=\"alignnone size-medium wp-image-18803\" src=\"http:\/\/balcilar-blog.com\/wp-content\/uploads\/2017\/04\/73383-s\u00f6z-300x194.jpg\" alt=\"73383 s\u00f6z\" width=\"300\" height=\"194\" srcset=\"https:\/\/balcilar-blog.com\/wp-content\/uploads\/2017\/04\/73383-s\u00f6z-300x194.jpg 300w, https:\/\/balcilar-blog.com\/wp-content\/uploads\/2017\/04\/73383-s\u00f6z.jpg 640w\" sizes=\"auto, (max-width: 300px) 100vw, 300px\" \/><\/p>\n<p>Ge\u00e7en hafta 3 yeni dizi ba\u015flam\u0131\u015ft\u0131. Pazartesi ak\u015fam\u0131 yay\u0131na ba\u015flayan <strong>Star Tv<\/strong>&#8216;nin <strong>S\u00d6Z<\/strong> orta \u015fekerli ba\u015flad\u0131. Totalde; 4.s\u0131rada (5,90-13,22) ve AB&#8217;de 6.s\u0131rada (4,90-11,02) yer ald\u0131. Bu ak\u015fam \u00fcst s\u0131ralara ye kapmak i\u00e7in 2.b\u00f6l\u00fcm\u00fc \u00f6zetsiz ba\u015fl\u0131yor.<\/p>\n<p>&nbsp;<\/p>\n<p><img loading=\"lazy\" decoding=\"async\" class=\"alignnone size-medium wp-image-18804\" src=\"http:\/\/balcilar-blog.com\/wp-content\/uploads\/2017\/04\/1491125658_640x360-300x157.jpg\" alt=\"1491125658_640x360\" width=\"300\" height=\"157\" srcset=\"https:\/\/balcilar-blog.com\/wp-content\/uploads\/2017\/04\/1491125658_640x360-300x157.jpg 300w, https:\/\/balcilar-blog.com\/wp-content\/uploads\/2017\/04\/1491125658_640x360.jpg 640w\" sizes=\"auto, (max-width: 300px) 100vw, 300px\" \/><\/p>\n<p>\u00c7ar\u015famba ak\u015fam\u0131 ekranlara gelen <strong>Show Tv<\/strong>&#8216;nin yeni dizisi <strong>B\u0130R DEL\u0130 SEVDA<\/strong> beklenen reytingleri alamad\u0131. Hem Total&#8217;de, hem de AB&#8217;de 32.s\u0131rada yer ald\u0131. Show Tv ilk m\u00fcdahaleyi yapt\u0131, diziyi bu hafta 2.b\u00f6l\u00fcm\u00fcn\u00fc Pazar ak\u015fam\u0131na ald\u0131.<\/p>\n<p>&nbsp;<\/p>\n<p><img loading=\"lazy\" decoding=\"async\" class=\"alignnone size-medium wp-image-18811\" src=\"http:\/\/balcilar-blog.com\/wp-content\/uploads\/2017\/04\/sava\u015f\u00e7\u0131-fox-300x169.jpg\" alt=\"sava\u015f\u00e7\u0131 fox\" width=\"300\" height=\"169\" srcset=\"https:\/\/balcilar-blog.com\/wp-content\/uploads\/2017\/04\/sava\u015f\u00e7\u0131-fox-300x169.jpg 300w, https:\/\/balcilar-blog.com\/wp-content\/uploads\/2017\/04\/sava\u015f\u00e7\u0131-fox.jpg 640w\" sizes=\"auto, (max-width: 300px) 100vw, 300px\" \/><\/p>\n<p>D\u00fcn Pazar ak\u015fam\u0131 ekranlara gelen <strong>Fox Tv<\/strong>&#8216;nin<strong> SAVA\u015e\u00c7I<\/strong> adl\u0131 dizisi iyi ba\u015flad\u0131. Surv\u0131vor&#8217;un ard\u0131ndan her iki kategoride 2.s\u0131rada yer ald\u0131. Limon Film&#8217;in oyuncu kadrosunda Berk Oktay, Murat Serezli ve Bur\u00e7 K\u00fcmbetlio\u011flu, F\u0131rat Albayram yer ald\u0131\u011f\u0131 bordo breli K\u0131l\u0131\u00e7 Timi h\u0131zl\u0131 ba\u015flad\u0131. Reytingleri de y\u00fcksekti. Total&#8217;de; 7,29-16,16. AB&#8217;de; 6,80-16,74 puan ald\u0131 ve Pazar dizileri aras\u0131nda \u00f6ne \u00e7\u0131kt\u0131.<\/p>\n<p>\u00d6n\u00fcm\u00fczdeki Pazar oylama var. Ak\u015fam 19&#8217;dan sonra neticeler a\u00e7\u0131klanaca\u011f\u0131 i\u00e7in, bu pazar ak\u015fam\u0131 kanallar dizileri rafa kald\u0131rabilirler.<\/p>\n<p>Sayg\u0131lar ve sevgiler.<\/p>\n<p>Abdurrahman Balc\u0131lar<\/p>\n<p>Twitter:\u00a0<a href=\"https:\/\/twitter.com\/abbalcilar\">abdurrahman balc\u0131lar<\/a><a href=\"https:\/\/twitter.com\/abbalcilar\"><strong>@abbalcilar<\/strong><\/a><\/p>\n<p>Mail :\u00a0<a href=\"mailto:ab.balcilar@hotmail.com\">ab.balcilar@hotmail.com<\/a><\/p>\n<p>Blog:\u00a0<a href=\"http:\/\/t.co\/znqmIZgIqn\">blog.milliyet.com.tr\/cansever<\/a><\/p>\n<p>Blog:\u00a0<strong>balcilar-blog.com<\/strong><\/p>\n<p>Not: G\u00f6rseller ve dizi \u00f6zetleri ilgili kanallar\u0131n dizi ana sayfalar\u0131ndan al\u0131nm\u0131\u015ft\u0131r. S\u0131ralamalar dizi reytinglerine g\u00f6re yap\u0131lm\u0131\u015ft\u0131r.)<\/p>\n","protected":false},"excerpt":{"rendered":"<p>&nbsp; TNS \u00f6l\u00e7\u00fcmlerine g\u00f6re haz\u0131rlad\u0131\u011f\u0131m 03 &#8211; 09 Nisan 2017 Tarihleri aras\u0131nda en \u00e7ok seyredilen alt\u0131 Ulusal kanallar\u0131m\u0131zda ekranlar\u0131m\u0131za gelen 36 dizi aras\u0131nda, Total\u2019de ve AB\u2019de ilk ona giren, haftan\u0131n dizi karnesini a\u015fa\u011f\u0131da bilgilerinize sunuyorum. Ge\u00e7en Hafta G\u00f6sterimdeki Diziler : \u0130\u00e7erde, K\u0131rg\u0131n \u00c7i\u00e7ekler, Hangimiz Sevmedik, K\u0131rlang\u0131\u00e7 F\u0131rt\u0131nas\u0131, \u0130simsizler, S\u00f6z (Yeni), Anne, E\u015fk\u0131ya D\u00fcnyaya H\u00fck\u00fcmdar Olmaz, [&hellip;]<\/p>\n","protected":false},"author":3,"featured_media":18981,"comment_status":"open","ping_status":"open","sticky":false,"template":"","format":"standard","meta":{"footnotes":""},"categories":[2],"tags":[1293,533,15,570,712,82,801,408,1219,530,1294],"class_list":["post-18967","post","type-post","status-publish","format-standard","has-post-thumbnail","hentry","category-tv-programlari","tag-anne","tag-aras-bulut-iynemli","tag-cagatay-ulusoy","tag-dirilis-ertugrul","tag-dizi-reytingleri","tag-engin-akyurek","tag-eskiya-dunyaya-hukumdar-olmaz","tag-fahriye-evcen","tag-icerde","tag-tns-olcumleri","tag-vatanim-sensin"],"views":3560,"blog_post_layout_featured_media_urls":{"thumbnail":["https:\/\/balcilar-blog.com\/wp-content\/uploads\/2017\/04\/10-N\u0130SAN-150x150.jpg",150,150,true],"full":["https:\/\/balcilar-blog.com\/wp-content\/uploads\/2017\/04\/10-N\u0130SAN.jpg",640,361,false]},"categories_names":{"2":{"name":"TV Programlar\u0131","link":"https:\/\/balcilar-blog.com\/?cat=2"}},"tags_names":{"1293":{"name":"Anne","link":"https:\/\/balcilar-blog.com\/?tag=anne"},"533":{"name":"Aras Bulut \u0130ynemli","link":"https:\/\/balcilar-blog.com\/?tag=aras-bulut-iynemli"},"15":{"name":"\u00e7a\u011fatay ulusoy","link":"https:\/\/balcilar-blog.com\/?tag=cagatay-ulusoy"},"570":{"name":"dirili\u015f Ertu\u011frul","link":"https:\/\/balcilar-blog.com\/?tag=dirilis-ertugrul"},"712":{"name":"Dizi reytingleri","link":"https:\/\/balcilar-blog.com\/?tag=dizi-reytingleri"},"82":{"name":"Engin Aky\u00fcrek","link":"https:\/\/balcilar-blog.com\/?tag=engin-akyurek"},"801":{"name":"E\u015fk\u0131ya D\u00fcnya'ya H\u00fck\u00fcmdar Olmaz","link":"https:\/\/balcilar-blog.com\/?tag=eskiya-dunyaya-hukumdar-olmaz"},"408":{"name":"Fahriye Evcen","link":"https:\/\/balcilar-blog.com\/?tag=fahriye-evcen"},"1219":{"name":"\u0130\u00c7ERDE","link":"https:\/\/balcilar-blog.com\/?tag=icerde"},"530":{"name":"TNS \u00f6l\u00e7\u00fcmleri","link":"https:\/\/balcilar-blog.com\/?tag=tns-olcumleri"},"1294":{"name":"Vatan\u0131m Sensin","link":"https:\/\/balcilar-blog.com\/?tag=vatanim-sensin"}},"comments_number":"0","wpmagazine_modules_lite_featured_media_urls":{"thumbnail":["https:\/\/balcilar-blog.com\/wp-content\/uploads\/2017\/04\/10-N\u0130SAN-150x150.jpg",150,150,true],"cvmm-medium":["https:\/\/balcilar-blog.com\/wp-content\/uploads\/2017\/04\/10-N\u0130SAN.jpg",300,169,false],"cvmm-medium-plus":["https:\/\/balcilar-blog.com\/wp-content\/uploads\/2017\/04\/10-N\u0130SAN.jpg",305,172,false],"cvmm-portrait":["https:\/\/balcilar-blog.com\/wp-content\/uploads\/2017\/04\/10-N\u0130SAN.jpg",400,226,false],"cvmm-medium-square":["https:\/\/balcilar-blog.com\/wp-content\/uploads\/2017\/04\/10-N\u0130SAN.jpg",600,338,false],"cvmm-large":["https:\/\/balcilar-blog.com\/wp-content\/uploads\/2017\/04\/10-N\u0130SAN.jpg",640,361,false],"cvmm-small":["https:\/\/balcilar-blog.com\/wp-content\/uploads\/2017\/04\/10-N\u0130SAN.jpg",130,73,false],"full":["https:\/\/balcilar-blog.com\/wp-content\/uploads\/2017\/04\/10-N\u0130SAN.jpg",640,361,false]},"_links":{"self":[{"href":"https:\/\/balcilar-blog.com\/index.php?rest_route=\/wp\/v2\/posts\/18967","targetHints":{"allow":["GET"]}}],"collection":[{"href":"https:\/\/balcilar-blog.com\/index.php?rest_route=\/wp\/v2\/posts"}],"about":[{"href":"https:\/\/balcilar-blog.com\/index.php?rest_route=\/wp\/v2\/types\/post"}],"author":[{"embeddable":true,"href":"https:\/\/balcilar-blog.com\/index.php?rest_route=\/wp\/v2\/users\/3"}],"replies":[{"embeddable":true,"href":"https:\/\/balcilar-blog.com\/index.php?rest_route=%2Fwp%2Fv2%2Fcomments&post=18967"}],"version-history":[{"count":6,"href":"https:\/\/balcilar-blog.com\/index.php?rest_route=\/wp\/v2\/posts\/18967\/revisions"}],"predecessor-version":[{"id":18988,"href":"https:\/\/balcilar-blog.com\/index.php?rest_route=\/wp\/v2\/posts\/18967\/revisions\/18988"}],"wp:featuredmedia":[{"embeddable":true,"href":"https:\/\/balcilar-blog.com\/index.php?rest_route=\/wp\/v2\/media\/18981"}],"wp:attachment":[{"href":"https:\/\/balcilar-blog.com\/index.php?rest_route=%2Fwp%2Fv2%2Fmedia&parent=18967"}],"wp:term":[{"taxonomy":"category","embeddable":true,"href":"https:\/\/balcilar-blog.com\/index.php?rest_route=%2Fwp%2Fv2%2Fcategories&post=18967"},{"taxonomy":"post_tag","embeddable":true,"href":"https:\/\/balcilar-blog.com\/index.php?rest_route=%2Fwp%2Fv2%2Ftags&post=18967"}],"curies":[{"name":"wp","href":"https:\/\/api.w.org\/{rel}","templated":true}]}}