{"id":18873,"date":"2017-04-06T16:51:30","date_gmt":"2017-04-06T13:51:30","guid":{"rendered":"http:\/\/balcilar-blog.com\/?p=18873"},"modified":"2017-04-06T17:24:41","modified_gmt":"2017-04-06T14:24:41","slug":"cesur-ve-guzel-suhani-bekleyen-hayati-karar","status":"publish","type":"post","link":"https:\/\/balcilar-blog.com\/?p=18873","title":{"rendered":"Cesur ve G\u00fczel \/ S\u00fchan&#8217;\u0131 bekleyen hayati karar!"},"content":{"rendered":"<div tabindex=\"-1\">\n<div tabindex=\"-1\">\n<div tabindex=\"0\">\n<div class=\"_rp_75\" tabindex=\"-1\">\n<div class=\"_rp_K4 ms-border-color-neutralLight ShowReferenceAttachmentsLinks ShowConsesusSchedulingLink\" tabindex=\"-1\">\n<div class=\"_rp_W4\">\n<div>\n<div id=\"Item.MessagePartBody\" class=\"_rp_M4\">\n<div id=\"Item.MessageUniqueBody\" class=\"_rp_N4 ms-font-weight-regular ms-font-color-neutralDark rpHighlightAllClass rpHighlightBodyClass\" tabindex=\"0\">\n<div class=\"rps_f461\">\n<div dir=\"ltr\">\n<p><img loading=\"lazy\" decoding=\"async\" class=\"alignnone size-full wp-image-18875\" src=\"http:\/\/balcilar-blog.com\/wp-content\/uploads\/2017\/04\/21-2.jpg\" alt=\"21-2\" width=\"640\" height=\"401\" srcset=\"https:\/\/balcilar-blog.com\/wp-content\/uploads\/2017\/04\/21-2.jpg 640w, https:\/\/balcilar-blog.com\/wp-content\/uploads\/2017\/04\/21-2-300x188.jpg 300w\" sizes=\"auto, (max-width: 640px) 100vw, 640px\" \/><\/p>\n<p><strong>Ay Yap\u0131m imzal\u0131 \u2018Cesur ve G\u00fczel\u2019in yeni b\u00f6l\u00fcm\u00fcnde S\u00fchan, b\u00fcy\u00fck bir karar a\u015famas\u0131na gelecek. Nefeslerin tutulaca\u011f\u0131 b\u00f6l\u00fcmde, Cesur, S\u00fchan\u2019\u0131n hamile oldu\u011funu \u00f6\u011frenecek mi sorusunun cevab\u0131 da merakla beklenecek.<\/strong><\/p>\n<p>K\u0131van\u00e7 Tatl\u0131tu\u011f ve Tuba B\u00fcy\u00fck\u00fcst\u00fcn\u2019\u00fcn rol ald\u0131\u011f\u0131 \u2018Cesur ve G\u00fczel\u2019in yeni b\u00f6l\u00fcm\u00fcnde Cesur\u2019un, babas\u0131 Tahsin Korluda\u011f\u2019\u0131n t\u00fcm hisselerini devrald\u0131\u011f\u0131n\u0131 \u00f6\u011frenen S\u00fchan, \u00f6fkeden deliye d\u00f6necek.<\/p>\n<p>Cesur\u2019a hamile oldu\u011funu s\u00f6ylemekten vazge\u00e7en S\u00fchan, hayat\u0131n\u0131n en zorlu karar\u0131n\u0131 vermekle kar\u015f\u0131 kar\u015f\u0131ya kalacak. Nefreti, a\u015fk\u0131n\u0131n \u00f6n\u00fcne ge\u00e7en S\u00fchan\u2019\u0131n kendisinden bir ger\u00e7e\u011fi saklad\u0131\u011f\u0131n\u0131 d\u00fc\u015f\u00fcnen Cesur bunun pe\u015fine d\u00fc\u015fecek.<\/p>\n<p><img loading=\"lazy\" decoding=\"async\" class=\"alignnone size-full wp-image-18877\" src=\"http:\/\/balcilar-blog.com\/wp-content\/uploads\/2017\/04\/21-4.jpg\" alt=\"21-4\" width=\"640\" height=\"376\" srcset=\"https:\/\/balcilar-blog.com\/wp-content\/uploads\/2017\/04\/21-4.jpg 640w, https:\/\/balcilar-blog.com\/wp-content\/uploads\/2017\/04\/21-4-300x176.jpg 300w\" sizes=\"auto, (max-width: 640px) 100vw, 640px\" \/><\/p>\n<p>&nbsp;<\/p>\n<p><strong>Korluda\u011f \u00c7iftli\u011fi\u2019nde s\u00fcrpriz misafir!<\/strong><\/p>\n<p><img loading=\"lazy\" decoding=\"async\" class=\"alignnone size-full wp-image-18874\" src=\"http:\/\/balcilar-blog.com\/wp-content\/uploads\/2017\/04\/21-1.jpg\" alt=\"21-1\" width=\"640\" height=\"389\" srcset=\"https:\/\/balcilar-blog.com\/wp-content\/uploads\/2017\/04\/21-1.jpg 640w, https:\/\/balcilar-blog.com\/wp-content\/uploads\/2017\/04\/21-1-300x182.jpg 300w\" sizes=\"auto, (max-width: 640px) 100vw, 640px\" \/><\/p>\n<p>B\u00f6l\u00fcmde, Korluda\u011f \u00c7iftli\u011fi\u2019ne b\u0131rak\u0131lan bebek, t\u00fcm dengeleri de\u011fi\u015ftirecek. S\u00fchan, Cesur\u2019un zaferi ve Korhan\u2019\u0131n ihaneti kar\u015f\u0131s\u0131nda b\u00fcy\u00fck darbe alan babas\u0131 Tahsin Korluda\u011f\u2019\u0131n bamba\u015fka bir y\u00fcz\u00fcne tan\u0131k olacak. Korluda\u011f \u00c7iftli\u011fi\u2019ndeki bu bebek, S\u00fchan\u2019\u0131 da ciddi bir vicdan muhasebesiyle ba\u015f ba\u015fa b\u0131rakacak.<\/p>\n<p><img loading=\"lazy\" decoding=\"async\" class=\"alignnone size-full wp-image-18876\" src=\"http:\/\/balcilar-blog.com\/wp-content\/uploads\/2017\/04\/21-3.jpg\" alt=\"21-3\" width=\"640\" height=\"369\" srcset=\"https:\/\/balcilar-blog.com\/wp-content\/uploads\/2017\/04\/21-3.jpg 640w, https:\/\/balcilar-blog.com\/wp-content\/uploads\/2017\/04\/21-3-300x173.jpg 300w\" sizes=\"auto, (max-width: 640px) 100vw, 640px\" \/><\/p>\n<p>R\u0131za\u2019n\u0131n (Yi\u011fit \u00d6z\u015fener) odas\u0131nda S\u00fchan\u2019\u0131n foto\u011fraflar\u0131n\u0131 bulan \u015eirin\u2019in (Irmak \u00d6rnek) tepkisi ve R\u0131za\u2019n\u0131n bu durum kar\u015f\u0131s\u0131nda ne yapaca\u011f\u0131 da heyecanla beklenecek.<\/p>\n<p><img loading=\"lazy\" decoding=\"async\" class=\"alignnone size-full wp-image-18878\" src=\"http:\/\/balcilar-blog.com\/wp-content\/uploads\/2017\/04\/21-5.jpg\" alt=\"21-5\" width=\"640\" height=\"383\" srcset=\"https:\/\/balcilar-blog.com\/wp-content\/uploads\/2017\/04\/21-5.jpg 640w, https:\/\/balcilar-blog.com\/wp-content\/uploads\/2017\/04\/21-5-300x180.jpg 300w\" sizes=\"auto, (max-width: 640px) 100vw, 640px\" \/><\/p>\n<p><strong>Cesur ve G\u00fczel 21.B\u00f6l\u00fcm Fragmanlar\u0131:<\/strong><\/p>\n<p>https:\/\/www.youtube.com\/watch?v=ffxPm_kLk4E<\/p>\n<p>https:\/\/www.youtube.com\/watch?v=V3_zCGsrigg<\/p>\n<p class=\"x_MsoNormal\" align=\"center\"><b>\u00a0<\/b><\/p>\n<p class=\"x_MsoNormal\" align=\"center\"><strong>\u2018Cesur ve G\u00fczel\u2019in yeni b\u00f6l\u00fcm\u00fc 6 Nisan Per\u015fembe (bu ak\u015fam) saat 20:00\u2019da Star TV\u2019de ekranlara gelecek.<\/strong><\/p>\n<p>Keyifli Seyirler.<\/p>\n<p>Sayg\u0131lar ve sevgiler.<\/p>\n<p>Abdurrahman Balc\u0131lar<\/p>\n<p>Twitter:\u00a0<a href=\"https:\/\/twitter.com\/abbalcilar\">abdurrahman balc\u0131lar<\/a><a href=\"https:\/\/twitter.com\/abbalcilar\"><strong>@abbalcilar<\/strong><\/a><\/p>\n<p>Mail :\u00a0<a href=\"mailto:ab.balcilar@hotmail.com\">ab.balcilar@hotmail.com<\/a><\/p>\n<p>Blog:\u00a0<a href=\"http:\/\/t.co\/znqmIZgIqn\">blog.milliyet.com.tr\/cansever<\/a><\/p>\n<p>Blog:\u00a0<a href=\"http:\/\/balcilar-blog.com\/\">Abdurrahman Balc\u0131lar Blog Sayfas\u0131<\/a><\/p>\n<p>Not: Kaynak haber ve g\u00f6rseller Persona Bas\u0131n B\u00fclteni.<\/p>\n<\/div>\n<\/div>\n<\/div>\n<\/div>\n<\/div>\n<div class=\"_rp_R4\"><\/div>\n<\/div>\n<\/div>\n<\/div>\n<\/div>\n<\/div>\n<div class=\"_rp_f\" tabindex=\"-1\">\n<div class=\"_qc_F ms-bg-color-white _qc_G\">\n<hr class=\"_qc_B\" \/>\n<div class=\"_qc_y ms-border-color-neutralLight _qc_z\" tabindex=\"-1\"><\/div>\n<\/div>\n<\/div>\n<\/div>\n","protected":false},"excerpt":{"rendered":"<p>Ay Yap\u0131m imzal\u0131 \u2018Cesur ve G\u00fczel\u2019in yeni b\u00f6l\u00fcm\u00fcnde S\u00fchan, b\u00fcy\u00fck bir karar a\u015famas\u0131na gelecek. Nefeslerin tutulaca\u011f\u0131 b\u00f6l\u00fcmde, Cesur, S\u00fchan\u2019\u0131n hamile oldu\u011funu \u00f6\u011frenecek mi sorusunun cevab\u0131 da merakla beklenecek. K\u0131van\u00e7 Tatl\u0131tu\u011f ve Tuba B\u00fcy\u00fck\u00fcst\u00fcn\u2019\u00fcn rol ald\u0131\u011f\u0131 \u2018Cesur ve G\u00fczel\u2019in yeni b\u00f6l\u00fcm\u00fcnde Cesur\u2019un, babas\u0131 Tahsin Korluda\u011f\u2019\u0131n t\u00fcm hisselerini devrald\u0131\u011f\u0131n\u0131 \u00f6\u011frenen S\u00fchan, \u00f6fkeden deliye d\u00f6necek. Cesur\u2019a hamile oldu\u011funu [&hellip;]<\/p>\n","protected":false},"author":3,"featured_media":18875,"comment_status":"open","ping_status":"open","sticky":false,"template":"","format":"standard","meta":{"footnotes":""},"categories":[2],"tags":[26,1225,1421,80,25,305,1401],"class_list":["post-18873","post","type-post","status-publish","format-standard","has-post-thumbnail","hentry","category-tv-programlari","tag-ay-yapim","tag-cesur-ve-guzel","tag-irmak-ornek","tag-kivanc-tatlitug","tag-star-tv","tag-tuba-buyukustun","tag-yigit-ozsener"],"views":3412,"blog_post_layout_featured_media_urls":{"thumbnail":["https:\/\/balcilar-blog.com\/wp-content\/uploads\/2017\/04\/21-2-150x150.jpg",150,150,true],"full":["https:\/\/balcilar-blog.com\/wp-content\/uploads\/2017\/04\/21-2.jpg",640,401,false]},"categories_names":{"2":{"name":"TV Programlar\u0131","link":"https:\/\/balcilar-blog.com\/?cat=2"}},"tags_names":{"26":{"name":"Ay Yap\u0131m","link":"https:\/\/balcilar-blog.com\/?tag=ay-yapim"},"1225":{"name":"Cesur ve G\u00fczel","link":"https:\/\/balcilar-blog.com\/?tag=cesur-ve-guzel"},"1421":{"name":"Irmak \u00d6rnek","link":"https:\/\/balcilar-blog.com\/?tag=irmak-ornek"},"80":{"name":"K\u0131van\u00e7 Tatl\u0131tu\u011f","link":"https:\/\/balcilar-blog.com\/?tag=kivanc-tatlitug"},"25":{"name":"Star Tv","link":"https:\/\/balcilar-blog.com\/?tag=star-tv"},"305":{"name":"Tuba B\u00fcy\u00fck\u00fcst\u00fcn","link":"https:\/\/balcilar-blog.com\/?tag=tuba-buyukustun"},"1401":{"name":"Yi\u011fit \u00d6z\u015fener","link":"https:\/\/balcilar-blog.com\/?tag=yigit-ozsener"}},"comments_number":"0","wpmagazine_modules_lite_featured_media_urls":{"thumbnail":["https:\/\/balcilar-blog.com\/wp-content\/uploads\/2017\/04\/21-2-150x150.jpg",150,150,true],"cvmm-medium":["https:\/\/balcilar-blog.com\/wp-content\/uploads\/2017\/04\/21-2.jpg",300,188,false],"cvmm-medium-plus":["https:\/\/balcilar-blog.com\/wp-content\/uploads\/2017\/04\/21-2.jpg",305,191,false],"cvmm-portrait":["https:\/\/balcilar-blog.com\/wp-content\/uploads\/2017\/04\/21-2.jpg",400,251,false],"cvmm-medium-square":["https:\/\/balcilar-blog.com\/wp-content\/uploads\/2017\/04\/21-2.jpg",600,376,false],"cvmm-large":["https:\/\/balcilar-blog.com\/wp-content\/uploads\/2017\/04\/21-2.jpg",640,401,false],"cvmm-small":["https:\/\/balcilar-blog.com\/wp-content\/uploads\/2017\/04\/21-2.jpg",130,81,false],"full":["https:\/\/balcilar-blog.com\/wp-content\/uploads\/2017\/04\/21-2.jpg",640,401,false]},"_links":{"self":[{"href":"https:\/\/balcilar-blog.com\/index.php?rest_route=\/wp\/v2\/posts\/18873","targetHints":{"allow":["GET"]}}],"collection":[{"href":"https:\/\/balcilar-blog.com\/index.php?rest_route=\/wp\/v2\/posts"}],"about":[{"href":"https:\/\/balcilar-blog.com\/index.php?rest_route=\/wp\/v2\/types\/post"}],"author":[{"embeddable":true,"href":"https:\/\/balcilar-blog.com\/index.php?rest_route=\/wp\/v2\/users\/3"}],"replies":[{"embeddable":true,"href":"https:\/\/balcilar-blog.com\/index.php?rest_route=%2Fwp%2Fv2%2Fcomments&post=18873"}],"version-history":[{"count":3,"href":"https:\/\/balcilar-blog.com\/index.php?rest_route=\/wp\/v2\/posts\/18873\/revisions"}],"predecessor-version":[{"id":18881,"href":"https:\/\/balcilar-blog.com\/index.php?rest_route=\/wp\/v2\/posts\/18873\/revisions\/18881"}],"wp:featuredmedia":[{"embeddable":true,"href":"https:\/\/balcilar-blog.com\/index.php?rest_route=\/wp\/v2\/media\/18875"}],"wp:attachment":[{"href":"https:\/\/balcilar-blog.com\/index.php?rest_route=%2Fwp%2Fv2%2Fmedia&parent=18873"}],"wp:term":[{"taxonomy":"category","embeddable":true,"href":"https:\/\/balcilar-blog.com\/index.php?rest_route=%2Fwp%2Fv2%2Fcategories&post=18873"},{"taxonomy":"post_tag","embeddable":true,"href":"https:\/\/balcilar-blog.com\/index.php?rest_route=%2Fwp%2Fv2%2Ftags&post=18873"}],"curies":[{"name":"wp","href":"https:\/\/api.w.org\/{rel}","templated":true}]}}