{"id":18852,"date":"2017-04-05T15:51:15","date_gmt":"2017-04-05T12:51:15","guid":{"rendered":"http:\/\/balcilar-blog.com\/?p=18852"},"modified":"2017-04-05T15:57:09","modified_gmt":"2017-04-05T12:57:09","slug":"kara-sevda-kemal-ile-emir-karsi-karsiya","status":"publish","type":"post","link":"https:\/\/balcilar-blog.com\/?p=18852","title":{"rendered":"Kara Sevda \/ Kemal ile Emir kar\u015f\u0131 kar\u015f\u0131ya!"},"content":{"rendered":"<div class=\"x_gmail_quote\">\n<div dir=\"ltr\">\n<p><img loading=\"lazy\" decoding=\"async\" class=\"alignnone size-full wp-image-18857\" src=\"http:\/\/balcilar-blog.com\/wp-content\/uploads\/2017\/04\/Kara-Sevda-63.B\u00f6l\u00fcm-4.jpg\" alt=\"Kara Sevda 63.B\u00f6l\u00fcm 4\" width=\"640\" height=\"411\" srcset=\"https:\/\/balcilar-blog.com\/wp-content\/uploads\/2017\/04\/Kara-Sevda-63.B\u00f6l\u00fcm-4.jpg 640w, https:\/\/balcilar-blog.com\/wp-content\/uploads\/2017\/04\/Kara-Sevda-63.B\u00f6l\u00fcm-4-300x193.jpg 300w\" sizes=\"auto, (max-width: 640px) 100vw, 640px\" \/><\/p>\n<p><strong>Kemal\u2019in Kaderi Emir\u2019in Ellerinde;<\/strong><\/p>\n<p>Ay Yap\u0131m imzal\u0131 Kara Sevda\u2019n\u0131n heyecan dolu yeni b\u00f6l\u00fcm\u00fcnde, Asu\u2019yu \u00f6ld\u00fcrmekle su\u00e7lanan Kemal, ezeli d\u00fc\u015fman\u0131 Emir\u2019in eline d\u00fc\u015fecek.<\/p>\n<p>Asu&#8217;yu \u00f6ld\u00fcrmekle su\u00e7lanan Kemal, kendini b\u00fcy\u00fck bir \u00e7\u0131kmaz\u0131n i\u00e7inde bulacak.<\/p>\n<p>Emir de bu durumu lehine kullanarak, masum oldu\u011funu kan\u0131tlayana dek ka\u00e7mak zorunda olan Kemal\u2019in yoluna \u00e7\u0131kacak.<\/p>\n<p>&nbsp;<\/p>\n<p><img loading=\"lazy\" decoding=\"async\" class=\"alignnone size-full wp-image-18853\" src=\"http:\/\/balcilar-blog.com\/wp-content\/uploads\/2017\/04\/Kara-Sevda-63.B\u00f6l\u00fcm-5.jpg\" alt=\"Kara Sevda 63.B\u00f6l\u00fcm 5\" width=\"640\" height=\"427\" srcset=\"https:\/\/balcilar-blog.com\/wp-content\/uploads\/2017\/04\/Kara-Sevda-63.B\u00f6l\u00fcm-5.jpg 640w, https:\/\/balcilar-blog.com\/wp-content\/uploads\/2017\/04\/Kara-Sevda-63.B\u00f6l\u00fcm-5-300x200.jpg 300w\" sizes=\"auto, (max-width: 640px) 100vw, 640px\" \/><\/p>\n<p>Kemal ve Emir\u2019in yumruklar\u0131n\u0131 konu\u015fturduklar\u0131 aksiyon dolu sahneler, b\u00f6l\u00fcme damgas\u0131n\u0131 vuracak.<\/p>\n<p><img loading=\"lazy\" decoding=\"async\" class=\"alignnone size-full wp-image-18854\" src=\"http:\/\/balcilar-blog.com\/wp-content\/uploads\/2017\/04\/Kara-Sevda-63.B\u00f6l\u00fcm-1.jpg\" alt=\"Kara Sevda 63.B\u00f6l\u00fcm 1\" width=\"640\" height=\"410\" srcset=\"https:\/\/balcilar-blog.com\/wp-content\/uploads\/2017\/04\/Kara-Sevda-63.B\u00f6l\u00fcm-1.jpg 640w, https:\/\/balcilar-blog.com\/wp-content\/uploads\/2017\/04\/Kara-Sevda-63.B\u00f6l\u00fcm-1-300x192.jpg 300w\" sizes=\"auto, (max-width: 640px) 100vw, 640px\" \/><\/p>\n<p>&nbsp;<\/p>\n<p><strong>N\u0130HAN\u2019DAN KEMAL\u2019E UNUTULMAZ DO\u011eUM G\u00dcN\u00dc S\u00dcRPR\u0130Z\u0130<\/strong><\/p>\n<p><img loading=\"lazy\" decoding=\"async\" class=\"alignnone size-full wp-image-18855\" src=\"http:\/\/balcilar-blog.com\/wp-content\/uploads\/2017\/04\/Kara-Sevda-63.B\u00f6l\u00fcm-2.jpg\" alt=\"Kara Sevda 63.B\u00f6l\u00fcm 2\" width=\"640\" height=\"441\" srcset=\"https:\/\/balcilar-blog.com\/wp-content\/uploads\/2017\/04\/Kara-Sevda-63.B\u00f6l\u00fcm-2.jpg 640w, https:\/\/balcilar-blog.com\/wp-content\/uploads\/2017\/04\/Kara-Sevda-63.B\u00f6l\u00fcm-2-300x207.jpg 300w\" sizes=\"auto, (max-width: 640px) 100vw, 640px\" \/><\/p>\n<p>Ya\u015fanan t\u00fcm ac\u0131lara ra\u011fmen, her zaman a\u015fklar\u0131na s\u0131k\u0131ca sar\u0131lan Kemal ve Nihan, bu karanl\u0131k g\u00fcnlerde de birbirlerine umut vermeye devam edecek. Kemal\u2019in do\u011fum g\u00fcn\u00fc, iki kara sevdal\u0131ya romantizm dolu anlar ya\u015fatacak. Kemal\u2019i yakalamak i\u00e7in polislerin yak\u0131n takibe ald\u0131\u011f\u0131 Nihan, hem polisleri atlatmak hem de Kemal\u2019e do\u011fum g\u00fcn\u00fc s\u00fcrprizi yapmak i\u00e7in e\u011flenceli bir fikir bulacak.<\/p>\n<p><img loading=\"lazy\" decoding=\"async\" class=\"alignnone size-full wp-image-18856\" src=\"http:\/\/balcilar-blog.com\/wp-content\/uploads\/2017\/04\/Kara-Sevda-63.B\u00f6l\u00fcm-3.jpg\" alt=\"Kara Sevda 63.B\u00f6l\u00fcm 3\" width=\"640\" height=\"440\" srcset=\"https:\/\/balcilar-blog.com\/wp-content\/uploads\/2017\/04\/Kara-Sevda-63.B\u00f6l\u00fcm-3.jpg 640w, https:\/\/balcilar-blog.com\/wp-content\/uploads\/2017\/04\/Kara-Sevda-63.B\u00f6l\u00fcm-3-300x206.jpg 300w\" sizes=\"auto, (max-width: 640px) 100vw, 640px\" \/><\/p>\n<p>Nihan\u2019\u0131n haz\u0131rlad\u0131\u011f\u0131 s\u00fcrpriz, hem Kemal\u2019i hem de ekran ba\u015f\u0131ndaki izleyicileri g\u00fcl\u00fcmsetecek.<\/p>\n<p><iframe loading=\"lazy\" title=\"Kara Sevda 63. B\u00f6l\u00fcm Fragman\" width=\"640\" height=\"360\" src=\"https:\/\/www.youtube.com\/embed\/TB2I3pkqFmY?feature=oembed\" frameborder=\"0\" allow=\"accelerometer; autoplay; clipboard-write; encrypted-media; gyroscope; picture-in-picture; web-share\" referrerpolicy=\"strict-origin-when-cross-origin\" allowfullscreen><\/iframe><\/p>\n<p><iframe loading=\"lazy\" title=\"Kara Sevda 63. B\u00f6l\u00fcm 2. Fragman\" width=\"640\" height=\"360\" src=\"https:\/\/www.youtube.com\/embed\/VRTCZiFIVpQ?feature=oembed\" frameborder=\"0\" allow=\"accelerometer; autoplay; clipboard-write; encrypted-media; gyroscope; picture-in-picture; web-share\" referrerpolicy=\"strict-origin-when-cross-origin\" allowfullscreen><\/iframe><\/p>\n<p>Y\u00f6netmenli\u011fini Hilal Saral&#8217;\u0131n yapt\u0131\u011f\u0131, ba\u015frollerini, Burak \u00d6z\u00e7ivit, Neslihan Atag\u00fcl, Kaan Urganc\u0131o\u011flu, Zerrin Tekindor ve Kerem Al\u0131\u015f\u0131k&#8217;\u0131n oynad\u0131\u011f\u0131;<\/p>\n<p><strong>\u2018Kara Sevda\u2019n\u0131n yeni b\u00f6l\u00fcm\u00fc 5 Nisan \u00c7ar\u015famba g\u00fcn\u00fc (bu ak\u015fam) saat 20:00\u2019da Star TV\u2019de ekrana gelecek.<\/strong><\/p>\n<p>Keyifli Seyirler.<\/p>\n<p>Sayg\u0131lar ve sevgiler.<\/p>\n<p>Abdurrahman Balc\u0131lar<\/p>\n<p>Twitter:\u00a0<a href=\"https:\/\/twitter.com\/abbalcilar\">abdurrahman balc\u0131lar<\/a><a href=\"https:\/\/twitter.com\/abbalcilar\"><strong>@abbalcilar<\/strong><\/a><\/p>\n<p>Mail :\u00a0<a href=\"mailto:ab.balcilar@hotmail.com\">ab.balcilar@hotmail.com<\/a><\/p>\n<p>Blog:\u00a0<a href=\"http:\/\/t.co\/znqmIZgIqn\">blog.milliyet.com.tr\/cansever<\/a><\/p>\n<p>Blog:\u00a0<a href=\"http:\/\/balcilar-blog.com\/\">Abdurrahman Balc\u0131lar Blog Sayfas\u0131<\/a><\/p>\n<\/div>\n<\/div>\n","protected":false},"excerpt":{"rendered":"<p>Kemal\u2019in Kaderi Emir\u2019in Ellerinde; Ay Yap\u0131m imzal\u0131 Kara Sevda\u2019n\u0131n heyecan dolu yeni b\u00f6l\u00fcm\u00fcnde, Asu\u2019yu \u00f6ld\u00fcrmekle su\u00e7lanan Kemal, ezeli d\u00fc\u015fman\u0131 Emir\u2019in eline d\u00fc\u015fecek. Asu&#8217;yu \u00f6ld\u00fcrmekle su\u00e7lanan Kemal, kendini b\u00fcy\u00fck bir \u00e7\u0131kmaz\u0131n i\u00e7inde bulacak. Emir de bu durumu lehine kullanarak, masum oldu\u011funu kan\u0131tlayana dek ka\u00e7mak zorunda olan Kemal\u2019in yoluna \u00e7\u0131kacak. &nbsp; Kemal ve Emir\u2019in yumruklar\u0131n\u0131 konu\u015fturduklar\u0131 aksiyon [&hellip;]<\/p>\n","protected":false},"author":3,"featured_media":18857,"comment_status":"open","ping_status":"open","sticky":false,"template":"","format":"standard","meta":{"footnotes":""},"categories":[2],"tags":[26,409,799,119],"class_list":["post-18852","post","type-post","status-publish","format-standard","has-post-thumbnail","hentry","category-tv-programlari","tag-ay-yapim","tag-burak-ozcivit","tag-kara-sevda","tag-neslihan-atagul"],"views":4051,"blog_post_layout_featured_media_urls":{"thumbnail":["https:\/\/balcilar-blog.com\/wp-content\/uploads\/2017\/04\/Kara-Sevda-63.B\u00f6l\u00fcm-4-150x150.jpg",150,150,true],"full":["https:\/\/balcilar-blog.com\/wp-content\/uploads\/2017\/04\/Kara-Sevda-63.B\u00f6l\u00fcm-4.jpg",640,411,false]},"categories_names":{"2":{"name":"TV Programlar\u0131","link":"https:\/\/balcilar-blog.com\/?cat=2"}},"tags_names":{"26":{"name":"Ay Yap\u0131m","link":"https:\/\/balcilar-blog.com\/?tag=ay-yapim"},"409":{"name":"Burak \u00d6z\u00e7ivit","link":"https:\/\/balcilar-blog.com\/?tag=burak-ozcivit"},"799":{"name":"Kara Sevda","link":"https:\/\/balcilar-blog.com\/?tag=kara-sevda"},"119":{"name":"Neslihan Atag\u00fcl","link":"https:\/\/balcilar-blog.com\/?tag=neslihan-atagul"}},"comments_number":"0","wpmagazine_modules_lite_featured_media_urls":{"thumbnail":["https:\/\/balcilar-blog.com\/wp-content\/uploads\/2017\/04\/Kara-Sevda-63.B\u00f6l\u00fcm-4-150x150.jpg",150,150,true],"cvmm-medium":["https:\/\/balcilar-blog.com\/wp-content\/uploads\/2017\/04\/Kara-Sevda-63.B\u00f6l\u00fcm-4.jpg",300,193,false],"cvmm-medium-plus":["https:\/\/balcilar-blog.com\/wp-content\/uploads\/2017\/04\/Kara-Sevda-63.B\u00f6l\u00fcm-4.jpg",305,196,false],"cvmm-portrait":["https:\/\/balcilar-blog.com\/wp-content\/uploads\/2017\/04\/Kara-Sevda-63.B\u00f6l\u00fcm-4.jpg",400,257,false],"cvmm-medium-square":["https:\/\/balcilar-blog.com\/wp-content\/uploads\/2017\/04\/Kara-Sevda-63.B\u00f6l\u00fcm-4.jpg",600,385,false],"cvmm-large":["https:\/\/balcilar-blog.com\/wp-content\/uploads\/2017\/04\/Kara-Sevda-63.B\u00f6l\u00fcm-4.jpg",640,411,false],"cvmm-small":["https:\/\/balcilar-blog.com\/wp-content\/uploads\/2017\/04\/Kara-Sevda-63.B\u00f6l\u00fcm-4.jpg",130,83,false],"full":["https:\/\/balcilar-blog.com\/wp-content\/uploads\/2017\/04\/Kara-Sevda-63.B\u00f6l\u00fcm-4.jpg",640,411,false]},"_links":{"self":[{"href":"https:\/\/balcilar-blog.com\/index.php?rest_route=\/wp\/v2\/posts\/18852","targetHints":{"allow":["GET"]}}],"collection":[{"href":"https:\/\/balcilar-blog.com\/index.php?rest_route=\/wp\/v2\/posts"}],"about":[{"href":"https:\/\/balcilar-blog.com\/index.php?rest_route=\/wp\/v2\/types\/post"}],"author":[{"embeddable":true,"href":"https:\/\/balcilar-blog.com\/index.php?rest_route=\/wp\/v2\/users\/3"}],"replies":[{"embeddable":true,"href":"https:\/\/balcilar-blog.com\/index.php?rest_route=%2Fwp%2Fv2%2Fcomments&post=18852"}],"version-history":[{"count":4,"href":"https:\/\/balcilar-blog.com\/index.php?rest_route=\/wp\/v2\/posts\/18852\/revisions"}],"predecessor-version":[{"id":18861,"href":"https:\/\/balcilar-blog.com\/index.php?rest_route=\/wp\/v2\/posts\/18852\/revisions\/18861"}],"wp:featuredmedia":[{"embeddable":true,"href":"https:\/\/balcilar-blog.com\/index.php?rest_route=\/wp\/v2\/media\/18857"}],"wp:attachment":[{"href":"https:\/\/balcilar-blog.com\/index.php?rest_route=%2Fwp%2Fv2%2Fmedia&parent=18852"}],"wp:term":[{"taxonomy":"category","embeddable":true,"href":"https:\/\/balcilar-blog.com\/index.php?rest_route=%2Fwp%2Fv2%2Fcategories&post=18852"},{"taxonomy":"post_tag","embeddable":true,"href":"https:\/\/balcilar-blog.com\/index.php?rest_route=%2Fwp%2Fv2%2Ftags&post=18852"}],"curies":[{"name":"wp","href":"https:\/\/api.w.org\/{rel}","templated":true}]}}