{"id":18829,"date":"2017-04-04T15:38:26","date_gmt":"2017-04-04T12:38:26","guid":{"rendered":"http:\/\/balcilar-blog.com\/?p=18829"},"modified":"2017-04-04T15:47:04","modified_gmt":"2017-04-04T12:47:04","slug":"icerde-28-bolumde-yine-zirvedeydi-celalden-kudrete-buyuk-tuzak","status":"publish","type":"post","link":"https:\/\/balcilar-blog.com\/?p=18829","title":{"rendered":"\u0130\u00e7erde 28.b\u00f6l\u00fcmde yine zirvedeydi. Celal&#8217;den Kudret&#8217;e b\u00fcy\u00fck tuzak!"},"content":{"rendered":"<p><img loading=\"lazy\" decoding=\"async\" class=\"alignnone size-full wp-image-18835\" src=\"http:\/\/balcilar-blog.com\/wp-content\/uploads\/2017\/04\/C8gbUTWXgAEs6wS-28.b\u00f6l\u00fcm.jpg\" alt=\"C8gbUTWXgAEs6wS 28.b\u00f6l\u00fcm\" width=\"640\" height=\"360\" srcset=\"https:\/\/balcilar-blog.com\/wp-content\/uploads\/2017\/04\/C8gbUTWXgAEs6wS-28.b\u00f6l\u00fcm.jpg 640w, https:\/\/balcilar-blog.com\/wp-content\/uploads\/2017\/04\/C8gbUTWXgAEs6wS-28.b\u00f6l\u00fcm-300x169.jpg 300w\" sizes=\"auto, (max-width: 640px) 100vw, 640px\" \/><\/p>\n<p><strong>\u0130\u00e7erde<\/strong> d\u00fcn ak\u015fam 28.b\u00f6l\u00fcm\u00fc ile <strong>Show Tv<\/strong> ekranlar\u0131ndayd\u0131. \u00d6nceki hafta ge\u00e7 yay\u0131na girmesi nedeniyle Total&#8217;de &#8220;K\u0131rg\u0131n \u00c7i\u00e7ekler&#8221; dizisi taraf\u0131ndan ge\u00e7ilmi\u015fti. Bu hafta da yeni askeri konulu dizilerin devreye girmesi ile i\u015fi zor gibi g\u00f6z\u00fck\u00fcyordu. Ama \u00f6yle olmad\u0131. \u0130\u00e7erde, yapaca\u011f\u0131n\u0131 yapt\u0131, onca kaliteli yap\u0131m aras\u0131ndan s\u0131yr\u0131ld\u0131 ve yine zirveye oturdu.<\/p>\n<p><strong>CELAL\u2019DEN KUDRET\u2019E B\u00dcY\u00dcK TUZAK!<\/strong><\/p>\n<p><strong>HANDAN, KUDRET\u2019\u0130N G\u00d6ZLER\u0130 \u00d6N\u00dcNDE \u00d6LD\u00dc!<\/strong><\/p>\n<p><strong>Ay Yap\u0131m<\/strong> imzal\u0131 \u2018\u0130\u00e7erde\u2019nin d\u00fcn ak\u015fam yay\u0131nlanan b\u00f6l\u00fcm\u00fcnde Celal\u2019in, o\u011flu Mustafa\u2019y\u0131 ka\u00e7\u0131ran Kudret\u2019e darbesi sert oldu. Celal\u2019in, Kudret\u2019in arabas\u0131na yerle\u015ftirtti\u011fi bomba, Handan i\u00e7indeyken patlad\u0131.<\/p>\n<p>Ekranlar\u0131n fenomen dizisi \u2018\u0130\u00e7erde\u2019nin d\u00fcn ak\u015fam ekranlara gelen b\u00f6l\u00fcm\u00fcn final sahnesinde Kudret, hayat\u0131n\u0131n en b\u00fcy\u00fck darbelerinden birini ald\u0131. Celal, o\u011flu Mustafa ve Melek\u2019i ka\u00e7\u0131ran, Mustafa\u2019n\u0131n hayat\u0131na kar\u015f\u0131l\u0131k da kendisinin polise teslim olmas\u0131n\u0131 isteyen Kudret\u2019e, Davut\u2019la birlikte b\u00fcy\u00fck bir tuzak kurdu. Davut, Handan\u2019\u0131n sa\u011f kolu Fulya\u2019y\u0131 kullanarak Kudret\u2019in arabas\u0131na bomba yerle\u015ftirtti. Bomban\u0131n, Handan araban\u0131n i\u00e7indeyken patlamas\u0131, Kudret\u2019i g\u00f6zya\u015flar\u0131na bo\u011fdu. \u201cK\u0131z\u0131m\u201d dedi\u011fi Handan\u2019\u0131 g\u00f6zleri \u00f6n\u00fcnde kaybeden Kudret\u2019in, Celal\u2019den nas\u0131l intikam alaca\u011f\u0131 b\u00fcy\u00fck bir merakla beklenecek.<\/p>\n<p><img loading=\"lazy\" decoding=\"async\" class=\"alignnone size-full wp-image-18846\" src=\"http:\/\/balcilar-blog.com\/wp-content\/uploads\/2017\/04\/\u0130\u00e7erde-8.jpg\" alt=\"\u0130\u00e7erde (8)\" width=\"640\" height=\"369\" srcset=\"https:\/\/balcilar-blog.com\/wp-content\/uploads\/2017\/04\/\u0130\u00e7erde-8.jpg 640w, https:\/\/balcilar-blog.com\/wp-content\/uploads\/2017\/04\/\u0130\u00e7erde-8-300x173.jpg 300w\" sizes=\"auto, (max-width: 640px) 100vw, 640px\" \/><\/p>\n<p>B\u00f6l\u00fcmde o\u011flu Mustafa\u2019y\u0131 kurtarmak i\u00e7in Yusuf M\u00fcd\u00fcr\u2019\u00fcn kar\u015f\u0131s\u0131na ge\u00e7en Celal de, omuz omuza veren Sarp ve Mert\u2019in, Mustafa\u2019y\u0131 kurtarmas\u0131yla beklenen itiraf\u0131 yapmaktan kurtuldu.<\/p>\n<p><img loading=\"lazy\" decoding=\"async\" class=\"alignnone size-full wp-image-18847\" src=\"http:\/\/balcilar-blog.com\/wp-content\/uploads\/2017\/04\/Ekran-Al\u0131nt\u0131s\u0131i\u00e7erde-28.bl_.jpg\" alt=\"Ekran Al\u0131nt\u0131s\u0131i\u00e7erde 28.bl\" width=\"640\" height=\"365\" srcset=\"https:\/\/balcilar-blog.com\/wp-content\/uploads\/2017\/04\/Ekran-Al\u0131nt\u0131s\u0131i\u00e7erde-28.bl_.jpg 640w, https:\/\/balcilar-blog.com\/wp-content\/uploads\/2017\/04\/Ekran-Al\u0131nt\u0131s\u0131i\u00e7erde-28.bl_-300x171.jpg 300w\" sizes=\"auto, (max-width: 640px) 100vw, 640px\" \/><\/p>\n<p>&nbsp;<\/p>\n<p><strong>ANA-O\u011eULUN DUYGU DOLU ANLARI!<\/strong><\/p>\n<p><img loading=\"lazy\" decoding=\"async\" class=\"alignnone size-full wp-image-18833\" src=\"http:\/\/balcilar-blog.com\/wp-content\/uploads\/2017\/04\/C8g1SqqXgAAa1LR.jpg\" alt=\"C8g1SqqXgAAa1LR\" width=\"640\" height=\"360\" srcset=\"https:\/\/balcilar-blog.com\/wp-content\/uploads\/2017\/04\/C8g1SqqXgAAa1LR.jpg 640w, https:\/\/balcilar-blog.com\/wp-content\/uploads\/2017\/04\/C8g1SqqXgAAa1LR-300x169.jpg 300w\" sizes=\"auto, (max-width: 640px) 100vw, 640px\" \/><\/p>\n<p>Annesi F\u00fcsun\u2019un, kendisiyle ilgili t\u00fcm ger\u00e7ekleri bildi\u011fini \u00f6\u011frenen Sarp ile annesinin duygu y\u00fckl\u00fc y\u00fczle\u015fmesi b\u00f6l\u00fcme damgas\u0131n\u0131 vurdu. Annesinden t\u00fcm ger\u00e7ekleri saklayarak hayat\u0131n\u0131n en b\u00fcy\u00fck s\u0131navlar\u0131ndan birini veren Sarp ile annesinin g\u00f6zya\u015flar\u0131 i\u00e7inde birbirlerine sar\u0131ld\u0131klar\u0131 an ekran ba\u015f\u0131ndakileri de g\u00f6zya\u015flar\u0131na bo\u011fdu.<\/p>\n<p><img loading=\"lazy\" decoding=\"async\" class=\"alignnone size-medium wp-image-18832\" src=\"http:\/\/balcilar-blog.com\/wp-content\/uploads\/2017\/04\/C8g1SqfWsAANHjU-300x169.jpg\" alt=\"C8g1SqfWsAANHjU\" width=\"300\" height=\"169\" srcset=\"https:\/\/balcilar-blog.com\/wp-content\/uploads\/2017\/04\/C8g1SqfWsAANHjU-300x169.jpg 300w, https:\/\/balcilar-blog.com\/wp-content\/uploads\/2017\/04\/C8g1SqfWsAANHjU.jpg 640w\" sizes=\"auto, (max-width: 300px) 100vw, 300px\" \/>\u00a0<img loading=\"lazy\" decoding=\"async\" class=\"alignnone size-medium wp-image-18834\" src=\"http:\/\/balcilar-blog.com\/wp-content\/uploads\/2017\/04\/C8g2ojTW0AIOMDn-300x248.jpg\" alt=\"C8g2ojTW0AIOMDn\" width=\"300\" height=\"248\" srcset=\"https:\/\/balcilar-blog.com\/wp-content\/uploads\/2017\/04\/C8g2ojTW0AIOMDn-300x248.jpg 300w, https:\/\/balcilar-blog.com\/wp-content\/uploads\/2017\/04\/C8g2ojTW0AIOMDn.jpg 581w\" sizes=\"auto, (max-width: 300px) 100vw, 300px\" \/><\/p>\n<p>Ana-o\u011fulun sokak ortas\u0131nda sar\u0131l\u0131p a\u011fla\u015fmalar\u0131 g\u00f6r\u00fclmeye de\u011ferdi.<\/p>\n<p><img loading=\"lazy\" decoding=\"async\" class=\"alignnone size-full wp-image-18850\" src=\"http:\/\/balcilar-blog.com\/wp-content\/uploads\/2017\/04\/C8gNZwJU0AAQkg-.jpg\" alt=\"C8gNZwJU0AAQkg-\" width=\"640\" height=\"360\" srcset=\"https:\/\/balcilar-blog.com\/wp-content\/uploads\/2017\/04\/C8gNZwJU0AAQkg-.jpg 640w, https:\/\/balcilar-blog.com\/wp-content\/uploads\/2017\/04\/C8gNZwJU0AAQkg--300x169.jpg 300w\" sizes=\"auto, (max-width: 640px) 100vw, 640px\" \/><\/p>\n<p>&nbsp;<\/p>\n<p><strong>T\u00dcM KATEGOR\u0130LERDE B\u0130R\u0130NC\u0130!<\/strong><\/p>\n<p><img loading=\"lazy\" decoding=\"async\" class=\"alignnone size-full wp-image-18837\" src=\"http:\/\/balcilar-blog.com\/wp-content\/uploads\/2017\/04\/C8jdcgUXoAA1E3z.jpg\" alt=\"C8jdcgUXoAA1E3z\" width=\"508\" height=\"480\" srcset=\"https:\/\/balcilar-blog.com\/wp-content\/uploads\/2017\/04\/C8jdcgUXoAA1E3z.jpg 508w, https:\/\/balcilar-blog.com\/wp-content\/uploads\/2017\/04\/C8jdcgUXoAA1E3z-300x283.jpg 300w\" sizes=\"auto, (max-width: 508px) 100vw, 508px\" \/><\/p>\n<p>Yap\u0131mc\u0131l\u0131\u011f\u0131n\u0131 Ay Yap\u0131m\u2019\u0131n \u00fcstlendi\u011fi, ba\u015frollerinde \u00c7a\u011fatay Ulusoy, Aras Bulut \u0130ynemli, \u00c7etin Tekindor, U\u011fur Y\u00fccel, Bensu Soral, Damla Colbay, Mustafa U\u011furlu, R\u0131za Kocao\u011flu, Nihal Kolda\u015f, G\u00f6zde Kansu ve Y\u0131ld\u0131ray \u015eahinler&#8217;in yer ald\u0131\u011f\u0131 Show TV&#8217;nin fenomen dizisi &#8220;\u0130\u00e7erde&#8221;nin d\u00fcn ak\u015fam ekrana gelen b\u00f6l\u00fcm\u00fc <strong>AB\u2019de 11,10<\/strong> izlenme oran\u0131 (rating), <strong>23,69<\/strong> izlenme pay\u0131 (share), ABC1 20+&#8217;da<strong> 10,57<\/strong> izlenme oran\u0131 (rating), <strong>22,18<\/strong> izlenme pay\u0131 (share), Total\u2019de ise <strong>8,51<\/strong> izlenme oran\u0131 (rating), <strong>18,67<\/strong> izlenme pay\u0131 (share) ile birincili\u011fi g\u00f6\u011f\u00fcsledi. \u0130\u00e7erde, d\u00fcn ak\u015fam ekrana gelen heyecan dolu yeni b\u00f6l\u00fcm\u00fcnde #<strong>filminsonu<\/strong> etiketi ile <strong>26.025<\/strong> tweet at\u0131ld\u0131. <strong>Twitter&#8217;\u0131n T\u00fcrkiye g\u00fcndeminde 15 saat, D\u00fcnyada ise 4 saat 5 dakika TT listesinde kald\u0131.<\/strong><\/p>\n<p>&nbsp;<\/p>\n<p><strong>G\u00d6BE\u011e\u0130M\u0130Z B\u0130R M\u0130 KES\u0130LD\u0130!<\/strong><\/p>\n<p>Sarp ile Mert&#8217;in yolda \u00e7arp\u0131\u015fma sahnesi \u00e7ok enteresand\u0131. Sarp ile Mert ellerindeki cep telefonu bakarken omuz omuza \u00e7arp\u0131\u015f\u0131rlar.<\/p>\n<p><img loading=\"lazy\" decoding=\"async\" class=\"alignnone size-full wp-image-18830\" src=\"http:\/\/balcilar-blog.com\/wp-content\/uploads\/2017\/04\/Ekran-Al\u0131nt\u0131s\u0131-SARP-MERT.jpg\" alt=\"Ekran Al\u0131nt\u0131s\u0131 SARP-MERT\" width=\"640\" height=\"352\" srcset=\"https:\/\/balcilar-blog.com\/wp-content\/uploads\/2017\/04\/Ekran-Al\u0131nt\u0131s\u0131-SARP-MERT.jpg 640w, https:\/\/balcilar-blog.com\/wp-content\/uploads\/2017\/04\/Ekran-Al\u0131nt\u0131s\u0131-SARP-MERT-300x165.jpg 300w\" sizes=\"auto, (max-width: 640px) 100vw, 640px\" \/><\/p>\n<p>Mert; <strong>Pardon birader. <\/strong><\/p>\n<p>Sarp; <strong>Yok art\u0131k ya&#8230; <\/strong><\/p>\n<p>Mert; <strong>Harbiden yok art\u0131k len. Ne i\u015fin var lan senin burda&#8230; <\/strong><\/p>\n<p>Sarp;<strong> Hangi k\u00f6\u015feyi d\u00f6nsem kar\u015f\u0131ma \u00e7\u0131k\u0131yorsun, g\u00f6be\u011fimiz bir mi kesildi.<\/strong><\/p>\n<p>&nbsp;<\/p>\n<p><strong>Yeni b\u00f6l\u00fcmde Celal\u2019in hayat\u0131 tehlikede!<\/strong><\/p>\n<p><img loading=\"lazy\" decoding=\"async\" class=\"alignnone size-full wp-image-18845\" src=\"http:\/\/balcilar-blog.com\/wp-content\/uploads\/2017\/04\/\u0130\u00e7erde-5.jpg\" alt=\"\u0130\u00e7erde (5)\" width=\"640\" height=\"331\" srcset=\"https:\/\/balcilar-blog.com\/wp-content\/uploads\/2017\/04\/\u0130\u00e7erde-5.jpg 640w, https:\/\/balcilar-blog.com\/wp-content\/uploads\/2017\/04\/\u0130\u00e7erde-5-300x155.jpg 300w\" sizes=\"auto, (max-width: 640px) 100vw, 640px\" \/><\/p>\n<p>Yeni b\u00f6l\u00fcmden ekrana gelen sahnede ameliyatta olan Celal\u2019in hayat\u0131n\u0131n tehlikede olmas\u0131 ak\u0131llarda b\u00fcy\u00fck bir soru i\u015fareti yarat\u0131rken, Co\u015fkun\u2019un da geri d\u00f6nmesi heyecan\u0131 doruk noktas\u0131na ta\u015f\u0131yacak.<\/p>\n<p><strong>\u0130\u015fte, yeni b\u00f6l\u00fcmden ilk sahne:<\/strong><\/p>\n<p><iframe loading=\"lazy\" title=\"I\u0307c\u0327erde 29. Bo\u0308lu\u0308m - Sneak Peek\" width=\"640\" height=\"360\" src=\"https:\/\/www.youtube.com\/embed\/7hiFVSJR2OA?feature=oembed\" frameborder=\"0\" allow=\"accelerometer; autoplay; clipboard-write; encrypted-media; gyroscope; picture-in-picture; web-share\" referrerpolicy=\"strict-origin-when-cross-origin\" allowfullscreen><\/iframe><\/p>\n<p><strong>\u2018\u0130\u00e7erde\u2019nin merakla beklenen yeni b\u00f6l\u00fcm\u00fc 10 Nisan Pazartesi saat 20:00\u2019da Show TV\u2019de ekranlara gelecek.<\/strong><\/p>\n<p>&nbsp;<\/p>\n<p><strong>\u0130\u00e7erde<\/strong>, ba\u015flad\u0131\u011f\u0131 ilk g\u00fcnden bu yana, \u00e7ok be\u011fenildi. Gerek konusu, gerek oyuncu kadrosu, gerekse anlat\u0131m\u0131 ile bu zirveyi hak etti.<\/p>\n<p><img loading=\"lazy\" decoding=\"async\" class=\"alignnone size-full wp-image-18842\" src=\"http:\/\/balcilar-blog.com\/wp-content\/uploads\/2017\/04\/\u0130\u00e7erde-2.jpg\" alt=\"\u0130\u00e7erde (2)\" width=\"640\" height=\"399\" srcset=\"https:\/\/balcilar-blog.com\/wp-content\/uploads\/2017\/04\/\u0130\u00e7erde-2.jpg 640w, https:\/\/balcilar-blog.com\/wp-content\/uploads\/2017\/04\/\u0130\u00e7erde-2-300x187.jpg 300w\" sizes=\"auto, (max-width: 640px) 100vw, 640px\" \/><\/p>\n<p><strong>\u00c7a\u011fatay Ulusoy<\/strong> ile <strong>Aras Bulut \u0130ynemli<\/strong> \u00e7ok da ba\u015far\u0131l\u0131 bir ikili oldular. Hen\u00fcz karde\u015f olduklar\u0131n\u0131 bilmiyorlar. Finale 10 b\u00f6l\u00fcm kald\u0131. En az\u0131ndan son 3-4 b\u00f6l\u00fcm karde\u015f olduklar\u0131 ortaya \u00e7\u0131ks\u0131n ve Organizede karde\u015f olduklar\u0131n\u0131 bilerek, birlikte \u00e7al\u0131\u015fmalar\u0131n\u0131 g\u00f6rmek isterim. \u00c7ok daha keyifli b\u00f6l\u00fcmler ortaya \u00e7\u0131kacakt\u0131r.<\/p>\n<p><strong>\u00c7A\u011eATAY ULUSOY SEVG\u0130S\u0130!<\/strong><\/p>\n<p>\u00c7a\u011fatay Ulusoy&#8217;un gerek Yurti\u00e7i, gerekse Yurtd\u0131\u015f\u0131nda olmak \u00fczere 1,5 milyon \u00fcst\u00fcnde takip\u00e7isi mevcuttur. Yurtd\u0131\u015f\u0131 takip\u00e7ileri \u00e7ok daha fanatik. Benim Twitter takip\u00e7ilerimin b\u00fcy\u00fck \u00e7o\u011funlu\u011fu da yurt d\u0131\u015f\u0131ndan. Bir \u00c7a\u011fatay seveni, Twitter sayfas\u0131ndan \u015fu yaz\u0131y\u0131 yazarak payla\u015fm\u0131\u015f. \u00c7ok da g\u00f6n\u00fclden yaz\u0131lm\u0131\u015f bir yaz\u0131&#8230;<\/p>\n<p><img loading=\"lazy\" decoding=\"async\" class=\"alignnone size-full wp-image-18838\" src=\"http:\/\/balcilar-blog.com\/wp-content\/uploads\/2017\/04\/C8kBh5XWAAEt3w_.jpg\" alt=\"C8kBh5XWAAEt3w_\" width=\"480\" height=\"611\" srcset=\"https:\/\/balcilar-blog.com\/wp-content\/uploads\/2017\/04\/C8kBh5XWAAEt3w_.jpg 480w, https:\/\/balcilar-blog.com\/wp-content\/uploads\/2017\/04\/C8kBh5XWAAEt3w_-236x300.jpg 236w\" sizes=\"auto, (max-width: 480px) 100vw, 480px\" \/><\/p>\n<p><img loading=\"lazy\" decoding=\"async\" class=\"alignnone size-full wp-image-18831\" src=\"http:\/\/balcilar-blog.com\/wp-content\/uploads\/2017\/04\/C7uujqZXkAEbc_l.jpg\" alt=\"C7uujqZXkAEbc_l\" width=\"480\" height=\"480\" srcset=\"https:\/\/balcilar-blog.com\/wp-content\/uploads\/2017\/04\/C7uujqZXkAEbc_l.jpg 480w, https:\/\/balcilar-blog.com\/wp-content\/uploads\/2017\/04\/C7uujqZXkAEbc_l-150x150.jpg 150w, https:\/\/balcilar-blog.com\/wp-content\/uploads\/2017\/04\/C7uujqZXkAEbc_l-300x300.jpg 300w\" sizes=\"auto, (max-width: 480px) 100vw, 480px\" \/><\/p>\n<p><strong>\u00c7a\u011fatay Ulusoy<\/strong>, \u0130\u00e7erde ile oyunculukta son noktaya geldi. Hep merak etmi\u015ftim. Bu dizide \u00e7ok farkl\u0131 bir rolde yer al\u0131yordu. Bu kadar usta, duayenlerin aras\u0131nda \u00e7ok amat\u00f6r kal\u0131r diye d\u00fc\u015f\u00fcn\u00fcyordum. Hi\u00e7 de \u00f6yle olmad\u0131, \u00fcst\u00fcn performans\u0131 ile ben de var\u0131m dedi. Bak\u0131n bir Twitter takip\u00e7imin yazd\u0131klar\u0131n\u0131 aynen payla\u015f\u0131yorum. \u00c7a\u011fatay Ulusoy&#8217;un oyunculuk ba\u015far\u0131s\u0131n\u0131 \u00e7ok da g\u00fczel \u00f6zetlemi\u015f.<\/p>\n<p>&#8220;Ad\u0131n\u0131 feriha koydum zaman\u0131nda yak\u0131\u015f\u0131kl\u0131l\u0131\u011f\u0131yla dikkatimi \u00e7ekmi\u015fti, adam g\u00fczel! (\u00fcnlem \u00f6nemli) Ama \u00e7a\u011fatay sadece yak\u0131\u015f\u0131kl\u0131l\u0131\u011f\u0131na g\u00fcvenmeyip \u00e7ok \u00e7ok ilerletti kendini. \u00c7o\u011fu projesini takip ettim bir tek i\u015f yo\u011funlu\u011fumdan ve televizyon izleyemedi\u011fimden dolay\u0131 son i\u015fini takip etmiyorum, az \u00f6nce d\u00fcn ak\u015fam yay\u0131nlanan b\u00f6l\u00fcmdeki bir sahnesini izledim ve buraya geldim. Bravo \u00c7a\u011fatay. yak\u0131\u015f\u0131kl\u0131l\u0131\u011f\u0131na g\u00fcvenmeyip \u00e7al\u0131\u015ft\u0131\u011f\u0131n i\u00e7in, kendi kendini e\u011fitti\u011fin i\u00e7in ve medyan\u0131n t\u00fcm a\u015fa\u011f\u0131ya \u00e7ekme \u00e7abalar\u0131na ra\u011fmen b\u00fct\u00fcn bunlar\u0131 yapabildi\u011fin i\u00e7in bravo. yolun \u00e7ok a\u00e7\u0131k olsun.&#8221;<\/p>\n<p>Ben de \u00c7a\u011fatay Ulusoy&#8217;un bu g\u00fcne kadarki b\u00fct\u00fcn dizilerini (Ad\u0131n\u0131 Feriha Koydum &#8211; Emir&#8217;in Yolu &#8211; Medcezir &#8211; <strong>\u0130\u00c7ERDE<\/strong>) ve sinema filmlerini (Anadolu Kartallar\u0131 &#8211; \u00a0Delibal) izleyen biri olarak, takdir ediyor, ba\u015far\u0131lar\u0131n\u0131n devam\u0131n\u0131 diliyorum, yolun a\u00e7\u0131k olsun \u00c7a\u011fatay.<\/p>\n<p><strong>Ay Yap\u0131m<\/strong> ve t\u00fcm<strong> \u0130\u00e7erde<\/strong> oyuncular\u0131 ve de ekibini kutluyorum.<\/p>\n<p>&nbsp;<\/p>\n<p>Sayg\u0131lar ve sevgiler.<\/p>\n<p>Abdurrahman Balc\u0131lar<\/p>\n<p>Twitter:\u00a0<a href=\"https:\/\/twitter.com\/abbalcilar\">abdurrahman balc\u0131lar<\/a><a href=\"https:\/\/twitter.com\/abbalcilar\"><strong>@abbalcilar<\/strong><\/a><\/p>\n<p>Mail :\u00a0<a href=\"mailto:ab.balcilar@hotmail.com\">ab.balcilar@hotmail.com<\/a><\/p>\n<p>Blog:\u00a0<a href=\"http:\/\/t.co\/znqmIZgIqn\">blog.milliyet.com.tr\/cansever<\/a><\/p>\n<p>Blog:\u00a0<strong>balcilar-blog.com<\/strong><\/p>\n","protected":false},"excerpt":{"rendered":"<p>\u0130\u00e7erde d\u00fcn ak\u015fam 28.b\u00f6l\u00fcm\u00fc ile Show Tv ekranlar\u0131ndayd\u0131. \u00d6nceki hafta ge\u00e7 yay\u0131na girmesi nedeniyle Total&#8217;de &#8220;K\u0131rg\u0131n \u00c7i\u00e7ekler&#8221; dizisi taraf\u0131ndan ge\u00e7ilmi\u015fti. Bu hafta da yeni askeri konulu dizilerin devreye girmesi ile i\u015fi zor gibi g\u00f6z\u00fck\u00fcyordu. Ama \u00f6yle olmad\u0131. \u0130\u00e7erde, yapaca\u011f\u0131n\u0131 yapt\u0131, onca kaliteli yap\u0131m aras\u0131ndan s\u0131yr\u0131ld\u0131 ve yine zirveye oturdu. CELAL\u2019DEN KUDRET\u2019E B\u00dcY\u00dcK TUZAK! HANDAN, KUDRET\u2019\u0130N [&hellip;]<\/p>\n","protected":false},"author":3,"featured_media":18835,"comment_status":"open","ping_status":"open","sticky":false,"template":"","format":"standard","meta":{"footnotes":""},"categories":[2],"tags":[42,110,533,26,15,693,752,1219,16,902,35],"class_list":["post-18829","post","type-post","status-publish","format-standard","has-post-thumbnail","hentry","category-tv-programlari","tag-adini-feriha-koydum","tag-anadolu-kartallari","tag-aras-bulut-iynemli","tag-ay-yapim","tag-cagatay-ulusoy","tag-cetin-tekindor","tag-delibal","tag-icerde","tag-medcezir","tag-mustafa-ugurlu","tag-show-tv"],"views":2948,"blog_post_layout_featured_media_urls":{"thumbnail":["https:\/\/balcilar-blog.com\/wp-content\/uploads\/2017\/04\/C8gbUTWXgAEs6wS-28.b\u00f6l\u00fcm-150x150.jpg",150,150,true],"full":["https:\/\/balcilar-blog.com\/wp-content\/uploads\/2017\/04\/C8gbUTWXgAEs6wS-28.b\u00f6l\u00fcm.jpg",640,360,false]},"categories_names":{"2":{"name":"TV Programlar\u0131","link":"https:\/\/balcilar-blog.com\/?cat=2"}},"tags_names":{"42":{"name":"Ad\u0131n\u0131 Feriha Koydum","link":"https:\/\/balcilar-blog.com\/?tag=adini-feriha-koydum"},"110":{"name":"Anadolu Kartallar\u0131","link":"https:\/\/balcilar-blog.com\/?tag=anadolu-kartallari"},"533":{"name":"Aras Bulut \u0130ynemli","link":"https:\/\/balcilar-blog.com\/?tag=aras-bulut-iynemli"},"26":{"name":"Ay Yap\u0131m","link":"https:\/\/balcilar-blog.com\/?tag=ay-yapim"},"15":{"name":"\u00e7a\u011fatay ulusoy","link":"https:\/\/balcilar-blog.com\/?tag=cagatay-ulusoy"},"693":{"name":"\u00c7etin Tekindor","link":"https:\/\/balcilar-blog.com\/?tag=cetin-tekindor"},"752":{"name":"Delibal","link":"https:\/\/balcilar-blog.com\/?tag=delibal"},"1219":{"name":"\u0130\u00c7ERDE","link":"https:\/\/balcilar-blog.com\/?tag=icerde"},"16":{"name":"medcezir","link":"https:\/\/balcilar-blog.com\/?tag=medcezir"},"902":{"name":"Mustafa U\u011furlu","link":"https:\/\/balcilar-blog.com\/?tag=mustafa-ugurlu"},"35":{"name":"Show Tv","link":"https:\/\/balcilar-blog.com\/?tag=show-tv"}},"comments_number":"0","wpmagazine_modules_lite_featured_media_urls":{"thumbnail":["https:\/\/balcilar-blog.com\/wp-content\/uploads\/2017\/04\/C8gbUTWXgAEs6wS-28.b\u00f6l\u00fcm-150x150.jpg",150,150,true],"cvmm-medium":["https:\/\/balcilar-blog.com\/wp-content\/uploads\/2017\/04\/C8gbUTWXgAEs6wS-28.b\u00f6l\u00fcm.jpg",300,169,false],"cvmm-medium-plus":["https:\/\/balcilar-blog.com\/wp-content\/uploads\/2017\/04\/C8gbUTWXgAEs6wS-28.b\u00f6l\u00fcm.jpg",305,172,false],"cvmm-portrait":["https:\/\/balcilar-blog.com\/wp-content\/uploads\/2017\/04\/C8gbUTWXgAEs6wS-28.b\u00f6l\u00fcm.jpg",400,225,false],"cvmm-medium-square":["https:\/\/balcilar-blog.com\/wp-content\/uploads\/2017\/04\/C8gbUTWXgAEs6wS-28.b\u00f6l\u00fcm.jpg",600,338,false],"cvmm-large":["https:\/\/balcilar-blog.com\/wp-content\/uploads\/2017\/04\/C8gbUTWXgAEs6wS-28.b\u00f6l\u00fcm.jpg",640,360,false],"cvmm-small":["https:\/\/balcilar-blog.com\/wp-content\/uploads\/2017\/04\/C8gbUTWXgAEs6wS-28.b\u00f6l\u00fcm.jpg",130,73,false],"full":["https:\/\/balcilar-blog.com\/wp-content\/uploads\/2017\/04\/C8gbUTWXgAEs6wS-28.b\u00f6l\u00fcm.jpg",640,360,false]},"_links":{"self":[{"href":"https:\/\/balcilar-blog.com\/index.php?rest_route=\/wp\/v2\/posts\/18829","targetHints":{"allow":["GET"]}}],"collection":[{"href":"https:\/\/balcilar-blog.com\/index.php?rest_route=\/wp\/v2\/posts"}],"about":[{"href":"https:\/\/balcilar-blog.com\/index.php?rest_route=\/wp\/v2\/types\/post"}],"author":[{"embeddable":true,"href":"https:\/\/balcilar-blog.com\/index.php?rest_route=\/wp\/v2\/users\/3"}],"replies":[{"embeddable":true,"href":"https:\/\/balcilar-blog.com\/index.php?rest_route=%2Fwp%2Fv2%2Fcomments&post=18829"}],"version-history":[{"count":3,"href":"https:\/\/balcilar-blog.com\/index.php?rest_route=\/wp\/v2\/posts\/18829\/revisions"}],"predecessor-version":[{"id":18851,"href":"https:\/\/balcilar-blog.com\/index.php?rest_route=\/wp\/v2\/posts\/18829\/revisions\/18851"}],"wp:featuredmedia":[{"embeddable":true,"href":"https:\/\/balcilar-blog.com\/index.php?rest_route=\/wp\/v2\/media\/18835"}],"wp:attachment":[{"href":"https:\/\/balcilar-blog.com\/index.php?rest_route=%2Fwp%2Fv2%2Fmedia&parent=18829"}],"wp:term":[{"taxonomy":"category","embeddable":true,"href":"https:\/\/balcilar-blog.com\/index.php?rest_route=%2Fwp%2Fv2%2Fcategories&post=18829"},{"taxonomy":"post_tag","embeddable":true,"href":"https:\/\/balcilar-blog.com\/index.php?rest_route=%2Fwp%2Fv2%2Ftags&post=18829"}],"curies":[{"name":"wp","href":"https:\/\/api.w.org\/{rel}","templated":true}]}}