{"id":18819,"date":"2017-04-04T11:30:27","date_gmt":"2017-04-04T08:30:27","guid":{"rendered":"http:\/\/balcilar-blog.com\/?p=18819"},"modified":"2017-04-04T11:38:28","modified_gmt":"2017-04-04T08:38:28","slug":"bu-sehir-arkandan-gelecek-cannesda","status":"publish","type":"post","link":"https:\/\/balcilar-blog.com\/?p=18819","title":{"rendered":"&#8216;Bu \u015eehir Arkandan Gelecek&#8217; Cannes&#8217;da!"},"content":{"rendered":"<div tabindex=\"-1\">\n<div tabindex=\"-1\">\n<div tabindex=\"0\">\n<div class=\"_rp_75\" tabindex=\"-1\">\n<div class=\"_rp_K4 ms-border-color-neutralLight ShowReferenceAttachmentsLinks ShowConsesusSchedulingLink\" tabindex=\"-1\">\n<div class=\"_rp_W4\">\n<div>\n<div id=\"Item.MessagePartBody\" class=\"_rp_M4\">\n<div id=\"Item.MessageUniqueBody\" class=\"_rp_N4 ms-font-weight-regular ms-font-color-neutralDark rpHighlightAllClass rpHighlightBodyClass\" tabindex=\"0\">\n<div class=\"rps_6ebd\">\n<div dir=\"ltr\">\n<p><img loading=\"lazy\" decoding=\"async\" class=\"alignnone size-full wp-image-18820\" src=\"http:\/\/balcilar-blog.com\/wp-content\/uploads\/2017\/04\/B\u015eAG-Cannes-7.jpg\" alt=\"B\u015eAG Cannes (7)\" width=\"640\" height=\"427\" srcset=\"https:\/\/balcilar-blog.com\/wp-content\/uploads\/2017\/04\/B\u015eAG-Cannes-7.jpg 640w, https:\/\/balcilar-blog.com\/wp-content\/uploads\/2017\/04\/B\u015eAG-Cannes-7-300x200.jpg 300w\" sizes=\"auto, (max-width: 640px) 100vw, 640px\" \/><\/p>\n<p><strong>Ay Yap\u0131m<\/strong> imzal\u0131 \u2018<strong>Bu \u015eehir Arkandan Gelecek<\/strong>\u2019 dizisinin ba\u015frol oyuncular\u0131 <strong>Kerem B\u00fcrsin<\/strong> ve <strong>Leyla Lydia Tu\u011futlu<\/strong>, 100\u2019\u00fc a\u015fk\u0131n \u00fclkenin kat\u0131ld\u0131\u011f\u0131, d\u00fcnyan\u0131n en prestijli televizyon fuarlar\u0131ndan <strong>M\u0130PTV 2017<\/strong> i\u00e7in <strong>Cannes<\/strong>\u2019dayd\u0131.<\/p>\n<p>\u2018Bu \u015eehir Arkandan Gelecek\u2019 dizisinin ba\u015frol oyuncular\u0131 Kerem B\u00fcrsin ve Leyla Lydia Tu\u011futlu, uluslararas\u0131 televizyon sekt\u00f6r\u00fcn\u00fcn kalbi olarak adland\u0131r\u0131lan televizyon fuar\u0131 M\u0130PTV 2017 i\u00e7in Cannes\u2019a u\u00e7tu. Dizinin b\u00fcy\u00fck be\u011feni toplayan \u00e7ifti, Cannes\u2019da yabanc\u0131 bas\u0131n\u0131n yo\u011fun ilgisiyle kar\u015f\u0131la\u015ft\u0131.<\/p>\n<p>D\u00fcnya televizyon end\u00fcstrisinin vitrini olarak adland\u0131r\u0131lan fuar alan\u0131nda uluslararas\u0131 bas\u0131nla bulu\u015fan Kerem B\u00fcrsin ve Leyla Lydia Tu\u011futlu, r\u00f6portajlar\u0131n ard\u0131ndan birlikte objektiflerin kar\u015f\u0131s\u0131na ge\u00e7ti. Sempatik tav\u0131rlar\u0131yla dikkat \u00e7eken ikiliye yabanc\u0131 bas\u0131n b\u00fcy\u00fck ilgi g\u00f6sterdi.<\/p>\n<p>Leyla Lydia Tu\u011futlu bas\u0131n mensuplar\u0131na tek ba\u015f\u0131na poz verdi.<\/p>\n<p><img loading=\"lazy\" decoding=\"async\" class=\"alignnone size-full wp-image-18823\" src=\"http:\/\/balcilar-blog.com\/wp-content\/uploads\/2017\/04\/B\u015eAG-Cannes-4.jpg\" alt=\"B\u015eAG Cannes (4)\" width=\"640\" height=\"427\" srcset=\"https:\/\/balcilar-blog.com\/wp-content\/uploads\/2017\/04\/B\u015eAG-Cannes-4.jpg 640w, https:\/\/balcilar-blog.com\/wp-content\/uploads\/2017\/04\/B\u015eAG-Cannes-4-300x200.jpg 300w\" sizes=\"auto, (max-width: 640px) 100vw, 640px\" \/><\/p>\n<p><img loading=\"lazy\" decoding=\"async\" class=\"alignnone size-full wp-image-18822\" src=\"http:\/\/balcilar-blog.com\/wp-content\/uploads\/2017\/04\/B\u015eAG-Cannes-3.jpg\" alt=\"B\u015eAG Cannes (3)\" width=\"480\" height=\"527\" srcset=\"https:\/\/balcilar-blog.com\/wp-content\/uploads\/2017\/04\/B\u015eAG-Cannes-3.jpg 480w, https:\/\/balcilar-blog.com\/wp-content\/uploads\/2017\/04\/B\u015eAG-Cannes-3-273x300.jpg 273w\" sizes=\"auto, (max-width: 480px) 100vw, 480px\" \/><\/p>\n<p>Daha sonra Kerem B\u00fcrsin objektiflerin kar\u015f\u0131s\u0131na ge\u00e7ti.<\/p>\n<p><img loading=\"lazy\" decoding=\"async\" class=\"alignnone size-full wp-image-18825\" src=\"http:\/\/balcilar-blog.com\/wp-content\/uploads\/2017\/04\/B\u015eAG-Cannes-6.jpg\" alt=\"B\u015eAG Cannes (6)\" width=\"640\" height=\"427\" srcset=\"https:\/\/balcilar-blog.com\/wp-content\/uploads\/2017\/04\/B\u015eAG-Cannes-6.jpg 640w, https:\/\/balcilar-blog.com\/wp-content\/uploads\/2017\/04\/B\u015eAG-Cannes-6-300x200.jpg 300w\" sizes=\"auto, (max-width: 640px) 100vw, 640px\" \/><\/p>\n<p><img loading=\"lazy\" decoding=\"async\" class=\"alignnone size-full wp-image-18824\" src=\"http:\/\/balcilar-blog.com\/wp-content\/uploads\/2017\/04\/B\u015eAG-Cannes-5.jpg\" alt=\"B\u015eAG Cannes (5)\" width=\"640\" height=\"406\" srcset=\"https:\/\/balcilar-blog.com\/wp-content\/uploads\/2017\/04\/B\u015eAG-Cannes-5.jpg 640w, https:\/\/balcilar-blog.com\/wp-content\/uploads\/2017\/04\/B\u015eAG-Cannes-5-300x190.jpg 300w\" sizes=\"auto, (max-width: 640px) 100vw, 640px\" \/><\/p>\n<p>Sonra oyuncular\u0131m\u0131z birlikte poz verdiler.<\/p>\n<p><img loading=\"lazy\" decoding=\"async\" class=\"alignnone size-full wp-image-18821\" src=\"http:\/\/balcilar-blog.com\/wp-content\/uploads\/2017\/04\/B\u015eAG-Cannes-1.jpg\" alt=\"B\u015eAG Cannes (1)\" width=\"510\" height=\"480\" srcset=\"https:\/\/balcilar-blog.com\/wp-content\/uploads\/2017\/04\/B\u015eAG-Cannes-1.jpg 510w, https:\/\/balcilar-blog.com\/wp-content\/uploads\/2017\/04\/B\u015eAG-Cannes-1-300x282.jpg 300w\" sizes=\"auto, (max-width: 510px) 100vw, 510px\" \/><\/p>\n<p>\u2018Bu \u015eehir Arkandan Gelecek\u2019in heyecan dolu yeni 14.b\u00f6l\u00fcm\u00fc bu hafta (4 Nisan 2017 &#8211; \u00c7ar\u015famba) yay\u0131nlanm\u0131yor.<\/p>\n<p>12 Nisan \u00c7ar\u015famba ak\u015fam\u0131 saat 20:00\u2019da Atv\u2019de ekrana gelecek.<\/p>\n<p>Sayg\u0131lar ve sevgiler.<\/p>\n<p>Abdurrahman Balc\u0131lar<\/p>\n<p>Twitter:\u00a0<a href=\"https:\/\/twitter.com\/abbalcilar\">abdurrahman balc\u0131lar<\/a><a href=\"https:\/\/twitter.com\/abbalcilar\"><strong>@abbalcilar<\/strong><\/a><\/p>\n<p>Mail :\u00a0<a href=\"mailto:ab.balcilar@hotmail.com\">ab.balcilar@hotmail.com<\/a><\/p>\n<p>Blog:\u00a0<a href=\"http:\/\/t.co\/znqmIZgIqn\">blog.milliyet.com.tr\/cansever<\/a><\/p>\n<p>Blog:\u00a0<strong>balcilar-blog.com<\/strong><\/p>\n<p class=\"x_MsoNormal\" align=\"center\"><b>\u00a0<\/b><\/p>\n<p class=\"x_MsoNormal\" align=\"center\">\n<\/div>\n<\/div>\n<\/div>\n<\/div>\n<\/div>\n<div class=\"_rp_R4\"><\/div>\n<\/div>\n<\/div>\n<\/div>\n<\/div>\n<\/div>\n<div class=\"_rp_f\" tabindex=\"-1\">\n<div class=\"_qc_F ms-bg-color-white _qc_G\">\n<hr class=\"_qc_B\" \/>\n<div class=\"_qc_y ms-border-color-neutralLight _qc_z\" tabindex=\"-1\"><\/div>\n<\/div>\n<\/div>\n<\/div>\n","protected":false},"excerpt":{"rendered":"<p>Ay Yap\u0131m imzal\u0131 \u2018Bu \u015eehir Arkandan Gelecek\u2019 dizisinin ba\u015frol oyuncular\u0131 Kerem B\u00fcrsin ve Leyla Lydia Tu\u011futlu, 100\u2019\u00fc a\u015fk\u0131n \u00fclkenin kat\u0131ld\u0131\u011f\u0131, d\u00fcnyan\u0131n en prestijli televizyon fuarlar\u0131ndan M\u0130PTV 2017 i\u00e7in Cannes\u2019dayd\u0131. \u2018Bu \u015eehir Arkandan Gelecek\u2019 dizisinin ba\u015frol oyuncular\u0131 Kerem B\u00fcrsin ve Leyla Lydia Tu\u011futlu, uluslararas\u0131 televizyon sekt\u00f6r\u00fcn\u00fcn kalbi olarak adland\u0131r\u0131lan televizyon fuar\u0131 M\u0130PTV 2017 i\u00e7in Cannes\u2019a u\u00e7tu. [&hellip;]<\/p>\n","protected":false},"author":3,"featured_media":18820,"comment_status":"open","ping_status":"open","sticky":false,"template":"","format":"standard","meta":{"footnotes":""},"categories":[2],"tags":[26,1289,856,673,745,1419],"class_list":["post-18819","post","type-post","status-publish","format-standard","has-post-thumbnail","hentry","category-tv-programlari","tag-ay-yapim","tag-bu-sehir-arkandan-gelecek","tag-cannes","tag-kerem-bursin","tag-leyla-lydia-tugutlu","tag-miptv-2017"],"views":2917,"blog_post_layout_featured_media_urls":{"thumbnail":["https:\/\/balcilar-blog.com\/wp-content\/uploads\/2017\/04\/B\u015eAG-Cannes-7-150x150.jpg",150,150,true],"full":["https:\/\/balcilar-blog.com\/wp-content\/uploads\/2017\/04\/B\u015eAG-Cannes-7.jpg",640,427,false]},"categories_names":{"2":{"name":"TV Programlar\u0131","link":"https:\/\/balcilar-blog.com\/?cat=2"}},"tags_names":{"26":{"name":"Ay Yap\u0131m","link":"https:\/\/balcilar-blog.com\/?tag=ay-yapim"},"1289":{"name":"Bu \u015eehir Arkandan Gelecek","link":"https:\/\/balcilar-blog.com\/?tag=bu-sehir-arkandan-gelecek"},"856":{"name":"Cannes","link":"https:\/\/balcilar-blog.com\/?tag=cannes"},"673":{"name":"Kerem Bursin","link":"https:\/\/balcilar-blog.com\/?tag=kerem-bursin"},"745":{"name":"Leyla Lydia Tu\u011futlu","link":"https:\/\/balcilar-blog.com\/?tag=leyla-lydia-tugutlu"},"1419":{"name":"M\u0130PTV 2017","link":"https:\/\/balcilar-blog.com\/?tag=miptv-2017"}},"comments_number":"0","wpmagazine_modules_lite_featured_media_urls":{"thumbnail":["https:\/\/balcilar-blog.com\/wp-content\/uploads\/2017\/04\/B\u015eAG-Cannes-7-150x150.jpg",150,150,true],"cvmm-medium":["https:\/\/balcilar-blog.com\/wp-content\/uploads\/2017\/04\/B\u015eAG-Cannes-7.jpg",300,200,false],"cvmm-medium-plus":["https:\/\/balcilar-blog.com\/wp-content\/uploads\/2017\/04\/B\u015eAG-Cannes-7.jpg",305,203,false],"cvmm-portrait":["https:\/\/balcilar-blog.com\/wp-content\/uploads\/2017\/04\/B\u015eAG-Cannes-7.jpg",400,267,false],"cvmm-medium-square":["https:\/\/balcilar-blog.com\/wp-content\/uploads\/2017\/04\/B\u015eAG-Cannes-7.jpg",600,400,false],"cvmm-large":["https:\/\/balcilar-blog.com\/wp-content\/uploads\/2017\/04\/B\u015eAG-Cannes-7.jpg",640,427,false],"cvmm-small":["https:\/\/balcilar-blog.com\/wp-content\/uploads\/2017\/04\/B\u015eAG-Cannes-7.jpg",130,87,false],"full":["https:\/\/balcilar-blog.com\/wp-content\/uploads\/2017\/04\/B\u015eAG-Cannes-7.jpg",640,427,false]},"_links":{"self":[{"href":"https:\/\/balcilar-blog.com\/index.php?rest_route=\/wp\/v2\/posts\/18819","targetHints":{"allow":["GET"]}}],"collection":[{"href":"https:\/\/balcilar-blog.com\/index.php?rest_route=\/wp\/v2\/posts"}],"about":[{"href":"https:\/\/balcilar-blog.com\/index.php?rest_route=\/wp\/v2\/types\/post"}],"author":[{"embeddable":true,"href":"https:\/\/balcilar-blog.com\/index.php?rest_route=\/wp\/v2\/users\/3"}],"replies":[{"embeddable":true,"href":"https:\/\/balcilar-blog.com\/index.php?rest_route=%2Fwp%2Fv2%2Fcomments&post=18819"}],"version-history":[{"count":3,"href":"https:\/\/balcilar-blog.com\/index.php?rest_route=\/wp\/v2\/posts\/18819\/revisions"}],"predecessor-version":[{"id":18828,"href":"https:\/\/balcilar-blog.com\/index.php?rest_route=\/wp\/v2\/posts\/18819\/revisions\/18828"}],"wp:featuredmedia":[{"embeddable":true,"href":"https:\/\/balcilar-blog.com\/index.php?rest_route=\/wp\/v2\/media\/18820"}],"wp:attachment":[{"href":"https:\/\/balcilar-blog.com\/index.php?rest_route=%2Fwp%2Fv2%2Fmedia&parent=18819"}],"wp:term":[{"taxonomy":"category","embeddable":true,"href":"https:\/\/balcilar-blog.com\/index.php?rest_route=%2Fwp%2Fv2%2Fcategories&post=18819"},{"taxonomy":"post_tag","embeddable":true,"href":"https:\/\/balcilar-blog.com\/index.php?rest_route=%2Fwp%2Fv2%2Ftags&post=18819"}],"curies":[{"name":"wp","href":"https:\/\/api.w.org\/{rel}","templated":true}]}}