{"id":18741,"date":"2017-03-30T16:00:37","date_gmt":"2017-03-30T13:00:37","guid":{"rendered":"http:\/\/balcilar-blog.com\/?p=18741"},"modified":"2017-03-30T16:16:52","modified_gmt":"2017-03-30T13:16:52","slug":"bu-sehir-arkandan-gelecek-aliden-beklenmeyen-karar","status":"publish","type":"post","link":"https:\/\/balcilar-blog.com\/?p=18741","title":{"rendered":"Bu \u015eehir Arkandan Gelecek \/ Ali&#8217;den beklenmeyen karar!"},"content":{"rendered":"<div tabindex=\"-1\">\n<div tabindex=\"-1\">\n<div tabindex=\"0\">\n<div class=\"_rp_75\" tabindex=\"-1\">\n<div class=\"_rp_K4 ms-border-color-neutralLight ShowConsesusSchedulingLink ShowReferenceAttachmentsLinks\" tabindex=\"-1\">\n<div class=\"_rp_W4\">\n<div>\n<div id=\"Item.MessagePartBody\" class=\"_rp_M4\"><\/div>\n<div class=\"_pe_d _pe_12\" tabindex=\"-1\"><img loading=\"lazy\" decoding=\"async\" class=\"alignnone size-full wp-image-18742\" src=\"http:\/\/balcilar-blog.com\/wp-content\/uploads\/2017\/03\/13-1.jpg\" alt=\"13-1\" width=\"640\" height=\"427\" srcset=\"https:\/\/balcilar-blog.com\/wp-content\/uploads\/2017\/03\/13-1.jpg 640w, https:\/\/balcilar-blog.com\/wp-content\/uploads\/2017\/03\/13-1-300x200.jpg 300w\" sizes=\"auto, (max-width: 640px) 100vw, 640px\" \/><\/div>\n<div class=\"_pe_d _pe_12\" tabindex=\"-1\"><\/div>\n<div class=\"_pe_d _pe_12\" tabindex=\"-1\"><strong>Ay Yap\u0131m<\/strong> imzal\u0131 \u2018<strong>Bu \u015eehir Arkandan Gelecek<\/strong>\u2019in d\u00fcn ak\u015fam ekranlara gelen b\u00f6l\u00fcm\u00fcne Ali\u2019nin ald\u0131\u011f\u0131 \u015fa\u015f\u0131rt\u0131c\u0131 karar damga vurdu.<\/div>\n<div class=\"_pe_d _pe_12\" tabindex=\"-1\"><\/div>\n<div class=\"_pe_d _pe_12\" tabindex=\"-1\">Ali, do\u011facak \u00e7ocu\u011funa daha iyi bir hayat verebilmek i\u00e7in babas\u0131n\u0131n d\u00fc\u015fman\u0131 olmas\u0131na ra\u011fmen \u00fcnl\u00fc boks menajerinin k\u0131z\u0131yla \u00e7al\u0131\u015fmay\u0131 kabul etti.<\/div>\n<div class=\"_pe_d _pe_12\" tabindex=\"-1\">\n<p><strong>Kerem B\u00fcrsin<\/strong>, <strong>Leyla Lydia Tu\u011futlu<\/strong> ve <strong>G\u00fcrkan Uygun<\/strong>\u2019un rol ald\u0131\u011f\u0131 \u2018Bu \u015eehir Arkandan Gelecek\u2019in d\u00fcn ak\u015fam yay\u0131nlanan b\u00f6l\u00fcm\u00fcnde Ali, onunla \u00e7al\u0131\u015fmak isteyen \u00fcnl\u00fc boks menajeri Aydemir Atay\u2019\u0131n (Koray \u015eahinba\u015f) k\u0131z\u0131 G\u00fclce\u2019nin (Elif Atakan) teklifini kabul etti.<\/p>\n<\/div>\n<div class=\"_pe_d _pe_12\" tabindex=\"-1\">\u00a0Ali\u2019nin, babas\u0131 \u015eahin ile Aydemir Atay\u2019\u0131n aras\u0131nda ge\u00e7mi\u015ften bir husumet oldu\u011funu bilmesine ra\u011fmen ailesine iyi bir ya\u015fam sunabilmek i\u00e7in b\u00f6yle bir ad\u0131m atmas\u0131 herkesi hayal k\u0131r\u0131kl\u0131\u011f\u0131na u\u011fratt\u0131. B\u00f6l\u00fcm\u00fcn final sahnesinde \u015eahin\u2019in, bu karar kar\u015f\u0131s\u0131nda \u201cBen yokum art\u0131k\u201d diyerek Ali\u2019ye s\u0131rt\u0131n\u0131 d\u00f6nmesi ekran ba\u015f\u0131ndakileri \u015foke etti.<\/div>\n<div class=\"_pe_d _pe_12\" tabindex=\"-1\"><\/div>\n<div class=\"_pe_d _pe_12\" tabindex=\"-1\"><strong>Ali\u2019den beklenen evlenme teklifi geldi!<\/strong><\/div>\n<div class=\"_pe_d _pe_12\" tabindex=\"-1\"><\/div>\n<div class=\"_pe_d _pe_12\" tabindex=\"-1\"><img loading=\"lazy\" decoding=\"async\" class=\"alignnone size-full wp-image-18743\" src=\"http:\/\/balcilar-blog.com\/wp-content\/uploads\/2017\/03\/13-2.jpg\" alt=\"13-2\" width=\"640\" height=\"427\" srcset=\"https:\/\/balcilar-blog.com\/wp-content\/uploads\/2017\/03\/13-2.jpg 640w, https:\/\/balcilar-blog.com\/wp-content\/uploads\/2017\/03\/13-2-300x200.jpg 300w\" sizes=\"auto, (max-width: 640px) 100vw, 640px\" \/><\/div>\n<div class=\"_pe_d _pe_12\" tabindex=\"-1\"><\/div>\n<div class=\"_pe_d _pe_12\" tabindex=\"-1\">Derin\u2019le bir aile kurmak isteyen Ali, bu yolda ilk ad\u0131m\u0131 atarak Derin\u2019e evlenme teklifi etti. Ancak Ali\u2019nin bu teklifi, Derin\u2019in g\u00f6zya\u015flar\u0131yla yar\u0131da kald\u0131.<\/div>\n<div class=\"_pe_d _pe_12\" tabindex=\"-1\"><\/div>\n<div class=\"_pe_d _pe_12\" tabindex=\"-1\"><img loading=\"lazy\" decoding=\"async\" class=\"alignnone size-full wp-image-18746\" src=\"http:\/\/balcilar-blog.com\/wp-content\/uploads\/2017\/03\/13-5.jpg\" alt=\"13-5\" width=\"640\" height=\"427\" srcset=\"https:\/\/balcilar-blog.com\/wp-content\/uploads\/2017\/03\/13-5.jpg 640w, https:\/\/balcilar-blog.com\/wp-content\/uploads\/2017\/03\/13-5-300x200.jpg 300w\" sizes=\"auto, (max-width: 640px) 100vw, 640px\" \/><\/div>\n<div class=\"_pe_d _pe_12\" tabindex=\"-1\">\n<p>En yak\u0131n dostu Asl\u0131\u2019n\u0131n sinir krizi ge\u00e7irerek hastaneye kald\u0131r\u0131lmas\u0131 kar\u015f\u0131s\u0131nda y\u0131k\u0131lan Derin, Ali\u2019yle evlenmeyi \u00e7ok istese de bu teklifi kabul etmedi. \u00c2\u015f\u0131klar, Asl\u0131 d\u00fczelene kadar evlilik konusunu rafa kald\u0131rmaya karar verdiler.<\/p>\n<\/div>\n<div class=\"_pe_d _pe_12\" tabindex=\"-1\"><img loading=\"lazy\" decoding=\"async\" class=\"alignnone size-full wp-image-18744\" src=\"http:\/\/balcilar-blog.com\/wp-content\/uploads\/2017\/03\/13-3.jpg\" alt=\"13-3\" width=\"640\" height=\"360\" srcset=\"https:\/\/balcilar-blog.com\/wp-content\/uploads\/2017\/03\/13-3.jpg 640w, https:\/\/balcilar-blog.com\/wp-content\/uploads\/2017\/03\/13-3-300x169.jpg 300w\" sizes=\"auto, (max-width: 640px) 100vw, 640px\" \/><\/div>\n<div class=\"_pe_d _pe_12\" tabindex=\"-1\">\n<p class=\"x_MsoNormal\" align=\"center\">\u0130\u015fte, Ali\u2019nin Derin\u2019e evlenme teklifi etti\u011fi o sahne:<\/p>\n<p class=\"x_MsoNormal\" align=\"center\"><a href=\"https:\/\/www.youtube.com\/watch?v=QbtnRsJ20OQ\" target=\"_blank\">https:\/\/www.youtube.com\/watch?v=QbtnRsJ20OQ<\/a><\/p>\n<p><strong>Tekin\u2019den b\u00fcy\u00fck tuzak!<\/strong><\/p>\n<p>Derin\u2019le evlenmeyi kafas\u0131na koyan Yi\u011fit (Ali Y\u00f6ren\u00e7), az\u0131l\u0131 katil Seyit\u2019i ka\u00e7\u0131rarak Derin\u2019in babas\u0131 Tekin Mirkelamo\u011flu\u2019na (Burak Tamdo\u011fan) \u015fantaj yapt\u0131. Tekin&#8217;den, k\u0131z Derin ile evlenmek ve ayn\u0131 zamanda \u015firketinden de hisse isteyen Yi\u011fit kar\u015f\u0131l\u0131\u011f\u0131nda Seyit&#8217;i etkisiz hale getirece\u011fini s\u00f6yledi.<\/p>\n<\/div>\n<div class=\"_pe_d _pe_12\" tabindex=\"-1\"><img loading=\"lazy\" decoding=\"async\" class=\"alignnone size-full wp-image-18745\" src=\"http:\/\/balcilar-blog.com\/wp-content\/uploads\/2017\/03\/13-4.jpg\" alt=\"13-4\" width=\"640\" height=\"427\" srcset=\"https:\/\/balcilar-blog.com\/wp-content\/uploads\/2017\/03\/13-4.jpg 640w, https:\/\/balcilar-blog.com\/wp-content\/uploads\/2017\/03\/13-4-300x200.jpg 300w\" sizes=\"auto, (max-width: 640px) 100vw, 640px\" \/><\/div>\n<div class=\"_pe_d _pe_12\" tabindex=\"-1\"><\/div>\n<div class=\"_pe_d _pe_12\" tabindex=\"-1\">\n<p>Tekin&#8217;e \u015fantaj yapan Yi\u011fit, hi\u00e7 beklemedi\u011fi bir \u015fekilde cevap ald\u0131. Otomobilinin bagaj\u0131nda Seyit\u2019in cesedini bulan Yi\u011fit, hayat\u0131n\u0131n en b\u00fcy\u00fck \u015fokunu ya\u015fad\u0131.<\/p>\n<p>\u2018Bu \u015eehir Arkandan Gelecek\u2019in soluksuz izlenecek yeni b\u00f6l\u00fcm\u00fcnde Ali\u2019nin karar\u0131 dengeleri nas\u0131l de\u011fi\u015ftirecek?, \u015eahin, o\u011flu Ali\u2019yi affedebilecek mi? gibi sorular yan\u0131t bulacak.<\/p>\n<\/div>\n<div class=\"_pe_d _pe_12\" tabindex=\"-1\">\n<p>Sayg\u0131lar ve sevgiler.Abdurrahman Balc\u0131lar<\/p>\n<p>Twitter:\u00a0<a href=\"https:\/\/twitter.com\/abbalcilar\">abdurrahman balc\u0131lar<\/a><a href=\"https:\/\/twitter.com\/abbalcilar\"><strong>@abbalcilar<\/strong><\/a><\/p>\n<p>Mail :\u00a0<a href=\"mailto:ab.balcilar@hotmail.com\">ab.balcilar@hotmail.com<\/a><\/p>\n<p>Blog:\u00a0<a href=\"http:\/\/t.co\/znqmIZgIqn\">blog.milliyet.com.tr\/cansever<\/a><\/p>\n<p>Blog:\u00a0<strong>balcilar-blog.com<\/strong><\/p>\n<p>Not: Kaynak haber ve g\u00f6rseller Persona Bas\u0131n B\u00fclteni.<\/p>\n<\/div>\n<div class=\"_pe_d _pe_12\" tabindex=\"-1\"><\/div>\n<\/div>\n<div class=\"_rp_R4\"><\/div>\n<\/div>\n<\/div>\n<\/div>\n<\/div>\n<\/div>\n<div class=\"_rp_f\" tabindex=\"-1\">\n<div class=\"_qc_F ms-bg-color-white _qc_G\">\n<hr class=\"_qc_B\" \/>\n<div class=\"_qc_y ms-border-color-neutralLight _qc_z\" tabindex=\"-1\"><\/div>\n<\/div>\n<\/div>\n<\/div>\n","protected":false},"excerpt":{"rendered":"<p>Ay Yap\u0131m imzal\u0131 \u2018Bu \u015eehir Arkandan Gelecek\u2019in d\u00fcn ak\u015fam ekranlara gelen b\u00f6l\u00fcm\u00fcne Ali\u2019nin ald\u0131\u011f\u0131 \u015fa\u015f\u0131rt\u0131c\u0131 karar damga vurdu. Ali, do\u011facak \u00e7ocu\u011funa daha iyi bir hayat verebilmek i\u00e7in babas\u0131n\u0131n d\u00fc\u015fman\u0131 olmas\u0131na ra\u011fmen \u00fcnl\u00fc boks menajerinin k\u0131z\u0131yla \u00e7al\u0131\u015fmay\u0131 kabul etti. Kerem B\u00fcrsin, Leyla Lydia Tu\u011futlu ve G\u00fcrkan Uygun\u2019un rol ald\u0131\u011f\u0131 \u2018Bu \u015eehir Arkandan Gelecek\u2019in d\u00fcn ak\u015fam yay\u0131nlanan [&hellip;]<\/p>\n","protected":false},"author":3,"featured_media":18742,"comment_status":"open","ping_status":"open","sticky":false,"template":"","format":"standard","meta":{"footnotes":""},"categories":[2],"tags":[48,26,1289,1312,673,745],"class_list":["post-18741","post","type-post","status-publish","format-standard","has-post-thumbnail","hentry","category-tv-programlari","tag-atv","tag-ay-yapim","tag-bu-sehir-arkandan-gelecek","tag-gurkan-uygun","tag-kerem-bursin","tag-leyla-lydia-tugutlu"],"views":3238,"blog_post_layout_featured_media_urls":{"thumbnail":["https:\/\/balcilar-blog.com\/wp-content\/uploads\/2017\/03\/13-1-150x150.jpg",150,150,true],"full":["https:\/\/balcilar-blog.com\/wp-content\/uploads\/2017\/03\/13-1.jpg",640,427,false]},"categories_names":{"2":{"name":"TV Programlar\u0131","link":"https:\/\/balcilar-blog.com\/?cat=2"}},"tags_names":{"48":{"name":"ATV","link":"https:\/\/balcilar-blog.com\/?tag=atv"},"26":{"name":"Ay Yap\u0131m","link":"https:\/\/balcilar-blog.com\/?tag=ay-yapim"},"1289":{"name":"Bu \u015eehir Arkandan Gelecek","link":"https:\/\/balcilar-blog.com\/?tag=bu-sehir-arkandan-gelecek"},"1312":{"name":"G\u00fcrkan Uygun","link":"https:\/\/balcilar-blog.com\/?tag=gurkan-uygun"},"673":{"name":"Kerem Bursin","link":"https:\/\/balcilar-blog.com\/?tag=kerem-bursin"},"745":{"name":"Leyla Lydia Tu\u011futlu","link":"https:\/\/balcilar-blog.com\/?tag=leyla-lydia-tugutlu"}},"comments_number":"0","wpmagazine_modules_lite_featured_media_urls":{"thumbnail":["https:\/\/balcilar-blog.com\/wp-content\/uploads\/2017\/03\/13-1-150x150.jpg",150,150,true],"cvmm-medium":["https:\/\/balcilar-blog.com\/wp-content\/uploads\/2017\/03\/13-1.jpg",300,200,false],"cvmm-medium-plus":["https:\/\/balcilar-blog.com\/wp-content\/uploads\/2017\/03\/13-1.jpg",305,203,false],"cvmm-portrait":["https:\/\/balcilar-blog.com\/wp-content\/uploads\/2017\/03\/13-1.jpg",400,267,false],"cvmm-medium-square":["https:\/\/balcilar-blog.com\/wp-content\/uploads\/2017\/03\/13-1.jpg",600,400,false],"cvmm-large":["https:\/\/balcilar-blog.com\/wp-content\/uploads\/2017\/03\/13-1.jpg",640,427,false],"cvmm-small":["https:\/\/balcilar-blog.com\/wp-content\/uploads\/2017\/03\/13-1.jpg",130,87,false],"full":["https:\/\/balcilar-blog.com\/wp-content\/uploads\/2017\/03\/13-1.jpg",640,427,false]},"_links":{"self":[{"href":"https:\/\/balcilar-blog.com\/index.php?rest_route=\/wp\/v2\/posts\/18741","targetHints":{"allow":["GET"]}}],"collection":[{"href":"https:\/\/balcilar-blog.com\/index.php?rest_route=\/wp\/v2\/posts"}],"about":[{"href":"https:\/\/balcilar-blog.com\/index.php?rest_route=\/wp\/v2\/types\/post"}],"author":[{"embeddable":true,"href":"https:\/\/balcilar-blog.com\/index.php?rest_route=\/wp\/v2\/users\/3"}],"replies":[{"embeddable":true,"href":"https:\/\/balcilar-blog.com\/index.php?rest_route=%2Fwp%2Fv2%2Fcomments&post=18741"}],"version-history":[{"count":4,"href":"https:\/\/balcilar-blog.com\/index.php?rest_route=\/wp\/v2\/posts\/18741\/revisions"}],"predecessor-version":[{"id":18750,"href":"https:\/\/balcilar-blog.com\/index.php?rest_route=\/wp\/v2\/posts\/18741\/revisions\/18750"}],"wp:featuredmedia":[{"embeddable":true,"href":"https:\/\/balcilar-blog.com\/index.php?rest_route=\/wp\/v2\/media\/18742"}],"wp:attachment":[{"href":"https:\/\/balcilar-blog.com\/index.php?rest_route=%2Fwp%2Fv2%2Fmedia&parent=18741"}],"wp:term":[{"taxonomy":"category","embeddable":true,"href":"https:\/\/balcilar-blog.com\/index.php?rest_route=%2Fwp%2Fv2%2Fcategories&post=18741"},{"taxonomy":"post_tag","embeddable":true,"href":"https:\/\/balcilar-blog.com\/index.php?rest_route=%2Fwp%2Fv2%2Ftags&post=18741"}],"curies":[{"name":"wp","href":"https:\/\/api.w.org\/{rel}","templated":true}]}}