{"id":18662,"date":"2017-03-26T13:49:52","date_gmt":"2017-03-26T10:49:52","guid":{"rendered":"http:\/\/balcilar-blog.com\/?p=18662"},"modified":"2017-03-26T14:25:25","modified_gmt":"2017-03-26T11:25:25","slug":"dunyanin-en-guzel-100-kadini-arasinda-bes-turk-var","status":"publish","type":"post","link":"https:\/\/balcilar-blog.com\/?p=18662","title":{"rendered":"D\u00fcnyan\u0131n &#8220;En G\u00fczel 100 Kad\u0131n\u0131&#8221; aras\u0131nda be\u015f T\u00fcrk var!"},"content":{"rendered":"<p><img loading=\"lazy\" decoding=\"async\" class=\"alignnone size-full wp-image-18672\" src=\"http:\/\/balcilar-blog.com\/wp-content\/uploads\/2017\/03\/en-g\u00fczel-100-kad\u0131n.jpg\" alt=\"en g\u00fczel 100 kad\u0131n\" width=\"640\" height=\"419\" srcset=\"https:\/\/balcilar-blog.com\/wp-content\/uploads\/2017\/03\/en-g\u00fczel-100-kad\u0131n.jpg 640w, https:\/\/balcilar-blog.com\/wp-content\/uploads\/2017\/03\/en-g\u00fczel-100-kad\u0131n-300x196.jpg 300w\" sizes=\"auto, (max-width: 640px) 100vw, 640px\" \/><\/p>\n<p>Amerika merkezli internet sitesi &#8220;<strong>Top Beauty World<\/strong>&#8221; 2016 y\u0131l\u0131n\u0131n &#8216;<strong>En G\u00fczel 100 Kad\u0131n\u0131<\/strong>&#8216;n\u0131 se\u00e7mi\u015f.<\/p>\n<p>Listede 5 T\u00fcrk isim de yer al\u0131yor. <strong>Tuba B\u00fcy\u00fck\u00fcst\u00fcn<\/strong> 17&#8217;inci se\u00e7ili\u015f. <strong>Meryem Uzerli<\/strong> 40&#8217;\u0131nc\u0131 olmu\u015f. <strong>Hazal Kaya<\/strong> 80&#8217;inci olmu\u015f. G\u00fczel oyuncumuz <strong>Fahriye Evcen<\/strong>, 84. se\u00e7ilmi\u015f ve <strong>Serenay Sar\u0131kaya<\/strong> listenin 88&#8217;inci s\u0131ras\u0131nda yer alm\u0131\u015ft\u0131r.<\/p>\n<p>Tuba B\u00fcy\u00fck\u00fcst\u00fcn b\u00f6ylelikle d\u00fcnyaca \u00fcnl\u00fc model <strong>Cara Delevingre<\/strong> ile Hollywood y\u0131ld\u0131z\u0131 <strong>Emma Stone<\/strong>\u2019u geride b\u0131rakm\u0131\u015f oldu.<\/p>\n<p>&nbsp;<\/p>\n<p>\u0130\u015fte <strong>birinci s\u0131rada<\/strong>ki D\u00fcnya&#8217;n\u0131n En G\u00fczel Kad\u0131n\u0131 Amerikal\u0131 oyuncu, <strong>Alexandra Daddario<\/strong> :<\/p>\n<p><img loading=\"lazy\" decoding=\"async\" class=\"alignnone size-full wp-image-18668\" src=\"http:\/\/balcilar-blog.com\/wp-content\/uploads\/2017\/03\/1.-Alexandra-Daddario.jpg\" alt=\"1. Alexandra Daddario\" width=\"515\" height=\"480\" srcset=\"https:\/\/balcilar-blog.com\/wp-content\/uploads\/2017\/03\/1.-Alexandra-Daddario.jpg 515w, https:\/\/balcilar-blog.com\/wp-content\/uploads\/2017\/03\/1.-Alexandra-Daddario-300x280.jpg 300w\" sizes=\"auto, (max-width: 515px) 100vw, 515px\" \/><\/p>\n<p>&nbsp;<\/p>\n<p><strong>2.s\u0131rada<\/strong>ki En G\u00fczel kad\u0131n, Manken <strong>Miranda Kerr<\/strong> :<\/p>\n<p><img loading=\"lazy\" decoding=\"async\" class=\"alignnone size-full wp-image-18669\" src=\"http:\/\/balcilar-blog.com\/wp-content\/uploads\/2017\/03\/2.Miranda-Kerr.jpg\" alt=\"2.Miranda Kerr\" width=\"640\" height=\"426\" srcset=\"https:\/\/balcilar-blog.com\/wp-content\/uploads\/2017\/03\/2.Miranda-Kerr.jpg 640w, https:\/\/balcilar-blog.com\/wp-content\/uploads\/2017\/03\/2.Miranda-Kerr-300x200.jpg 300w\" sizes=\"auto, (max-width: 640px) 100vw, 640px\" \/><\/p>\n<p>&nbsp;<\/p>\n<p><strong>3.S\u0131rada<\/strong>ki En G\u00fczel de, Manken <strong>Gigi Hadid<\/strong> olmu\u015ftur.<\/p>\n<p><img loading=\"lazy\" decoding=\"async\" class=\"alignnone size-full wp-image-18670\" src=\"http:\/\/balcilar-blog.com\/wp-content\/uploads\/2017\/03\/3.g\u00fczel-Gigi-Hadid.jpg\" alt=\"3.g\u00fczel Gigi Hadid\" width=\"480\" height=\"629\" srcset=\"https:\/\/balcilar-blog.com\/wp-content\/uploads\/2017\/03\/3.g\u00fczel-Gigi-Hadid.jpg 480w, https:\/\/balcilar-blog.com\/wp-content\/uploads\/2017\/03\/3.g\u00fczel-Gigi-Hadid-229x300.jpg 229w\" sizes=\"auto, (max-width: 480px) 100vw, 480px\" \/><\/p>\n<p>&nbsp;<\/p>\n<p><strong>17.S\u0131rada<\/strong>, Cesur ve G\u00fczel dizisindeki &#8216;S\u00fchan&#8217; karakterine hayat veren <strong>Tuba B\u00fcyt\u00fcks\u00fct\u00fcn<\/strong> :<\/p>\n<p><img loading=\"lazy\" decoding=\"async\" class=\"alignnone size-full wp-image-18663\" src=\"http:\/\/balcilar-blog.com\/wp-content\/uploads\/2017\/03\/58d4a44e7af5071eb48d8c47.jpg\" alt=\"58d4a44e7af5071eb48d8c47\" width=\"442\" height=\"640\" srcset=\"https:\/\/balcilar-blog.com\/wp-content\/uploads\/2017\/03\/58d4a44e7af5071eb48d8c47.jpg 442w, https:\/\/balcilar-blog.com\/wp-content\/uploads\/2017\/03\/58d4a44e7af5071eb48d8c47-207x300.jpg 207w\" sizes=\"auto, (max-width: 442px) 100vw, 442px\" \/><\/p>\n<p>&nbsp;<\/p>\n<p><strong>40. S\u0131rada<\/strong>, Muhte\u015fem Y\u00fczy\u0131l dizisindeki &#8216;H\u00fcrrem Sultan&#8217; karakteri ile \u015f\u00f6hreti yakalayan <strong>Meryem Uzerli<\/strong> yer al\u0131yor.<\/p>\n<p><img loading=\"lazy\" decoding=\"async\" class=\"alignnone size-full wp-image-18664\" src=\"http:\/\/balcilar-blog.com\/wp-content\/uploads\/2017\/03\/58d4a44e7af5071eb48d8c48.jpg\" alt=\"58d4a44e7af5071eb48d8c48\" width=\"640\" height=\"399\" srcset=\"https:\/\/balcilar-blog.com\/wp-content\/uploads\/2017\/03\/58d4a44e7af5071eb48d8c48.jpg 640w, https:\/\/balcilar-blog.com\/wp-content\/uploads\/2017\/03\/58d4a44e7af5071eb48d8c48-300x187.jpg 300w\" sizes=\"auto, (max-width: 640px) 100vw, 640px\" \/><\/p>\n<p>&nbsp;<\/p>\n<p><strong>80.S\u0131rada<\/strong>, <strong>Ad\u0131n\u0131 Feriha Koydum<\/strong> dizisindeki &#8216;Feriha&#8217; karakteri ile ad\u0131n\u0131 d\u00fcnyaya duyuran <strong>Hazal Kaya<\/strong> yer alm\u0131\u015f.<\/p>\n<p><img loading=\"lazy\" decoding=\"async\" class=\"alignnone size-full wp-image-18666\" src=\"http:\/\/balcilar-blog.com\/wp-content\/uploads\/2017\/03\/58d4a4587af5071eb48d8c52.jpg\" alt=\"58d4a4587af5071eb48d8c52\" width=\"640\" height=\"437\" srcset=\"https:\/\/balcilar-blog.com\/wp-content\/uploads\/2017\/03\/58d4a4587af5071eb48d8c52.jpg 640w, https:\/\/balcilar-blog.com\/wp-content\/uploads\/2017\/03\/58d4a4587af5071eb48d8c52-300x205.jpg 300w\" sizes=\"auto, (max-width: 640px) 100vw, 640px\" \/><\/p>\n<p>&nbsp;<\/p>\n<p><strong>84.S\u0131rada<\/strong>, \u00c7al\u0131ku\u015fu dizisindeki &#8216;Feride&#8217; karakteri ile \u015f\u00f6hreti yakalayan ve \u015fu g\u00fcnlerde \u00d6lene Kadar dizisinde &#8216;Selvi&#8217; karakterini oynayan <strong>Fahriye Evcen<\/strong> yer al\u0131yor.<\/p>\n<p><img loading=\"lazy\" decoding=\"async\" class=\"alignnone size-full wp-image-18665\" src=\"http:\/\/balcilar-blog.com\/wp-content\/uploads\/2017\/03\/58d4a4587af5071eb48d8c50.jpg\" alt=\"58d4a4587af5071eb48d8c50\" width=\"640\" height=\"480\" srcset=\"https:\/\/balcilar-blog.com\/wp-content\/uploads\/2017\/03\/58d4a4587af5071eb48d8c50.jpg 640w, https:\/\/balcilar-blog.com\/wp-content\/uploads\/2017\/03\/58d4a4587af5071eb48d8c50-300x225.jpg 300w\" sizes=\"auto, (max-width: 640px) 100vw, 640px\" \/><\/p>\n<p>&nbsp;<\/p>\n<p><strong>88.S\u0131rada<\/strong>, 2013-2015 y\u0131llar\u0131 aras\u0131nda Medcezir dizisindeki &#8216;Mira Beylice&#8217; karakteri ile ad\u0131ndan s\u00f6z ettiren <strong>Serenay Sar\u0131kaya<\/strong> yer alm\u0131\u015ft\u0131r.<\/p>\n<p><img loading=\"lazy\" decoding=\"async\" class=\"alignnone size-full wp-image-18667\" src=\"http:\/\/balcilar-blog.com\/wp-content\/uploads\/2017\/03\/58d4a44e7af5071eb48d8c45.jpg\" alt=\"58d4a44e7af5071eb48d8c45\" width=\"480\" height=\"505\" srcset=\"https:\/\/balcilar-blog.com\/wp-content\/uploads\/2017\/03\/58d4a44e7af5071eb48d8c45.jpg 480w, https:\/\/balcilar-blog.com\/wp-content\/uploads\/2017\/03\/58d4a44e7af5071eb48d8c45-285x300.jpg 285w\" sizes=\"auto, (max-width: 480px) 100vw, 480px\" \/><\/p>\n<p>&nbsp;<\/p>\n<p>Dar\u0131s\u0131 di\u011fer g\u00fczellerimizin ba\u015f\u0131na. 2017&#8217;de daha \u00e7ok g\u00fczelimizin ilk 100 s\u0131ralamas\u0131nda yer almas\u0131 dileklerimle&#8230;<\/p>\n<p>&nbsp;<\/p>\n<p>Sayg\u0131lar ve sevgiler.<\/p>\n<p>Abdurrahman Balc\u0131lar<\/p>\n<p>Twitter:\u00a0<a href=\"https:\/\/twitter.com\/abbalcilar\">abdurrahman balc\u0131lar<\/a><a href=\"https:\/\/twitter.com\/abbalcilar\"><strong>@abbalcilar<\/strong><\/a><\/p>\n<p>Mail :\u00a0<a href=\"mailto:ab.balcilar@hotmail.com\">ab.balcilar@hotmail.com<\/a><\/p>\n<p>Blog:\u00a0<a href=\"http:\/\/t.co\/znqmIZgIqn\">blog.milliyet.com.tr\/cansever<\/a><\/p>\n<p>Blog:\u00a0<strong>balcilar-blog.com<\/strong><\/p>\n<p>&nbsp;<\/p>\n<p>&nbsp;<\/p>\n","protected":false},"excerpt":{"rendered":"<p>Amerika merkezli internet sitesi &#8220;Top Beauty World&#8221; 2016 y\u0131l\u0131n\u0131n &#8216;En G\u00fczel 100 Kad\u0131n\u0131&#8216;n\u0131 se\u00e7mi\u015f. Listede 5 T\u00fcrk isim de yer al\u0131yor. Tuba B\u00fcy\u00fck\u00fcst\u00fcn 17&#8217;inci se\u00e7ili\u015f. Meryem Uzerli 40&#8217;\u0131nc\u0131 olmu\u015f. Hazal Kaya 80&#8217;inci olmu\u015f. G\u00fczel oyuncumuz Fahriye Evcen, 84. se\u00e7ilmi\u015f ve Serenay Sar\u0131kaya listenin 88&#8217;inci s\u0131ras\u0131nda yer alm\u0131\u015ft\u0131r. Tuba B\u00fcy\u00fck\u00fcst\u00fcn b\u00f6ylelikle d\u00fcnyaca \u00fcnl\u00fc model Cara Delevingre [&hellip;]<\/p>\n","protected":false},"author":3,"featured_media":18672,"comment_status":"open","ping_status":"open","sticky":false,"template":"","format":"standard","meta":{"footnotes":""},"categories":[7],"tags":[1405,1404,408,19,496,27,1403,305],"class_list":["post-18662","post","type-post","status-publish","format-standard","has-post-thumbnail","hentry","category-magazin","tag-alexandra-daddario","tag-en-guzel-100-kadini","tag-fahriye-evcen","tag-hazal-kaya","tag-meryem-uzerli","tag-serenay-sarikaya","tag-top-beauty-world","tag-tuba-buyukustun"],"views":4147,"blog_post_layout_featured_media_urls":{"thumbnail":["https:\/\/balcilar-blog.com\/wp-content\/uploads\/2017\/03\/en-g\u00fczel-100-kad\u0131n-150x150.jpg",150,150,true],"full":["https:\/\/balcilar-blog.com\/wp-content\/uploads\/2017\/03\/en-g\u00fczel-100-kad\u0131n.jpg",640,419,false]},"categories_names":{"7":{"name":"Magazin","link":"https:\/\/balcilar-blog.com\/?cat=7"}},"tags_names":{"1405":{"name":"Alexandra Daddario","link":"https:\/\/balcilar-blog.com\/?tag=alexandra-daddario"},"1404":{"name":"En G\u00fczel 100 Kad\u0131n\u0131","link":"https:\/\/balcilar-blog.com\/?tag=en-guzel-100-kadini"},"408":{"name":"Fahriye Evcen","link":"https:\/\/balcilar-blog.com\/?tag=fahriye-evcen"},"19":{"name":"Hazal Kaya","link":"https:\/\/balcilar-blog.com\/?tag=hazal-kaya"},"496":{"name":"meryem Uzerli","link":"https:\/\/balcilar-blog.com\/?tag=meryem-uzerli"},"27":{"name":"Serenay Sar\u0131kaya","link":"https:\/\/balcilar-blog.com\/?tag=serenay-sarikaya"},"1403":{"name":"Top Beauty World","link":"https:\/\/balcilar-blog.com\/?tag=top-beauty-world"},"305":{"name":"Tuba B\u00fcy\u00fck\u00fcst\u00fcn","link":"https:\/\/balcilar-blog.com\/?tag=tuba-buyukustun"}},"comments_number":"0","wpmagazine_modules_lite_featured_media_urls":{"thumbnail":["https:\/\/balcilar-blog.com\/wp-content\/uploads\/2017\/03\/en-g\u00fczel-100-kad\u0131n-150x150.jpg",150,150,true],"cvmm-medium":["https:\/\/balcilar-blog.com\/wp-content\/uploads\/2017\/03\/en-g\u00fczel-100-kad\u0131n.jpg",300,196,false],"cvmm-medium-plus":["https:\/\/balcilar-blog.com\/wp-content\/uploads\/2017\/03\/en-g\u00fczel-100-kad\u0131n.jpg",305,200,false],"cvmm-portrait":["https:\/\/balcilar-blog.com\/wp-content\/uploads\/2017\/03\/en-g\u00fczel-100-kad\u0131n.jpg",400,262,false],"cvmm-medium-square":["https:\/\/balcilar-blog.com\/wp-content\/uploads\/2017\/03\/en-g\u00fczel-100-kad\u0131n.jpg",600,393,false],"cvmm-large":["https:\/\/balcilar-blog.com\/wp-content\/uploads\/2017\/03\/en-g\u00fczel-100-kad\u0131n.jpg",640,419,false],"cvmm-small":["https:\/\/balcilar-blog.com\/wp-content\/uploads\/2017\/03\/en-g\u00fczel-100-kad\u0131n.jpg",130,85,false],"full":["https:\/\/balcilar-blog.com\/wp-content\/uploads\/2017\/03\/en-g\u00fczel-100-kad\u0131n.jpg",640,419,false]},"_links":{"self":[{"href":"https:\/\/balcilar-blog.com\/index.php?rest_route=\/wp\/v2\/posts\/18662","targetHints":{"allow":["GET"]}}],"collection":[{"href":"https:\/\/balcilar-blog.com\/index.php?rest_route=\/wp\/v2\/posts"}],"about":[{"href":"https:\/\/balcilar-blog.com\/index.php?rest_route=\/wp\/v2\/types\/post"}],"author":[{"embeddable":true,"href":"https:\/\/balcilar-blog.com\/index.php?rest_route=\/wp\/v2\/users\/3"}],"replies":[{"embeddable":true,"href":"https:\/\/balcilar-blog.com\/index.php?rest_route=%2Fwp%2Fv2%2Fcomments&post=18662"}],"version-history":[{"count":4,"href":"https:\/\/balcilar-blog.com\/index.php?rest_route=\/wp\/v2\/posts\/18662\/revisions"}],"predecessor-version":[{"id":18675,"href":"https:\/\/balcilar-blog.com\/index.php?rest_route=\/wp\/v2\/posts\/18662\/revisions\/18675"}],"wp:featuredmedia":[{"embeddable":true,"href":"https:\/\/balcilar-blog.com\/index.php?rest_route=\/wp\/v2\/media\/18672"}],"wp:attachment":[{"href":"https:\/\/balcilar-blog.com\/index.php?rest_route=%2Fwp%2Fv2%2Fmedia&parent=18662"}],"wp:term":[{"taxonomy":"category","embeddable":true,"href":"https:\/\/balcilar-blog.com\/index.php?rest_route=%2Fwp%2Fv2%2Fcategories&post=18662"},{"taxonomy":"post_tag","embeddable":true,"href":"https:\/\/balcilar-blog.com\/index.php?rest_route=%2Fwp%2Fv2%2Ftags&post=18662"}],"curies":[{"name":"wp","href":"https:\/\/api.w.org\/{rel}","templated":true}]}}