{"id":1857,"date":"2014-05-10T16:34:18","date_gmt":"2014-05-10T13:34:18","guid":{"rendered":"http:\/\/balcilar-blog.com\/?p=1857"},"modified":"2014-05-12T23:03:42","modified_gmt":"2014-05-12T20:03:42","slug":"medcezir-yamanin-caresizligi-miranin-dayanilmaz-uzuntusu","status":"publish","type":"post","link":"https:\/\/balcilar-blog.com\/?p=1857","title":{"rendered":"Medcezir \/ Yaman\u2019\u0131n \u00e7aresizli\u011fi, Mira\u2019n\u0131n dayan\u0131lmaz \u00fcz\u00fcnt\u00fcs\u00fc!"},"content":{"rendered":"<p><img decoding=\"async\" src=\"http:\/\/www2.dizifilm.com\/newpics\/fotogaleri\/act\/4810_7515_07052014_3.jpg\" alt=\"\" \/><\/p>\n<p>Star Tv.in art\u0131k fenomen olan a\u015fk ve macera dizisi \u201cMedcezir\u201d de heyecan doruktayd\u0131. Tan\u2019\u0131n Yaman\u2019\u0131 ka\u00e7\u0131rmas\u0131, Mira ile kavu\u015fmak i\u00e7in koz kullanmas\u0131, Yaman\u2019\u0131 kurtarma giri\u015fimleri, Mira\u2019n\u0131n feryatlar\u0131 izleyenleri gerdi ve de \u00e7ok \u00fczd\u00fc. Netice mutlu bitti. Mira, Yaman\u2019\u0131na kavu\u015ftu. Tan polis kur\u015funlar\u0131na hedef oldu ve \u00f6ld\u00fc.<\/p>\n<p>Kim ne s\u00f6ylerse s\u00f6ylesin, Medcezir izleyicinin ilgisini \u00e7ekmeye devam ediyor. D\u00fcn ak\u015famki 34.b\u00f6l\u00fcm\u00fcn reytinglerine bakarsak, her hafta oldu\u011fu gibi, AB\u2019de 1.s\u0131rada, Total\u2019de 2.s\u0131rada yer alm\u0131\u015ft\u0131r.<\/p>\n<p>Ge\u00e7en b\u00f6l\u00fcmde, Tan Yaman\u2019\u0131 tuza\u011f\u0131na d\u00fc\u015f\u00fcrm\u00fc\u015f, annesi Nevin Han\u0131m\u0131 yem olarak kullanm\u0131\u015ft\u0131r. Tozludere\u2019deki eski evlerine gelen Yaman, \u015fok tabancas\u0131 ile bay\u0131lt\u0131lm\u0131\u015ft\u0131. Nevin Han\u0131m\u0131n eli aya\u011f\u0131 ba\u011flanm\u0131\u015f evde b\u0131rak\u0131lm\u0131\u015f, Yaman Tan taraf\u0131ndan Alt\u0131nkoy a\u00e7\u0131klar\u0131na denize bir tekneye g\u00f6t\u00fcr\u00fclm\u00fc\u015ft\u00fc.<\/p>\n<p><a href=\"http:\/\/balcilar-blog.com\/wp-content\/uploads\/2014\/05\/Ekran-Al\u0131nt\u0131s\u0131.PNG-34.17.png\"><img loading=\"lazy\" decoding=\"async\" class=\"alignnone size-medium wp-image-1873\" src=\"http:\/\/balcilar-blog.com\/wp-content\/uploads\/2014\/05\/Ekran-Al\u0131nt\u0131s\u0131.PNG-34.17-300x153.png\" alt=\"Ekran Al\u0131nt\u0131s\u0131.PNG 34.1\" width=\"300\" height=\"153\" srcset=\"https:\/\/balcilar-blog.com\/wp-content\/uploads\/2014\/05\/Ekran-Al\u0131nt\u0131s\u0131.PNG-34.17-300x153.png 300w, https:\/\/balcilar-blog.com\/wp-content\/uploads\/2014\/05\/Ekran-Al\u0131nt\u0131s\u0131.PNG-34.17.png 836w\" sizes=\"auto, (max-width: 300px) 100vw, 300px\" \/><\/a><\/p>\n<p>Mira\u2019n\u0131n konser bitiminden sonra Yaman\u2019\u0131n yoklu\u011fu fark edilir. Herkes panikler, ara\u015ft\u0131rmalar h\u0131zla ba\u015flar. Leyla aran\u0131r, eski evlerine bakmas\u0131 istenir. Leyla gider bakar, kap\u0131lar kapal\u0131 oldu\u011fu i\u00e7in bir \u015fey fark edemez. Telefon trafi\u011fi devam eder. Taksici Nevin Han\u0131m\u0131 Tozludere\u2019ye b\u0131rakm\u0131\u015ft\u0131r. Nevin Han\u0131m\u0131n a\u011fz\u0131 bantl\u0131 oldu\u011fu i\u00e7in sesini \u00e7\u0131kartamaz.<\/p>\n<p>Giray, Hasan ve Turun\u00e7 Nadir de seferber olur. Yaman\u2019a bir \u015fey olmamas\u0131n\u0131 istemektedir. En \u00e7ok peri\u015fan olan Mira\u2019d\u0131r. Kendi konser \u0131srar\u0131 nedeniyle, Yaman\u2019\u0131n ka\u00e7\u0131r\u0131lmas\u0131nda kendisini su\u00e7lamaktad\u0131r.<\/p>\n<p>Selim Bey ve Kenan da eve gelip bakarlar, tam geri d\u00f6nerlerken i\u00e7eriden ses gelir. Kap\u0131 camlar\u0131n\u0131 k\u0131r\u0131p i\u00e7eri girerler. Mira, telefonda Kenan ile irtibattad\u0131r. Nevin Han\u0131m, Yaman\u2019\u0131n ka\u00e7\u0131r\u0131ld\u0131\u011f\u0131n\u0131 s\u00f6yler. Bu haberi duyan Mira adeta y\u0131k\u0131l\u0131r, kaynar sular adeta ba\u015f\u0131ndan a\u015fa\u011f\u0131 d\u00f6k\u00fcl\u00fcr.<\/p>\n<p><a href=\"http:\/\/balcilar-blog.com\/wp-content\/uploads\/2014\/05\/Ekran-Al\u0131nt\u0131s\u0131.PNG-34.21.png\"><img loading=\"lazy\" decoding=\"async\" class=\"alignnone size-medium wp-image-1859\" src=\"http:\/\/balcilar-blog.com\/wp-content\/uploads\/2014\/05\/Ekran-Al\u0131nt\u0131s\u0131.PNG-34.21-300x150.png\" alt=\"Ekran Al\u0131nt\u0131s\u0131.PNG 34.2\" width=\"300\" height=\"150\" srcset=\"https:\/\/balcilar-blog.com\/wp-content\/uploads\/2014\/05\/Ekran-Al\u0131nt\u0131s\u0131.PNG-34.21-300x150.png 300w, https:\/\/balcilar-blog.com\/wp-content\/uploads\/2014\/05\/Ekran-Al\u0131nt\u0131s\u0131.PNG-34.21.png 837w\" sizes=\"auto, (max-width: 300px) 100vw, 300px\" \/><\/a><\/p>\n<p>Nevin Han\u0131m, karakola getirilir. Her \u015feyi polise anlat\u0131r. \u0130zmir\u2019e gelip arayan Turun\u00e7 Nadir\u2019in adamlar\u0131d\u0131r. Tan \u00e7ok g\u00fczel organizasyon yapm\u0131\u015ft\u0131r. Karakolda Mira bay\u0131l\u0131r. Selim Bey al\u0131r, hastaneye g\u00f6t\u00fcr\u00fcr. Mira, kabuslu r\u00fcyalar g\u00f6r\u00fcr, Beren\u2019in Yaman geldi s\u00f6z\u00fc ile kar\u015f\u0131s\u0131nda Tan\u2019\u0131 g\u00f6r\u00fcr. Bu hali mevcut hastal\u0131\u011f\u0131n\u0131 tetikler.<\/p>\n<p><img decoding=\"async\" src=\"http:\/\/www2.dizifilm.com\/newpics\/fotogaleri\/act\/4810_7176_07052014_6.jpg\" alt=\"\" \/><\/p>\n<p>Nevin Han\u0131m, Ender Han\u0131mlar\u0131n evine getirilir. Mira, annesi bildi\u011fi Nevim Han\u0131ma candan sar\u0131l\u0131r, \u00fcz\u00fcnt\u00fcs\u00fcn\u00fc payla\u015f\u0131r. Nevin Han\u0131m, olaylar\u0131 tekrar ya\u015farcas\u0131na anlat\u0131r. B\u00fct\u00fcn polis te\u015fkilat\u0131 her yerde Yaman\u2019\u0131 ar\u0131yordur.<\/p>\n<p><a href=\"http:\/\/balcilar-blog.com\/wp-content\/uploads\/2014\/05\/Ekran-Al\u0131nt\u0131s\u0131.PNG-34.3.png\"><img loading=\"lazy\" decoding=\"async\" class=\"alignnone size-medium wp-image-1860\" src=\"http:\/\/balcilar-blog.com\/wp-content\/uploads\/2014\/05\/Ekran-Al\u0131nt\u0131s\u0131.PNG-34.3-300x152.png\" alt=\"Ekran Al\u0131nt\u0131s\u0131.PNG 34.3\" width=\"300\" height=\"152\" srcset=\"https:\/\/balcilar-blog.com\/wp-content\/uploads\/2014\/05\/Ekran-Al\u0131nt\u0131s\u0131.PNG-34.3-300x152.png 300w, https:\/\/balcilar-blog.com\/wp-content\/uploads\/2014\/05\/Ekran-Al\u0131nt\u0131s\u0131.PNG-34.3.png 830w\" sizes=\"auto, (max-width: 300px) 100vw, 300px\" \/><\/a><\/p>\n<p>Tan ile Yaman sahilde bir teknededir. Tan, sakallar\u0131n\u0131 keser, g\u00f6r\u00fcnt\u00fcs\u00fcn\u00fc de\u011fi\u015ftirir. Sanki \u00f6l\u00fcrken yak\u0131\u015f\u0131kl\u0131 olmak istemi\u015ftir. Kavu\u015fmada Mira\u2019n\u0131n kar\u015f\u0131s\u0131na \u00e7\u0131kmak i\u00e7in haz\u0131rlan\u0131yordur.<\/p>\n<p><a href=\"http:\/\/balcilar-blog.com\/wp-content\/uploads\/2014\/05\/Ekran-Al\u0131nt\u0131s\u0131.PNG-34.41.png\"><img loading=\"lazy\" decoding=\"async\" class=\"alignnone size-medium wp-image-1861\" src=\"http:\/\/balcilar-blog.com\/wp-content\/uploads\/2014\/05\/Ekran-Al\u0131nt\u0131s\u0131.PNG-34.41-300x152.png\" alt=\"Ekran Al\u0131nt\u0131s\u0131.PNG 34.4\" width=\"300\" height=\"152\" srcset=\"https:\/\/balcilar-blog.com\/wp-content\/uploads\/2014\/05\/Ekran-Al\u0131nt\u0131s\u0131.PNG-34.41-300x152.png 300w, https:\/\/balcilar-blog.com\/wp-content\/uploads\/2014\/05\/Ekran-Al\u0131nt\u0131s\u0131.PNG-34.41.png 829w\" sizes=\"auto, (max-width: 300px) 100vw, 300px\" \/><\/a><\/p>\n<p>Tam, t\u0131ra\u015f esnas\u0131nda, usturay\u0131 Yaman\u0131n g\u0131rtla\u011f\u0131nda gezdirir. Yaman\u2019\u0131n a\u011fz\u0131 bantl\u0131 oldu\u011fu i\u00e7in b\u00f6\u011f\u00fcr\u00fcrcesine konu\u015fur, s\u00f6yledikleri anla\u015f\u0131lmaz. Tan, Mira\u2019y\u0131 hi\u00e7bir \u015fey yapmayaca\u011f\u0131m, merak etme der. Mira geldi\u011finde onun g\u00f6zleri \u00f6n\u00fcnde seni \u00f6ld\u00fcrece\u011fim. Bu da onun cezas\u0131 olacak. Aylard\u0131r planl\u0131yorum, yatt\u0131\u011f\u0131m yerde hep bu kavu\u015fmay\u0131 planlad\u0131m.<\/p>\n<p>Orkun Mira\u2019y\u0131 arar, konu\u015famayaca\u011f\u0131 i\u00e7in telefonu Eyl\u00fcl a\u00e7ar. Orkun, Mira\u2019n\u0131n \u00f6devini hala teslim etmedi\u011fini hoca s\u00f6yledi. Sosyoloji \u00f6devi gelmezse \u00e7akacak der. Eyl\u00fcl, Mert\u2019e bu \u00f6devi beraber haz\u0131rlay\u0131p verece\u011fiz.<\/p>\n<p>As\u0131m Bey de Yaman\u2019\u0131 kurtarma \u00e7al\u0131\u015fmalar\u0131nda kollar\u0131 s\u0131var. K\u00f6t\u00fc bir olay Alt\u0131nkoy\u2019un ad\u0131n\u0131 lekeleyece\u011fini s\u00f6yler. Turun\u00e7 Nadir de, As\u0131m Beye ziyaret eder, Alt\u0131nkoy\u2019da bir villa alabilece\u011fini s\u00f6yler.<\/p>\n<p><a href=\"http:\/\/balcilar-blog.com\/wp-content\/uploads\/2014\/05\/Ekran-Al\u0131nt\u0131s\u0131.PNG-34.51.png\"><img loading=\"lazy\" decoding=\"async\" class=\"alignnone size-medium wp-image-1862\" src=\"http:\/\/balcilar-blog.com\/wp-content\/uploads\/2014\/05\/Ekran-Al\u0131nt\u0131s\u0131.PNG-34.51-300x152.png\" alt=\"Ekran Al\u0131nt\u0131s\u0131.PNG 34.5\" width=\"300\" height=\"152\" srcset=\"https:\/\/balcilar-blog.com\/wp-content\/uploads\/2014\/05\/Ekran-Al\u0131nt\u0131s\u0131.PNG-34.51-300x152.png 300w, https:\/\/balcilar-blog.com\/wp-content\/uploads\/2014\/05\/Ekran-Al\u0131nt\u0131s\u0131.PNG-34.51.png 834w\" sizes=\"auto, (max-width: 300px) 100vw, 300px\" \/><\/a><\/p>\n<p>Tan, elinde d\u00fcrb\u00fcn devaml\u0131 sahili g\u00f6zetlemekte, Mira\u2019y\u0131 beklemektedir. Yaman i\u00e7eride k\u0131vranmakta, kurtulmak i\u00e7in \u00e7areler d\u00fc\u015f\u00fcnmektedir. Tan\u2019\u0131n usturas\u0131n\u0131 alay\u0131m derken d\u00fc\u015fer. Tan fark eder, tekrar yerine oturtur.<\/p>\n<p><img decoding=\"async\" src=\"http:\/\/www2.dizifilm.com\/newpics\/fotogaleri\/act\/4810_7176_07052014_1.jpg\" alt=\"\" \/><\/p>\n<p>Mira, karde\u015fi Beren ile bah\u00e7ede oturur konu\u015furlar. Sonra da, bah\u00e7ede havuza g\u00f6zlerini diker, dalar gider. O an havuzda beraber y\u00fczd\u00fckleri saatler akl\u0131na gelir. Mira, evdeki Tan\u2019dan gelen dergileri kar\u0131\u015ft\u0131r\u0131r, bir ipucu arar. Kenan\u2019\u0131n ben \u00e7\u0131k\u0131yorum Sude laf\u0131, Beren\u2019in dikkatini \u00e7eker. Sude Han\u0131m diyerek d\u00fczeltir. Annesini sinirlenir, Sude\u2019cim desin bari\u2026<\/p>\n<p><a href=\"http:\/\/balcilar-blog.com\/wp-content\/uploads\/2014\/05\/Ekran-Al\u0131nt\u0131s\u0131.PNG-34.61.png\"><img loading=\"lazy\" decoding=\"async\" class=\"alignnone size-medium wp-image-1863\" src=\"http:\/\/balcilar-blog.com\/wp-content\/uploads\/2014\/05\/Ekran-Al\u0131nt\u0131s\u0131.PNG-34.61-300x156.png\" alt=\"Ekran Al\u0131nt\u0131s\u0131.PNG 34.6\" width=\"300\" height=\"156\" srcset=\"https:\/\/balcilar-blog.com\/wp-content\/uploads\/2014\/05\/Ekran-Al\u0131nt\u0131s\u0131.PNG-34.61-300x156.png 300w, https:\/\/balcilar-blog.com\/wp-content\/uploads\/2014\/05\/Ekran-Al\u0131nt\u0131s\u0131.PNG-34.61.png 828w\" sizes=\"auto, (max-width: 300px) 100vw, 300px\" \/><\/a><\/p>\n<p>Yaman su ister, Tan a\u011fz\u0131n\u0131 a\u00e7aca\u011f\u0131m, avaz\u0131n \u00e7\u0131kt\u0131\u011f\u0131 kadar ba\u011f\u0131rsan da seni hi\u00e7 kimse duyamaz. A\u00e7ar a\u011fz\u0131n\u0131 \u015fi\u015feyi boca eder, Yaman neredeyse bo\u011fulacak gibi olur. Bu yapt\u0131klar\u0131n yan\u0131na kalmayacak h\u00fccreye koyacaklar, zincire vuracaklar. Hayat\u0131n\u0131n sonuna kadar orada tek ba\u015f\u0131na ya\u015fayacaks\u0131n. Tan, ben her \u015feyi d\u00fc\u015f\u00fcnd\u00fcm, ka\u00e7\u0131\u015f plan\u0131m bile haz\u0131r.<\/p>\n<p><img decoding=\"async\" src=\"http:\/\/www2.dizifilm.com\/newpics\/fotogaleri\/act\/4810_7515_07052014_4.jpg\" alt=\"\" \/><\/p>\n<p>Mira pi\u015fmanl\u0131klar\u0131n\u0131 ya\u015far, en ba\u015f\u0131ndan hastaneye gidebilirdim. \u00d6fkeden kendini kaybeder ba\u011f\u0131r\u0131r, \u00e7a\u011f\u0131r\u0131r. Onu zor sakinle\u015ftirirler. Karakolda, Yaman\u2019\u0131n hangi araba ile ka\u00e7\u0131r\u0131ld\u0131\u011f\u0131 mobesa kameralar\u0131ndan tespit edilir. Kimlik olarak, bir hastabak\u0131s\u0131c\u0131n\u0131n kimli\u011fini kullanm\u0131\u015ft\u0131r.<\/p>\n<p><img loading=\"lazy\" decoding=\"async\" class=\"img\" src=\"https:\/\/fbcdn-sphotos-h-a.akamaihd.net\/hphotos-ak-frc3\/t1.0-9\/s403x403\/10370895_641545092589567_6578465816089350582_n.jpg\" alt=\"Foto\u011fraf: &quot;Ben iyiyim Prenses...&quot;\" width=\"401\" height=\"190\" \/><\/p>\n<p>Mira, Yaman ile ge\u00e7mi\u015fteki g\u00fczel g\u00fcnlerini d\u00fc\u015f\u00fcn\u00fcr. s\u0131k\u00e7a hayalleri dalar, Yaman&#8217;s\u0131z yapamayaca\u011f\u0131n\u0131 anlar.<\/p>\n<p>Eyl\u00fcl, Mira\u2019n\u0131n toplumun g\u00fczellik alg\u0131s\u0131 ile ilgili \u00f6devini haz\u0131rlamak i\u00e7in zorlan\u0131r, babas\u0131ndan da yard\u0131m al\u0131r.<\/p>\n<p>Mira, \u015fifrelerden hareketle sahilde bir teknede olabilece\u011fini \u00e7\u00f6zer. Herkes sahilde topla\u015f\u0131r.<\/p>\n<p>Yaman seven adam b\u00f6yle yapmaz, sen sanat\u00e7\u0131 birisin, i\u00e7inde g\u00fczellikler bar\u0131nd\u0131rmal\u0131s\u0131n. Yaman usturay\u0131 ele ge\u00e7irir ama, o s\u0131rada Tan elinden al\u0131r. Bir helikopter ge\u00e7erken, Yaman avaz\u0131 \u00e7\u0131kt\u0131\u011f\u0131 kadar ba\u011f\u0131r\u0131r, duyuramaz.<\/p>\n<p><a href=\"http:\/\/balcilar-blog.com\/wp-content\/uploads\/2014\/05\/Ekran-Al\u0131nt\u0131s\u0131.PNG-34.71.png\"><img loading=\"lazy\" decoding=\"async\" class=\"alignnone size-medium wp-image-1864\" src=\"http:\/\/balcilar-blog.com\/wp-content\/uploads\/2014\/05\/Ekran-Al\u0131nt\u0131s\u0131.PNG-34.71-300x152.png\" alt=\"Ekran Al\u0131nt\u0131s\u0131.PNG 34.7\" width=\"300\" height=\"152\" srcset=\"https:\/\/balcilar-blog.com\/wp-content\/uploads\/2014\/05\/Ekran-Al\u0131nt\u0131s\u0131.PNG-34.71-300x152.png 300w, https:\/\/balcilar-blog.com\/wp-content\/uploads\/2014\/05\/Ekran-Al\u0131nt\u0131s\u0131.PNG-34.71.png 830w\" sizes=\"auto, (max-width: 300px) 100vw, 300px\" \/><\/a><\/p>\n<p>Faruk Bey, Nadir Bey ile g\u00f6r\u00fc\u015f\u00fcr. Bir tekne ile ka\u00e7\u0131r\u0131lm\u0131\u015f olabilece\u011fini s\u00f6yler. Nadir Bey adamlar\u0131na talimat verir, ara\u015ft\u0131r\u0131lmas\u0131n\u0131 ister. Nadir Bey, \u00f6len adam\u0131n k\u0131z karde\u015fi ve erkek karde\u015finin evinde, tart\u0131\u015f\u0131r. Adam\u0131 her ikisini de vurur. Tabancay\u0131 erke\u011fin eline tutu\u015fturur. Ortal\u0131k kana boyan\u0131r, Nadir Beyin g\u00f6mle\u011fine de kan s\u0131\u00e7rar.<\/p>\n<p><a href=\"http:\/\/balcilar-blog.com\/wp-content\/uploads\/2014\/05\/Ekran-Al\u0131nt\u0131s\u0131.PNG-34.81.png\"><img loading=\"lazy\" decoding=\"async\" class=\"alignnone size-medium wp-image-1865\" src=\"http:\/\/balcilar-blog.com\/wp-content\/uploads\/2014\/05\/Ekran-Al\u0131nt\u0131s\u0131.PNG-34.81-300x154.png\" alt=\"Ekran Al\u0131nt\u0131s\u0131.PNG 34.8\" width=\"300\" height=\"154\" srcset=\"https:\/\/balcilar-blog.com\/wp-content\/uploads\/2014\/05\/Ekran-Al\u0131nt\u0131s\u0131.PNG-34.81-300x154.png 300w, https:\/\/balcilar-blog.com\/wp-content\/uploads\/2014\/05\/Ekran-Al\u0131nt\u0131s\u0131.PNG-34.81.png 829w\" sizes=\"auto, (max-width: 300px) 100vw, 300px\" \/><\/a><\/p>\n<p>Mert ile Eyl\u00fcl okula giderler. G\u00fczellik yar\u0131\u015fmas\u0131na kat\u0131lacak k\u0131zlar\u0131n \u00e7al\u0131\u015fmas\u0131 vard\u0131r. Mert\u2019in g\u00f6z\u00fc k\u0131zlara tak\u0131l\u0131r, kendisini onlar\u0131n aras\u0131nda dans ederken hayal eder. Ceza grubunun \u201cKoyuver gitsin\u201d adl\u0131 g\u00fczel bir par\u00e7as\u0131 e\u015fli\u011finde adeta dans eder. Eyl\u00fcl, kenardan ba\u011f\u0131r\u0131r. Ancak m\u0131nc\u0131klayarak hayallerinden uyand\u0131r\u0131r. Mira\u2019n\u0131n g\u00fczellik \u00fcst\u00fcne sosyoloji \u00f6devini ba\u015far\u0131yla haz\u0131rlarlar. \u00d6devin kaybolmas\u0131n\u0131 Mira bir t\u00fcrl\u00fc anlayamaz, bunu Hale yapt\u0131 diyerek, te\u015fhisini koyar.<\/p>\n<p><img decoding=\"async\" src=\"http:\/\/www2.dizifilm.com\/newpics\/fotogaleri\/act\/4810_7176_07052014_3.jpg\" alt=\"\" \/><\/p>\n<p>Beren, annesinin Kenan ile konu\u015fmas\u0131n\u0131 duyar. Baban ile konu\u015fuyordum dese de inanmaz. Babas\u0131 Faruk Beye, annemin erkek arkada\u015f\u0131 var, diyerek yumurtlar. Faruk Bey, ya\u2026 Diyerek ge\u00e7i\u015ftirir.<\/p>\n<p><a href=\"http:\/\/balcilar-blog.com\/wp-content\/uploads\/2014\/05\/Ekran-Al\u0131nt\u0131s\u0131.PNG-34.101.png\"><img loading=\"lazy\" decoding=\"async\" class=\"alignnone size-medium wp-image-1867\" src=\"http:\/\/balcilar-blog.com\/wp-content\/uploads\/2014\/05\/Ekran-Al\u0131nt\u0131s\u0131.PNG-34.101-300x153.png\" alt=\"Ekran Al\u0131nt\u0131s\u0131.PNG 34.10\" width=\"300\" height=\"153\" srcset=\"https:\/\/balcilar-blog.com\/wp-content\/uploads\/2014\/05\/Ekran-Al\u0131nt\u0131s\u0131.PNG-34.101-300x153.png 300w, https:\/\/balcilar-blog.com\/wp-content\/uploads\/2014\/05\/Ekran-Al\u0131nt\u0131s\u0131.PNG-34.101.png 835w\" sizes=\"auto, (max-width: 300px) 100vw, 300px\" \/><\/a><\/p>\n<p>Yaman s\u0131k\u0131\u015fm\u0131\u015ft\u0131r, Tan \u00f6yle bir l\u00fcks\u00fcn yok. Sen o pisli\u011fin i\u00e7inde gebereceksin, der. Yaman eli aya\u011f\u0131 ba\u011fl\u0131 kurbanl\u0131k koyun gibi, teknede koltu\u011fun \u00fczerinde yat\u0131yordur. \u00c7aresizli\u011fini, Mira\u2019s\u0131n\u0131 d\u00fc\u015f\u00fcn\u00fcr, g\u00f6zlerinden ya\u015flar bo\u015fan\u0131r.<\/p>\n<p>Selim Bey, Nadir Bey\u2019i cinayet davas\u0131 ile ili\u015fkilendirmektedir. Nadir Beyi Hasan arayarak, Nevin Han\u0131m\u0131n Selim Beyin evinde oldu\u011fu bilgisini verir. Nadir Bey, onunla yava\u015f, yava\u015f, tan\u0131\u015fma vakti gelmi\u015fti zaten.<\/p>\n<p><img decoding=\"async\" class=\"rg_i\" src=\"https:\/\/encrypted-tbn2.gstatic.com\/images?q=tbn:ANd9GcSFKTBFDzh2DEFFrsbE0k-UYF1zyPFEMqNB5OV1rE9BbLc7cPag\" alt=\"\" name=\"AVOCtPkoikvxhM:\" data-src=\"https:\/\/encrypted-tbn2.gstatic.com\/images?q=tbn:ANd9GcSFKTBFDzh2DEFFrsbE0k-UYF1zyPFEMqNB5OV1rE9BbLc7cPag\" data-sz=\"f\" \/><\/p>\n<p>Mert, Mira&#8217;ya \u00e7ok \u00fcz\u00fcl\u00fcr. A\u011fabeyi gibi sevdi\u011fi \u00e7ok da ba\u011fland\u0131\u011f\u0131 Yaman i\u00e7in \u00e7ok \u00fcz\u00fcl\u00fcr, geceleri uykular\u0131 ka\u00e7ar. Kenan lokantada masada otururken, kibritleri \u00e7akar, yakar. Parlayan \u0131\u015f\u0131klar\u0131 g\u00f6ren Tan, bu \u0131\u015f\u0131klar\u0131 sinyal zanneder. Elindeki \u0131\u015f\u0131lda\u011f\u0131 sahile \u00e7akar.<\/p>\n<p><a href=\"http:\/\/balcilar-blog.com\/wp-content\/uploads\/2014\/05\/Ekran-Al\u0131nt\u0131s\u0131.PNG-34.91.png\"><img loading=\"lazy\" decoding=\"async\" class=\"alignnone size-medium wp-image-1866\" src=\"http:\/\/balcilar-blog.com\/wp-content\/uploads\/2014\/05\/Ekran-Al\u0131nt\u0131s\u0131.PNG-34.91-300x153.png\" alt=\"Ekran Al\u0131nt\u0131s\u0131.PNG 34.9\" width=\"300\" height=\"153\" srcset=\"https:\/\/balcilar-blog.com\/wp-content\/uploads\/2014\/05\/Ekran-Al\u0131nt\u0131s\u0131.PNG-34.91-300x153.png 300w, https:\/\/balcilar-blog.com\/wp-content\/uploads\/2014\/05\/Ekran-Al\u0131nt\u0131s\u0131.PNG-34.91.png 833w\" sizes=\"auto, (max-width: 300px) 100vw, 300px\" \/><\/a><\/p>\n<p>Mira, Orkun, Eyl\u00fcl, Beren ve Mert olay\u0131 \u00e7\u00f6zmeye \u00e7al\u0131\u015f\u0131rlar. Aralar\u0131nda tart\u0131\u015f\u0131rlar. Mira, Tan ile eski ders ald\u0131\u011f\u0131 s\u0131radaki konu\u015fmalar\u0131n\u0131 zihninden ge\u00e7irir. On an bir \u015fey hat\u0131rlar, dergiyi kar\u0131\u015ft\u0131r\u0131r. Bir sayfay\u0131 a\u00e7ar, i\u015fte bu. Mira do\u011fruca sahile gider, o tekne diye g\u00f6sterir.<\/p>\n<p>Mira, k\u0131y\u0131daki bir tekneye binip gitmek ister. Tan, Mira geliyor, mesaj\u0131m\u0131 ald\u0131. Mira\u2019y\u0131 zor zapt ederler. Sahil g\u00fcvenlik de tekneye do\u011fru yola \u00e7\u0131kar. Tan, Yaman\u2019\u0131n cep telefonundan Mira\u2019ya telefon eder. Mira, Yaman\u2019a ne yapt\u0131n? Hi\u00e7 bir \u015fey yapmad\u0131m seni bekliyoruz. Hadi gel\u2026 Tan, yan\u0131ndakileri uzakla\u015ft\u0131rmazsan, onu \u015fimdi \u00f6ld\u00fcr\u00fcr\u00fcm. Tabancas\u0131 ile havaya bir el ate\u015f eder. Mira, \u00e7\u0131\u011fl\u0131k atar, tamam geliyorum.<\/p>\n<p><img loading=\"lazy\" decoding=\"async\" class=\"scaledImageFitWidth img\" src=\"https:\/\/fbcdn-sphotos-b-a.akamaihd.net\/hphotos-ak-prn2\/t1.0-9\/s403x403\/10259362_641541375923272_1355525184016908851_n.jpg\" alt=\"Foto\u011fraf: &quot;Mira'n\u0131n g\u00f6z\u00fc \u00f6n\u00fcnde \u00f6ld\u00fcrece\u011fim seni&quot;\nhttp:\/\/www.startv.com.tr\/dizi\/medcezir\/video-galeri\/sayfa\/1\/miranin-gozleri-onunde-oldurecegim-seni\" width=\"403\" height=\"263\" \/><\/p>\n<p>Mira \u00e7\u0131lg\u0131n gibidir. Hi\u00e7 kimseyi dinlemez. O \u00f6l\u00fcrse beni de \u00f6ld\u00fcr\u00fcn. Tan, Yaman\u2019\u0131n a\u011f\u0131z band\u0131n\u0131 a\u00e7ar. Yaman, b\u00fct\u00fcn kiniyle hayk\u0131r\u0131r, seni \u00f6ld\u00fcrece\u011fim. E\u011fer ona zarar verirsen seni lime, lime edece\u011fim. Yaman, Mira gelme, Mira gelme diyerek ba\u011f\u0131r\u0131r. Yaman beni \u00f6ld\u00fcr, onu bir \u015fey yapma. Benden daha \u00e7ok seviyorsan, ona zarar verme. Tan, b\u00fct\u00fcn h\u0131rs\u0131yla Yaman\u2019\u0131n surat\u0131na bir yumruk vurur.<\/p>\n<p>Mira\u2019n\u0131n yan\u0131na Orkun binmek ister. Mira izin vermez. Motoru \u00e7al\u0131\u015ft\u0131r\u0131r, son s\u00fcrat Tan\u2019\u0131n teknesine do\u011fru s\u00fcrer. Kenan, ba\u015fka bir bot ile pe\u015finden hareket eder.<\/p>\n<p><a href=\"http:\/\/balcilar-blog.com\/wp-content\/uploads\/2014\/05\/Ekran-Al\u0131nt\u0131s\u0131.PNG-34.121.png\"><img loading=\"lazy\" decoding=\"async\" class=\"alignnone size-medium wp-image-1869\" src=\"http:\/\/balcilar-blog.com\/wp-content\/uploads\/2014\/05\/Ekran-Al\u0131nt\u0131s\u0131.PNG-34.121-300x153.png\" alt=\"Ekran Al\u0131nt\u0131s\u0131.PNG 34.12\" width=\"300\" height=\"153\" srcset=\"https:\/\/balcilar-blog.com\/wp-content\/uploads\/2014\/05\/Ekran-Al\u0131nt\u0131s\u0131.PNG-34.121-300x153.png 300w, https:\/\/balcilar-blog.com\/wp-content\/uploads\/2014\/05\/Ekran-Al\u0131nt\u0131s\u0131.PNG-34.121.png 833w\" sizes=\"auto, (max-width: 300px) 100vw, 300px\" \/><\/a><\/p>\n<p>Yaman, ona zarar verme diyerek yalvar\u0131r. G\u00f6zlerinden boncuk gibi ya\u015flar bo\u015fal\u0131r. Tan, kavu\u015fma zaman\u0131 geldi diyerek, sab\u0131rs\u0131zlan\u0131r. Tan, Yaman\u2019\u0131 \u00e7eker d\u0131\u015far\u0131 k\u00fcpe\u015fteye \u00e7\u0131kart\u0131r.<\/p>\n<p><a href=\"http:\/\/balcilar-blog.com\/wp-content\/uploads\/2014\/05\/Ekran-Al\u0131nt\u0131s\u0131.PNG-34.131.png\"><img loading=\"lazy\" decoding=\"async\" class=\"alignnone size-medium wp-image-1870\" src=\"http:\/\/balcilar-blog.com\/wp-content\/uploads\/2014\/05\/Ekran-Al\u0131nt\u0131s\u0131.PNG-34.131-300x153.png\" alt=\"Ekran Al\u0131nt\u0131s\u0131.PNG 34.13\" width=\"300\" height=\"153\" srcset=\"https:\/\/balcilar-blog.com\/wp-content\/uploads\/2014\/05\/Ekran-Al\u0131nt\u0131s\u0131.PNG-34.131-300x153.png 300w, https:\/\/balcilar-blog.com\/wp-content\/uploads\/2014\/05\/Ekran-Al\u0131nt\u0131s\u0131.PNG-34.131.png 838w\" sizes=\"auto, (max-width: 300px) 100vw, 300px\" \/><\/a><\/p>\n<p>Yaman geri d\u00f6n Mira diye ba\u011f\u0131r\u0131r. Mira, tekneye \u00e7\u0131kar. Tan, gelece\u011fini biliyordum. Sahil g\u00fcvenlik polisi \u201cTeslim ol\u201d\u00e7a\u011fr\u0131s\u0131 yapar. Tan, bu hayatta bir tek seni sevdim.<\/p>\n<p><a href=\"http:\/\/balcilar-blog.com\/wp-content\/uploads\/2014\/05\/Ekran-Al\u0131nt\u0131s\u0131.PNG-34.141.png\"><img loading=\"lazy\" decoding=\"async\" class=\"alignnone size-medium wp-image-1871\" src=\"http:\/\/balcilar-blog.com\/wp-content\/uploads\/2014\/05\/Ekran-Al\u0131nt\u0131s\u0131.PNG-34.141-300x152.png\" alt=\"Ekran Al\u0131nt\u0131s\u0131.PNG 34.14\" width=\"300\" height=\"152\" srcset=\"https:\/\/balcilar-blog.com\/wp-content\/uploads\/2014\/05\/Ekran-Al\u0131nt\u0131s\u0131.PNG-34.141-300x152.png 300w, https:\/\/balcilar-blog.com\/wp-content\/uploads\/2014\/05\/Ekran-Al\u0131nt\u0131s\u0131.PNG-34.141.png 835w\" sizes=\"auto, (max-width: 300px) 100vw, 300px\" \/><\/a><\/p>\n<p>Tan, senden bir tek \u015fey istiyorum. O zaman kavu\u015fma olacak. \u00d6p beni\u2026 Yaman, hay\u0131r Mira yapma diye ba\u011f\u0131r\u0131r. Mira\u2019ya dudaklar\u0131n\u0131 uzat\u0131r, \u00f6per. O an silahlar patlar, Tan vurulur. Yere d\u00fc\u015fer.<\/p>\n<p><a href=\"http:\/\/balcilar-blog.com\/wp-content\/uploads\/2014\/05\/Ekran-Al\u0131nt\u0131s\u0131.PNG-34.151.png\"><img loading=\"lazy\" decoding=\"async\" class=\"alignnone size-medium wp-image-1872\" src=\"http:\/\/balcilar-blog.com\/wp-content\/uploads\/2014\/05\/Ekran-Al\u0131nt\u0131s\u0131.PNG-34.151-300x151.png\" alt=\"Ekran Al\u0131nt\u0131s\u0131.PNG 34.15\" width=\"300\" height=\"151\" srcset=\"https:\/\/balcilar-blog.com\/wp-content\/uploads\/2014\/05\/Ekran-Al\u0131nt\u0131s\u0131.PNG-34.151-300x151.png 300w, https:\/\/balcilar-blog.com\/wp-content\/uploads\/2014\/05\/Ekran-Al\u0131nt\u0131s\u0131.PNG-34.151.png 832w\" sizes=\"auto, (max-width: 300px) 100vw, 300px\" \/><\/a><\/p>\n<p>Mira, Yaman\u2019\u0131 da al\u0131r, sahile \u00e7\u0131karlar. Battaniyeler sar\u0131lm\u0131\u015f, sarma\u015f dola\u015f, sevdiklerine kavu\u015furlar. Mira, annesi ve babas\u0131 ile sar\u0131l\u0131r. Yaman, ikinci annesi olarak g\u00f6rd\u00fc\u011f\u00fc Ender Han\u0131ma sar\u0131l\u0131r. Daha sonra manevi babas\u0131, Selim Bey ile sar\u0131l\u0131r. Bu anlar g\u00f6r\u00fclmeye de\u011ferdi. Daha sonra Mira ile sar\u0131l\u0131rlar, Yaman seni seviyorum, der ve 34.b\u00f6l\u00fcm burada biter. Bir mutlu son daha\u2026<\/p>\n<p><a href=\"http:\/\/balcilar-blog.com\/wp-content\/uploads\/2014\/05\/Ekran-Al\u0131nt\u0131s\u0131.PNG-34.162.png\"><img loading=\"lazy\" decoding=\"async\" class=\"alignnone size-medium wp-image-1858\" src=\"http:\/\/balcilar-blog.com\/wp-content\/uploads\/2014\/05\/Ekran-Al\u0131nt\u0131s\u0131.PNG-34.162-300x151.png\" alt=\"Ekran Al\u0131nt\u0131s\u0131.PNG 34.16\" width=\"300\" height=\"151\" srcset=\"https:\/\/balcilar-blog.com\/wp-content\/uploads\/2014\/05\/Ekran-Al\u0131nt\u0131s\u0131.PNG-34.162-300x151.png 300w, https:\/\/balcilar-blog.com\/wp-content\/uploads\/2014\/05\/Ekran-Al\u0131nt\u0131s\u0131.PNG-34.162.png 834w\" sizes=\"auto, (max-width: 300px) 100vw, 300px\" \/><\/a><\/p>\n<p>Ay Yap\u0131m\u2019\u0131n bu s\u00fcper dizisi bu b\u00f6l\u00fcmde de nefes kesti. Herkesi koltuklar\u0131nda hop oturtup, hop kald\u0131rd\u0131. Serenay Sar\u0131kaya\u2019n\u0131n oyunculu\u011fu s\u00fcperdi, sanki bu olay\u0131 ger\u00e7ekten ya\u015fad\u0131, ya\u015fatt\u0131. Taner \u00d6lmez, k\u0131zlarla yapt\u0131\u011f\u0131 show \u00e7ok profesyonelce idi. G\u00f6rsel olarak \u00e7ok da g\u00fczeldi.<\/p>\n<p>\u00c7a\u011fatay Ulusoy, bu b\u00f6l\u00fcmde resmen istirahat yapm\u0131\u015f. 105 dakikal\u0131k b\u00f6l\u00fcmde, ge\u00e7mi\u015f hayal sahnelerini saymazsak, 10 dakikal\u0131k Yaman sahnesi ancak vard\u0131. K\u0131sa da olsa zaten oyunculu\u011fu harika. A\u011flamas\u0131, izleyenlerini de a\u011flatt\u0131.<\/p>\n<p>T\u00fcm oyuncu kadrosu, her zaman oldu\u011fu gibi d\u00f6rt d\u00f6rtl\u00fck\u2026 Ece Y\u00f6ren\u00e7, herkese \u00e7ok g\u00fczel rol da\u011f\u0131t\u0131yor.<\/p>\n<p>Hep beraber gelecek g\u00fczel b\u00f6l\u00fcmlere\u2026<\/p>\n<p>\u0130yi seyirler.<\/p>\n<p>&nbsp;<\/p>\n<p>Sayg\u0131lar, sevgiler.<\/p>\n<p>Abdurrahman Balc\u0131lar<\/p>\n<p>Twitter: abdurrahman balc\u0131lar@abbalcilar<\/p>\n<p>Mail : <a href=\"mailto:ab.balcilar@hotmail.com\">ab.balcilar@hotmail.com<\/a><\/p>\n<p>Blog: milliyet.com.tr\/cansever<\/p>\n<p>Blog: balcilar-blog.com<\/p>\n<p>Not: G\u00f6rseller dizifilm.com ve diziden taraf\u0131mdan al\u0131nm\u0131\u015ft\u0131r<\/p>\n<p>&nbsp;<\/p>\n<p>&nbsp;<\/p>\n","protected":false},"excerpt":{"rendered":"<p>Star Tv.in art\u0131k fenomen olan a\u015fk ve macera dizisi \u201cMedcezir\u201d de heyecan doruktayd\u0131. Tan\u2019\u0131n Yaman\u2019\u0131 ka\u00e7\u0131rmas\u0131, Mira ile kavu\u015fmak i\u00e7in koz kullanmas\u0131, Yaman\u2019\u0131 kurtarma giri\u015fimleri, Mira\u2019n\u0131n feryatlar\u0131 izleyenleri gerdi ve de \u00e7ok \u00fczd\u00fc. Netice mutlu bitti. Mira, Yaman\u2019\u0131na kavu\u015ftu. Tan polis kur\u015funlar\u0131na hedef oldu ve \u00f6ld\u00fc. Kim ne s\u00f6ylerse s\u00f6ylesin, Medcezir izleyicinin ilgisini \u00e7ekmeye devam [&hellip;]<\/p>\n","protected":false},"author":3,"featured_media":0,"comment_status":"open","ping_status":"open","sticky":false,"template":"","format":"standard","meta":{"footnotes":""},"categories":[2],"tags":[26,15,29,16,27,25,28],"class_list":["post-1857","post","type-post","status-publish","format-standard","hentry","category-tv-programlari","tag-ay-yapim","tag-cagatay-ulusoy","tag-ece-yorenc","tag-medcezir","tag-serenay-sarikaya","tag-star-tv","tag-taner-olmez"],"views":6531,"blog_post_layout_featured_media_urls":{"thumbnail":"","full":""},"categories_names":{"2":{"name":"TV Programlar\u0131","link":"https:\/\/balcilar-blog.com\/?cat=2"}},"tags_names":{"26":{"name":"Ay Yap\u0131m","link":"https:\/\/balcilar-blog.com\/?tag=ay-yapim"},"15":{"name":"\u00e7a\u011fatay ulusoy","link":"https:\/\/balcilar-blog.com\/?tag=cagatay-ulusoy"},"29":{"name":"Ece Y\u00f6ren\u00e7","link":"https:\/\/balcilar-blog.com\/?tag=ece-yorenc"},"16":{"name":"medcezir","link":"https:\/\/balcilar-blog.com\/?tag=medcezir"},"27":{"name":"Serenay Sar\u0131kaya","link":"https:\/\/balcilar-blog.com\/?tag=serenay-sarikaya"},"25":{"name":"Star Tv","link":"https:\/\/balcilar-blog.com\/?tag=star-tv"},"28":{"name":"Taner \u00d6lmez","link":"https:\/\/balcilar-blog.com\/?tag=taner-olmez"}},"comments_number":"0","wpmagazine_modules_lite_featured_media_urls":{"thumbnail":"","cvmm-medium":"","cvmm-medium-plus":"","cvmm-portrait":"","cvmm-medium-square":"","cvmm-large":"","cvmm-small":"","full":""},"_links":{"self":[{"href":"https:\/\/balcilar-blog.com\/index.php?rest_route=\/wp\/v2\/posts\/1857","targetHints":{"allow":["GET"]}}],"collection":[{"href":"https:\/\/balcilar-blog.com\/index.php?rest_route=\/wp\/v2\/posts"}],"about":[{"href":"https:\/\/balcilar-blog.com\/index.php?rest_route=\/wp\/v2\/types\/post"}],"author":[{"embeddable":true,"href":"https:\/\/balcilar-blog.com\/index.php?rest_route=\/wp\/v2\/users\/3"}],"replies":[{"embeddable":true,"href":"https:\/\/balcilar-blog.com\/index.php?rest_route=%2Fwp%2Fv2%2Fcomments&post=1857"}],"version-history":[{"count":3,"href":"https:\/\/balcilar-blog.com\/index.php?rest_route=\/wp\/v2\/posts\/1857\/revisions"}],"predecessor-version":[{"id":1898,"href":"https:\/\/balcilar-blog.com\/index.php?rest_route=\/wp\/v2\/posts\/1857\/revisions\/1898"}],"wp:attachment":[{"href":"https:\/\/balcilar-blog.com\/index.php?rest_route=%2Fwp%2Fv2%2Fmedia&parent=1857"}],"wp:term":[{"taxonomy":"category","embeddable":true,"href":"https:\/\/balcilar-blog.com\/index.php?rest_route=%2Fwp%2Fv2%2Fcategories&post=1857"},{"taxonomy":"post_tag","embeddable":true,"href":"https:\/\/balcilar-blog.com\/index.php?rest_route=%2Fwp%2Fv2%2Ftags&post=1857"}],"curies":[{"name":"wp","href":"https:\/\/api.w.org\/{rel}","templated":true}]}}