{"id":18524,"date":"2017-03-22T13:32:39","date_gmt":"2017-03-22T10:32:39","guid":{"rendered":"http:\/\/balcilar-blog.com\/?p=18524"},"modified":"2017-03-22T13:37:57","modified_gmt":"2017-03-22T10:37:57","slug":"bu-sehir-arkandan-gelecek-ali-ve-derini-firtinali-gunler-bekliyor","status":"publish","type":"post","link":"https:\/\/balcilar-blog.com\/?p=18524","title":{"rendered":"Bu \u015eehir Arkandan Gelecek \/ Ali ve Derin&#8217;i f\u0131rt\u0131nal\u0131 g\u00fcnler bekliyor!"},"content":{"rendered":"<p><img loading=\"lazy\" decoding=\"async\" class=\"alignnone size-full wp-image-18528\" src=\"http:\/\/balcilar-blog.com\/wp-content\/uploads\/2017\/03\/12-4.jpg\" alt=\"12-4\" width=\"640\" height=\"427\" srcset=\"https:\/\/balcilar-blog.com\/wp-content\/uploads\/2017\/03\/12-4.jpg 640w, https:\/\/balcilar-blog.com\/wp-content\/uploads\/2017\/03\/12-4-300x200.jpg 300w\" sizes=\"auto, (max-width: 640px) 100vw, 640px\" \/><\/p>\n<p><strong>Ay Yap\u0131m<\/strong> imzal\u0131 \u2018<strong>Bu \u015eehir Arkandan Gelecek<\/strong>\u2019in merakla beklenen yeni b\u00f6l\u00fcm\u00fcnde Ali, Derin\u2019in sald\u0131r\u0131ya u\u011framas\u0131ndan dolay\u0131 kendini su\u00e7layacak. Asl\u0131\u2019n\u0131n intihara te\u015febb\u00fcs\u00fc ise \u00e2\u015f\u0131klar\u0131 f\u0131rt\u0131nal\u0131 g\u00fcnlere s\u00fcr\u00fckleyecek.<\/p>\n<p><strong>Kerem B\u00fcrsin<\/strong>,\u00a0<strong>Leyla Lydia Tu\u011futlu, G\u00fcrkan Uygun, Nilperi \u015eahinkaya, Osman Alka\u015f, Ali Y\u00f6ren\u00e7 ve Defne Kayalar<\/strong>\u2019\u0131n rol ald\u0131\u011f\u0131 \u2018<strong>Bu \u015eehir Arkandan Gelecek<\/strong>\u2019in yeni b\u00f6l\u00fcm\u00fcnde Ali, Derin\u2019in sald\u0131r\u0131ya u\u011framas\u0131ndan dolay\u0131 kendini su\u00e7layacak.<\/p>\n<p>Ali\u2019nin, kendisini hastaneye yeti\u015ftirmeye \u00e7al\u0131\u015ft\u0131\u011f\u0131n\u0131 \u00f6\u011frenen Asl\u0131\u2019n\u0131n, Ali\u2019ye olan a\u015fk\u0131 ise gittik\u00e7e tehlikeli bir noktaya ula\u015facak.<\/p>\n<p><img loading=\"lazy\" decoding=\"async\" class=\"alignnone size-full wp-image-18529\" src=\"http:\/\/balcilar-blog.com\/wp-content\/uploads\/2017\/03\/12-5.jpg\" alt=\"12-5\" width=\"640\" height=\"427\" srcset=\"https:\/\/balcilar-blog.com\/wp-content\/uploads\/2017\/03\/12-5.jpg 640w, https:\/\/balcilar-blog.com\/wp-content\/uploads\/2017\/03\/12-5-300x200.jpg 300w\" sizes=\"auto, (max-width: 640px) 100vw, 640px\" \/><\/p>\n<p><img loading=\"lazy\" decoding=\"async\" class=\"alignnone size-full wp-image-18526\" src=\"http:\/\/balcilar-blog.com\/wp-content\/uploads\/2017\/03\/12-2.jpg\" alt=\"12-2\" width=\"640\" height=\"427\" srcset=\"https:\/\/balcilar-blog.com\/wp-content\/uploads\/2017\/03\/12-2.jpg 640w, https:\/\/balcilar-blog.com\/wp-content\/uploads\/2017\/03\/12-2-300x200.jpg 300w\" sizes=\"auto, (max-width: 640px) 100vw, 640px\" \/><\/p>\n<p><img loading=\"lazy\" decoding=\"async\" class=\"alignnone size-full wp-image-18527\" src=\"http:\/\/balcilar-blog.com\/wp-content\/uploads\/2017\/03\/12-3.jpg\" alt=\"12-3\" width=\"631\" height=\"480\" srcset=\"https:\/\/balcilar-blog.com\/wp-content\/uploads\/2017\/03\/12-3.jpg 631w, https:\/\/balcilar-blog.com\/wp-content\/uploads\/2017\/03\/12-3-300x228.jpg 300w\" sizes=\"auto, (max-width: 631px) 100vw, 631px\" \/><\/p>\n<p><strong>Eski dosttan d\u00fc\u015fman olur mu?<\/strong><\/p>\n<p><img loading=\"lazy\" decoding=\"async\" class=\"alignnone size-full wp-image-18525\" src=\"http:\/\/balcilar-blog.com\/wp-content\/uploads\/2017\/03\/12-1.jpg\" alt=\"12-1\" width=\"640\" height=\"427\" srcset=\"https:\/\/balcilar-blog.com\/wp-content\/uploads\/2017\/03\/12-1.jpg 640w, https:\/\/balcilar-blog.com\/wp-content\/uploads\/2017\/03\/12-1-300x200.jpg 300w\" sizes=\"auto, (max-width: 640px) 100vw, 640px\" \/><\/p>\n<p>Derin, hayat\u0131n\u0131n y\u0131k\u0131m\u0131n\u0131 ya\u015fayan Asl\u0131\u2019n\u0131n yan\u0131nda olmak isteyecek. Ancak, ya\u015fad\u0131\u011f\u0131 zor g\u00fcnlerden Derin\u2019i sorumlu tutan Asl\u0131, kimseyi yan\u0131nda istemeyecek. B\u00f6l\u00fcmde ekrana gelecek flashback sahnesi, izleyicileri Derin ve Asl\u0131\u2019n\u0131n lise g\u00fcnlerine g\u00f6t\u00fcrecek.<\/p>\n<p><img loading=\"lazy\" decoding=\"async\" class=\"alignnone size-full wp-image-18531\" src=\"http:\/\/balcilar-blog.com\/wp-content\/uploads\/2017\/03\/12-7.jpg\" alt=\"12-7\" width=\"640\" height=\"360\" srcset=\"https:\/\/balcilar-blog.com\/wp-content\/uploads\/2017\/03\/12-7.jpg 640w, https:\/\/balcilar-blog.com\/wp-content\/uploads\/2017\/03\/12-7-300x169.jpg 300w\" sizes=\"auto, (max-width: 640px) 100vw, 640px\" \/><\/p>\n<p><img loading=\"lazy\" decoding=\"async\" class=\"alignnone size-full wp-image-18532\" src=\"http:\/\/balcilar-blog.com\/wp-content\/uploads\/2017\/03\/12-8.jpg\" alt=\"12-8\" width=\"640\" height=\"427\" srcset=\"https:\/\/balcilar-blog.com\/wp-content\/uploads\/2017\/03\/12-8.jpg 640w, https:\/\/balcilar-blog.com\/wp-content\/uploads\/2017\/03\/12-8-300x200.jpg 300w\" sizes=\"auto, (max-width: 640px) 100vw, 640px\" \/><\/p>\n<p><img loading=\"lazy\" decoding=\"async\" class=\"alignnone size-full wp-image-18530\" src=\"http:\/\/balcilar-blog.com\/wp-content\/uploads\/2017\/03\/12-6.jpg\" alt=\"12-6\" width=\"640\" height=\"427\" srcset=\"https:\/\/balcilar-blog.com\/wp-content\/uploads\/2017\/03\/12-6.jpg 640w, https:\/\/balcilar-blog.com\/wp-content\/uploads\/2017\/03\/12-6-300x200.jpg 300w\" sizes=\"auto, (max-width: 640px) 100vw, 640px\" \/><\/p>\n<p>\u2018Bu \u015eehir Arkandan Gelecek\u2019in merakla beklenen yeni b\u00f6l\u00fcm\u00fc 22 Mart \u00c7ar\u015famba (bu ak\u015fam) saat 20:00\u2019da Atv\u2019de ekranlara gelecek.<\/p>\n<p class=\"x_MsoNormal\" align=\"center\"><b>Fragman: <a href=\"https:\/\/www.youtube.com\/watch?v=7gu1F9mEans\" target=\"_blank\">https:\/\/www.youtube.com\/watch?v=7gu1F9mEans<\/a><\/b><\/p>\n<p>\u0130yi Seyirler.<\/p>\n<p>Sayg\u0131lar ve sevgiler.<\/p>\n<p>Abdurrahman Balc\u0131lar<\/p>\n<p>Twitter:\u00a0<a href=\"https:\/\/twitter.com\/abbalcilar\">abdurrahman balc\u0131lar<\/a><a href=\"https:\/\/twitter.com\/abbalcilar\"><strong>@abbalcilar<\/strong><\/a><\/p>\n<p>Mail :\u00a0<a href=\"mailto:ab.balcilar@hotmail.com\">ab.balcilar@hotmail.com<\/a><\/p>\n<p>Blog:\u00a0<a href=\"http:\/\/t.co\/znqmIZgIqn\">blog.milliyet.com.tr\/cansever<\/a><\/p>\n<p>Blog:\u00a0<strong>balcilar-blog.com<\/strong><\/p>\n<p>Not: Haber ve g\u00f6rseller Persona Sanat Bas\u0131n B\u00fclteni<\/p>\n","protected":false},"excerpt":{"rendered":"<p>Ay Yap\u0131m imzal\u0131 \u2018Bu \u015eehir Arkandan Gelecek\u2019in merakla beklenen yeni b\u00f6l\u00fcm\u00fcnde Ali, Derin\u2019in sald\u0131r\u0131ya u\u011framas\u0131ndan dolay\u0131 kendini su\u00e7layacak. Asl\u0131\u2019n\u0131n intihara te\u015febb\u00fcs\u00fc ise \u00e2\u015f\u0131klar\u0131 f\u0131rt\u0131nal\u0131 g\u00fcnlere s\u00fcr\u00fckleyecek. Kerem B\u00fcrsin,\u00a0Leyla Lydia Tu\u011futlu, G\u00fcrkan Uygun, Nilperi \u015eahinkaya, Osman Alka\u015f, Ali Y\u00f6ren\u00e7 ve Defne Kayalar\u2019\u0131n rol ald\u0131\u011f\u0131 \u2018Bu \u015eehir Arkandan Gelecek\u2019in yeni b\u00f6l\u00fcm\u00fcnde Ali, Derin\u2019in sald\u0131r\u0131ya u\u011framas\u0131ndan dolay\u0131 kendini [&hellip;]<\/p>\n","protected":false},"author":3,"featured_media":18528,"comment_status":"open","ping_status":"open","sticky":false,"template":"","format":"standard","meta":{"footnotes":""},"categories":[2],"tags":[48,1289,394,1312,673,745,1398],"class_list":["post-18524","post","type-post","status-publish","format-standard","has-post-thumbnail","hentry","category-tv-programlari","tag-atv","tag-bu-sehir-arkandan-gelecek","tag-defne-kayalar","tag-gurkan-uygun","tag-kerem-bursin","tag-leyla-lydia-tugutlu","tag-osman-alkas"],"views":3431,"blog_post_layout_featured_media_urls":{"thumbnail":["https:\/\/balcilar-blog.com\/wp-content\/uploads\/2017\/03\/12-4-150x150.jpg",150,150,true],"full":["https:\/\/balcilar-blog.com\/wp-content\/uploads\/2017\/03\/12-4.jpg",640,427,false]},"categories_names":{"2":{"name":"TV Programlar\u0131","link":"https:\/\/balcilar-blog.com\/?cat=2"}},"tags_names":{"48":{"name":"ATV","link":"https:\/\/balcilar-blog.com\/?tag=atv"},"1289":{"name":"Bu \u015eehir Arkandan Gelecek","link":"https:\/\/balcilar-blog.com\/?tag=bu-sehir-arkandan-gelecek"},"394":{"name":"Defne Kayalar","link":"https:\/\/balcilar-blog.com\/?tag=defne-kayalar"},"1312":{"name":"G\u00fcrkan Uygun","link":"https:\/\/balcilar-blog.com\/?tag=gurkan-uygun"},"673":{"name":"Kerem Bursin","link":"https:\/\/balcilar-blog.com\/?tag=kerem-bursin"},"745":{"name":"Leyla Lydia Tu\u011futlu","link":"https:\/\/balcilar-blog.com\/?tag=leyla-lydia-tugutlu"},"1398":{"name":"Osman Alka\u015f","link":"https:\/\/balcilar-blog.com\/?tag=osman-alkas"}},"comments_number":"0","wpmagazine_modules_lite_featured_media_urls":{"thumbnail":["https:\/\/balcilar-blog.com\/wp-content\/uploads\/2017\/03\/12-4-150x150.jpg",150,150,true],"cvmm-medium":["https:\/\/balcilar-blog.com\/wp-content\/uploads\/2017\/03\/12-4.jpg",300,200,false],"cvmm-medium-plus":["https:\/\/balcilar-blog.com\/wp-content\/uploads\/2017\/03\/12-4.jpg",305,203,false],"cvmm-portrait":["https:\/\/balcilar-blog.com\/wp-content\/uploads\/2017\/03\/12-4.jpg",400,267,false],"cvmm-medium-square":["https:\/\/balcilar-blog.com\/wp-content\/uploads\/2017\/03\/12-4.jpg",600,400,false],"cvmm-large":["https:\/\/balcilar-blog.com\/wp-content\/uploads\/2017\/03\/12-4.jpg",640,427,false],"cvmm-small":["https:\/\/balcilar-blog.com\/wp-content\/uploads\/2017\/03\/12-4.jpg",130,87,false],"full":["https:\/\/balcilar-blog.com\/wp-content\/uploads\/2017\/03\/12-4.jpg",640,427,false]},"_links":{"self":[{"href":"https:\/\/balcilar-blog.com\/index.php?rest_route=\/wp\/v2\/posts\/18524","targetHints":{"allow":["GET"]}}],"collection":[{"href":"https:\/\/balcilar-blog.com\/index.php?rest_route=\/wp\/v2\/posts"}],"about":[{"href":"https:\/\/balcilar-blog.com\/index.php?rest_route=\/wp\/v2\/types\/post"}],"author":[{"embeddable":true,"href":"https:\/\/balcilar-blog.com\/index.php?rest_route=\/wp\/v2\/users\/3"}],"replies":[{"embeddable":true,"href":"https:\/\/balcilar-blog.com\/index.php?rest_route=%2Fwp%2Fv2%2Fcomments&post=18524"}],"version-history":[{"count":3,"href":"https:\/\/balcilar-blog.com\/index.php?rest_route=\/wp\/v2\/posts\/18524\/revisions"}],"predecessor-version":[{"id":18535,"href":"https:\/\/balcilar-blog.com\/index.php?rest_route=\/wp\/v2\/posts\/18524\/revisions\/18535"}],"wp:featuredmedia":[{"embeddable":true,"href":"https:\/\/balcilar-blog.com\/index.php?rest_route=\/wp\/v2\/media\/18528"}],"wp:attachment":[{"href":"https:\/\/balcilar-blog.com\/index.php?rest_route=%2Fwp%2Fv2%2Fmedia&parent=18524"}],"wp:term":[{"taxonomy":"category","embeddable":true,"href":"https:\/\/balcilar-blog.com\/index.php?rest_route=%2Fwp%2Fv2%2Fcategories&post=18524"},{"taxonomy":"post_tag","embeddable":true,"href":"https:\/\/balcilar-blog.com\/index.php?rest_route=%2Fwp%2Fv2%2Ftags&post=18524"}],"curies":[{"name":"wp","href":"https:\/\/api.w.org\/{rel}","templated":true}]}}