{"id":18469,"date":"2017-03-20T16:51:16","date_gmt":"2017-03-20T13:51:16","guid":{"rendered":"http:\/\/balcilar-blog.com\/?p=18469"},"modified":"2017-03-20T19:49:23","modified_gmt":"2017-03-20T16:49:23","slug":"icerde-fusun-oglunun-polis-oldugunu-ogrendi-kudret-canli-canli-tabutta","status":"publish","type":"post","link":"https:\/\/balcilar-blog.com\/?p=18469","title":{"rendered":"\u0130\u00e7erde \/ F\u00fcsun o\u011flunun Polis oldu\u011funu \u00f6\u011frendi, Kudret canl\u0131 canl\u0131 tabutta!"},"content":{"rendered":"<p><img loading=\"lazy\" decoding=\"async\" class=\"alignnone size-full wp-image-18491\" src=\"http:\/\/balcilar-blog.com\/wp-content\/uploads\/2017\/03\/\u0130\u00c7ERDE-26.-B\u00d6L\u00dcM-5.jpg\" alt=\"\u0130\u00c7ERDE 26. B\u00d6L\u00dcM (5)\" width=\"640\" height=\"401\" srcset=\"https:\/\/balcilar-blog.com\/wp-content\/uploads\/2017\/03\/\u0130\u00c7ERDE-26.-B\u00d6L\u00dcM-5.jpg 640w, https:\/\/balcilar-blog.com\/wp-content\/uploads\/2017\/03\/\u0130\u00c7ERDE-26.-B\u00d6L\u00dcM-5-300x188.jpg 300w\" sizes=\"auto, (max-width: 640px) 100vw, 640px\" \/><\/p>\n<p><strong>F\u00dcSUN SARP&#8217;IN POL\u0130S OLDU\u011eUNU \u00d6\u011eREN\u0130YOR!<\/strong><\/p>\n<p><strong>\u0130\u00c7ERDE&#8217;DE SIRLAR A\u00c7I\u011eA \u00c7IKIYOR!<\/strong><\/p>\n<p>Ay Yap\u0131m imzal\u0131, ekranlar\u0131n reyting rekortmeni dizisi \u0130\u00e7erde&#8217;de bu hafta Sarp ve annesinin ya\u015fayaca\u011f\u0131 duygusal anlar ekrana gelecek. Yeni b\u00f6l\u00fcmde izleyicinin sab\u0131rs\u0131zl\u0131kla bekledi\u011fi o sahne ger\u00e7ekle\u015fecek. F\u00fcsun anne, o\u011flu Sarp&#8217;\u0131n hala gizli g\u00f6revde olan bir polis oldu\u011funu Yusuf M\u00fcd\u00fcr&#8217;den \u00f6\u011frenecek.<\/p>\n<p><strong>F\u00dcSUN ANNEN\u0130N G\u00d6ZYA\u015eLARI D\u0130NECEK M\u0130?<\/strong><\/p>\n<p>\u0130\u00e7erde&#8217;nin yay\u0131nland\u0131\u011f\u0131 ilk b\u00f6l\u00fcmden bu yana Sarp&#8217;\u0131n annesi F\u00fcsun&#8217;un g\u00f6zya\u015flar\u0131 ekran ba\u015f\u0131ndaki milyonlar\u0131 derinden etkiliyor. Polis Akademisi&#8217;nden mezun olaca\u011f\u0131 g\u00fcn o\u011flunun at\u0131ld\u0131\u011f\u0131n\u0131 \u00f6\u011frenen F\u00fcsun, Sarp&#8217;\u0131n Celal&#8217;in yan\u0131nda \u00e7al\u0131\u015fmaya ba\u015flamas\u0131yla b\u00fcy\u00fck bir y\u0131k\u0131m ya\u015fam\u0131\u015ft\u0131.<\/p>\n<p><img loading=\"lazy\" decoding=\"async\" class=\"alignnone size-full wp-image-18421\" src=\"http:\/\/balcilar-blog.com\/wp-content\/uploads\/2017\/03\/17361511_668800406638748_5073837816765950318_n.jpg\" alt=\"17361511_668800406638748_5073837816765950318_n\" width=\"640\" height=\"360\" srcset=\"https:\/\/balcilar-blog.com\/wp-content\/uploads\/2017\/03\/17361511_668800406638748_5073837816765950318_n.jpg 640w, https:\/\/balcilar-blog.com\/wp-content\/uploads\/2017\/03\/17361511_668800406638748_5073837816765950318_n-300x169.jpg 300w\" sizes=\"auto, (max-width: 640px) 100vw, 640px\" \/><\/p>\n<p>Annesine hala polis oldu\u011funu ve amac\u0131 kay\u0131p olan karde\u015fi Umut&#8217;u bulmak oldu\u011funu anlatamayan Sarp&#8217;\u0131n da i\u00e7ine d\u00fc\u015ft\u00fc\u011f\u00fc ve susmak zorunda kald\u0131\u011f\u0131 anlar izleyicinin unutamad\u0131\u011f\u0131 sahneler aras\u0131nda yer ald\u0131.<\/p>\n<p><img loading=\"lazy\" decoding=\"async\" class=\"alignnone size-full wp-image-18414\" src=\"http:\/\/balcilar-blog.com\/wp-content\/uploads\/2017\/03\/17342736_668800083305447_1958655548143701599_n.jpg\" alt=\"17342736_668800083305447_1958655548143701599_n\" width=\"640\" height=\"360\" srcset=\"https:\/\/balcilar-blog.com\/wp-content\/uploads\/2017\/03\/17342736_668800083305447_1958655548143701599_n.jpg 640w, https:\/\/balcilar-blog.com\/wp-content\/uploads\/2017\/03\/17342736_668800083305447_1958655548143701599_n-300x169.jpg 300w\" sizes=\"auto, (max-width: 640px) 100vw, 640px\" \/><\/p>\n<p>Yeni b\u00f6l\u00fcmde Celal&#8217;in tetik\u00e7isi olarak su\u00e7lanan Sarp&#8217;\u0131n hapishaneye girmesi F\u00fcsun i\u00e7in son nokta olacak. Ger\u00e7ekleri \u00f6\u011frenecek olan F\u00fcsun&#8217;u ve Sarp&#8217;\u0131 neler bekledi\u011fi yeni b\u00f6l\u00fcmde ekrana gelecek.<\/p>\n<p><img loading=\"lazy\" decoding=\"async\" class=\"alignnone size-full wp-image-18418\" src=\"http:\/\/balcilar-blog.com\/wp-content\/uploads\/2017\/03\/17352459_668800203305435_9043897783353562439_n.jpg\" alt=\"17352459_668800203305435_9043897783353562439_n\" width=\"640\" height=\"360\" srcset=\"https:\/\/balcilar-blog.com\/wp-content\/uploads\/2017\/03\/17352459_668800203305435_9043897783353562439_n.jpg 640w, https:\/\/balcilar-blog.com\/wp-content\/uploads\/2017\/03\/17352459_668800203305435_9043897783353562439_n-300x169.jpg 300w\" sizes=\"auto, (max-width: 640px) 100vw, 640px\" \/><\/p>\n<p>&nbsp;<\/p>\n<p><strong>B\u00d6YLE KAPI\u015eMA G\u00d6R\u00dcLMED\u0130!!!<\/strong><\/p>\n<p><strong>KUDRET CANLI CANLI TABUTTA!<\/strong><\/p>\n<p><img loading=\"lazy\" decoding=\"async\" class=\"alignnone size-full wp-image-18490\" src=\"http:\/\/balcilar-blog.com\/wp-content\/uploads\/2017\/03\/\u0130\u00c7ERDE-26.-B\u00d6L\u00dcM-6.jpg\" alt=\"\u0130\u00c7ERDE 26. B\u00d6L\u00dcM (6)\" width=\"640\" height=\"389\" srcset=\"https:\/\/balcilar-blog.com\/wp-content\/uploads\/2017\/03\/\u0130\u00c7ERDE-26.-B\u00d6L\u00dcM-6.jpg 640w, https:\/\/balcilar-blog.com\/wp-content\/uploads\/2017\/03\/\u0130\u00c7ERDE-26.-B\u00d6L\u00dcM-6-300x182.jpg 300w\" sizes=\"auto, (max-width: 640px) 100vw, 640px\" \/><\/p>\n<p>Dizinin yay\u0131nlanan yeni fragman\u0131nda Celal ve Kudret&#8217;in kap\u0131\u015fmas\u0131n\u0131n \u00e7ok sert ge\u00e7ece\u011fi ekrana geldi. Yay\u0131nlanan tan\u0131t\u0131mda Celal&#8217;in, Kudret&#8217;i canl\u0131 canl\u0131 tabuta koyarak, g\u00f6mmesi izleyenleri \u015foke etti.<\/p>\n<p><b>Fragman: <\/b><a href=\"https:\/\/www.youtube.com\/watch?v=_kjg3yrU0P4\" target=\"_blank\"><b>https:\/\/www.youtube.com\/watch?v=_kjg3yrU0P4<\/b><\/a><\/p>\n<p>Ba\u015frollerini; \u00c7a\u011fatay Ulusoy, Aras Bulut \u0130ynemli, \u00c7etin Tekindor, Bensu Soral ve U\u011fur Y\u00fccel&#8217;in oynad\u0131\u011f\u0131, \u0130\u00e7erde&#8217;nin b\u00fcy\u00fck bir merakla beklenen yeni b\u00f6l\u00fcm\u00fc <strong>20 Mart Pazartesi g\u00fcn\u00fc (bu ak\u015fam) saat 20:00&#8217;da Show TV&#8217;de ekrana gelecek.<\/strong><\/p>\n<p>Keyifli Seyirler.<\/p>\n<p>Sayg\u0131lar ve sevgiler.<\/p>\n<p>Abdurrahman Balc\u0131lar<\/p>\n<p>Twitter:\u00a0<a href=\"https:\/\/twitter.com\/abbalcilar\">abdurrahman balc\u0131lar<\/a><a href=\"https:\/\/twitter.com\/abbalcilar\"><strong>@abbalcilar<\/strong><\/a><\/p>\n<p>Mail :\u00a0<a href=\"mailto:ab.balcilar@hotmail.com\">ab.balcilar@hotmail.com<\/a><\/p>\n<p>Blog:\u00a0<a href=\"http:\/\/t.co\/znqmIZgIqn\">blog.milliyet.com.tr\/cansever<\/a><\/p>\n<p>Blog:\u00a0<strong>balcilar-blog.com<\/strong><\/p>\n<p>Not: Haber ve g\u00f6rseller Persona Sanat Bas\u0131n B\u00fclteni.<\/p>\n<p>&nbsp;<\/p>\n","protected":false},"excerpt":{"rendered":"<p>F\u00dcSUN SARP&#8217;IN POL\u0130S OLDU\u011eUNU \u00d6\u011eREN\u0130YOR! \u0130\u00c7ERDE&#8217;DE SIRLAR A\u00c7I\u011eA \u00c7IKIYOR! Ay Yap\u0131m imzal\u0131, ekranlar\u0131n reyting rekortmeni dizisi \u0130\u00e7erde&#8217;de bu hafta Sarp ve annesinin ya\u015fayaca\u011f\u0131 duygusal anlar ekrana gelecek. Yeni b\u00f6l\u00fcmde izleyicinin sab\u0131rs\u0131zl\u0131kla bekledi\u011fi o sahne ger\u00e7ekle\u015fecek. F\u00fcsun anne, o\u011flu Sarp&#8217;\u0131n hala gizli g\u00f6revde olan bir polis oldu\u011funu Yusuf M\u00fcd\u00fcr&#8217;den \u00f6\u011frenecek. F\u00dcSUN ANNEN\u0130N G\u00d6ZYA\u015eLARI D\u0130NECEK M\u0130? \u0130\u00e7erde&#8217;nin [&hellip;]<\/p>\n","protected":false},"author":3,"featured_media":18491,"comment_status":"open","ping_status":"open","sticky":false,"template":"","format":"standard","meta":{"footnotes":""},"categories":[2],"tags":[533,15,693,1219,35],"class_list":["post-18469","post","type-post","status-publish","format-standard","has-post-thumbnail","hentry","category-tv-programlari","tag-aras-bulut-iynemli","tag-cagatay-ulusoy","tag-cetin-tekindor","tag-icerde","tag-show-tv"],"views":2779,"blog_post_layout_featured_media_urls":{"thumbnail":["https:\/\/balcilar-blog.com\/wp-content\/uploads\/2017\/03\/\u0130\u00c7ERDE-26.-B\u00d6L\u00dcM-5-150x150.jpg",150,150,true],"full":["https:\/\/balcilar-blog.com\/wp-content\/uploads\/2017\/03\/\u0130\u00c7ERDE-26.-B\u00d6L\u00dcM-5.jpg",640,401,false]},"categories_names":{"2":{"name":"TV Programlar\u0131","link":"https:\/\/balcilar-blog.com\/?cat=2"}},"tags_names":{"533":{"name":"Aras Bulut \u0130ynemli","link":"https:\/\/balcilar-blog.com\/?tag=aras-bulut-iynemli"},"15":{"name":"\u00e7a\u011fatay ulusoy","link":"https:\/\/balcilar-blog.com\/?tag=cagatay-ulusoy"},"693":{"name":"\u00c7etin Tekindor","link":"https:\/\/balcilar-blog.com\/?tag=cetin-tekindor"},"1219":{"name":"\u0130\u00c7ERDE","link":"https:\/\/balcilar-blog.com\/?tag=icerde"},"35":{"name":"Show Tv","link":"https:\/\/balcilar-blog.com\/?tag=show-tv"}},"comments_number":"0","wpmagazine_modules_lite_featured_media_urls":{"thumbnail":["https:\/\/balcilar-blog.com\/wp-content\/uploads\/2017\/03\/\u0130\u00c7ERDE-26.-B\u00d6L\u00dcM-5-150x150.jpg",150,150,true],"cvmm-medium":["https:\/\/balcilar-blog.com\/wp-content\/uploads\/2017\/03\/\u0130\u00c7ERDE-26.-B\u00d6L\u00dcM-5.jpg",300,188,false],"cvmm-medium-plus":["https:\/\/balcilar-blog.com\/wp-content\/uploads\/2017\/03\/\u0130\u00c7ERDE-26.-B\u00d6L\u00dcM-5.jpg",305,191,false],"cvmm-portrait":["https:\/\/balcilar-blog.com\/wp-content\/uploads\/2017\/03\/\u0130\u00c7ERDE-26.-B\u00d6L\u00dcM-5.jpg",400,251,false],"cvmm-medium-square":["https:\/\/balcilar-blog.com\/wp-content\/uploads\/2017\/03\/\u0130\u00c7ERDE-26.-B\u00d6L\u00dcM-5.jpg",600,376,false],"cvmm-large":["https:\/\/balcilar-blog.com\/wp-content\/uploads\/2017\/03\/\u0130\u00c7ERDE-26.-B\u00d6L\u00dcM-5.jpg",640,401,false],"cvmm-small":["https:\/\/balcilar-blog.com\/wp-content\/uploads\/2017\/03\/\u0130\u00c7ERDE-26.-B\u00d6L\u00dcM-5.jpg",130,81,false],"full":["https:\/\/balcilar-blog.com\/wp-content\/uploads\/2017\/03\/\u0130\u00c7ERDE-26.-B\u00d6L\u00dcM-5.jpg",640,401,false]},"_links":{"self":[{"href":"https:\/\/balcilar-blog.com\/index.php?rest_route=\/wp\/v2\/posts\/18469","targetHints":{"allow":["GET"]}}],"collection":[{"href":"https:\/\/balcilar-blog.com\/index.php?rest_route=\/wp\/v2\/posts"}],"about":[{"href":"https:\/\/balcilar-blog.com\/index.php?rest_route=\/wp\/v2\/types\/post"}],"author":[{"embeddable":true,"href":"https:\/\/balcilar-blog.com\/index.php?rest_route=\/wp\/v2\/users\/3"}],"replies":[{"embeddable":true,"href":"https:\/\/balcilar-blog.com\/index.php?rest_route=%2Fwp%2Fv2%2Fcomments&post=18469"}],"version-history":[{"count":5,"href":"https:\/\/balcilar-blog.com\/index.php?rest_route=\/wp\/v2\/posts\/18469\/revisions"}],"predecessor-version":[{"id":18494,"href":"https:\/\/balcilar-blog.com\/index.php?rest_route=\/wp\/v2\/posts\/18469\/revisions\/18494"}],"wp:featuredmedia":[{"embeddable":true,"href":"https:\/\/balcilar-blog.com\/index.php?rest_route=\/wp\/v2\/media\/18491"}],"wp:attachment":[{"href":"https:\/\/balcilar-blog.com\/index.php?rest_route=%2Fwp%2Fv2%2Fmedia&parent=18469"}],"wp:term":[{"taxonomy":"category","embeddable":true,"href":"https:\/\/balcilar-blog.com\/index.php?rest_route=%2Fwp%2Fv2%2Fcategories&post=18469"},{"taxonomy":"post_tag","embeddable":true,"href":"https:\/\/balcilar-blog.com\/index.php?rest_route=%2Fwp%2Fv2%2Ftags&post=18469"}],"curies":[{"name":"wp","href":"https:\/\/api.w.org\/{rel}","templated":true}]}}