{"id":18460,"date":"2017-03-22T17:14:50","date_gmt":"2017-03-22T14:14:50","guid":{"rendered":"http:\/\/balcilar-blog.com\/?p=18460"},"modified":"2017-03-22T18:52:06","modified_gmt":"2017-03-22T15:52:06","slug":"hazal-kayanin-yeni-dizisi-utanmazlar-kadrosu-yavas-yavas-olusuyor","status":"publish","type":"post","link":"https:\/\/balcilar-blog.com\/?p=18460","title":{"rendered":"Hazal Kaya&#8217;n\u0131n yeni dizisi &#8220;Utanmazlar&#8221; kadrosu yava\u015f yava\u015f olu\u015fuyor!"},"content":{"rendered":"<p><img loading=\"lazy\" decoding=\"async\" class=\"alignnone size-full wp-image-18536\" src=\"http:\/\/balcilar-blog.com\/wp-content\/uploads\/2017\/03\/cats-UTANMAZLAR.jpg\" alt=\"cats UTANMAZLAR\" width=\"656\" height=\"780\" srcset=\"https:\/\/balcilar-blog.com\/wp-content\/uploads\/2017\/03\/cats-UTANMAZLAR.jpg 656w, https:\/\/balcilar-blog.com\/wp-content\/uploads\/2017\/03\/cats-UTANMAZLAR-252x300.jpg 252w\" sizes=\"auto, (max-width: 656px) 100vw, 656px\" \/><\/p>\n<p>Bir s\u00fcredir ekranlardan uzak olan <strong>Hazal Kaya<\/strong>, &#8216;<strong>Shameless<\/strong>&#8216; dizisinden uyarlanacak olan &#8220;<strong>Utanmazlar<\/strong>&#8221; adl\u0131 dizide rol alaca\u011f\u0131n\u0131 daha \u00f6nce duyurmu\u015ftum.<\/p>\n<p>Hazal Kaya&#8217;ya bu dizisinde e\u015flik edecek di\u011fer isimler de yava\u015f yava\u015f belli olmaya ba\u015flad\u0131.<\/p>\n<p>Son olarak &#8216;Poyraz Karayel&#8217; dizisinde Bahri Umman karakterini canland\u0131ran usta oyuncu <strong>Musa Uzunlar<\/strong>&#8216;\u0131n da &#8216;Utanmazlar&#8217;da rol alaca\u011f\u0131 belli olmu\u015ftur.<\/p>\n<p><strong>Musa Uzunlar<\/strong>, dizinin orijinal versiyonundaki <strong>Frankie Gallager<\/strong> isimli karakteri canland\u0131racak. \u00c7ok isabetli bir se\u00e7im oldu\u011funu s\u00f6yleyebiliriz.<\/p>\n<p><img loading=\"lazy\" decoding=\"async\" class=\"alignnone size-full wp-image-18462\" src=\"http:\/\/balcilar-blog.com\/wp-content\/uploads\/2017\/03\/C7F9r6AVwAEjqDJ.jpg\" alt=\"C7F9r6AVwAEjqDJ\" width=\"640\" height=\"398\" srcset=\"https:\/\/balcilar-blog.com\/wp-content\/uploads\/2017\/03\/C7F9r6AVwAEjqDJ.jpg 640w, https:\/\/balcilar-blog.com\/wp-content\/uploads\/2017\/03\/C7F9r6AVwAEjqDJ-300x187.jpg 300w\" sizes=\"auto, (max-width: 640px) 100vw, 640px\" \/><\/p>\n<p>Hazal Kaya&#8217;n\u0131n sevgilisi, &#8220;<strong>Jimmty Lisman<\/strong>&#8221; karakterini canland\u0131racak isim hen\u00fcz belli de\u011fil. Daha \u00f6nce Serkan \u00c7ayo\u011flu&#8217;nun ismi ge\u00e7iyordu. Ama hen\u00fcz kesinlik kazanm\u0131\u015f de\u011fil.<\/p>\n<p><img loading=\"lazy\" decoding=\"async\" class=\"alignnone size-full wp-image-18537\" src=\"http:\/\/balcilar-blog.com\/wp-content\/uploads\/2017\/03\/a_5205_1-serkan-\u00e7ayo\u011flu.jpg\" alt=\"a_5205_1 serkan \u00e7ayo\u011flu\" width=\"640\" height=\"410\" srcset=\"https:\/\/balcilar-blog.com\/wp-content\/uploads\/2017\/03\/a_5205_1-serkan-\u00e7ayo\u011flu.jpg 640w, https:\/\/balcilar-blog.com\/wp-content\/uploads\/2017\/03\/a_5205_1-serkan-\u00e7ayo\u011flu-300x192.jpg 300w\" sizes=\"auto, (max-width: 640px) 100vw, 640px\" \/><\/p>\n<p>&#8220;<strong>Ad\u0131n\u0131 Feriha Koydum<\/strong>&#8221; dizisinde Hazal Kaya ile unutulmaz bir i\u015f \u00e7\u0131kartan \u00c7a\u011fatay Ulusoy&#8217;un da ad\u0131 telaffuz ediliyor. Ulusoy, \u015fu s\u0131ralarda Show Tv&#8217;de &#8220;<strong>\u0130\u00e7erde<\/strong>&#8221; dizisinde Sarp karakterini oynuyor. Dizisi kendi g\u00fcn\u00fcnde ilk s\u0131rada, haftan\u0131n dizilerinde de 2.s\u0131rada yer al\u0131yor. Dizi \u015fayet planland\u0131\u011f\u0131 gibi bir sezonda biterse, pekala Eyl\u00fcl ay\u0131nda bu dizide oynayabilir.<\/p>\n<p><strong>\u0130\u015fte \u00c7a\u011fatay Ulusoy ile ilgili (Temenni de olsa) yaz\u0131lan bir haber:<\/strong><\/p>\n<p><img loading=\"lazy\" decoding=\"async\" class=\"alignnone size-full wp-image-18463\" src=\"http:\/\/balcilar-blog.com\/wp-content\/uploads\/2017\/03\/C7JfvteXgAQP4-6.jpg\" alt=\"C7JfvteXgAQP4-6\" width=\"601\" height=\"480\" srcset=\"https:\/\/balcilar-blog.com\/wp-content\/uploads\/2017\/03\/C7JfvteXgAQP4-6.jpg 601w, https:\/\/balcilar-blog.com\/wp-content\/uploads\/2017\/03\/C7JfvteXgAQP4-6-300x240.jpg 300w\" sizes=\"auto, (max-width: 601px) 100vw, 601px\" \/><\/p>\n<p><img loading=\"lazy\" decoding=\"async\" class=\"alignnone size-full wp-image-18544\" src=\"http:\/\/balcilar-blog.com\/wp-content\/uploads\/2017\/03\/Steve-Jimmy-Jack-Lishman.jpg\" alt=\"Steve-Jimmy-Jack-Lishman\" width=\"640\" height=\"371\" srcset=\"https:\/\/balcilar-blog.com\/wp-content\/uploads\/2017\/03\/Steve-Jimmy-Jack-Lishman.jpg 640w, https:\/\/balcilar-blog.com\/wp-content\/uploads\/2017\/03\/Steve-Jimmy-Jack-Lishman-300x174.jpg 300w\" sizes=\"auto, (max-width: 640px) 100vw, 640px\" \/><\/p>\n<p><strong>Steve &#8211; (Jimmty Lishman)<\/strong> karakterini oynayacak \u00fc\u00e7\u00fcnc\u00fc bir isim de, &#8220;A\u015fk Laftan Anlamaz&#8221; dizisinde yer alan <strong>Burak Deniz<\/strong>&#8216;in ismi ge\u00e7iyor.<\/p>\n<p><img loading=\"lazy\" decoding=\"async\" class=\"alignnone size-full wp-image-18461\" src=\"http:\/\/balcilar-blog.com\/wp-content\/uploads\/2017\/03\/C6-JY_2WwAElOU3.jpg\" alt=\"C6-JY_2WwAElOU3\" width=\"604\" height=\"480\" srcset=\"https:\/\/balcilar-blog.com\/wp-content\/uploads\/2017\/03\/C6-JY_2WwAElOU3.jpg 604w, https:\/\/balcilar-blog.com\/wp-content\/uploads\/2017\/03\/C6-JY_2WwAElOU3-300x238.jpg 300w\" sizes=\"auto, (max-width: 604px) 100vw, 604px\" \/><\/p>\n<p>Hazal Kaya ile ba\u015frol\u00fc oynayacak oyuncunun \u00e7ok \u00f6nemli oldu\u011funu burada vurgulamak isterim.<\/p>\n<p><img loading=\"lazy\" decoding=\"async\" class=\"alignnone size-full wp-image-18541\" src=\"http:\/\/balcilar-blog.com\/wp-content\/uploads\/2017\/03\/images-seren-\u015firince.jpg\" alt=\"images seren \u015firince\" width=\"640\" height=\"361\" srcset=\"https:\/\/balcilar-blog.com\/wp-content\/uploads\/2017\/03\/images-seren-\u015firince.jpg 640w, https:\/\/balcilar-blog.com\/wp-content\/uploads\/2017\/03\/images-seren-\u015firince-300x169.jpg 300w\" sizes=\"auto, (max-width: 640px) 100vw, 640px\" \/><\/p>\n<p>Hazal Kaya&#8217;n\u0131n k\u0131z karde\u015flerinden birini, <strong>\u0130li\u015fki Durumu Kar\u0131\u015f\u0131k<\/strong> dizisinin Ay\u015feg\u00fcl&#8217;\u00fc: <strong>Seren \u015eirince<\/strong> oynayaca\u011f\u0131 s\u00f6ylenmi\u015fti. \u015eimdilik bir netlik yok. Di\u011fer k\u0131z ve erkek karde\u015fler de s\u0131ras\u0131yla belirlenecektir.<\/p>\n<p><img loading=\"lazy\" decoding=\"async\" class=\"alignnone size-full wp-image-18538\" src=\"http:\/\/balcilar-blog.com\/wp-content\/uploads\/2017\/03\/hazalkaya13.jpg\" alt=\"hazalkaya13\" width=\"599\" height=\"480\" srcset=\"https:\/\/balcilar-blog.com\/wp-content\/uploads\/2017\/03\/hazalkaya13.jpg 599w, https:\/\/balcilar-blog.com\/wp-content\/uploads\/2017\/03\/hazalkaya13-300x240.jpg 300w\" sizes=\"auto, (max-width: 599px) 100vw, 599px\" \/><\/p>\n<p>\u2018<strong>Umutsuz Ev Kad\u0131nlar\u0131<\/strong>&#8216;n\u0131n senaristi <strong>Meryem G\u00fcr<\/strong>&#8216;\u00fcn kaleme alaca\u011f\u0131 dizide dizide Hazal Kaya, &#8216;<strong>Fiona Gallagher<\/strong>&#8216; karakterini hayat verece\u011fini zaten biliyoruz. Karde\u015flerin en b\u00fcy\u00fc\u011f\u00fc olan Fiona Gallagher, fedakar ve belay\u0131 \u00fcst\u00fcne \u00e7eken bir karakter olarak dizide yer alacak.<\/p>\n<p>Merakla beklenen yeni dizisinin ortak yap\u0131mc\u0131lar\u0131ndan biri Ye\u015fil\u00e7am&#8217;\u0131n unutulmaz oyuncusu <strong>T\u00fcrkan \u015eoray<\/strong>&#8216;\u0131n k\u0131z\u0131 Ya\u011fmur \u00dcnal&#8217;\u0131n, bir iki y\u0131ld\u0131r oyunculu\u011fun yan\u0131 s\u0131ra yap\u0131mc\u0131l\u0131\u011fa \u00f6zendi\u011fi ve \u2018<strong>Uzaklarda Arama<\/strong>\u2019 adl\u0131 bir sinema filmi \u00e7eken <strong>Ya\u011fmur \u00dcnal<\/strong> bu dizide, Medyap\u0131m&#8217;\u0131n orta\u011f\u0131 olacakm\u0131\u015f.<\/p>\n<p>&nbsp;<\/p>\n<p><strong>Shameless&#8217;in konusu k\u0131saca \u015f\u00f6yle:<\/strong><\/p>\n<p><img loading=\"lazy\" decoding=\"async\" class=\"alignnone size-full wp-image-18539\" src=\"http:\/\/balcilar-blog.com\/wp-content\/uploads\/2017\/03\/Shameless.jpg\" alt=\"Shameless\" width=\"640\" height=\"308\" srcset=\"https:\/\/balcilar-blog.com\/wp-content\/uploads\/2017\/03\/Shameless.jpg 640w, https:\/\/balcilar-blog.com\/wp-content\/uploads\/2017\/03\/Shameless-300x144.jpg 300w\" sizes=\"auto, (max-width: 640px) 100vw, 640px\" \/><\/p>\n<p>Chicago\u2019nun varo\u015f bir semtinde ge\u00e7en dizi; alt\u0131 \u00e7ocuk ve bir babadan olu\u015fan Gallagher ailesinin zaman zaman komik, \u00e7o\u011fu zamansa y\u00fcrekleri burkan hayatlar\u0131n\u0131 anlat\u0131lmaktad\u0131r. Evin reisi olan Frank Gallagher (William H. Macy) sahtekar, alkolik ve utanmaz bir babad\u0131r. Fiona Gallagher (Emmy Rossum) ise karde\u015flerin en b\u00fcy\u00fc\u011f\u00fc, fedak\u00e2r bir o kadar da belay\u0131 \u00fcst\u00fcne \u00e7eken karakter. Dizide ailenin ve her bireyin kendi i\u00e7inde ya\u015fad\u0131\u011f\u0131 maceralar anlat\u0131lmaktad\u0131r. Cinsellik, e\u015fcinsellik, alkol, uyu\u015fturucu ve benzeri \u00f6\u011felere sahiptir.<\/p>\n<p>Dizi \u015fimdilik yeni sezon Eyl\u00fcl 2017&#8217;de ekranlara gelece\u011fi s\u00f6yleniyor. Yay\u0131nc\u0131 kanal olarak da Fox Tv&#8217;nin ad\u0131 ge\u00e7iyor.<\/p>\n<p>Bilgiler netle\u015ftik\u00e7e, Hazal Kaya sevenlerine blog sayfam\u0131zdan duyuraca\u011f\u0131m.<\/p>\n<p>Hazal Kaya&#8217;n\u0131n ba\u015f rol\u00fc oynayaca\u011f\u0131 Utanmazlar dizisi ad\u0131 gibi \u00e7ok ses getirece\u011fini tahmin ediyor, \u015fimdiden ba\u015far\u0131lar ve de uzun soluklu olmas\u0131n\u0131 diliyorum.<\/p>\n<p>&nbsp;<\/p>\n<p>Sayg\u0131lar ve sevgiler.<\/p>\n<p>Abdurrahman Balc\u0131lar<\/p>\n<p>Twitter:\u00a0<a href=\"https:\/\/twitter.com\/abbalcilar\">abdurrahman balc\u0131lar<\/a><a href=\"https:\/\/twitter.com\/abbalcilar\"><strong>@abbalcilar<\/strong><\/a><\/p>\n<p>Mail :\u00a0<a href=\"mailto:ab.balcilar@hotmail.com\">ab.balcilar@hotmail.com<\/a><\/p>\n<p>Blog:\u00a0<a href=\"http:\/\/t.co\/znqmIZgIqn\">blog.milliyet.com.tr\/cansever<\/a><\/p>\n<p>Blog:\u00a0<strong>balcilar-blog.com<\/strong><\/p>\n<p>&nbsp;<\/p>\n","protected":false},"excerpt":{"rendered":"<p>Bir s\u00fcredir ekranlardan uzak olan Hazal Kaya, &#8216;Shameless&#8216; dizisinden uyarlanacak olan &#8220;Utanmazlar&#8221; adl\u0131 dizide rol alaca\u011f\u0131n\u0131 daha \u00f6nce duyurmu\u015ftum. Hazal Kaya&#8217;ya bu dizisinde e\u015flik edecek di\u011fer isimler de yava\u015f yava\u015f belli olmaya ba\u015flad\u0131. Son olarak &#8216;Poyraz Karayel&#8217; dizisinde Bahri Umman karakterini canland\u0131ran usta oyuncu Musa Uzunlar&#8216;\u0131n da &#8216;Utanmazlar&#8217;da rol alaca\u011f\u0131 belli olmu\u015ftur. Musa Uzunlar, dizinin [&hellip;]<\/p>\n","protected":false},"author":3,"featured_media":18536,"comment_status":"open","ping_status":"open","sticky":false,"template":"","format":"standard","meta":{"footnotes":""},"categories":[2],"tags":[654,15,129,19,514,930,1399,523,1325,1392,742],"class_list":["post-18460","post","type-post","status-publish","format-standard","has-post-thumbnail","hentry","category-tv-programlari","tag-burak-deniz","tag-cagatay-ulusoy","tag-fox-tv","tag-hazal-kaya","tag-medyapim","tag-meryem-gur","tag-musa-uzunlar","tag-serkan-cayoglu","tag-shameless","tag-utanmazlar","tag-yagmur-unal"],"views":4995,"blog_post_layout_featured_media_urls":{"thumbnail":["https:\/\/balcilar-blog.com\/wp-content\/uploads\/2017\/03\/cats-UTANMAZLAR-150x150.jpg",150,150,true],"full":["https:\/\/balcilar-blog.com\/wp-content\/uploads\/2017\/03\/cats-UTANMAZLAR.jpg",656,780,false]},"categories_names":{"2":{"name":"TV Programlar\u0131","link":"https:\/\/balcilar-blog.com\/?cat=2"}},"tags_names":{"654":{"name":"Burak Deniz","link":"https:\/\/balcilar-blog.com\/?tag=burak-deniz"},"15":{"name":"\u00e7a\u011fatay ulusoy","link":"https:\/\/balcilar-blog.com\/?tag=cagatay-ulusoy"},"129":{"name":"Fox Tv","link":"https:\/\/balcilar-blog.com\/?tag=fox-tv"},"19":{"name":"Hazal Kaya","link":"https:\/\/balcilar-blog.com\/?tag=hazal-kaya"},"514":{"name":"Medyap\u0131m","link":"https:\/\/balcilar-blog.com\/?tag=medyapim"},"930":{"name":"Meryem G\u00fcr","link":"https:\/\/balcilar-blog.com\/?tag=meryem-gur"},"1399":{"name":"Musa Uzunlar","link":"https:\/\/balcilar-blog.com\/?tag=musa-uzunlar"},"523":{"name":"Serkan \u00c7ayo\u011flu","link":"https:\/\/balcilar-blog.com\/?tag=serkan-cayoglu"},"1325":{"name":"Shameless","link":"https:\/\/balcilar-blog.com\/?tag=shameless"},"1392":{"name":"Utanmazlar","link":"https:\/\/balcilar-blog.com\/?tag=utanmazlar"},"742":{"name":"Ya\u011fmur \u00fcnal","link":"https:\/\/balcilar-blog.com\/?tag=yagmur-unal"}},"comments_number":"0","wpmagazine_modules_lite_featured_media_urls":{"thumbnail":["https:\/\/balcilar-blog.com\/wp-content\/uploads\/2017\/03\/cats-UTANMAZLAR-150x150.jpg",150,150,true],"cvmm-medium":["https:\/\/balcilar-blog.com\/wp-content\/uploads\/2017\/03\/cats-UTANMAZLAR.jpg",252,300,false],"cvmm-medium-plus":["https:\/\/balcilar-blog.com\/wp-content\/uploads\/2017\/03\/cats-UTANMAZLAR.jpg",174,207,false],"cvmm-portrait":["https:\/\/balcilar-blog.com\/wp-content\/uploads\/2017\/03\/cats-UTANMAZLAR.jpg",400,476,false],"cvmm-medium-square":["https:\/\/balcilar-blog.com\/wp-content\/uploads\/2017\/03\/cats-UTANMAZLAR.jpg",505,600,false],"cvmm-large":["https:\/\/balcilar-blog.com\/wp-content\/uploads\/2017\/03\/cats-UTANMAZLAR.jpg",656,780,false],"cvmm-small":["https:\/\/balcilar-blog.com\/wp-content\/uploads\/2017\/03\/cats-UTANMAZLAR.jpg",80,95,false],"full":["https:\/\/balcilar-blog.com\/wp-content\/uploads\/2017\/03\/cats-UTANMAZLAR.jpg",656,780,false]},"_links":{"self":[{"href":"https:\/\/balcilar-blog.com\/index.php?rest_route=\/wp\/v2\/posts\/18460","targetHints":{"allow":["GET"]}}],"collection":[{"href":"https:\/\/balcilar-blog.com\/index.php?rest_route=\/wp\/v2\/posts"}],"about":[{"href":"https:\/\/balcilar-blog.com\/index.php?rest_route=\/wp\/v2\/types\/post"}],"author":[{"embeddable":true,"href":"https:\/\/balcilar-blog.com\/index.php?rest_route=\/wp\/v2\/users\/3"}],"replies":[{"embeddable":true,"href":"https:\/\/balcilar-blog.com\/index.php?rest_route=%2Fwp%2Fv2%2Fcomments&post=18460"}],"version-history":[{"count":5,"href":"https:\/\/balcilar-blog.com\/index.php?rest_route=\/wp\/v2\/posts\/18460\/revisions"}],"predecessor-version":[{"id":18545,"href":"https:\/\/balcilar-blog.com\/index.php?rest_route=\/wp\/v2\/posts\/18460\/revisions\/18545"}],"wp:featuredmedia":[{"embeddable":true,"href":"https:\/\/balcilar-blog.com\/index.php?rest_route=\/wp\/v2\/media\/18536"}],"wp:attachment":[{"href":"https:\/\/balcilar-blog.com\/index.php?rest_route=%2Fwp%2Fv2%2Fmedia&parent=18460"}],"wp:term":[{"taxonomy":"category","embeddable":true,"href":"https:\/\/balcilar-blog.com\/index.php?rest_route=%2Fwp%2Fv2%2Fcategories&post=18460"},{"taxonomy":"post_tag","embeddable":true,"href":"https:\/\/balcilar-blog.com\/index.php?rest_route=%2Fwp%2Fv2%2Ftags&post=18460"}],"curies":[{"name":"wp","href":"https:\/\/api.w.org\/{rel}","templated":true}]}}