{"id":18391,"date":"2017-03-17T13:04:44","date_gmt":"2017-03-17T10:04:44","guid":{"rendered":"http:\/\/balcilar-blog.com\/?p=18391"},"modified":"2017-03-17T21:45:56","modified_gmt":"2017-03-17T18:45:56","slug":"icerde-odul-toplamaya-devam-ediyor","status":"publish","type":"post","link":"https:\/\/balcilar-blog.com\/?p=18391","title":{"rendered":"\u0130\u00e7erde, \u00d6d\u00fcl toplamaya devam ediyor!"},"content":{"rendered":"<p><img loading=\"lazy\" decoding=\"async\" class=\"alignnone size-full wp-image-18396\" src=\"http:\/\/balcilar-blog.com\/wp-content\/uploads\/2017\/03\/C63kVClWsAAUViC.jpg\" alt=\"C63kVClWsAAUViC\" width=\"480\" height=\"480\" srcset=\"https:\/\/balcilar-blog.com\/wp-content\/uploads\/2017\/03\/C63kVClWsAAUViC.jpg 480w, https:\/\/balcilar-blog.com\/wp-content\/uploads\/2017\/03\/C63kVClWsAAUViC-150x150.jpg 150w, https:\/\/balcilar-blog.com\/wp-content\/uploads\/2017\/03\/C63kVClWsAAUViC-300x300.jpg 300w\" sizes=\"auto, (max-width: 480px) 100vw, 480px\" \/><\/p>\n<p><strong>\u0130stanbul Geli\u015fim \u00dcniversitesi<\/strong>&#8216;nin <strong>6. Medya \u00d6d\u00fclleri<\/strong> sahiplerini buldu. 23 bin \u00f6\u011frencinin oylar\u0131yla belirlenen 6. Medya \u00d6d\u00fclleri da\u011f\u0131t\u0131ld\u0131. Y\u0131l\u0131n En \u0130yi Dizisi \u00f6d\u00fcl\u00fc: <strong>\u0130\u00c7ERDE<\/strong>&#8216;ye verildi.<\/p>\n<p>\u00d6nceki ak\u015fam da\u011f\u0131t\u0131lan \u00f6d\u00fcl t\u00f6renine, \u0130\u00e7erde&#8217;nin ba\u015f rol oyuncular\u0131 <strong>\u00c7a\u011fatay Ulusoy<\/strong>, <strong>Aras Bulut \u0130ynemli<\/strong> ve <strong>Bensu Soral<\/strong> birlikte haz\u0131rlad\u0131klar\u0131 k\u0131sa bir te\u015fekk\u00fcr videosu g\u00f6nderdiler.<\/p>\n<p>Ayn\u0131 gecede <strong>Toygar I\u015f\u0131kl\u0131<\/strong>&#8216;y\u0131 da \u0130\u00e7erde dizisindeki m\u00fcziklerinden dolay\u0131 En \u0130yi Dizi M\u00fczi\u011fi \u00f6d\u00fcl\u00fcne lay\u0131k g\u00f6r\u00fclm\u00fc\u015ft\u00fcr.<\/p>\n<p>Y\u0131l\u0131n En \u0130yi Dizisi: <strong>\u0130\u00c7ERDE<\/strong><\/p>\n<p><img loading=\"lazy\" decoding=\"async\" class=\"alignnone size-full wp-image-18396\" src=\"http:\/\/balcilar-blog.com\/wp-content\/uploads\/2017\/03\/C63kVClWsAAUViC.jpg\" alt=\"C63kVClWsAAUViC\" width=\"480\" height=\"480\" srcset=\"https:\/\/balcilar-blog.com\/wp-content\/uploads\/2017\/03\/C63kVClWsAAUViC.jpg 480w, https:\/\/balcilar-blog.com\/wp-content\/uploads\/2017\/03\/C63kVClWsAAUViC-150x150.jpg 150w, https:\/\/balcilar-blog.com\/wp-content\/uploads\/2017\/03\/C63kVClWsAAUViC-300x300.jpg 300w\" sizes=\"auto, (max-width: 480px) 100vw, 480px\" \/><\/p>\n<p>Y\u0131l\u0131n En \u0130yi Dizi M\u00fczi\u011fi : TOYGAR I\u015eIKLI (\u0130\u00e7erde)<\/p>\n<p><img loading=\"lazy\" decoding=\"async\" class=\"alignnone size-full wp-image-18395\" src=\"http:\/\/balcilar-blog.com\/wp-content\/uploads\/2017\/03\/C63f8NxWwAEKsxU.jpg\" alt=\"C63f8NxWwAEKsxU\" width=\"336\" height=\"336\" srcset=\"https:\/\/balcilar-blog.com\/wp-content\/uploads\/2017\/03\/C63f8NxWwAEKsxU.jpg 336w, https:\/\/balcilar-blog.com\/wp-content\/uploads\/2017\/03\/C63f8NxWwAEKsxU-150x150.jpg 150w, https:\/\/balcilar-blog.com\/wp-content\/uploads\/2017\/03\/C63f8NxWwAEKsxU-300x300.jpg 300w\" sizes=\"auto, (max-width: 336px) 100vw, 336px\" \/><\/p>\n<p>&nbsp;<\/p>\n<p>Y\u0131l\u0131n En \u0130yi Erkek Dizi Oyuncusu: <strong>Furkan Palal\u0131<\/strong> (No:309)<\/p>\n<p><img loading=\"lazy\" decoding=\"async\" class=\"alignnone size-full wp-image-18398\" src=\"http:\/\/balcilar-blog.com\/wp-content\/uploads\/2017\/03\/C69dgR_XEAAZ6xz.jpg\" alt=\"C69dgR_XEAAZ6xz\" width=\"336\" height=\"336\" srcset=\"https:\/\/balcilar-blog.com\/wp-content\/uploads\/2017\/03\/C69dgR_XEAAZ6xz.jpg 336w, https:\/\/balcilar-blog.com\/wp-content\/uploads\/2017\/03\/C69dgR_XEAAZ6xz-150x150.jpg 150w, https:\/\/balcilar-blog.com\/wp-content\/uploads\/2017\/03\/C69dgR_XEAAZ6xz-300x300.jpg 300w\" sizes=\"auto, (max-width: 336px) 100vw, 336px\" \/><\/p>\n<p>&nbsp;<\/p>\n<p>Y\u0131l\u0131n En \u0130yi Kad\u0131n Dizi Oyucusu: <strong>Demet \u00d6zdemir <\/strong>(\u00c7ilek Kokusu)<\/p>\n<p><img loading=\"lazy\" decoding=\"async\" class=\"alignnone size-full wp-image-18397\" src=\"http:\/\/balcilar-blog.com\/wp-content\/uploads\/2017\/03\/C69bXHvWYAEpri6.jpg\" alt=\"C69bXHvWYAEpri6\" width=\"336\" height=\"336\" srcset=\"https:\/\/balcilar-blog.com\/wp-content\/uploads\/2017\/03\/C69bXHvWYAEpri6.jpg 336w, https:\/\/balcilar-blog.com\/wp-content\/uploads\/2017\/03\/C69bXHvWYAEpri6-150x150.jpg 150w, https:\/\/balcilar-blog.com\/wp-content\/uploads\/2017\/03\/C69bXHvWYAEpri6-300x300.jpg 300w\" sizes=\"auto, (max-width: 336px) 100vw, 336px\" \/><\/p>\n<p>&nbsp;<\/p>\n<p>Y\u0131l\u0131n En \u0130yi Komedi Erkek Oyuncusu: <strong>Bu\u011fra G\u00fclsoy <\/strong>(A\u015fk Yeniden)<\/p>\n<p><img loading=\"lazy\" decoding=\"async\" class=\"alignnone size-full wp-image-18392\" src=\"http:\/\/balcilar-blog.com\/wp-content\/uploads\/2017\/03\/C683nMXWYAEbcMw.jpg\" alt=\"C683nMXWYAEbcMw\" width=\"336\" height=\"336\" srcset=\"https:\/\/balcilar-blog.com\/wp-content\/uploads\/2017\/03\/C683nMXWYAEbcMw.jpg 336w, https:\/\/balcilar-blog.com\/wp-content\/uploads\/2017\/03\/C683nMXWYAEbcMw-150x150.jpg 150w, https:\/\/balcilar-blog.com\/wp-content\/uploads\/2017\/03\/C683nMXWYAEbcMw-300x300.jpg 300w\" sizes=\"auto, (max-width: 336px) 100vw, 336px\" \/><\/p>\n<p>&nbsp;<\/p>\n<p>T\u00fcrk Sinemas\u0131 &#8211; Ye\u015fil\u00e7am&#8217;\u0131n usta oyuncular\u0131ndan H\u00fclya Ko\u00e7yi\u011fit&#8217;e &#8220;Ya\u015fam Boyu Onur \u00d6d\u00fcl\u00fc&#8221; verilmi\u015ftir.<\/p>\n<p><img loading=\"lazy\" decoding=\"async\" class=\"alignnone size-full wp-image-18393\" src=\"http:\/\/balcilar-blog.com\/wp-content\/uploads\/2017\/03\/C7Cg-mrW0AAvPgr.jpg\" alt=\"C7Cg-mrW0AAvPgr\" width=\"336\" height=\"448\" srcset=\"https:\/\/balcilar-blog.com\/wp-content\/uploads\/2017\/03\/C7Cg-mrW0AAvPgr.jpg 336w, https:\/\/balcilar-blog.com\/wp-content\/uploads\/2017\/03\/C7Cg-mrW0AAvPgr-225x300.jpg 225w\" sizes=\"auto, (max-width: 336px) 100vw, 336px\" \/><\/p>\n<p><strong>\u00d6d\u00fcl Alanlar En \u0130yiler:<\/strong><\/p>\n<p>Star TV, CNN T\u00fcrk, G\u00f6zde Atasoy K\u00f6k\u00e7\u00fc, Cem \u00d6\u011fretir, Kahvalt\u0131 Haberleri, Cumartesi &amp; Pazar S\u00fcrprizi, Nursel&#8217;in Evi, Stadyum, Do\u011frudan Siyaset, Ya\u015fas\u0131n Hayat, Habert\u00fcrk, \u00d6zge Mayetin, Renkli Sayfalar, Esra Erol&#8217;da, Pelin \u00c7ift ile G\u00fcndem \u00d6tesi, Adem Metan Show, \u0130rem Sak, Bu\u011fra G\u00fclsoy, Harun Kol\u00e7ak, Grup 27, Berkay, Nihat Odaba\u015f\u0131, Simge, Derya Ulu\u011f, An\u0131l Durmu\u015f, Eypio &amp; Burak King, Atiye, Serkan Kaya, \u00d6yk\u00fc G\u00fcrman, \u0130\u00e7erde, Toygar I\u015f\u0131kl\u0131, S\u0131f\u0131r Bir, Demet \u00d6zdemir, Furkan Palal\u0131, Nazl\u0131 Kar, Kerem Poyraz, Da\u011f 2, Kerem Kobanbay, Dost Elver, Lavinya \u00dcnl\u00fcer ve Alp \u00d6zer \u00e7e\u015fitli kategorilerde \u00f6d\u00fcl ald\u0131lar.<\/p>\n<p><img loading=\"lazy\" decoding=\"async\" class=\"alignnone size-full wp-image-18394\" src=\"http:\/\/balcilar-blog.com\/wp-content\/uploads\/2017\/03\/C7DLW-eWYAEhMf9.jpg\" alt=\"C7DLW-eWYAEhMf9\" width=\"480\" height=\"480\" srcset=\"https:\/\/balcilar-blog.com\/wp-content\/uploads\/2017\/03\/C7DLW-eWYAEhMf9.jpg 480w, https:\/\/balcilar-blog.com\/wp-content\/uploads\/2017\/03\/C7DLW-eWYAEhMf9-150x150.jpg 150w, https:\/\/balcilar-blog.com\/wp-content\/uploads\/2017\/03\/C7DLW-eWYAEhMf9-300x300.jpg 300w\" sizes=\"auto, (max-width: 480px) 100vw, 480px\" \/><\/p>\n<p>Daha \u00f6nceki bir Blog yaz\u0131mda belirtti\u011fim gibi; \u00a0(http:\/\/balcilar-blog.com\/?p=18391)<\/p>\n<p><strong>\u0130\u00e7erde<\/strong> 2017 y\u0131l\u0131nda \u00f6d\u00fcl toplamaya devam edecektir. Ben de tebrik eder, ba\u015far\u0131lar\u0131n\u0131n devam\u0131n\u0131 dilerim.<\/p>\n<p>Sayg\u0131lar ve sevgiler.<\/p>\n<p>Abdurrahman Balc\u0131lar<\/p>\n<p>Twitter:\u00a0<a href=\"https:\/\/twitter.com\/abbalcilar\">abdurrahman balc\u0131lar<\/a><a href=\"https:\/\/twitter.com\/abbalcilar\"><strong>@abbalcilar<\/strong><\/a><\/p>\n<p>Mail :\u00a0<a href=\"mailto:ab.balcilar@hotmail.com\">ab.balcilar@hotmail.com<\/a><\/p>\n<p>Blog:\u00a0<a href=\"http:\/\/t.co\/znqmIZgIqn\">blog.milliyet.com.tr\/cansever<\/a><\/p>\n<p>Blog:\u00a0<strong>balcilar-blog.com<\/strong><\/p>\n<p>&nbsp;<\/p>\n<p>&nbsp;<\/p>\n","protected":false},"excerpt":{"rendered":"<p>\u0130stanbul Geli\u015fim \u00dcniversitesi&#8216;nin 6. Medya \u00d6d\u00fclleri sahiplerini buldu. 23 bin \u00f6\u011frencinin oylar\u0131yla belirlenen 6. Medya \u00d6d\u00fclleri da\u011f\u0131t\u0131ld\u0131. Y\u0131l\u0131n En \u0130yi Dizisi \u00f6d\u00fcl\u00fc: \u0130\u00c7ERDE&#8216;ye verildi. \u00d6nceki ak\u015fam da\u011f\u0131t\u0131lan \u00f6d\u00fcl t\u00f6renine, \u0130\u00e7erde&#8217;nin ba\u015f rol oyuncular\u0131 \u00c7a\u011fatay Ulusoy, Aras Bulut \u0130ynemli ve Bensu Soral birlikte haz\u0131rlad\u0131klar\u0131 k\u0131sa bir te\u015fekk\u00fcr videosu g\u00f6nderdiler. Ayn\u0131 gecede Toygar I\u015f\u0131kl\u0131&#8216;y\u0131 da \u0130\u00e7erde dizisindeki [&hellip;]<\/p>\n","protected":false},"author":3,"featured_media":18396,"comment_status":"open","ping_status":"open","sticky":false,"template":"","format":"standard","meta":{"footnotes":""},"categories":[2],"tags":[15,1219,1390,81,1345],"class_list":["post-18391","post","type-post","status-publish","format-standard","has-post-thumbnail","hentry","category-tv-programlari","tag-cagatay-ulusoy","tag-icerde","tag-istanbul-gelisim-universitesi","tag-toygar-isikli","tag-yilin-en-iyi-dizisi"],"views":3231,"blog_post_layout_featured_media_urls":{"thumbnail":["https:\/\/balcilar-blog.com\/wp-content\/uploads\/2017\/03\/C63kVClWsAAUViC-150x150.jpg",150,150,true],"full":["https:\/\/balcilar-blog.com\/wp-content\/uploads\/2017\/03\/C63kVClWsAAUViC.jpg",480,480,false]},"categories_names":{"2":{"name":"TV Programlar\u0131","link":"https:\/\/balcilar-blog.com\/?cat=2"}},"tags_names":{"15":{"name":"\u00e7a\u011fatay ulusoy","link":"https:\/\/balcilar-blog.com\/?tag=cagatay-ulusoy"},"1219":{"name":"\u0130\u00c7ERDE","link":"https:\/\/balcilar-blog.com\/?tag=icerde"},"1390":{"name":"\u0130stanbul Geli\u015fim \u00dcniversitesi","link":"https:\/\/balcilar-blog.com\/?tag=istanbul-gelisim-universitesi"},"81":{"name":"Toygar I\u015f\u0131kl\u0131","link":"https:\/\/balcilar-blog.com\/?tag=toygar-isikli"},"1345":{"name":"Y\u0131l\u0131n En \u0130yi Dizisi","link":"https:\/\/balcilar-blog.com\/?tag=yilin-en-iyi-dizisi"}},"comments_number":"0","wpmagazine_modules_lite_featured_media_urls":{"thumbnail":["https:\/\/balcilar-blog.com\/wp-content\/uploads\/2017\/03\/C63kVClWsAAUViC-150x150.jpg",150,150,true],"cvmm-medium":["https:\/\/balcilar-blog.com\/wp-content\/uploads\/2017\/03\/C63kVClWsAAUViC.jpg",300,300,false],"cvmm-medium-plus":["https:\/\/balcilar-blog.com\/wp-content\/uploads\/2017\/03\/C63kVClWsAAUViC.jpg",207,207,false],"cvmm-portrait":["https:\/\/balcilar-blog.com\/wp-content\/uploads\/2017\/03\/C63kVClWsAAUViC.jpg",400,400,false],"cvmm-medium-square":["https:\/\/balcilar-blog.com\/wp-content\/uploads\/2017\/03\/C63kVClWsAAUViC.jpg",480,480,false],"cvmm-large":["https:\/\/balcilar-blog.com\/wp-content\/uploads\/2017\/03\/C63kVClWsAAUViC.jpg",480,480,false],"cvmm-small":["https:\/\/balcilar-blog.com\/wp-content\/uploads\/2017\/03\/C63kVClWsAAUViC.jpg",95,95,false],"full":["https:\/\/balcilar-blog.com\/wp-content\/uploads\/2017\/03\/C63kVClWsAAUViC.jpg",480,480,false]},"_links":{"self":[{"href":"https:\/\/balcilar-blog.com\/index.php?rest_route=\/wp\/v2\/posts\/18391","targetHints":{"allow":["GET"]}}],"collection":[{"href":"https:\/\/balcilar-blog.com\/index.php?rest_route=\/wp\/v2\/posts"}],"about":[{"href":"https:\/\/balcilar-blog.com\/index.php?rest_route=\/wp\/v2\/types\/post"}],"author":[{"embeddable":true,"href":"https:\/\/balcilar-blog.com\/index.php?rest_route=\/wp\/v2\/users\/3"}],"replies":[{"embeddable":true,"href":"https:\/\/balcilar-blog.com\/index.php?rest_route=%2Fwp%2Fv2%2Fcomments&post=18391"}],"version-history":[{"count":3,"href":"https:\/\/balcilar-blog.com\/index.php?rest_route=\/wp\/v2\/posts\/18391\/revisions"}],"predecessor-version":[{"id":18402,"href":"https:\/\/balcilar-blog.com\/index.php?rest_route=\/wp\/v2\/posts\/18391\/revisions\/18402"}],"wp:featuredmedia":[{"embeddable":true,"href":"https:\/\/balcilar-blog.com\/index.php?rest_route=\/wp\/v2\/media\/18396"}],"wp:attachment":[{"href":"https:\/\/balcilar-blog.com\/index.php?rest_route=%2Fwp%2Fv2%2Fmedia&parent=18391"}],"wp:term":[{"taxonomy":"category","embeddable":true,"href":"https:\/\/balcilar-blog.com\/index.php?rest_route=%2Fwp%2Fv2%2Fcategories&post=18391"},{"taxonomy":"post_tag","embeddable":true,"href":"https:\/\/balcilar-blog.com\/index.php?rest_route=%2Fwp%2Fv2%2Ftags&post=18391"}],"curies":[{"name":"wp","href":"https:\/\/api.w.org\/{rel}","templated":true}]}}