{"id":18348,"date":"2017-03-15T15:33:00","date_gmt":"2017-03-15T12:33:00","guid":{"rendered":"http:\/\/balcilar-blog.com\/?p=18348"},"modified":"2017-03-15T15:47:31","modified_gmt":"2017-03-15T12:47:31","slug":"bu-sehir-arkandan-gelecek-derinin-hayati-tehlikede","status":"publish","type":"post","link":"https:\/\/balcilar-blog.com\/?p=18348","title":{"rendered":"Bu \u015eehir Arkandan Gelecek \/ Derin&#8217;in hayat\u0131 tehlikede!"},"content":{"rendered":"<div id=\"Item.MessagePartBody\" class=\"_rp_M4\">\n<div id=\"Item.MessageUniqueBody\" class=\"_rp_N4 ms-font-weight-regular ms-font-color-neutralDark rpHighlightAllClass rpHighlightBodyClass\" tabindex=\"0\">\n<div class=\"rps_a721\">\n<div dir=\"ltr\">\n<div class=\"x_gmail_quote\">\n<div class=\"x_gmail_msg\" dir=\"ltr\">\n<p class=\"x_MsoNormal x_gmail_msg\" align=\"center\"><b class=\"x_gmail_msg\"><span class=\"x_gmail_msg\"><img loading=\"lazy\" decoding=\"async\" class=\"alignnone size-full wp-image-18351\" src=\"http:\/\/balcilar-blog.com\/wp-content\/uploads\/2017\/03\/11-2.jpg\" alt=\"11-2\" width=\"640\" height=\"360\" srcset=\"https:\/\/balcilar-blog.com\/wp-content\/uploads\/2017\/03\/11-2.jpg 640w, https:\/\/balcilar-blog.com\/wp-content\/uploads\/2017\/03\/11-2-300x169.jpg 300w\" sizes=\"auto, (max-width: 640px) 100vw, 640px\" \/><\/span><\/b><\/p>\n<p><strong>Ay Yap\u0131m<\/strong> imzal\u0131 &#8216;<strong>Bu \u015eehir Arkandan Gelecek<\/strong>&#8216;te tansiyon y\u00fckseliyor. Ali, sevdi\u011fi kad\u0131n\u0131n pe\u015fine d\u00fc\u015fen az\u0131l\u0131 katil Seyit&#8217;ten, Derin&#8217;i korumay\u0131 ba\u015farabilecek mi?<\/p>\n<p>Ba\u015frollerini Kerem B\u00fcrsin ve Leyla Lydia Tu\u011futlu&#8217;nun oynad\u0131\u011f\u0131, senaryosunu Ece Y\u00f6ren\u00e7&#8217;in yazd\u0131\u011f\u0131 \u2018Bu \u015eehir Arkadan Gelecek\u2019in yeni b\u00f6l\u00fcm\u00fcnde Ali, Tekin&#8217;den Derin&#8217;in hayat\u0131n\u0131n tehlikede oldu\u011funu \u00f6\u011frenecek. S\u00fcrprizlerle dolu b\u00f6l\u00fcmde Tekin, can d\u00fc\u015fman\u0131 olan Ali&#8217;den ilk kez yard\u0131m isteyecek.<\/p>\n<p>Heyecan dolu yeni b\u00f6l\u00fcm\u00fcnde Ali, Derin&#8217;i yaln\u0131z b\u0131rakmayacak. Yeniden bir arada olan iki \u00e2\u015f\u0131k kapanmayan defterlerini yeniden a\u00e7acaklar.<\/p>\n<p><strong>Ali ile Derin\u2019in aras\u0131ndaki buzlar eriyecek mi?<\/strong><\/p>\n<p><img loading=\"lazy\" decoding=\"async\" class=\"alignnone size-full wp-image-18353\" src=\"http:\/\/balcilar-blog.com\/wp-content\/uploads\/2017\/03\/11-4.jpg\" alt=\"11-4\" width=\"640\" height=\"427\" srcset=\"https:\/\/balcilar-blog.com\/wp-content\/uploads\/2017\/03\/11-4.jpg 640w, https:\/\/balcilar-blog.com\/wp-content\/uploads\/2017\/03\/11-4-300x200.jpg 300w\" sizes=\"auto, (max-width: 640px) 100vw, 640px\" \/><\/p>\n<p><img loading=\"lazy\" decoding=\"async\" class=\"alignnone size-full wp-image-18349\" src=\"http:\/\/balcilar-blog.com\/wp-content\/uploads\/2017\/03\/11-6.jpg\" alt=\"11-6\" width=\"640\" height=\"427\" srcset=\"https:\/\/balcilar-blog.com\/wp-content\/uploads\/2017\/03\/11-6.jpg 640w, https:\/\/balcilar-blog.com\/wp-content\/uploads\/2017\/03\/11-6-300x200.jpg 300w\" sizes=\"auto, (max-width: 640px) 100vw, 640px\" \/><\/p>\n<p>Antrenman s\u0131ras\u0131nda bile g\u00f6z\u00fcn\u00fcn \u00f6n\u00fcnden Derin\u2019i ay\u0131rmayan Ali, sevdi\u011fi kad\u0131n ve \u00e7ocu\u011fundan vazge\u00e7memekte kararl\u0131 oldu\u011funu g\u00f6sterecek.<\/p>\n<p><img loading=\"lazy\" decoding=\"async\" class=\"alignnone size-full wp-image-18350\" src=\"http:\/\/balcilar-blog.com\/wp-content\/uploads\/2017\/03\/11-1.jpg\" alt=\"11-1\" width=\"640\" height=\"427\" srcset=\"https:\/\/balcilar-blog.com\/wp-content\/uploads\/2017\/03\/11-1.jpg 640w, https:\/\/balcilar-blog.com\/wp-content\/uploads\/2017\/03\/11-1-300x200.jpg 300w\" sizes=\"auto, (max-width: 640px) 100vw, 640px\" \/><\/p>\n<p>Derin\u2019in, Ali\u2019yi affedebilmesi i\u00e7in tek bir \u015fart\u0131 olacak. Derin&#8217;in sundu\u011fu \u015fartla harekete ge\u00e7en Ali, hi\u00e7 beklemedi\u011fi sonu\u00e7larla kar\u015f\u0131la\u015facak.<\/p>\n<p><img loading=\"lazy\" decoding=\"async\" class=\"alignnone size-full wp-image-18354\" src=\"http:\/\/balcilar-blog.com\/wp-content\/uploads\/2017\/03\/11-5.jpg\" alt=\"11-5\" width=\"640\" height=\"427\" srcset=\"https:\/\/balcilar-blog.com\/wp-content\/uploads\/2017\/03\/11-5.jpg 640w, https:\/\/balcilar-blog.com\/wp-content\/uploads\/2017\/03\/11-5-300x200.jpg 300w\" sizes=\"auto, (max-width: 640px) 100vw, 640px\" \/><\/p>\n<p>Tekin k\u0131z\u0131 i\u00e7in can d\u00fc\u015fman\u0131 Ali&#8217;yi \u00e7a\u011f\u0131r\u0131yor ve ondan yard\u0131m istiyor.<\/p>\n<p><img loading=\"lazy\" decoding=\"async\" class=\"alignnone size-full wp-image-18352\" src=\"http:\/\/balcilar-blog.com\/wp-content\/uploads\/2017\/03\/11-3.jpg\" alt=\"11-3\" width=\"640\" height=\"427\" srcset=\"https:\/\/balcilar-blog.com\/wp-content\/uploads\/2017\/03\/11-3.jpg 640w, https:\/\/balcilar-blog.com\/wp-content\/uploads\/2017\/03\/11-3-300x200.jpg 300w\" sizes=\"auto, (max-width: 640px) 100vw, 640px\" \/><\/p>\n<p>\u2018Bu \u015eehir Arkandan Gelecek\u2019in soluksuz izlenecek yeni b\u00f6l\u00fcm\u00fcnde; Ali, Derin\u2019i koruyabilmeyi ba\u015farabilecek mi? \u0130ki a\u015f\u0131k acaba yeniden eski g\u00fcnlerine d\u00f6nebilecek mi? gibi sorular yan\u0131t bulacak.<\/p>\n<p>https:\/\/www.youtube.com\/watch?v=8kaqwcMNI5U<\/p>\n<p>https:\/\/www.youtube.com\/watch?v=NbcYPUDyBHI<\/p>\n<p class=\"x_MsoNormal x_gmail_msg\" align=\"center\"><b class=\"x_gmail_msg\"><span class=\"x_gmail_msg\">\u00a0<\/span><\/b><\/p>\n<p class=\"x_MsoNormal x_gmail_msg\" align=\"center\">\u2018<strong>Bu \u015eehir Arkandan Gelecek<\/strong>\u2019in yeni b\u00f6l\u00fcm\u00fc <strong>15 Mart \u00c7ar\u015famba<\/strong> (bu ak\u015fam) saat 20:00\u2019da <strong>Atv<\/strong>\u2019de ekrana gelecek.<\/p>\n<p>\u0130yi Seyirler.<\/p>\n<p>Sayg\u0131lar ve sevgiler.<\/p>\n<p>Abdurrahman Balc\u0131lar<\/p>\n<p>Twitter:\u00a0<a href=\"https:\/\/twitter.com\/abbalcilar\">abdurrahman balc\u0131lar<\/a><a href=\"https:\/\/twitter.com\/abbalcilar\"><strong>@abbalcilar<\/strong><\/a><\/p>\n<p>Mail :\u00a0<a href=\"mailto:ab.balcilar@hotmail.com\">ab.balcilar@hotmail.com<\/a><\/p>\n<p>Blog:\u00a0<a href=\"http:\/\/t.co\/znqmIZgIqn\">blog.milliyet.com.tr\/cansever<\/a><\/p>\n<p>Blog:\u00a0<strong>balcilar-blog.com<\/strong><\/p>\n<\/div>\n<p>Not: Kaynak haber ve g\u00f6rseller Persona Sanat Bas\u0131n B\u00fclteni.<\/p>\n<div class=\"x_gmail_msg\" dir=\"ltr\"><\/div>\n<\/div>\n<\/div>\n<\/div>\n<\/div>\n<\/div>\n","protected":false},"excerpt":{"rendered":"<p>Ay Yap\u0131m imzal\u0131 &#8216;Bu \u015eehir Arkandan Gelecek&#8216;te tansiyon y\u00fckseliyor. Ali, sevdi\u011fi kad\u0131n\u0131n pe\u015fine d\u00fc\u015fen az\u0131l\u0131 katil Seyit&#8217;ten, Derin&#8217;i korumay\u0131 ba\u015farabilecek mi? Ba\u015frollerini Kerem B\u00fcrsin ve Leyla Lydia Tu\u011futlu&#8217;nun oynad\u0131\u011f\u0131, senaryosunu Ece Y\u00f6ren\u00e7&#8217;in yazd\u0131\u011f\u0131 \u2018Bu \u015eehir Arkadan Gelecek\u2019in yeni b\u00f6l\u00fcm\u00fcnde Ali, Tekin&#8217;den Derin&#8217;in hayat\u0131n\u0131n tehlikede oldu\u011funu \u00f6\u011frenecek. S\u00fcrprizlerle dolu b\u00f6l\u00fcmde Tekin, can d\u00fc\u015fman\u0131 olan Ali&#8217;den ilk [&hellip;]<\/p>\n","protected":false},"author":3,"featured_media":18351,"comment_status":"open","ping_status":"open","sticky":false,"template":"","format":"standard","meta":{"footnotes":""},"categories":[2],"tags":[48,26,1289,673,745],"class_list":["post-18348","post","type-post","status-publish","format-standard","has-post-thumbnail","hentry","category-tv-programlari","tag-atv","tag-ay-yapim","tag-bu-sehir-arkandan-gelecek","tag-kerem-bursin","tag-leyla-lydia-tugutlu"],"views":2703,"blog_post_layout_featured_media_urls":{"thumbnail":["https:\/\/balcilar-blog.com\/wp-content\/uploads\/2017\/03\/11-2-150x150.jpg",150,150,true],"full":["https:\/\/balcilar-blog.com\/wp-content\/uploads\/2017\/03\/11-2.jpg",640,360,false]},"categories_names":{"2":{"name":"TV Programlar\u0131","link":"https:\/\/balcilar-blog.com\/?cat=2"}},"tags_names":{"48":{"name":"ATV","link":"https:\/\/balcilar-blog.com\/?tag=atv"},"26":{"name":"Ay Yap\u0131m","link":"https:\/\/balcilar-blog.com\/?tag=ay-yapim"},"1289":{"name":"Bu \u015eehir Arkandan Gelecek","link":"https:\/\/balcilar-blog.com\/?tag=bu-sehir-arkandan-gelecek"},"673":{"name":"Kerem Bursin","link":"https:\/\/balcilar-blog.com\/?tag=kerem-bursin"},"745":{"name":"Leyla Lydia Tu\u011futlu","link":"https:\/\/balcilar-blog.com\/?tag=leyla-lydia-tugutlu"}},"comments_number":"0","wpmagazine_modules_lite_featured_media_urls":{"thumbnail":["https:\/\/balcilar-blog.com\/wp-content\/uploads\/2017\/03\/11-2-150x150.jpg",150,150,true],"cvmm-medium":["https:\/\/balcilar-blog.com\/wp-content\/uploads\/2017\/03\/11-2.jpg",300,169,false],"cvmm-medium-plus":["https:\/\/balcilar-blog.com\/wp-content\/uploads\/2017\/03\/11-2.jpg",305,172,false],"cvmm-portrait":["https:\/\/balcilar-blog.com\/wp-content\/uploads\/2017\/03\/11-2.jpg",400,225,false],"cvmm-medium-square":["https:\/\/balcilar-blog.com\/wp-content\/uploads\/2017\/03\/11-2.jpg",600,338,false],"cvmm-large":["https:\/\/balcilar-blog.com\/wp-content\/uploads\/2017\/03\/11-2.jpg",640,360,false],"cvmm-small":["https:\/\/balcilar-blog.com\/wp-content\/uploads\/2017\/03\/11-2.jpg",130,73,false],"full":["https:\/\/balcilar-blog.com\/wp-content\/uploads\/2017\/03\/11-2.jpg",640,360,false]},"_links":{"self":[{"href":"https:\/\/balcilar-blog.com\/index.php?rest_route=\/wp\/v2\/posts\/18348","targetHints":{"allow":["GET"]}}],"collection":[{"href":"https:\/\/balcilar-blog.com\/index.php?rest_route=\/wp\/v2\/posts"}],"about":[{"href":"https:\/\/balcilar-blog.com\/index.php?rest_route=\/wp\/v2\/types\/post"}],"author":[{"embeddable":true,"href":"https:\/\/balcilar-blog.com\/index.php?rest_route=\/wp\/v2\/users\/3"}],"replies":[{"embeddable":true,"href":"https:\/\/balcilar-blog.com\/index.php?rest_route=%2Fwp%2Fv2%2Fcomments&post=18348"}],"version-history":[{"count":4,"href":"https:\/\/balcilar-blog.com\/index.php?rest_route=\/wp\/v2\/posts\/18348\/revisions"}],"predecessor-version":[{"id":18358,"href":"https:\/\/balcilar-blog.com\/index.php?rest_route=\/wp\/v2\/posts\/18348\/revisions\/18358"}],"wp:featuredmedia":[{"embeddable":true,"href":"https:\/\/balcilar-blog.com\/index.php?rest_route=\/wp\/v2\/media\/18351"}],"wp:attachment":[{"href":"https:\/\/balcilar-blog.com\/index.php?rest_route=%2Fwp%2Fv2%2Fmedia&parent=18348"}],"wp:term":[{"taxonomy":"category","embeddable":true,"href":"https:\/\/balcilar-blog.com\/index.php?rest_route=%2Fwp%2Fv2%2Fcategories&post=18348"},{"taxonomy":"post_tag","embeddable":true,"href":"https:\/\/balcilar-blog.com\/index.php?rest_route=%2Fwp%2Fv2%2Ftags&post=18348"}],"curies":[{"name":"wp","href":"https:\/\/api.w.org\/{rel}","templated":true}]}}