{"id":18335,"date":"2017-03-15T12:32:31","date_gmt":"2017-03-15T09:32:31","guid":{"rendered":"http:\/\/balcilar-blog.com\/?p=18335"},"modified":"2017-03-15T13:38:20","modified_gmt":"2017-03-15T10:38:20","slug":"kara-sevdada-bu-aksam-askin-gucu-konusacak","status":"publish","type":"post","link":"https:\/\/balcilar-blog.com\/?p=18335","title":{"rendered":"Kara Sevda&#8217;da bu ak\u015fam a\u015fk\u0131n g\u00fcc\u00fc konu\u015facak!"},"content":{"rendered":"<div tabindex=\"-1\">\n<div tabindex=\"-1\">\n<div tabindex=\"0\">\n<div class=\"_rp_75\" tabindex=\"-1\">\n<div class=\"_rp_K4 ms-border-color-neutralLight ShowConsesusSchedulingLink ShowReferenceAttachmentsLinks\" tabindex=\"-1\">\n<div class=\"_rp_W4\">\n<div class=\"_rp_R4\">\n<p><img loading=\"lazy\" decoding=\"async\" class=\"alignnone size-full wp-image-18340\" src=\"http:\/\/balcilar-blog.com\/wp-content\/uploads\/2017\/03\/Kara-Sevda-60.B\u00f6l\u00fcm-39.jpg\" alt=\"Kara Sevda 60.B\u00f6l\u00fcm 39\" width=\"640\" height=\"415\" srcset=\"https:\/\/balcilar-blog.com\/wp-content\/uploads\/2017\/03\/Kara-Sevda-60.B\u00f6l\u00fcm-39.jpg 640w, https:\/\/balcilar-blog.com\/wp-content\/uploads\/2017\/03\/Kara-Sevda-60.B\u00f6l\u00fcm-39-300x195.jpg 300w\" sizes=\"auto, (max-width: 640px) 100vw, 640px\" \/><\/p>\n<p><strong>Ay Yap\u0131m<\/strong>&#8216;\u0131n yap\u0131mc\u0131s\u0131 oldu\u011fu, <strong>Star Tv<\/strong>&#8216;nin sevilen dizisi <strong>Kara Sevda<\/strong> bu ak\u015fam ekranlar\u0131n\u0131zda olacak.<\/p>\n<p>\u2018<strong>Kara Sevda<\/strong>\u2019n\u0131n 60.b\u00f6l\u00fcm\u00fcnde; yeniden bir araya gelen iki \u00e2\u015f\u0131k <strong>Kemal ve Nihan<\/strong> yeni b\u00f6l\u00fcmde Zeynep&#8217;in vurulmas\u0131yla yara alacak. Kara Sevdal\u0131lar, bu yaray\u0131 iyile\u015ftirebilmek i\u00e7in t\u00fcm engellere ra\u011fmen a\u015fklar\u0131na s\u0131k\u0131ca sar\u0131lacak.<\/p>\n<p>Burak \u00d6z\u00e7ivit ve Neslihan Atag\u00fcl\u2019\u00fcn rol ald\u0131\u011f\u0131 \u2018Kara Sevda\u2019n\u0131n yeni b\u00f6l\u00fcm\u00fcnde Kemal, vurulan Zeynep\u2019in hayat\u0131n\u0131 kurtarmak i\u00e7in m\u00fccadele verecek. O\u011flu Ozan\u2019\u0131n \u00f6ld\u00fcr\u00fcld\u00fc\u011f\u00fcn\u00fc \u00f6\u011frenerek hayat\u0131n\u0131n y\u0131k\u0131m\u0131n\u0131 ya\u015fayan Vildan\u2019\u0131n elindeki silahtan \u00e7\u0131kan o tek kur\u015fun, Kemal ve Nihan\u2019\u0131 yeniden aileleri aras\u0131nda b\u0131rakacak. \u00c2\u015f\u0131klar b\u00fcy\u00fck bir vicdan muhasebesiyle ba\u015f ba\u015fa kalacak.<\/p>\n<p>&nbsp;<\/p>\n<p><img loading=\"lazy\" decoding=\"async\" class=\"alignnone size-full wp-image-18343\" src=\"http:\/\/balcilar-blog.com\/wp-content\/uploads\/2017\/03\/Kara-Sevda-60.B\u00f6l\u00fcm-68.jpg\" alt=\"Kara Sevda 60.B\u00f6l\u00fcm 68\" width=\"640\" height=\"427\" srcset=\"https:\/\/balcilar-blog.com\/wp-content\/uploads\/2017\/03\/Kara-Sevda-60.B\u00f6l\u00fcm-68.jpg 640w, https:\/\/balcilar-blog.com\/wp-content\/uploads\/2017\/03\/Kara-Sevda-60.B\u00f6l\u00fcm-68-300x200.jpg 300w\" sizes=\"auto, (max-width: 640px) 100vw, 640px\" \/><\/p>\n<p><strong>Nihan\u2019\u0131 bekleyen hayati karar :<\/strong><\/p>\n<p>Kemal\u2019in karde\u015fi Zeynep, ya\u015fam sava\u015f\u0131 verirken Nihan, g\u00f6z\u00fcn\u00fc karartacak ve adaletin yerini bulmas\u0131 i\u00e7in harekete ge\u00e7ecek. Ancak bu, Nihan\u2019\u0131 hayat\u0131n\u0131n en zor karar\u0131yla kar\u015f\u0131 kar\u015f\u0131ya getirecek. Bir yanda sevdi\u011fi adam, di\u011fer yanda ise o\u011flunun \u00f6l\u00fcm\u00fcyle ilgili duydu\u011fu ger\u00e7ekleri sindirememi\u015f annesi olan Nihan, kendini b\u00fcy\u00fck bir karar a\u015famas\u0131nda bulacak. Art\u0131k ortada hi\u00e7bir s\u0131rr\u0131n kalmamas\u0131 ve t\u00fcm ger\u00e7eklerin ortaya \u00e7\u0131kmas\u0131 i\u00e7in \u00e7aba sarf eden Kemal ve Nihan, birlikte kurduklar\u0131 gelecek hayallerine kavu\u015fabilmek i\u00e7in virajl\u0131 yollardan ge\u00e7ecekler.<\/p>\n<p><img loading=\"lazy\" decoding=\"async\" class=\"alignnone size-full wp-image-18341\" src=\"http:\/\/balcilar-blog.com\/wp-content\/uploads\/2017\/03\/Kara-Sevda-60.B\u00f6l\u00fcm-61.jpg\" alt=\"Kara Sevda 60.B\u00f6l\u00fcm 61\" width=\"640\" height=\"453\" srcset=\"https:\/\/balcilar-blog.com\/wp-content\/uploads\/2017\/03\/Kara-Sevda-60.B\u00f6l\u00fcm-61.jpg 640w, https:\/\/balcilar-blog.com\/wp-content\/uploads\/2017\/03\/Kara-Sevda-60.B\u00f6l\u00fcm-61-300x212.jpg 300w\" sizes=\"auto, (max-width: 640px) 100vw, 640px\" \/><\/p>\n<p>Kemal, Nihan ve bebekleri ile s\u0131k\u0131ca birbirlerine sar\u0131lacaklar.<\/p>\n<p><img loading=\"lazy\" decoding=\"async\" class=\"alignnone size-full wp-image-18342\" src=\"http:\/\/balcilar-blog.com\/wp-content\/uploads\/2017\/03\/Kara-Sevda-60.B\u00f6l\u00fcm-65.jpg\" alt=\"Kara Sevda 60.B\u00f6l\u00fcm 65\" width=\"640\" height=\"409\" srcset=\"https:\/\/balcilar-blog.com\/wp-content\/uploads\/2017\/03\/Kara-Sevda-60.B\u00f6l\u00fcm-65.jpg 640w, https:\/\/balcilar-blog.com\/wp-content\/uploads\/2017\/03\/Kara-Sevda-60.B\u00f6l\u00fcm-65-300x192.jpg 300w\" sizes=\"auto, (max-width: 640px) 100vw, 640px\" \/><\/p>\n<p>Ozan&#8217;\u0131n \u00f6l\u00fcm\u00fcne dair \u00e7ok \u00f6nemli bir d\u00fc\u011f\u00fcm\u00fcn \u00e7\u00f6z\u00fclece\u011fi; Kemal ve Nihan&#8217;\u0131n hayatlar\u0131n\u0131n en zor s\u0131nav\u0131n\u0131 verece\u011fi; Zeynep&#8217;in g\u00f6zlerini a\u00e7\u0131p a\u00e7mayaca\u011f\u0131 sorular\u0131n\u0131n yan\u0131t bulacak.<\/p>\n<p><img loading=\"lazy\" decoding=\"async\" class=\"alignnone size-full wp-image-18339\" src=\"http:\/\/balcilar-blog.com\/wp-content\/uploads\/2017\/03\/Kara-Sevda-60.B\u00f6l\u00fcm-26.jpg\" alt=\"Kara Sevda 60.B\u00f6l\u00fcm 26\" width=\"640\" height=\"424\" srcset=\"https:\/\/balcilar-blog.com\/wp-content\/uploads\/2017\/03\/Kara-Sevda-60.B\u00f6l\u00fcm-26.jpg 640w, https:\/\/balcilar-blog.com\/wp-content\/uploads\/2017\/03\/Kara-Sevda-60.B\u00f6l\u00fcm-26-300x199.jpg 300w\" sizes=\"auto, (max-width: 640px) 100vw, 640px\" \/><\/p>\n<p>Kemal&#8217;in karde\u015fi Zeynep&#8217;in vurulmas\u0131 b\u00fct\u00fcn aileyi kar\u0131\u015ft\u0131r\u0131r, su\u00e7lu aran\u0131r.<\/p>\n<p><img loading=\"lazy\" decoding=\"async\" class=\"alignnone size-full wp-image-18338\" src=\"http:\/\/balcilar-blog.com\/wp-content\/uploads\/2017\/03\/Kara-Sevda-60.B\u00f6l\u00fcm-20.jpg\" alt=\"Kara Sevda 60.B\u00f6l\u00fcm 20\" width=\"640\" height=\"381\" srcset=\"https:\/\/balcilar-blog.com\/wp-content\/uploads\/2017\/03\/Kara-Sevda-60.B\u00f6l\u00fcm-20.jpg 640w, https:\/\/balcilar-blog.com\/wp-content\/uploads\/2017\/03\/Kara-Sevda-60.B\u00f6l\u00fcm-20-300x179.jpg 300w\" sizes=\"auto, (max-width: 640px) 100vw, 640px\" \/><\/p>\n<p>Kara Sevda&#8217;n\u0131n s\u00fcr\u00fckleyici, heyecan dolu yeni b\u00f6l\u00fcm\u00fc 15 Mart \u00c7ar\u015famba (bu ak\u015fam) saat: 20:00&#8217;de Star TV&#8217;de.<\/p>\n<p class=\"x_MsoNormal x_gmail_msg\" align=\"center\"><b class=\"x_gmail_msg\"><span class=\"x_gmail_msg\">Kara Sevda 60. B\u00f6l\u00fcm Fragman\u0131:\u00a0<a href=\"https:\/\/www.youtube.com\/watch?v=7ic4XCNrs8M\" target=\"_blank\">https:\/\/www.youtube.com\/watch?v=7ic4XCNrs8M<\/a><\/span><\/b><\/p>\n<p>&nbsp;<\/p>\n<\/div>\n<div class=\"_rp_R4\">Keyifli Seyirler.<\/div>\n<\/div>\n<div class=\"_rp_R4\">\n<p>Sayg\u0131lar ve sevgiler.<\/p>\n<p>Abdurrahman Balc\u0131lar<\/p>\n<p>Twitter:\u00a0<a href=\"https:\/\/twitter.com\/abbalcilar\">abdurrahman balc\u0131lar<\/a><a href=\"https:\/\/twitter.com\/abbalcilar\"><strong>@abbalcilar<\/strong><\/a><\/p>\n<p>Mail :\u00a0<a href=\"mailto:ab.balcilar@hotmail.com\">ab.balcilar@hotmail.com<\/a><\/p>\n<p>Blog:\u00a0<a href=\"http:\/\/t.co\/znqmIZgIqn\">blog.milliyet.com.tr\/cansever<\/a><\/p>\n<p>Blog:\u00a0<strong>balcilar-blog.com<\/strong><\/p>\n<p>Not: Kaynak haber ve g\u00f6rseller Persona Sanat Bas\u0131n B\u00fclteni.<\/p>\n<\/div>\n<\/div>\n<\/div>\n<\/div>\n<\/div>\n<div class=\"_rp_f\" tabindex=\"-1\">\n<div class=\"_qc_F ms-bg-color-white _qc_G\">\n<hr class=\"_qc_B\" \/>\n<div class=\"_qc_y ms-border-color-neutralLight _qc_z\" tabindex=\"-1\"><\/div>\n<\/div>\n<\/div>\n<\/div>\n","protected":false},"excerpt":{"rendered":"<p>Ay Yap\u0131m&#8216;\u0131n yap\u0131mc\u0131s\u0131 oldu\u011fu, Star Tv&#8216;nin sevilen dizisi Kara Sevda bu ak\u015fam ekranlar\u0131n\u0131zda olacak. \u2018Kara Sevda\u2019n\u0131n 60.b\u00f6l\u00fcm\u00fcnde; yeniden bir araya gelen iki \u00e2\u015f\u0131k Kemal ve Nihan yeni b\u00f6l\u00fcmde Zeynep&#8217;in vurulmas\u0131yla yara alacak. Kara Sevdal\u0131lar, bu yaray\u0131 iyile\u015ftirebilmek i\u00e7in t\u00fcm engellere ra\u011fmen a\u015fklar\u0131na s\u0131k\u0131ca sar\u0131lacak. Burak \u00d6z\u00e7ivit ve Neslihan Atag\u00fcl\u2019\u00fcn rol ald\u0131\u011f\u0131 \u2018Kara Sevda\u2019n\u0131n yeni b\u00f6l\u00fcm\u00fcnde [&hellip;]<\/p>\n","protected":false},"author":3,"featured_media":18340,"comment_status":"open","ping_status":"open","sticky":false,"template":"","format":"standard","meta":{"footnotes":""},"categories":[2],"tags":[409,799,119],"class_list":["post-18335","post","type-post","status-publish","format-standard","has-post-thumbnail","hentry","category-tv-programlari","tag-burak-ozcivit","tag-kara-sevda","tag-neslihan-atagul"],"views":3353,"blog_post_layout_featured_media_urls":{"thumbnail":["https:\/\/balcilar-blog.com\/wp-content\/uploads\/2017\/03\/Kara-Sevda-60.B\u00f6l\u00fcm-39-150x150.jpg",150,150,true],"full":["https:\/\/balcilar-blog.com\/wp-content\/uploads\/2017\/03\/Kara-Sevda-60.B\u00f6l\u00fcm-39.jpg",640,415,false]},"categories_names":{"2":{"name":"TV Programlar\u0131","link":"https:\/\/balcilar-blog.com\/?cat=2"}},"tags_names":{"409":{"name":"Burak \u00d6z\u00e7ivit","link":"https:\/\/balcilar-blog.com\/?tag=burak-ozcivit"},"799":{"name":"Kara Sevda","link":"https:\/\/balcilar-blog.com\/?tag=kara-sevda"},"119":{"name":"Neslihan Atag\u00fcl","link":"https:\/\/balcilar-blog.com\/?tag=neslihan-atagul"}},"comments_number":"0","wpmagazine_modules_lite_featured_media_urls":{"thumbnail":["https:\/\/balcilar-blog.com\/wp-content\/uploads\/2017\/03\/Kara-Sevda-60.B\u00f6l\u00fcm-39-150x150.jpg",150,150,true],"cvmm-medium":["https:\/\/balcilar-blog.com\/wp-content\/uploads\/2017\/03\/Kara-Sevda-60.B\u00f6l\u00fcm-39.jpg",300,195,false],"cvmm-medium-plus":["https:\/\/balcilar-blog.com\/wp-content\/uploads\/2017\/03\/Kara-Sevda-60.B\u00f6l\u00fcm-39.jpg",305,198,false],"cvmm-portrait":["https:\/\/balcilar-blog.com\/wp-content\/uploads\/2017\/03\/Kara-Sevda-60.B\u00f6l\u00fcm-39.jpg",400,259,false],"cvmm-medium-square":["https:\/\/balcilar-blog.com\/wp-content\/uploads\/2017\/03\/Kara-Sevda-60.B\u00f6l\u00fcm-39.jpg",600,389,false],"cvmm-large":["https:\/\/balcilar-blog.com\/wp-content\/uploads\/2017\/03\/Kara-Sevda-60.B\u00f6l\u00fcm-39.jpg",640,415,false],"cvmm-small":["https:\/\/balcilar-blog.com\/wp-content\/uploads\/2017\/03\/Kara-Sevda-60.B\u00f6l\u00fcm-39.jpg",130,84,false],"full":["https:\/\/balcilar-blog.com\/wp-content\/uploads\/2017\/03\/Kara-Sevda-60.B\u00f6l\u00fcm-39.jpg",640,415,false]},"_links":{"self":[{"href":"https:\/\/balcilar-blog.com\/index.php?rest_route=\/wp\/v2\/posts\/18335","targetHints":{"allow":["GET"]}}],"collection":[{"href":"https:\/\/balcilar-blog.com\/index.php?rest_route=\/wp\/v2\/posts"}],"about":[{"href":"https:\/\/balcilar-blog.com\/index.php?rest_route=\/wp\/v2\/types\/post"}],"author":[{"embeddable":true,"href":"https:\/\/balcilar-blog.com\/index.php?rest_route=\/wp\/v2\/users\/3"}],"replies":[{"embeddable":true,"href":"https:\/\/balcilar-blog.com\/index.php?rest_route=%2Fwp%2Fv2%2Fcomments&post=18335"}],"version-history":[{"count":5,"href":"https:\/\/balcilar-blog.com\/index.php?rest_route=\/wp\/v2\/posts\/18335\/revisions"}],"predecessor-version":[{"id":18347,"href":"https:\/\/balcilar-blog.com\/index.php?rest_route=\/wp\/v2\/posts\/18335\/revisions\/18347"}],"wp:featuredmedia":[{"embeddable":true,"href":"https:\/\/balcilar-blog.com\/index.php?rest_route=\/wp\/v2\/media\/18340"}],"wp:attachment":[{"href":"https:\/\/balcilar-blog.com\/index.php?rest_route=%2Fwp%2Fv2%2Fmedia&parent=18335"}],"wp:term":[{"taxonomy":"category","embeddable":true,"href":"https:\/\/balcilar-blog.com\/index.php?rest_route=%2Fwp%2Fv2%2Fcategories&post=18335"},{"taxonomy":"post_tag","embeddable":true,"href":"https:\/\/balcilar-blog.com\/index.php?rest_route=%2Fwp%2Fv2%2Ftags&post=18335"}],"curies":[{"name":"wp","href":"https:\/\/api.w.org\/{rel}","templated":true}]}}