{"id":18310,"date":"2017-03-14T15:15:58","date_gmt":"2017-03-14T12:15:58","guid":{"rendered":"http:\/\/balcilar-blog.com\/?p=18310"},"modified":"2017-03-14T20:06:08","modified_gmt":"2017-03-14T17:06:08","slug":"icerde-sarp-nihayet-kebapci-celali-hapishanede-koseye-sikistirdi","status":"publish","type":"post","link":"https:\/\/balcilar-blog.com\/?p=18310","title":{"rendered":"\u0130\u00e7erde \/ Sarp, nihayet kebap\u00e7\u0131 Celal&#8217;i hapishanede k\u00f6\u015feye s\u0131k\u0131\u015ft\u0131rd\u0131!"},"content":{"rendered":"<p><img loading=\"lazy\" decoding=\"async\" class=\"alignnone size-full wp-image-18322\" src=\"http:\/\/balcilar-blog.com\/wp-content\/uploads\/2017\/03\/\u0130\u00c7ERDE-25-5.jpg\" alt=\"\u0130\u00c7ERDE 25 (5)\" width=\"640\" height=\"411\" srcset=\"https:\/\/balcilar-blog.com\/wp-content\/uploads\/2017\/03\/\u0130\u00c7ERDE-25-5.jpg 640w, https:\/\/balcilar-blog.com\/wp-content\/uploads\/2017\/03\/\u0130\u00c7ERDE-25-5-300x193.jpg 300w\" sizes=\"auto, (max-width: 640px) 100vw, 640px\" \/><\/p>\n<p>D\u00fcn ak\u015fam heyecanla izlenen <strong>Show Tv<\/strong>&#8216;nin fenomen dizisi <strong>\u0130\u00c7ERDE<\/strong>&#8216;nin finalinde Sarp ile kebap\u00e7\u0131 Celal birlikte girdikleri hapishane ko\u011fu\u015funda, Sarp aylard\u0131r sab\u0131rla bekledi\u011fi, hi\u00e7 konu\u015fmad\u0131klar\u0131 bi\u015feyi, o soruyu sordu.<\/p>\n<p><strong>CELAL VE KUDRET&#8217;\u0130N D\u00dc\u015eMANLI\u011eININ NEDEN\u0130 ORTAYA \u00c7IKTI!<\/strong><\/p>\n<p><strong>Ay Yap\u0131m<\/strong> imzal\u0131, ekranlar\u0131n fenomen dizisi \u0130\u00e7erde&#8217;nin d\u00fcn ak\u015fam yay\u0131nlanan b\u00f6l\u00fcm\u00fcnde izleyici eski dostlar Celal ve Kudret&#8217;in nas\u0131l d\u00fc\u015fmana d\u00f6n\u00fc\u015ft\u00fcklerinin yan\u0131t\u0131n\u0131 buldu.<\/p>\n<p>B\u00f6l\u00fcmde uzun y\u0131llar \u00f6nce Celal&#8217;in k\u0131z karde\u015fi Nermin ile Kudret&#8217;in birbirlerini sevdikleri ortaya \u00e7\u0131kt\u0131. Celal&#8217;in bu ili\u015fkiye onay vermemesiyle Nermin&#8217;in intihar etmesi iki dostu d\u00fc\u015fmana d\u00f6n\u00fc\u015ft\u00fcrd\u00fc\u011f\u00fc belli oldu.<\/p>\n<p><img loading=\"lazy\" decoding=\"async\" class=\"alignnone size-full wp-image-18319\" src=\"http:\/\/balcilar-blog.com\/wp-content\/uploads\/2017\/03\/\u0130\u00c7ERDE-25-2.jpg\" alt=\"\u0130\u00c7ERDE 25 (2)\" width=\"640\" height=\"369\" srcset=\"https:\/\/balcilar-blog.com\/wp-content\/uploads\/2017\/03\/\u0130\u00c7ERDE-25-2.jpg 640w, https:\/\/balcilar-blog.com\/wp-content\/uploads\/2017\/03\/\u0130\u00c7ERDE-25-2-300x173.jpg 300w\" sizes=\"auto, (max-width: 640px) 100vw, 640px\" \/><\/p>\n<p>Unutulmaz sahnede Nermin&#8217;in \u00f6l\u00fcm\u00fcyle Kudret&#8217;in de \u00f6lmek istedi\u011fi ancak morga girmesine ra\u011fmen \u00f6lmedi\u011fini Kudret, Celal&#8217;e anlatt\u0131. Nermin&#8217;in mezar\u0131 ba\u015f\u0131nda bulu\u015fan iki ezeli d\u00fc\u015fman\u0131n birbirlerine meydan okudu\u011fu unutulmaz sahnede Celal ve Kudret&#8217;in sava\u015f\u0131n\u0131n \u00e7ok sert ge\u00e7ece\u011finin sinyalleri verildi.<\/p>\n<p><strong>T\u00dcM KATEGOR\u0130LERDE B\u0130R\u0130NC\u0130!<\/strong><\/p>\n<p><img loading=\"lazy\" decoding=\"async\" class=\"alignnone size-full wp-image-18316\" src=\"http:\/\/balcilar-blog.com\/wp-content\/uploads\/2017\/03\/C63UtwsXUAA5Wih.jpg\" alt=\"C63UtwsXUAA5Wih\" width=\"480\" height=\"480\" srcset=\"https:\/\/balcilar-blog.com\/wp-content\/uploads\/2017\/03\/C63UtwsXUAA5Wih.jpg 480w, https:\/\/balcilar-blog.com\/wp-content\/uploads\/2017\/03\/C63UtwsXUAA5Wih-150x150.jpg 150w, https:\/\/balcilar-blog.com\/wp-content\/uploads\/2017\/03\/C63UtwsXUAA5Wih-300x300.jpg 300w\" sizes=\"auto, (max-width: 480px) 100vw, 480px\" \/><\/p>\n<p>Yap\u0131mc\u0131l\u0131\u011f\u0131n\u0131 Ay Yap\u0131m\u2019\u0131n \u00fcstlendi\u011fi, ba\u015frollerinde \u00c7a\u011fatay Ulusoy, Aras Bulut \u0130ynemli, \u00c7etin Tekindor, Bensu Soral, Damla Colbay, Mustafa U\u011furlu, R\u0131za Kocao\u011flu, Nihal Kolda\u015f, G\u00f6zde Kansu ve Y\u0131ld\u0131ray \u015eahinler&#8217;in yer ald\u0131\u011f\u0131 Show TV&#8217;nin fenomen dizisi &#8220;\u0130\u00e7erde&#8221;nin d\u00fcn ak\u015fam ekrana gelen b\u00f6l\u00fcm\u00fc AB\u2019de <strong>12,79<\/strong> izlenme oran\u0131 (rating), <strong>28,45<\/strong> izlenme pay\u0131 (share), ABC1 20+&#8217;da <strong>11,57<\/strong> izlenme oran\u0131 (rating), <strong>24,53<\/strong> izlenme pay\u0131 (share), Total\u2019de ise <strong>9,35<\/strong> izlenme oran\u0131 (rating), <strong>20,43<\/strong> izlenme pay\u0131 (share) ile birincili\u011fi g\u00f6\u011f\u00fcsledi.<\/p>\n<p><strong>&#8220;F\u0130LM BA\u015eLIYOR&#8221; SOSYAL MEDYAYI SALLADI!<\/strong><\/p>\n<p>\u0130\u00e7erde, d\u00fcn ak\u015fam ekrana gelen heyecan dolu yeni b\u00f6l\u00fcm\u00fcnde #filmba\u015fl\u0131yor etiketi ile 24.702 tweet at\u0131ld\u0131. Twitter&#8217;\u0131n T\u00fcrkiye g\u00fcndeminde 13 saat 55 dakika, D\u00fcnyada ise 5 saat TT listesinde kald\u0131.<\/p>\n<p><strong>KUDRET \u0130LE SARP&#8217;IN TANI\u015eMASI:<\/strong><\/p>\n<p><img loading=\"lazy\" decoding=\"async\" class=\"alignnone size-full wp-image-18318\" src=\"http:\/\/balcilar-blog.com\/wp-content\/uploads\/2017\/03\/\u0130\u00c7ERDE-25-1.jpg\" alt=\"\u0130\u00c7ERDE 25 (1)\" width=\"640\" height=\"352\" srcset=\"https:\/\/balcilar-blog.com\/wp-content\/uploads\/2017\/03\/\u0130\u00c7ERDE-25-1.jpg 640w, https:\/\/balcilar-blog.com\/wp-content\/uploads\/2017\/03\/\u0130\u00c7ERDE-25-1-300x165.jpg 300w\" sizes=\"auto, (max-width: 640px) 100vw, 640px\" \/><\/p>\n<p>Kudret ile Sarp Handan ile g\u00f6r\u00fcnt\u00fclerin takas\u0131nda bir araya geldiler, tan\u0131\u015ft\u0131lar. Kudret, Sarp&#8217;\u0131 merak ediyordu, onun hakk\u0131nda Alyanak&#8217;tan fazlas\u0131yle bilgi alm\u0131\u015ft\u0131. Sarp, fla\u015f-bellek&#8217;i Kudret&#8217;in elinden al\u0131rken Kudret; \u00a0&#8220;<strong>Bu \u00a0videodaki delikanl\u0131 de\u011fil mi?<\/strong> Handan, <strong>evet bu Sarp<\/strong> dedi. Kudret; &#8220;<strong>\u0130yi resim vermi\u015fsin g\u00f6r\u00fcnt\u00fcde, iyi \u00e7\u0131km\u0131\u015fs\u0131n. Ama kuru s\u0131k\u0131y\u0131 herkes s\u0131kar. Ger\u00e7ek silahta da bu kadar iyi misin? Yoksa sadece bir poz mu, delikanl\u0131.<\/strong>&#8221; Sarp; &#8220;<strong>Sen videodaki kadar\u0131n\u0131 bil yeter<\/strong>.&#8221; Ve takas ger\u00e7ekle\u015fir.<\/p>\n<p><img loading=\"lazy\" decoding=\"async\" class=\"alignnone size-full wp-image-18333\" src=\"http:\/\/balcilar-blog.com\/wp-content\/uploads\/2017\/03\/Ekran-Al\u0131nt\u0131s\u0131i\u00e7.25.6.jpg\" alt=\"Ekran Al\u0131nt\u0131s\u0131i\u00e7.25.6\" width=\"640\" height=\"372\" srcset=\"https:\/\/balcilar-blog.com\/wp-content\/uploads\/2017\/03\/Ekran-Al\u0131nt\u0131s\u0131i\u00e7.25.6.jpg 640w, https:\/\/balcilar-blog.com\/wp-content\/uploads\/2017\/03\/Ekran-Al\u0131nt\u0131s\u0131i\u00e7.25.6-300x174.jpg 300w\" sizes=\"auto, (max-width: 640px) 100vw, 640px\" \/><\/p>\n<p>Sarp zekas\u0131n\u0131 kulland\u0131. M\u00fcd\u00fcr\u00fc ile konu\u015farak Kebap\u00e7\u0131 Celal&#8217;e itiraf kumpas\u0131 kurdu. Birlikte hapse girdiler. Bakal\u0131m Celal Babas\u0131n\u0131 konu\u015fturabilecek mi?<\/p>\n<p><strong>VE CELAL \u0130LE SARP HAP\u0130STE!<\/strong><\/p>\n<p><img loading=\"lazy\" decoding=\"async\" class=\"alignnone size-full wp-image-18312\" src=\"http:\/\/balcilar-blog.com\/wp-content\/uploads\/2017\/03\/i\u00e7erde-25-3.jpg\" alt=\"i\u00e7erde 25 (3)\" width=\"640\" height=\"390\" srcset=\"https:\/\/balcilar-blog.com\/wp-content\/uploads\/2017\/03\/i\u00e7erde-25-3.jpg 640w, https:\/\/balcilar-blog.com\/wp-content\/uploads\/2017\/03\/i\u00e7erde-25-3-300x183.jpg 300w\" sizes=\"auto, (max-width: 640px) 100vw, 640px\" \/><\/p>\n<p>B\u00f6l\u00fcmde, Celal ve Sarp&#8217;\u0131n, Tahsin&#8217;i vurdu\u011fu sahte g\u00f6r\u00fcnt\u00fcler internete d\u00fc\u015ft\u00fc. Celal ve ard\u0131ndan Sarp cinayet su\u00e7lamas\u0131yla tutuklanarak hapishaneye girdi. Yay\u0131nlanan flashback sahnesiyle g\u00f6r\u00fcnt\u00fcleri Sarp&#8217;\u0131n planlad\u0131\u011f\u0131 oyunla internete verdi\u011fi ortaya \u00e7\u0131kt\u0131. \u0130zleyiciyi \u015foke eden b\u00f6l\u00fcmde Sarp, ger\u00e7ek g\u00f6r\u00fcnt\u00fcleri ele ge\u00e7irdikten sonra Yusuf M\u00fcd\u00fcr&#8217;e, karde\u015fi Umut&#8217;un kar\u015f\u0131l\u0131\u011f\u0131nda Celal&#8217;e \u00f6zg\u00fcrl\u00fc\u011f\u00fcn\u00fc verece\u011fini s\u00f6ylemesi heyecan yaratt\u0131. Ard\u0131ndan ekranda 16 saat \u00f6nce yazmas\u0131yla Celal&#8217;in ger\u00e7ek g\u00f6r\u00fcnt\u00fcleri bulmas\u0131 i\u00e7in Mert&#8217;i g\u00f6revlendirdi\u011fi ortaya \u00e7\u0131kt\u0131.<\/p>\n<p><img loading=\"lazy\" decoding=\"async\" class=\"alignnone size-full wp-image-18326\" src=\"http:\/\/balcilar-blog.com\/wp-content\/uploads\/2017\/03\/\u0130\u00c7ERDE-25-9.jpg\" alt=\"\u0130\u00c7ERDE 25 (9)\" width=\"640\" height=\"387\" srcset=\"https:\/\/balcilar-blog.com\/wp-content\/uploads\/2017\/03\/\u0130\u00c7ERDE-25-9.jpg 640w, https:\/\/balcilar-blog.com\/wp-content\/uploads\/2017\/03\/\u0130\u00c7ERDE-25-9-300x181.jpg 300w\" sizes=\"auto, (max-width: 640px) 100vw, 640px\" \/><\/p>\n<p>Final sahnesinde g\u00f6r\u00fcnt\u00fclerin pe\u015fine d\u00fc\u015fen Mert, Kudret&#8217;e de\u015fifre oldu!<\/p>\n<p>Bu b\u00f6l\u00fcmde Co\u015fkun&#8217;u k\u0131sa da olsa g\u00f6rd\u00fck. Az\u0131l\u0131 d\u00fc\u015fman\u0131 Kebap\u00e7\u0131 Celal&#8217;in hapse d\u00fc\u015ft\u00fc\u011f\u00fcn\u00fc televizyondan \u00f6\u011frendi. &#8220;Sonunda paket oldun haa&#8230; Giri\u015fin olsun, \u00e7\u0131k\u0131\u015f\u0131n olmas\u0131n Kebap\u00e7\u0131 Celal&#8230;&#8221; diyerek evinde keyifle \u00e7ay\u0131n\u0131 yudumlar.<\/p>\n<p><img loading=\"lazy\" decoding=\"async\" class=\"alignnone size-full wp-image-18315\" src=\"http:\/\/balcilar-blog.com\/wp-content\/uploads\/2017\/03\/C60tUwrU4AAmAzY.jpg\" alt=\"C60tUwrU4AAmAzY\" width=\"640\" height=\"394\" srcset=\"https:\/\/balcilar-blog.com\/wp-content\/uploads\/2017\/03\/C60tUwrU4AAmAzY.jpg 640w, https:\/\/balcilar-blog.com\/wp-content\/uploads\/2017\/03\/C60tUwrU4AAmAzY-300x185.jpg 300w\" sizes=\"auto, (max-width: 640px) 100vw, 640px\" \/><\/p>\n<p>F\u00fcsun Han\u0131m, o\u011flu Sarp&#8217;\u0131n tutukland\u0131\u011f\u0131 haberini al\u0131nca Emniyete gitti. Celal&#8217;den hesap sordu. \u00c7ok da \u00fczg\u00fcnd\u00fc.<\/p>\n<p><img loading=\"lazy\" decoding=\"async\" class=\"alignnone size-full wp-image-18324\" src=\"http:\/\/balcilar-blog.com\/wp-content\/uploads\/2017\/03\/\u0130\u00c7ERDE-25-7.jpg\" alt=\"\u0130\u00c7ERDE 25 (7)\" width=\"640\" height=\"368\" srcset=\"https:\/\/balcilar-blog.com\/wp-content\/uploads\/2017\/03\/\u0130\u00c7ERDE-25-7.jpg 640w, https:\/\/balcilar-blog.com\/wp-content\/uploads\/2017\/03\/\u0130\u00c7ERDE-25-7-300x173.jpg 300w\" sizes=\"auto, (max-width: 640px) 100vw, 640px\" \/><\/p>\n<p>\u0130\u00e7erde&#8217;nin 25.b\u00f6l\u00fcm final sahnesinde Sarp kebap\u00e7\u0131 Celal&#8217;in ranzas\u0131n\u0131n kar\u015f\u0131s\u0131na oturdu; Ve y\u0131llard\u0131r Celal&#8217;e soramad\u0131\u011f\u0131 o soruyu sordu.<\/p>\n<p><img loading=\"lazy\" decoding=\"async\" class=\"alignnone size-full wp-image-18322\" src=\"http:\/\/balcilar-blog.com\/wp-content\/uploads\/2017\/03\/\u0130\u00c7ERDE-25-5.jpg\" alt=\"\u0130\u00c7ERDE 25 (5)\" width=\"640\" height=\"411\" srcset=\"https:\/\/balcilar-blog.com\/wp-content\/uploads\/2017\/03\/\u0130\u00c7ERDE-25-5.jpg 640w, https:\/\/balcilar-blog.com\/wp-content\/uploads\/2017\/03\/\u0130\u00c7ERDE-25-5-300x193.jpg 300w\" sizes=\"auto, (max-width: 640px) 100vw, 640px\" \/><\/p>\n<p>Sarp; &#8211;<strong>Bir karde\u015fim vard\u0131 ad\u0131 Umut.<\/strong><\/p>\n<p>Celal; &#8211;<strong>Ne olmu\u015f karde\u015fine&#8230;<\/strong><\/p>\n<p>Sarp&#8217;tan cevap alamayan Celal, biraz da y\u00fcksek sesle;<\/p>\n<p>&#8211;<strong>Ne olmu\u015f karde\u015fine dedim. Saarp&#8230;<\/strong><\/p>\n<p>Ve burada sert bak\u0131\u015fmalar\u0131n ard\u0131ndan 25.b\u00f6l\u00fcm sona erdi. Cevap haftaya kald\u0131.<\/p>\n<p><img loading=\"lazy\" decoding=\"async\" class=\"alignnone size-full wp-image-18311\" src=\"http:\/\/balcilar-blog.com\/wp-content\/uploads\/2017\/03\/Ekran-Al\u0131nt\u0131s\u0131i\u00e7erde.25.son_.jpg\" alt=\"Ekran Al\u0131nt\u0131s\u0131i\u00e7erde.25.son\" width=\"640\" height=\"368\" srcset=\"https:\/\/balcilar-blog.com\/wp-content\/uploads\/2017\/03\/Ekran-Al\u0131nt\u0131s\u0131i\u00e7erde.25.son_.jpg 640w, https:\/\/balcilar-blog.com\/wp-content\/uploads\/2017\/03\/Ekran-Al\u0131nt\u0131s\u0131i\u00e7erde.25.son_-300x173.jpg 300w\" sizes=\"auto, (max-width: 640px) 100vw, 640px\" \/><\/p>\n<p>&nbsp;<\/p>\n<p><strong>YEN\u0130 B\u00d6L\u00dcMDEN \u0130LK SAHNE HEYECANI DORU\u011eA TA\u015eIDI!<\/strong><\/p>\n<p>Dizinin \u00f6n\u00fcm\u00fczdeki hafta yay\u0131nlanacak yeni b\u00f6l\u00fcm\u00fcnden ilk sahne heyecan\u0131 doru\u011fa ta\u015f\u0131d\u0131. Ekrana gelen sahnede Yusuf M\u00fcd\u00fcr, Sarp&#8217;\u0131n annesi F\u00fcsun ile g\u00f6r\u00fc\u015ft\u00fc.<\/p>\n<p><strong>\u0130\u015fte &#8220;\u0130\u00e7erde&#8221;nin 26. b\u00f6l\u00fcm\u00fcnden ilk sahne!<\/strong><\/p>\n<p><iframe loading=\"lazy\" title=\"I\u0307c\u0327erde 26. Bo\u0308lu\u0308m - Sneak Peek\" width=\"640\" height=\"360\" src=\"https:\/\/www.youtube.com\/embed\/VTDDfYtwNUA?feature=oembed\" frameborder=\"0\" allow=\"accelerometer; autoplay; clipboard-write; encrypted-media; gyroscope; picture-in-picture; web-share\" referrerpolicy=\"strict-origin-when-cross-origin\" allowfullscreen><\/iframe><\/p>\n<p>Yusuf M\u00fcd\u00fcr Sarp&#8217;\u0131n annesine gider, bir kenara oturtur; &#8220;<strong>O\u011flun sand\u0131\u011f\u0131n gibi mafya tetik\u00e7isi de\u011fil, o\u011flun namuslu \u015ferefli bir polis, g\u00f6revinin ba\u015f\u0131nda&#8230; \u00c7ok zor bir g\u00f6revi var. Onu yapmak i\u00e7in elinden gelen her \u015feyi yap\u0131yor.<\/strong>&#8221; Dedi. Anne F\u00fcsun Han\u0131m; &#8220;<strong>Neler s\u00f6yl\u00fcyorsun<\/strong>&#8221; diyerek \u00e7ok mutlu olur. B\u00fct\u00fcn bu sahneler izleyicinin nefesini tutmas\u0131na sebep oldu!<\/p>\n<p><strong>\u00c7a\u011fatay Ulusoy<\/strong>, bu dizideki performans\u0131 ile yine oyunculu\u011funun zirvesinde. Bu g\u00fcne kadar oynad\u0131\u011f\u0131 her karakterin hakk\u0131n\u0131 veren Ulusoy, &#8216;<strong>Sarp<\/strong>&#8216; karakterinin de hakk\u0131n\u0131 fazlas\u0131yla veriyor. Karakter ile \u00f6zde\u015fle\u015fti. Karde\u015fi Mert karakterini can veren <strong>Aras Bulut \u0130ynemli<\/strong>&#8216;nin de hakk\u0131n\u0131 yemeyelim. O da &#8216;<strong>Mert<\/strong>&#8216; karakterini ya\u015fayarak oynuyor. Di\u011fer usta oyunculara laf\u0131m yok, onlar zaten gere\u011fini ziyadesiyle yap\u0131yorlar. <strong>\u00c7etin Tekindor<\/strong> (Celal Baba), <strong>Mustafa U\u011furlu<\/strong> (M\u00fcd\u00fcr Yusuf), <strong>R\u0131za Kocao\u011flu<\/strong> (Davut) ve diziye son giren <strong>U\u011fur Y\u00fccel<\/strong> (Kudret).<\/p>\n<p><strong>Her dakikas\u0131 soluk solu\u011fa izlenen \u0130\u00e7erde\u2019nin yeni b\u00f6l\u00fcm\u00fc 20 Mart Pazartesi g\u00fcn\u00fc saat 20.00\u2019da Show TV\u2019de ekrana gelecek.<\/strong><\/p>\n<p>Keyifli Seyirler.<\/p>\n<p>&nbsp;<\/p>\n<p>Sayg\u0131lar ve sevgiler.<\/p>\n<p>Abdurrahman Balc\u0131lar<\/p>\n<p>Twitter:\u00a0<a href=\"https:\/\/twitter.com\/abbalcilar\">abdurrahman balc\u0131lar<\/a><a href=\"https:\/\/twitter.com\/abbalcilar\"><strong>@abbalcilar<\/strong><\/a><\/p>\n<p>Mail :\u00a0<a href=\"mailto:ab.balcilar@hotmail.com\">ab.balcilar@hotmail.com<\/a><\/p>\n<p>Blog:\u00a0<a href=\"http:\/\/t.co\/znqmIZgIqn\">blog.milliyet.com.tr\/cansever<\/a><\/p>\n<p>Blog:\u00a0<strong>balcilar-blog.com<\/strong><\/p>\n<p>Not: Kaynak haber al\u0131nt\u0131lar ve g\u00f6rseller Persona Sanat Bas\u0131n B\u00fclteni.<\/p>\n","protected":false},"excerpt":{"rendered":"<p>D\u00fcn ak\u015fam heyecanla izlenen Show Tv&#8216;nin fenomen dizisi \u0130\u00c7ERDE&#8216;nin finalinde Sarp ile kebap\u00e7\u0131 Celal birlikte girdikleri hapishane ko\u011fu\u015funda, Sarp aylard\u0131r sab\u0131rla bekledi\u011fi, hi\u00e7 konu\u015fmad\u0131klar\u0131 bi\u015feyi, o soruyu sordu. CELAL VE KUDRET&#8217;\u0130N D\u00dc\u015eMANLI\u011eININ NEDEN\u0130 ORTAYA \u00c7IKTI! Ay Yap\u0131m imzal\u0131, ekranlar\u0131n fenomen dizisi \u0130\u00e7erde&#8217;nin d\u00fcn ak\u015fam yay\u0131nlanan b\u00f6l\u00fcm\u00fcnde izleyici eski dostlar Celal ve Kudret&#8217;in nas\u0131l d\u00fc\u015fmana d\u00f6n\u00fc\u015ft\u00fcklerinin [&hellip;]<\/p>\n","protected":false},"author":3,"featured_media":18322,"comment_status":"open","ping_status":"open","sticky":false,"template":"","format":"standard","meta":{"footnotes":""},"categories":[2],"tags":[533,26,15,693,1219,902,1255,35,1378],"class_list":["post-18310","post","type-post","status-publish","format-standard","has-post-thumbnail","hentry","category-tv-programlari","tag-aras-bulut-iynemli","tag-ay-yapim","tag-cagatay-ulusoy","tag-cetin-tekindor","tag-icerde","tag-mustafa-ugurlu","tag-riza-kocaoglu","tag-show-tv","tag-ugur-yucel"],"views":3844,"blog_post_layout_featured_media_urls":{"thumbnail":["https:\/\/balcilar-blog.com\/wp-content\/uploads\/2017\/03\/\u0130\u00c7ERDE-25-5-150x150.jpg",150,150,true],"full":["https:\/\/balcilar-blog.com\/wp-content\/uploads\/2017\/03\/\u0130\u00c7ERDE-25-5.jpg",640,411,false]},"categories_names":{"2":{"name":"TV Programlar\u0131","link":"https:\/\/balcilar-blog.com\/?cat=2"}},"tags_names":{"533":{"name":"Aras Bulut \u0130ynemli","link":"https:\/\/balcilar-blog.com\/?tag=aras-bulut-iynemli"},"26":{"name":"Ay Yap\u0131m","link":"https:\/\/balcilar-blog.com\/?tag=ay-yapim"},"15":{"name":"\u00e7a\u011fatay ulusoy","link":"https:\/\/balcilar-blog.com\/?tag=cagatay-ulusoy"},"693":{"name":"\u00c7etin Tekindor","link":"https:\/\/balcilar-blog.com\/?tag=cetin-tekindor"},"1219":{"name":"\u0130\u00c7ERDE","link":"https:\/\/balcilar-blog.com\/?tag=icerde"},"902":{"name":"Mustafa U\u011furlu","link":"https:\/\/balcilar-blog.com\/?tag=mustafa-ugurlu"},"1255":{"name":"R\u0131za Kocao\u011flu","link":"https:\/\/balcilar-blog.com\/?tag=riza-kocaoglu"},"35":{"name":"Show Tv","link":"https:\/\/balcilar-blog.com\/?tag=show-tv"},"1378":{"name":"U\u011fur Y\u00fccel","link":"https:\/\/balcilar-blog.com\/?tag=ugur-yucel"}},"comments_number":"0","wpmagazine_modules_lite_featured_media_urls":{"thumbnail":["https:\/\/balcilar-blog.com\/wp-content\/uploads\/2017\/03\/\u0130\u00c7ERDE-25-5-150x150.jpg",150,150,true],"cvmm-medium":["https:\/\/balcilar-blog.com\/wp-content\/uploads\/2017\/03\/\u0130\u00c7ERDE-25-5.jpg",300,193,false],"cvmm-medium-plus":["https:\/\/balcilar-blog.com\/wp-content\/uploads\/2017\/03\/\u0130\u00c7ERDE-25-5.jpg",305,196,false],"cvmm-portrait":["https:\/\/balcilar-blog.com\/wp-content\/uploads\/2017\/03\/\u0130\u00c7ERDE-25-5.jpg",400,257,false],"cvmm-medium-square":["https:\/\/balcilar-blog.com\/wp-content\/uploads\/2017\/03\/\u0130\u00c7ERDE-25-5.jpg",600,385,false],"cvmm-large":["https:\/\/balcilar-blog.com\/wp-content\/uploads\/2017\/03\/\u0130\u00c7ERDE-25-5.jpg",640,411,false],"cvmm-small":["https:\/\/balcilar-blog.com\/wp-content\/uploads\/2017\/03\/\u0130\u00c7ERDE-25-5.jpg",130,83,false],"full":["https:\/\/balcilar-blog.com\/wp-content\/uploads\/2017\/03\/\u0130\u00c7ERDE-25-5.jpg",640,411,false]},"_links":{"self":[{"href":"https:\/\/balcilar-blog.com\/index.php?rest_route=\/wp\/v2\/posts\/18310","targetHints":{"allow":["GET"]}}],"collection":[{"href":"https:\/\/balcilar-blog.com\/index.php?rest_route=\/wp\/v2\/posts"}],"about":[{"href":"https:\/\/balcilar-blog.com\/index.php?rest_route=\/wp\/v2\/types\/post"}],"author":[{"embeddable":true,"href":"https:\/\/balcilar-blog.com\/index.php?rest_route=\/wp\/v2\/users\/3"}],"replies":[{"embeddable":true,"href":"https:\/\/balcilar-blog.com\/index.php?rest_route=%2Fwp%2Fv2%2Fcomments&post=18310"}],"version-history":[{"count":6,"href":"https:\/\/balcilar-blog.com\/index.php?rest_route=\/wp\/v2\/posts\/18310\/revisions"}],"predecessor-version":[{"id":18334,"href":"https:\/\/balcilar-blog.com\/index.php?rest_route=\/wp\/v2\/posts\/18310\/revisions\/18334"}],"wp:featuredmedia":[{"embeddable":true,"href":"https:\/\/balcilar-blog.com\/index.php?rest_route=\/wp\/v2\/media\/18322"}],"wp:attachment":[{"href":"https:\/\/balcilar-blog.com\/index.php?rest_route=%2Fwp%2Fv2%2Fmedia&parent=18310"}],"wp:term":[{"taxonomy":"category","embeddable":true,"href":"https:\/\/balcilar-blog.com\/index.php?rest_route=%2Fwp%2Fv2%2Fcategories&post=18310"},{"taxonomy":"post_tag","embeddable":true,"href":"https:\/\/balcilar-blog.com\/index.php?rest_route=%2Fwp%2Fv2%2Ftags&post=18310"}],"curies":[{"name":"wp","href":"https:\/\/api.w.org\/{rel}","templated":true}]}}