{"id":18283,"date":"2017-03-11T15:27:32","date_gmt":"2017-03-11T12:27:32","guid":{"rendered":"http:\/\/balcilar-blog.com\/?p=18283"},"modified":"2017-03-11T17:03:55","modified_gmt":"2017-03-11T14:03:55","slug":"cesur-ve-guzel-cesur-katil-tahsin-korludagi-kacirdi","status":"publish","type":"post","link":"https:\/\/balcilar-blog.com\/?p=18283","title":{"rendered":"Cesur ve G\u00fczel \/ Cesur, katil Tahsin Korluda\u011f&#8217;\u0131 ka\u00e7\u0131rd\u0131!"},"content":{"rendered":"<div tabindex=\"-1\">\n<div tabindex=\"-1\">\n<div tabindex=\"0\">\n<div class=\"_rp_75\" tabindex=\"-1\">\n<div class=\"_rp_K4 ms-border-color-neutralLight ShowConsesusSchedulingLink ShowReferenceAttachmentsLinks\" tabindex=\"-1\">\n<div class=\"_rp_W4\">\n<div>\n<div id=\"Item.MessagePartBody\" class=\"_rp_M4\">\n<div id=\"Item.MessageUniqueBody\" class=\"_rp_N4 ms-font-weight-regular ms-font-color-neutralDark rpHighlightAllClass rpHighlightBodyClass\" tabindex=\"0\">\n<div class=\"rps_5468\">\n<div>\n<div>\n<div dir=\"ltr\">\n<p class=\"x_MsoNormal\" align=\"center\"><img loading=\"lazy\" decoding=\"async\" class=\"alignnone size-full wp-image-18286\" src=\"http:\/\/balcilar-blog.com\/wp-content\/uploads\/2017\/03\/17-3.jpg\" alt=\"17-3\" width=\"640\" height=\"356\" srcset=\"https:\/\/balcilar-blog.com\/wp-content\/uploads\/2017\/03\/17-3.jpg 640w, https:\/\/balcilar-blog.com\/wp-content\/uploads\/2017\/03\/17-3-300x167.jpg 300w\" sizes=\"auto, (max-width: 640px) 100vw, 640px\" \/><\/p>\n<p class=\"x_MsoNormal\" align=\"center\">\n<\/div>\n<\/div>\n<\/div>\n<\/div>\n<\/div>\n<\/div>\n<div class=\"_pe_d _pe_12\" tabindex=\"-1\">\n<p>\u00a0<strong>CESUR\u2019UN \u0130NT\u0130KAM ATE\u015e\u0130 B\u00dcY\u00dcYOR!<\/strong><\/p>\n<p>Ay Yap\u0131m imzal\u0131 \u2018Cesur ve G\u00fczel\u2019in d\u00fcn ak\u015fam yay\u0131nlanan heyecan dolu b\u00f6l\u00fcm\u00fcnde annesini kaybetmesinden haftalar sonra Korluda\u011f Kasabas\u0131\u2019na d\u00f6nen Cesur, adaleti ilk defa kendi sa\u011flamak istedi.<\/p>\n<\/div>\n<div class=\"_pe_d _pe_12\" tabindex=\"-1\">\n<p>Cesur, b\u00f6l\u00fcm\u00fcn final sahnesinde, anne ve babas\u0131n\u0131n katili oldu\u011funu d\u00fc\u015f\u00fcnd\u00fc\u011f\u00fc Tahsin Korluda\u011f\u2019\u0131 ka\u00e7\u0131rd\u0131.<\/p>\n<p>K\u0131van\u00e7 Tatl\u0131tu\u011f ve Tuba B\u00fcy\u00fck\u00fcst\u00fcn\u2019\u00fcn rol ald\u0131\u011f\u0131 \u2018Cesur ve G\u00fczel\u2019in d\u00fcn ak\u015fam ekranlara gelen b\u00f6l\u00fcm\u00fcnde Cesur, art\u0131k sadece babas\u0131n\u0131n de\u011fil, annesinin katilini de cezaland\u0131rmak i\u00e7in harekete ge\u00e7ti. Cesur&#8217;un, Tahsin Korluda\u011f\u2019\u0131 ka\u00e7\u0131rarak u\u00e7urumun kenar\u0131na getirdi\u011fi an b\u00f6l\u00fcme damgas\u0131n\u0131 vurdu.<\/p>\n<\/div>\n<div class=\"_pe_d _pe_12\" tabindex=\"-1\"><\/div>\n<div class=\"_pe_d _pe_12\" tabindex=\"-1\">\n<p><img loading=\"lazy\" decoding=\"async\" class=\"alignnone size-full wp-image-18287\" src=\"http:\/\/balcilar-blog.com\/wp-content\/uploads\/2017\/03\/17-4.jpg\" alt=\"17-4\" width=\"640\" height=\"417\" srcset=\"https:\/\/balcilar-blog.com\/wp-content\/uploads\/2017\/03\/17-4.jpg 640w, https:\/\/balcilar-blog.com\/wp-content\/uploads\/2017\/03\/17-4-300x195.jpg 300w\" sizes=\"auto, (max-width: 640px) 100vw, 640px\" \/><\/p>\n<\/div>\n<div class=\"_pe_d _pe_12\" tabindex=\"-1\"><img loading=\"lazy\" decoding=\"async\" class=\"alignnone size-full wp-image-18289\" src=\"http:\/\/balcilar-blog.com\/wp-content\/uploads\/2017\/03\/17-6.jpg\" alt=\"17-6\" width=\"640\" height=\"404\" srcset=\"https:\/\/balcilar-blog.com\/wp-content\/uploads\/2017\/03\/17-6.jpg 640w, https:\/\/balcilar-blog.com\/wp-content\/uploads\/2017\/03\/17-6-300x189.jpg 300w\" sizes=\"auto, (max-width: 640px) 100vw, 640px\" \/><\/div>\n<div class=\"_pe_d _pe_12\" tabindex=\"-1\">\n<p>Sosyal medya mecras\u0131 Twitter\u2019da #Vazge\u00e7medim etiketiyle ekrana gelen dizi uzun saatler TT listesinde yer ald\u0131. Nefeslerin tutuldu\u011fu b\u00f6l\u00fcmde izleyenler Cesur ve G\u00fczel&#8217;i \u00f6vg\u00fc ya\u011fmuruna tuttu.<\/p>\n<p><strong>A\u015fk, galip gelecek mi?<\/strong><\/p>\n<\/div>\n<div class=\"_pe_d _pe_12\" tabindex=\"-1\"><\/div>\n<div class=\"_pe_d _pe_12\" tabindex=\"-1\">\n<p><img loading=\"lazy\" decoding=\"async\" class=\"alignnone size-full wp-image-18285\" src=\"http:\/\/balcilar-blog.com\/wp-content\/uploads\/2017\/03\/17-2.jpg\" alt=\"17-2\" width=\"640\" height=\"397\" srcset=\"https:\/\/balcilar-blog.com\/wp-content\/uploads\/2017\/03\/17-2.jpg 640w, https:\/\/balcilar-blog.com\/wp-content\/uploads\/2017\/03\/17-2-300x186.jpg 300w\" sizes=\"auto, (max-width: 640px) 100vw, 640px\" \/><\/p>\n<p>Yay\u0131nlanan b\u00f6l\u00fcmde Cesur ve S\u00fchan&#8217;\u0131n ilk tan\u0131\u015fmalar\u0131n\u0131 aratmayan sahneler ekrana geldi. Haftalar sonra yurt d\u0131\u015f\u0131ndan d\u00f6nen Cesur, S\u00fchan&#8217;la yeniden kaza sonucu bir araya geldi. \u0130zleyicinin b\u00fcy\u00fck be\u011fenisini toplayan anlarda S\u00fchan&#8217;\u0131n kazada ald\u0131\u011f\u0131 yara ikilinin tekrar yak\u0131nla\u015fmas\u0131na etken oldu.<\/p>\n<\/div>\n<div class=\"_pe_d _pe_12\" tabindex=\"-1\">\n<p><strong>Romantik anlar;<\/strong><\/p>\n<p class=\"x_MsoNormal\" align=\"center\"><a href=\"https:\/\/www.youtube.com\/watch?v=jvZKgZlMuTo\" target=\"_blank\">https:\/\/www.youtube.com\/watch?v=jvZKgZlMuTo<\/a><\/p>\n<\/div>\n<div class=\"_pe_d _pe_12\" tabindex=\"-1\">Annesini kaybetti\u011fi g\u00fcn, Tahsin&#8217;in katili oldu\u011fundan \u00e7ok emin olan Cesur&#8217;un, S\u00fchan&#8217;a \u201cSen art\u0131k benim i\u00e7in katilin k\u0131z\u0131s\u0131n\u201d diyerek \u00f6fke kusmas\u0131 iki a\u015f\u0131\u011f\u0131n aras\u0131n\u0131 a\u00e7t\u0131. Yeni b\u00f6l\u00fcmde annesinin yas\u0131n\u0131 tutan Cesur&#8217;un kendini b\u0131rakt\u0131\u011f\u0131 anlarda elini tutan S\u00fchan oldu.<\/div>\n<div class=\"_pe_d _pe_12\" tabindex=\"-1\"><\/div>\n<div class=\"_pe_d _pe_12\" tabindex=\"-1\"><img loading=\"lazy\" decoding=\"async\" class=\"alignnone size-full wp-image-18284\" src=\"http:\/\/balcilar-blog.com\/wp-content\/uploads\/2017\/03\/17-1.jpg\" alt=\"17-1\" width=\"566\" height=\"480\" srcset=\"https:\/\/balcilar-blog.com\/wp-content\/uploads\/2017\/03\/17-1.jpg 566w, https:\/\/balcilar-blog.com\/wp-content\/uploads\/2017\/03\/17-1-300x254.jpg 300w\" sizes=\"auto, (max-width: 566px) 100vw, 566px\" \/><\/div>\n<div class=\"_pe_d _pe_12\" tabindex=\"-1\">\n<p><img loading=\"lazy\" decoding=\"async\" class=\"alignnone size-full wp-image-18288\" src=\"http:\/\/balcilar-blog.com\/wp-content\/uploads\/2017\/03\/17-5.jpg\" alt=\"17-5\" width=\"640\" height=\"423\" srcset=\"https:\/\/balcilar-blog.com\/wp-content\/uploads\/2017\/03\/17-5.jpg 640w, https:\/\/balcilar-blog.com\/wp-content\/uploads\/2017\/03\/17-5-300x198.jpg 300w\" sizes=\"auto, (max-width: 640px) 100vw, 640px\" \/><\/p>\n<p>Yeni b\u00f6l\u00fcm\u00fc merakla beklenen dizide; babas\u0131n\u0131n \u00f6ld\u00fcr\u00fcld\u00fc\u011f\u00fc u\u00e7urumun kenar\u0131na Tahsin&#8217;i getiren Cesur acaba elini kana bulayacak m\u0131 sorusu yan\u0131t bulacak.<\/p>\n<p><strong>\u2018Cesur ve G\u00fczel\u2019in yeni b\u00f6l\u00fcm\u00fc 16 Mart Per\u015fembe saat 20:00\u2019da Star TV\u2019de ekrana gelecek!<\/strong><\/p>\n<p>\u0130yi Seyirler.<\/p>\n<\/div>\n<div class=\"_pe_d _pe_12\" tabindex=\"-1\">\n<p>Sayg\u0131lar ve sevgiler.<\/p>\n<p>Abdurrahman Balc\u0131lar<\/p>\n<p>Twitter:\u00a0<a href=\"https:\/\/twitter.com\/abbalcilar\">abdurrahman balc\u0131lar<\/a><a href=\"https:\/\/twitter.com\/abbalcilar\"><strong>@abbalcilar<\/strong><\/a><\/p>\n<p>Mail :\u00a0<a href=\"mailto:ab.balcilar@hotmail.com\">ab.balcilar@hotmail.com<\/a><\/p>\n<p>Blog:\u00a0<a href=\"http:\/\/t.co\/znqmIZgIqn\">blog.milliyet.com.tr\/cansever<\/a><\/p>\n<p>Blog:\u00a0<strong>balcilar-blog.com<\/strong><\/p>\n<p>Not: Kaynak haber ve g\u00f6rseller Persona Sanat Bas\u0131n B\u00fclteni.<\/p>\n<\/div>\n<\/div>\n<div class=\"_rp_R4\"><\/div>\n<\/div>\n<\/div>\n<\/div>\n<\/div>\n<\/div>\n<div class=\"_rp_f\" tabindex=\"-1\">\n<div class=\"_qc_F ms-bg-color-white _qc_G\">\n<hr class=\"_qc_B\" \/>\n<div class=\"_qc_y ms-border-color-neutralLight _qc_z\" tabindex=\"-1\"><\/div>\n<\/div>\n<\/div>\n<\/div>\n","protected":false},"excerpt":{"rendered":"<p>\u00a0CESUR\u2019UN \u0130NT\u0130KAM ATE\u015e\u0130 B\u00dcY\u00dcYOR! Ay Yap\u0131m imzal\u0131 \u2018Cesur ve G\u00fczel\u2019in d\u00fcn ak\u015fam yay\u0131nlanan heyecan dolu b\u00f6l\u00fcm\u00fcnde annesini kaybetmesinden haftalar sonra Korluda\u011f Kasabas\u0131\u2019na d\u00f6nen Cesur, adaleti ilk defa kendi sa\u011flamak istedi. Cesur, b\u00f6l\u00fcm\u00fcn final sahnesinde, anne ve babas\u0131n\u0131n katili oldu\u011funu d\u00fc\u015f\u00fcnd\u00fc\u011f\u00fc Tahsin Korluda\u011f\u2019\u0131 ka\u00e7\u0131rd\u0131. K\u0131van\u00e7 Tatl\u0131tu\u011f ve Tuba B\u00fcy\u00fck\u00fcst\u00fcn\u2019\u00fcn rol ald\u0131\u011f\u0131 \u2018Cesur ve G\u00fczel\u2019in d\u00fcn ak\u015fam [&hellip;]<\/p>\n","protected":false},"author":3,"featured_media":18286,"comment_status":"open","ping_status":"open","sticky":false,"template":"","format":"standard","meta":{"footnotes":""},"categories":[2],"tags":[26,1225,80,305],"class_list":["post-18283","post","type-post","status-publish","format-standard","has-post-thumbnail","hentry","category-tv-programlari","tag-ay-yapim","tag-cesur-ve-guzel","tag-kivanc-tatlitug","tag-tuba-buyukustun"],"views":3256,"blog_post_layout_featured_media_urls":{"thumbnail":["https:\/\/balcilar-blog.com\/wp-content\/uploads\/2017\/03\/17-3-150x150.jpg",150,150,true],"full":["https:\/\/balcilar-blog.com\/wp-content\/uploads\/2017\/03\/17-3.jpg",640,356,false]},"categories_names":{"2":{"name":"TV Programlar\u0131","link":"https:\/\/balcilar-blog.com\/?cat=2"}},"tags_names":{"26":{"name":"Ay Yap\u0131m","link":"https:\/\/balcilar-blog.com\/?tag=ay-yapim"},"1225":{"name":"Cesur ve G\u00fczel","link":"https:\/\/balcilar-blog.com\/?tag=cesur-ve-guzel"},"80":{"name":"K\u0131van\u00e7 Tatl\u0131tu\u011f","link":"https:\/\/balcilar-blog.com\/?tag=kivanc-tatlitug"},"305":{"name":"Tuba B\u00fcy\u00fck\u00fcst\u00fcn","link":"https:\/\/balcilar-blog.com\/?tag=tuba-buyukustun"}},"comments_number":"0","wpmagazine_modules_lite_featured_media_urls":{"thumbnail":["https:\/\/balcilar-blog.com\/wp-content\/uploads\/2017\/03\/17-3-150x150.jpg",150,150,true],"cvmm-medium":["https:\/\/balcilar-blog.com\/wp-content\/uploads\/2017\/03\/17-3.jpg",300,167,false],"cvmm-medium-plus":["https:\/\/balcilar-blog.com\/wp-content\/uploads\/2017\/03\/17-3.jpg",305,170,false],"cvmm-portrait":["https:\/\/balcilar-blog.com\/wp-content\/uploads\/2017\/03\/17-3.jpg",400,223,false],"cvmm-medium-square":["https:\/\/balcilar-blog.com\/wp-content\/uploads\/2017\/03\/17-3.jpg",600,334,false],"cvmm-large":["https:\/\/balcilar-blog.com\/wp-content\/uploads\/2017\/03\/17-3.jpg",640,356,false],"cvmm-small":["https:\/\/balcilar-blog.com\/wp-content\/uploads\/2017\/03\/17-3.jpg",130,72,false],"full":["https:\/\/balcilar-blog.com\/wp-content\/uploads\/2017\/03\/17-3.jpg",640,356,false]},"_links":{"self":[{"href":"https:\/\/balcilar-blog.com\/index.php?rest_route=\/wp\/v2\/posts\/18283","targetHints":{"allow":["GET"]}}],"collection":[{"href":"https:\/\/balcilar-blog.com\/index.php?rest_route=\/wp\/v2\/posts"}],"about":[{"href":"https:\/\/balcilar-blog.com\/index.php?rest_route=\/wp\/v2\/types\/post"}],"author":[{"embeddable":true,"href":"https:\/\/balcilar-blog.com\/index.php?rest_route=\/wp\/v2\/users\/3"}],"replies":[{"embeddable":true,"href":"https:\/\/balcilar-blog.com\/index.php?rest_route=%2Fwp%2Fv2%2Fcomments&post=18283"}],"version-history":[{"count":2,"href":"https:\/\/balcilar-blog.com\/index.php?rest_route=\/wp\/v2\/posts\/18283\/revisions"}],"predecessor-version":[{"id":18291,"href":"https:\/\/balcilar-blog.com\/index.php?rest_route=\/wp\/v2\/posts\/18283\/revisions\/18291"}],"wp:featuredmedia":[{"embeddable":true,"href":"https:\/\/balcilar-blog.com\/index.php?rest_route=\/wp\/v2\/media\/18286"}],"wp:attachment":[{"href":"https:\/\/balcilar-blog.com\/index.php?rest_route=%2Fwp%2Fv2%2Fmedia&parent=18283"}],"wp:term":[{"taxonomy":"category","embeddable":true,"href":"https:\/\/balcilar-blog.com\/index.php?rest_route=%2Fwp%2Fv2%2Fcategories&post=18283"},{"taxonomy":"post_tag","embeddable":true,"href":"https:\/\/balcilar-blog.com\/index.php?rest_route=%2Fwp%2Fv2%2Ftags&post=18283"}],"curies":[{"name":"wp","href":"https:\/\/api.w.org\/{rel}","templated":true}]}}