{"id":18250,"date":"2017-03-11T11:49:03","date_gmt":"2017-03-11T08:49:03","guid":{"rendered":"http:\/\/balcilar-blog.com\/?p=18250"},"modified":"2017-03-12T23:46:47","modified_gmt":"2017-03-12T20:46:47","slug":"icerde-sarp-ve-celal-hapse-mi-giriyor","status":"publish","type":"post","link":"https:\/\/balcilar-blog.com\/?p=18250","title":{"rendered":"\u0130\u00e7erde 25.B\u00f6l\u00fcm \/ Sarp ve Celal hapse giriyor!"},"content":{"rendered":"<p><img loading=\"lazy\" decoding=\"async\" class=\"alignnone size-full wp-image-18252\" src=\"http:\/\/balcilar-blog.com\/wp-content\/uploads\/2017\/03\/17190794_664866367032152_742306553900595468_n.png\" alt=\"17190794_664866367032152_742306553900595468_n\" width=\"640\" height=\"386\" srcset=\"https:\/\/balcilar-blog.com\/wp-content\/uploads\/2017\/03\/17190794_664866367032152_742306553900595468_n.png 640w, https:\/\/balcilar-blog.com\/wp-content\/uploads\/2017\/03\/17190794_664866367032152_742306553900595468_n-300x181.png 300w\" sizes=\"auto, (max-width: 640px) 100vw, 640px\" \/><\/p>\n<div class=\"fbPhotosSnowliftFeedback\">\n<p>Ay Yap\u0131m\u2019\u0131n yap\u0131mc\u0131l\u0131\u011f\u0131n\u0131 \u00fcstlendi\u011fi, Show Tv\u2019nin fenomen dizisi \u0130\u00c7ERDE yeni b\u00f6l\u00fcm\u00fc 13 Mart Pazartesi ak\u015fam\u0131 Saat:20.00\u2019de ekranlar\u0131m\u0131zda olacak!<\/p>\n<p>\u0130ki karde\u015fin birbirini bulma hikayesini anlatan \u0130\u00e7erde; \u00c7a\u011fatay Ulusoy, Aras Bulut \u0130ynemli, \u00c7etin Tekindor, Bensu Soral, Damla Colbay, Mustafa U\u011furlu, R\u0131za Kocao\u011flu, Nihal Kolda\u015f, G\u00f6zde Kansu, Y\u0131ld\u0131ray \u015eahinler, Tuba \u00dcnsal ve U\u011fur Y\u00fccel rol al\u0131yor.<\/p>\n<p><strong>\u0130\u00e7erde 25. B\u00f6l\u00fcmde neler olacak?<\/strong><\/p>\n<p>Ge\u00e7en b\u00f6l\u00fcm sonunda Kudret S\u00f6nmez Tek ile Celal Duman kar\u0131\u015f\u0131 kar\u015f\u0131ya gelmi\u015fler, restle\u015fmi\u015flerdi. \u015eimdi kozlar\u0131n\u0131 payla\u015fma zaman\u0131&#8230; Elindeki dosyalar\u0131 bir ortaya atacak!<\/p>\n<p>Sarp ve Celal\u2019in oyunu Kudret\u2019in beklenmedik hareketiyle ger\u00e7ek olmu\u015ftur.<\/p>\n<p>Tahsin ger\u00e7ekten \u00f6lm\u00fc\u015ft\u00fcr. Kudret\u2019in elindeki video kayd\u0131 polisin eline ge\u00e7ti\u011fi an Sarp ve Celal hapse girmekten kurtulamayacaklard\u0131r. \u00d6yle de olur.<\/p>\n<\/div>\n<div class=\"fbPhotosSnowliftFeedback\"><img loading=\"lazy\" decoding=\"async\" class=\"alignnone size-full wp-image-18276\" src=\"http:\/\/balcilar-blog.com\/wp-content\/uploads\/2017\/03\/Ekran-Al\u0131nt\u0131s\u0131i\u00e7erde-25.fr_.2.jpg\" alt=\"Ekran Al\u0131nt\u0131s\u0131i\u00e7erde 25.fr.2\" width=\"640\" height=\"299\" srcset=\"https:\/\/balcilar-blog.com\/wp-content\/uploads\/2017\/03\/Ekran-Al\u0131nt\u0131s\u0131i\u00e7erde-25.fr_.2.jpg 640w, https:\/\/balcilar-blog.com\/wp-content\/uploads\/2017\/03\/Ekran-Al\u0131nt\u0131s\u0131i\u00e7erde-25.fr_.2-300x140.jpg 300w\" sizes=\"auto, (max-width: 640px) 100vw, 640px\" \/><\/div>\n<div class=\"fbPhotosSnowliftFeedback\"><\/div>\n<div class=\"fbPhotosSnowliftFeedback\">Mert, Celal&#8217;in adam\u0131 oldu\u011fu a\u00e7\u0131\u011fa \u00e7\u0131kmay\u0131nca \u00e7ok keyiflenir. Hemen i\u015fe koyulur. Sarp&#8217;\u0131 tutuklamak i\u00e7in eline f\u0131rsat ge\u00e7er. Sarp&#8217;\u0131n bileklerine kelep\u00e7eyi zevkle takar ve i\u00e7eri al\u0131r. M\u00fcd\u00fcr Yusuf da, Celal Duman&#8217;\u0131 i\u00e7eri almaya gider. Celal Baba da g\u00f6zetim alt\u0131na al\u0131n\u0131r.<\/div>\n<div class=\"fbPhotosSnowliftFeedback\">\n<p><img loading=\"lazy\" decoding=\"async\" class=\"alignnone size-full wp-image-18258\" src=\"http:\/\/balcilar-blog.com\/wp-content\/uploads\/2017\/03\/53e6200e6244d767665486087d6afb4d_840.jpg\" alt=\"53e6200e6244d767665486087d6afb4d_840\" width=\"640\" height=\"416\" srcset=\"https:\/\/balcilar-blog.com\/wp-content\/uploads\/2017\/03\/53e6200e6244d767665486087d6afb4d_840.jpg 640w, https:\/\/balcilar-blog.com\/wp-content\/uploads\/2017\/03\/53e6200e6244d767665486087d6afb4d_840-300x195.jpg 300w\" sizes=\"auto, (max-width: 640px) 100vw, 640px\" \/><\/p>\n<p>Mert hastaneye \u015eevko\u2019nun ifadesini almaya gider ve ondan ald\u0131\u011f\u0131 bilgiyle Tahsin\u2019i \u00f6ld\u00fcren tetik\u00e7ilerin pe\u015fine d\u00fc\u015fer.<\/p>\n<\/div>\n<div class=\"fbPhotosSnowliftFeedback\"><img loading=\"lazy\" decoding=\"async\" class=\"alignnone size-full wp-image-18274\" src=\"http:\/\/balcilar-blog.com\/wp-content\/uploads\/2017\/03\/Ekran-Al\u0131nt\u0131s\u0131i\u00e7erde-25.fr_.1.jpg\" alt=\"Ekran Al\u0131nt\u0131s\u0131i\u00e7erde 25.fr.1\" width=\"640\" height=\"311\" srcset=\"https:\/\/balcilar-blog.com\/wp-content\/uploads\/2017\/03\/Ekran-Al\u0131nt\u0131s\u0131i\u00e7erde-25.fr_.1.jpg 640w, https:\/\/balcilar-blog.com\/wp-content\/uploads\/2017\/03\/Ekran-Al\u0131nt\u0131s\u0131i\u00e7erde-25.fr_.1-300x146.jpg 300w\" sizes=\"auto, (max-width: 640px) 100vw, 640px\" \/><\/div>\n<div class=\"fbPhotosSnowliftFeedback\"><\/div>\n<div class=\"fbPhotosSnowliftFeedback\">Kudret eskiden kalan bir hesab\u0131 kapatmaya gelmi\u015ftir. Nermin Duman&#8217;\u0131n mezar\u0131na ziyarete gider. Ayn\u0131 anda ayn\u0131 mezara Celal Duman da ziyarete gelir. Birinin karde\u015fi, di\u011ferinin de sevdi\u011fi kad\u0131n m\u0131 hep birlikte \u00f6n\u00fcm\u00fczdeki b\u00f6l\u00fcmde g\u00f6rece\u011fiz.<\/div>\n<div class=\"fbPhotosSnowliftFeedback\"><\/div>\n<div class=\"fbPhotosSnowliftFeedback\"><img loading=\"lazy\" decoding=\"async\" class=\"alignnone size-full wp-image-18261\" src=\"http:\/\/balcilar-blog.com\/wp-content\/uploads\/2017\/03\/33199ab2115ad7659fdf6dd10ffeb4fc_840.jpg\" alt=\"33199ab2115ad7659fdf6dd10ffeb4fc_840\" width=\"640\" height=\"373\" srcset=\"https:\/\/balcilar-blog.com\/wp-content\/uploads\/2017\/03\/33199ab2115ad7659fdf6dd10ffeb4fc_840.jpg 640w, https:\/\/balcilar-blog.com\/wp-content\/uploads\/2017\/03\/33199ab2115ad7659fdf6dd10ffeb4fc_840-300x175.jpg 300w\" sizes=\"auto, (max-width: 640px) 100vw, 640px\" \/><\/div>\n<div class=\"fbPhotosSnowliftFeedback\"><\/div>\n<div class=\"fbPhotosSnowliftFeedback\">Celal ile mezarl\u0131kta bulu\u015furlar. Ge\u00e7mi\u015fteki ortak ac\u0131lar\u0131 onlar\u0131 ayn\u0131 mezar\u0131n ba\u015f\u0131na getirmi\u015ftir.<\/div>\n<div class=\"fbPhotosSnowliftFeedback\"><\/div>\n<div class=\"fbPhotosSnowliftFeedback\">\n<p><img loading=\"lazy\" decoding=\"async\" class=\"alignnone size-full wp-image-18262\" src=\"http:\/\/balcilar-blog.com\/wp-content\/uploads\/2017\/03\/73492a0feaee968753b57b7a88b88df8_840.jpg\" alt=\"73492a0feaee968753b57b7a88b88df8_840\" width=\"640\" height=\"368\" srcset=\"https:\/\/balcilar-blog.com\/wp-content\/uploads\/2017\/03\/73492a0feaee968753b57b7a88b88df8_840.jpg 640w, https:\/\/balcilar-blog.com\/wp-content\/uploads\/2017\/03\/73492a0feaee968753b57b7a88b88df8_840-300x173.jpg 300w\" sizes=\"auto, (max-width: 640px) 100vw, 640px\" \/><\/p>\n<p>\u0130\u00e7lerinden biri \u00f6lmeden bu d\u00fc\u015fmanl\u0131k bitmeyecektir.<\/p>\n<p>\u00d6n\u00fcm\u00fczde Pazartesi ak\u015fam\u0131, hem Sarp, hem de Celal i\u00e7in durum kar\u0131\u015f\u0131k? Tutukland\u0131lar, Sarp&#8217;\u0131n arkas\u0131nda Yusuf M\u00fcd\u00fcr var! Sarp kurtulursa, ayn\u0131 su\u00e7tan Celal Duman da kurtulacakt\u0131r. Celal Baba ile Sarp ayn\u0131 ko\u011fu\u015fta, aralar\u0131nda \u00e7\u0131kacak g\u00fcmb\u00fcrt\u00fcy\u00fc duyunca siz de \u015fa\u015f\u0131racaks\u0131n\u0131z!<\/p>\n<p>Co\u015fkun&#8217;u nihayet bu b\u00f6l\u00fcmde g\u00f6rece\u011fiz. Celal&#8217;in paketlenip i\u00e7eri al\u0131nmas\u0131n\u0131 \u00e7ok sevinmi\u015f g\u00f6z\u00fck\u00fcyor.<\/p>\n<\/div>\n<div class=\"fbPhotosSnowliftFeedback\"><img loading=\"lazy\" decoding=\"async\" class=\"alignnone size-full wp-image-18266\" src=\"http:\/\/balcilar-blog.com\/wp-content\/uploads\/2017\/03\/b70ec38a0d9a037cac45dc6722a4352c_840.jpg\" alt=\"b70ec38a0d9a037cac45dc6722a4352c_840\" width=\"640\" height=\"381\" srcset=\"https:\/\/balcilar-blog.com\/wp-content\/uploads\/2017\/03\/b70ec38a0d9a037cac45dc6722a4352c_840.jpg 640w, https:\/\/balcilar-blog.com\/wp-content\/uploads\/2017\/03\/b70ec38a0d9a037cac45dc6722a4352c_840-300x179.jpg 300w\" sizes=\"auto, (max-width: 640px) 100vw, 640px\" \/><\/div>\n<div class=\"fbPhotosSnowliftFeedback\"><\/div>\n<div class=\"fbPhotosSnowliftFeedback\">\n<p>13 Mart Pazartesi ak\u015fam\u0131 Show Tv ekranlar\u0131nda \u0130\u00e7erde&#8217;yiz&#8230;<\/p>\n<p><iframe loading=\"lazy\" title=\"ICERDE 25.BOLUM FRAGMAN\" width=\"640\" height=\"360\" src=\"https:\/\/www.youtube.com\/embed\/R312ZOp-3V0?feature=oembed\" frameborder=\"0\" allow=\"accelerometer; autoplay; clipboard-write; encrypted-media; gyroscope; picture-in-picture; web-share\" referrerpolicy=\"strict-origin-when-cross-origin\" allowfullscreen><\/iframe><\/p>\n<p><iframe loading=\"lazy\" title=\"\u0130\u00e7erde 25.B\u00f6l\u00fcm 1.Fragman\" width=\"640\" height=\"360\" src=\"https:\/\/www.youtube.com\/embed\/sDOqi8a68jQ?feature=oembed\" frameborder=\"0\" allow=\"accelerometer; autoplay; clipboard-write; encrypted-media; gyroscope; picture-in-picture; web-share\" referrerpolicy=\"strict-origin-when-cross-origin\" allowfullscreen><\/iframe><\/p>\n<p><iframe loading=\"lazy\" title=\"\u0130\u00e7erde 25. B\u00f6l\u00fcm 2. Fragman\" width=\"640\" height=\"360\" src=\"https:\/\/www.youtube.com\/embed\/10jWMRM_fgk?feature=oembed\" frameborder=\"0\" allow=\"accelerometer; autoplay; clipboard-write; encrypted-media; gyroscope; picture-in-picture; web-share\" referrerpolicy=\"strict-origin-when-cross-origin\" allowfullscreen><\/iframe><\/p>\n<p>\u0130yi Seyirler.<\/p>\n<\/div>\n<div id=\"fbPhotoSnowliftFeedback\" class=\"fbPhotosSnowliftFeedback\">\n<p>Sayg\u0131lar ve sevgiler.<\/p>\n<p>Abdurrahman Balc\u0131lar<\/p>\n<p>Twitter:\u00a0<a href=\"https:\/\/twitter.com\/abbalcilar\">abdurrahman balc\u0131lar<\/a><a href=\"https:\/\/twitter.com\/abbalcilar\"><strong>@abbalcilar<\/strong><\/a><\/p>\n<p>Mail :\u00a0<a href=\"mailto:ab.balcilar@hotmail.com\">ab.balcilar@hotmail.com<\/a><\/p>\n<p>Blog:\u00a0<a href=\"http:\/\/t.co\/znqmIZgIqn\">blog.milliyet.com.tr\/cansever<\/a><\/p>\n<p>Blog:\u00a0<strong>balcilar-blog.com<\/strong><\/p>\n<\/div>\n","protected":false},"excerpt":{"rendered":"<p>Ay Yap\u0131m\u2019\u0131n yap\u0131mc\u0131l\u0131\u011f\u0131n\u0131 \u00fcstlendi\u011fi, Show Tv\u2019nin fenomen dizisi \u0130\u00c7ERDE yeni b\u00f6l\u00fcm\u00fc 13 Mart Pazartesi ak\u015fam\u0131 Saat:20.00\u2019de ekranlar\u0131m\u0131zda olacak! \u0130ki karde\u015fin birbirini bulma hikayesini anlatan \u0130\u00e7erde; \u00c7a\u011fatay Ulusoy, Aras Bulut \u0130ynemli, \u00c7etin Tekindor, Bensu Soral, Damla Colbay, Mustafa U\u011furlu, R\u0131za Kocao\u011flu, Nihal Kolda\u015f, G\u00f6zde Kansu, Y\u0131ld\u0131ray \u015eahinler, Tuba \u00dcnsal ve U\u011fur Y\u00fccel rol al\u0131yor. \u0130\u00e7erde 25. [&hellip;]<\/p>\n","protected":false},"author":3,"featured_media":18252,"comment_status":"open","ping_status":"open","sticky":false,"template":"","format":"standard","meta":{"footnotes":""},"categories":[2],"tags":[533,26,1224,15,693,1219,35],"class_list":["post-18250","post","type-post","status-publish","format-standard","has-post-thumbnail","hentry","category-tv-programlari","tag-aras-bulut-iynemli","tag-ay-yapim","tag-bensu-soral","tag-cagatay-ulusoy","tag-cetin-tekindor","tag-icerde","tag-show-tv"],"views":3294,"blog_post_layout_featured_media_urls":{"thumbnail":["https:\/\/balcilar-blog.com\/wp-content\/uploads\/2017\/03\/17190794_664866367032152_742306553900595468_n-150x150.png",150,150,true],"full":["https:\/\/balcilar-blog.com\/wp-content\/uploads\/2017\/03\/17190794_664866367032152_742306553900595468_n.png",640,386,false]},"categories_names":{"2":{"name":"TV Programlar\u0131","link":"https:\/\/balcilar-blog.com\/?cat=2"}},"tags_names":{"533":{"name":"Aras Bulut \u0130ynemli","link":"https:\/\/balcilar-blog.com\/?tag=aras-bulut-iynemli"},"26":{"name":"Ay Yap\u0131m","link":"https:\/\/balcilar-blog.com\/?tag=ay-yapim"},"1224":{"name":"Bensu Soral","link":"https:\/\/balcilar-blog.com\/?tag=bensu-soral"},"15":{"name":"\u00e7a\u011fatay ulusoy","link":"https:\/\/balcilar-blog.com\/?tag=cagatay-ulusoy"},"693":{"name":"\u00c7etin Tekindor","link":"https:\/\/balcilar-blog.com\/?tag=cetin-tekindor"},"1219":{"name":"\u0130\u00c7ERDE","link":"https:\/\/balcilar-blog.com\/?tag=icerde"},"35":{"name":"Show Tv","link":"https:\/\/balcilar-blog.com\/?tag=show-tv"}},"comments_number":"0","wpmagazine_modules_lite_featured_media_urls":{"thumbnail":["https:\/\/balcilar-blog.com\/wp-content\/uploads\/2017\/03\/17190794_664866367032152_742306553900595468_n-150x150.png",150,150,true],"cvmm-medium":["https:\/\/balcilar-blog.com\/wp-content\/uploads\/2017\/03\/17190794_664866367032152_742306553900595468_n.png",300,181,false],"cvmm-medium-plus":["https:\/\/balcilar-blog.com\/wp-content\/uploads\/2017\/03\/17190794_664866367032152_742306553900595468_n.png",305,184,false],"cvmm-portrait":["https:\/\/balcilar-blog.com\/wp-content\/uploads\/2017\/03\/17190794_664866367032152_742306553900595468_n.png",400,241,false],"cvmm-medium-square":["https:\/\/balcilar-blog.com\/wp-content\/uploads\/2017\/03\/17190794_664866367032152_742306553900595468_n.png",600,362,false],"cvmm-large":["https:\/\/balcilar-blog.com\/wp-content\/uploads\/2017\/03\/17190794_664866367032152_742306553900595468_n.png",640,386,false],"cvmm-small":["https:\/\/balcilar-blog.com\/wp-content\/uploads\/2017\/03\/17190794_664866367032152_742306553900595468_n.png",130,78,false],"full":["https:\/\/balcilar-blog.com\/wp-content\/uploads\/2017\/03\/17190794_664866367032152_742306553900595468_n.png",640,386,false]},"_links":{"self":[{"href":"https:\/\/balcilar-blog.com\/index.php?rest_route=\/wp\/v2\/posts\/18250","targetHints":{"allow":["GET"]}}],"collection":[{"href":"https:\/\/balcilar-blog.com\/index.php?rest_route=\/wp\/v2\/posts"}],"about":[{"href":"https:\/\/balcilar-blog.com\/index.php?rest_route=\/wp\/v2\/types\/post"}],"author":[{"embeddable":true,"href":"https:\/\/balcilar-blog.com\/index.php?rest_route=\/wp\/v2\/users\/3"}],"replies":[{"embeddable":true,"href":"https:\/\/balcilar-blog.com\/index.php?rest_route=%2Fwp%2Fv2%2Fcomments&post=18250"}],"version-history":[{"count":12,"href":"https:\/\/balcilar-blog.com\/index.php?rest_route=\/wp\/v2\/posts\/18250\/revisions"}],"predecessor-version":[{"id":18295,"href":"https:\/\/balcilar-blog.com\/index.php?rest_route=\/wp\/v2\/posts\/18250\/revisions\/18295"}],"wp:featuredmedia":[{"embeddable":true,"href":"https:\/\/balcilar-blog.com\/index.php?rest_route=\/wp\/v2\/media\/18252"}],"wp:attachment":[{"href":"https:\/\/balcilar-blog.com\/index.php?rest_route=%2Fwp%2Fv2%2Fmedia&parent=18250"}],"wp:term":[{"taxonomy":"category","embeddable":true,"href":"https:\/\/balcilar-blog.com\/index.php?rest_route=%2Fwp%2Fv2%2Fcategories&post=18250"},{"taxonomy":"post_tag","embeddable":true,"href":"https:\/\/balcilar-blog.com\/index.php?rest_route=%2Fwp%2Fv2%2Ftags&post=18250"}],"curies":[{"name":"wp","href":"https:\/\/api.w.org\/{rel}","templated":true}]}}