{"id":18233,"date":"2017-03-09T14:21:18","date_gmt":"2017-03-09T11:21:18","guid":{"rendered":"http:\/\/balcilar-blog.com\/?p=18233"},"modified":"2017-03-09T17:36:47","modified_gmt":"2017-03-09T14:36:47","slug":"__trashed","status":"publish","type":"post","link":"https:\/\/balcilar-blog.com\/?p=18233","title":{"rendered":"Bu \u015eehir Arkandan Gelecek \/ Ali, Hayat\u0131n\u0131n en b\u00fcy\u00fck darbesini ald\u0131!"},"content":{"rendered":"<div tabindex=\"-1\">\n<div tabindex=\"-1\">\n<div tabindex=\"0\">\n<div class=\"_rp_75\" tabindex=\"-1\">\n<div class=\"_rp_K4 ms-border-color-neutralLight ShowReferenceAttachmentsLinks ShowConsesusSchedulingLink\" tabindex=\"-1\">\n<div class=\"_rp_W4\">\n<div id=\"Item.MessagePartBody\" class=\"_rp_M4\">\n<div id=\"Item.MessageUniqueBody\" class=\"_rp_N4 ms-font-weight-regular ms-font-color-neutralDark rpHighlightAllClass rpHighlightBodyClass\" tabindex=\"0\">\n<div class=\"rps_baf0\">\n<div dir=\"ltr\">\n<p class=\"x_MsoNormal\" align=\"center\"><img loading=\"lazy\" decoding=\"async\" class=\"alignnone size-full wp-image-18241\" src=\"http:\/\/balcilar-blog.com\/wp-content\/uploads\/2017\/03\/10-2.jpg\" alt=\"10-2\" width=\"640\" height=\"427\" srcset=\"https:\/\/balcilar-blog.com\/wp-content\/uploads\/2017\/03\/10-2.jpg 640w, https:\/\/balcilar-blog.com\/wp-content\/uploads\/2017\/03\/10-2-300x200.jpg 300w\" sizes=\"auto, (max-width: 640px) 100vw, 640px\" \/><\/p>\n<p>Ay Yap\u0131m imzal\u0131 \u2018Bu \u015eehir Arkandan Gelecek\u2019in d\u00fcn ak\u015fam ekranlara gelen b\u00f6l\u00fcm\u00fcne birbirlerini \u00e7ok sevmelerine ra\u011fmen bir araya gelemeyen Ali ile Derin\u2019in tart\u0131\u015fmas\u0131 damga vurdu.<\/p>\n<p>Derin\u2019in sert s\u00f6zleri, Ali i\u00e7in hayat\u0131n\u0131n en b\u00fcy\u00fck darbesi oldu.<\/p>\n<p>Kerem B\u00fcrsin ve Leyla Lydia Tu\u011futlu\u2019nun rol ald\u0131\u011f\u0131 \u2018Bu \u015eehir Arkandan Gelecek\u2019in d\u00fcn ak\u015fam yay\u0131nlanan b\u00f6l\u00fcm\u00fcnde Derin\u2019in (Leyla Lydia Tu\u011futlu) hamile oldu\u011funu duyan Ali (Kerem B\u00fcrsin), solu\u011fu Derin\u2019in kar\u015f\u0131s\u0131nda ald\u0131.<\/p>\n<p>Asl\u0131\u2019n\u0131n (Nilperi \u015eahinkaya) oyunlar\u0131 y\u00fcz\u00fcnden Ali\u2019ye kar\u015f\u0131 \u00e7ok k\u0131zg\u0131n olan Derin ise Yi\u011fit\u2019in s\u00f6yledi\u011fi \u201cO bebe\u011fin babas\u0131 benim\u201d yalan\u0131n\u0131 s\u00fcrd\u00fcrerek Ali\u2019yle aras\u0131ndaki u\u00e7urumu derinle\u015ftirdi.<\/p>\n<p>&nbsp;<\/p>\n<p><img loading=\"lazy\" decoding=\"async\" class=\"alignnone size-full wp-image-18240\" src=\"http:\/\/balcilar-blog.com\/wp-content\/uploads\/2017\/03\/10-1.jpg\" alt=\"10-1\" width=\"640\" height=\"427\" srcset=\"https:\/\/balcilar-blog.com\/wp-content\/uploads\/2017\/03\/10-1.jpg 640w, https:\/\/balcilar-blog.com\/wp-content\/uploads\/2017\/03\/10-1-300x200.jpg 300w\" sizes=\"auto, (max-width: 640px) 100vw, 640px\" \/><\/p>\n<p>Derin\u2019in Ali\u2019ye, \u201cSen benim i\u00e7in bir yan\u0131g\u0131s\u0131n!\u201d dedi\u011fi anlar izleyenleri ekran ba\u015f\u0131na kilitlerken, bu s\u00f6zler Ali i\u00e7in de hayat\u0131n\u0131n en b\u00fcy\u00fck y\u0131k\u0131m\u0131 oldu.<\/p>\n<p>&nbsp;<\/p>\n<p><strong>\u0130\u015fte, o heyecan dolu y\u00fczle\u015fme:<\/strong><\/p>\n<p>https:\/\/www.youtube.com\/watch?v=hHw3C1R9lro<\/p>\n<p>&nbsp;<\/p>\n<p><strong>Bokstaki gururumuz Avni Y\u0131ld\u0131r\u0131m s\u00fcrprizi!<\/strong><\/p>\n<p>D\u00fcnyaca \u00fcnl\u00fc T\u00fcrk boks\u00f6r Avni Y\u0131ld\u0131r\u0131m\u2019\u0131n, \u015eampiyon Spor Salonu\u2019nda Ali ve \u015eahin\u2019i ziyaret etti\u011fi sahne ise b\u00f6l\u00fcm\u00fcn unutulmazlar\u0131ndan oldu.<\/p>\n<p><img loading=\"lazy\" decoding=\"async\" class=\"alignnone size-full wp-image-18239\" src=\"http:\/\/balcilar-blog.com\/wp-content\/uploads\/2017\/03\/avn\u0131i-y\u0131ld\u0131r\u0131m-gurkan-uygun.jpg\" alt=\"avn\u0131i y\u0131ld\u0131r\u0131m-gurkan uygun\" width=\"640\" height=\"427\" srcset=\"https:\/\/balcilar-blog.com\/wp-content\/uploads\/2017\/03\/avn\u0131i-y\u0131ld\u0131r\u0131m-gurkan-uygun.jpg 640w, https:\/\/balcilar-blog.com\/wp-content\/uploads\/2017\/03\/avn\u0131i-y\u0131ld\u0131r\u0131m-gurkan-uygun-300x200.jpg 300w\" sizes=\"auto, (max-width: 640px) 100vw, 640px\" \/><\/p>\n<p>D\u00fcnyada ilk \u00fc\u00e7te g\u00f6sterilen ve yak\u0131n zamanda D\u00fcnya Boks Federasyonu (WBC) S\u00fcper Orta S\u0131klet Uluslararas\u0131 G\u00fcm\u00fc\u015f Kemer ma\u00e7\u0131nda, rakibini nakavtla yenen Y\u0131ld\u0131r\u0131m, senaryo gere\u011fi kariyerini anlatan belgeselin \u00e7ekimleri i\u00e7in ilk idol\u00fc olan \u015eahin\u2019le bir araya geldi.<\/p>\n<p><img loading=\"lazy\" decoding=\"async\" class=\"alignnone size-full wp-image-18235\" src=\"http:\/\/balcilar-blog.com\/wp-content\/uploads\/2017\/03\/kerem-burs\u0131n-avn\u0131-y\u0131ld\u0131r\u0131m-3.jpg\" alt=\"kerem burs\u0131n-avn\u0131 y\u0131ld\u0131r\u0131m-3\" width=\"569\" height=\"480\" srcset=\"https:\/\/balcilar-blog.com\/wp-content\/uploads\/2017\/03\/kerem-burs\u0131n-avn\u0131-y\u0131ld\u0131r\u0131m-3.jpg 569w, https:\/\/balcilar-blog.com\/wp-content\/uploads\/2017\/03\/kerem-burs\u0131n-avn\u0131-y\u0131ld\u0131r\u0131m-3-300x253.jpg 300w\" sizes=\"auto, (max-width: 569px) 100vw, 569px\" \/><\/p>\n<p><strong>\u0130\u015fte, Avni Y\u0131ld\u0131r\u0131m\u2019\u0131n salona geldi\u011fi o anlar:<\/strong><\/p>\n<p>https:\/\/www.youtube.com\/watch?v=EEUyedWS3Bw<\/p>\n<p>B\u00f6l\u00fcm\u00fcn renkli anlar\u0131ndan biri de Rauf\u2019un y\u0131llard\u0131r hayalini kurdu\u011fu k\u00f6fteci d\u00fckk\u00e2n\u0131n\u0131n a\u00e7\u0131l\u0131\u015f\u0131 oldu. \u2018Anne K\u00f6ftesi\u2019 adl\u0131 minib\u00fcs d\u00fckk\u00e2n\u0131n\u0131n a\u00e7\u0131l\u0131\u015f\u0131 ekran ba\u015f\u0131ndakilere de renkli anlar ya\u015fat\u0131rken Ali\u2019nin, Derin\u2019in ondan hamile oldu\u011fu ve Londra\u2019ya gidece\u011fi ger\u00e7e\u011fini \u00f6\u011frenmesi onu fark\u0131nda olmadan tehlikeli bir \u00e7\u0131kmaza s\u00fcr\u00fckledi. Derin\u2019i durdurmak i\u00e7in kald\u0131\u011f\u0131 otele giden Ali, Derin\u2019in babas\u0131 Tekin\u2019i b\u0131\u00e7aklanm\u0131\u015f, yerde kanlar i\u00e7inde buldu. G\u00fcr\u00fclt\u00fcler \u00fczerine odas\u0131ndan \u00e7\u0131kan Derin ise g\u00f6rd\u00fc\u011f\u00fc bu korkun\u00e7 manzara kar\u015f\u0131s\u0131nda hayat\u0131n\u0131n en b\u00fcy\u00fck \u015foklar\u0131ndan birini ya\u015fad\u0131.<\/p>\n<p><img loading=\"lazy\" decoding=\"async\" class=\"alignnone size-full wp-image-18242\" src=\"http:\/\/balcilar-blog.com\/wp-content\/uploads\/2017\/03\/10-3.jpg\" alt=\"10-3\" width=\"640\" height=\"427\" srcset=\"https:\/\/balcilar-blog.com\/wp-content\/uploads\/2017\/03\/10-3.jpg 640w, https:\/\/balcilar-blog.com\/wp-content\/uploads\/2017\/03\/10-3-300x200.jpg 300w\" sizes=\"auto, (max-width: 640px) 100vw, 640px\" \/><\/p>\n<p>\u2018Bu \u015eehir Arkandan Gelecek\u2019in heyecan dolu yeni b\u00f6l\u00fcm\u00fcnde Ali, su\u00e7suz oldu\u011funu kan\u0131tlayabilecek mi?, Derin\u2019in babas\u0131 Tekin kurtulabilecek mi?, Ali ile Derin\u2019in aras\u0131ndaki u\u00e7urum ortadan kalkabilecek mi? gibi sorular yan\u0131t bulacak.<\/p>\n<p>Bu \u015eehir Arkandan Gelecek, takip etti\u011fim dizilerden biri&#8230; \u00a0Reytinglerinde de biraz olsa da d\u00fczelme var.<\/p>\n<p>Total&#8217;de; 9.s\u0131rada (3,89 &#8211; 8,99)<\/p>\n<p>AB&#8217;de; 5.s\u0131rada (3,84 &#8211; 8,99)<\/p>\n<p>ABC1&#8217;de; 5.s\u0131rada (4,37 \u00a0&#8211; 9,28) reyting puan\u0131 alm\u0131\u015ft\u0131r.<\/p>\n<p>Ay Yap\u0131m imzal\u0131 ve yap\u0131mc\u0131l\u0131\u011f\u0131n\u0131 Kerem \u00c7atay &#8211; Pelin Di\u015fta\u015f Ya\u015faro\u011flu&#8221;nun \u00fcstlendi\u011fi, Ece Y\u00f6ren\u00e7&#8217;in genel \u00f6yk\u00fcy\u00fc yazd\u0131\u011f\u0131 ve senaryoyu Melek Gen\u00e7o\u011flu &#8211; Deniz Madano\u011flu yaz\u0131yor. \u00a0&#8220;Bu \u015eehir Arkandan gelecek&#8221; ba\u015fl\u0131ca rollerinde; Kerem B\u00fcrsin, Leyla Lydia Tu\u011futlu, G\u00fcrkan Uygun, Osman Alka\u015f, Burak Tamdo\u011fan, Seda Akman, Defne Kayalar, Ali Y\u00f6ren\u00e7 Nilperi \u015eahinkaya, Berrak Ku\u015f ve Selim T\u00fcrko\u011flu rol al\u0131yor. M\u00fczikleri Toygar I\u015f\u0131kl\u0131 yap\u0131yor. Dizinin y\u00f6netmenli\u011fini \u00c7a\u011fr\u0131 Vila Lostuval\u0131 ve Ender M\u0131hlar yap\u0131yor.<\/p>\n<p><strong>\u2018Bu \u015eehir Arkandan Gelecek\u2019in yeni b\u00f6l\u00fcm\u00fc (11.B\u00f6l\u00fcm) 15 Mart \u00c7ar\u015famba saat 20:00\u2019da Atv\u2019de!<\/strong><\/p>\n<p class=\"x_MsoNormal\" align=\"center\"><strong>\u00a0\u00a0<\/strong><\/p>\n<\/div>\n<\/div>\n<\/div>\n<\/div>\n<\/div>\n<\/div>\n<\/div>\n<\/div>\n<\/div>\n<div class=\"_rp_f\" tabindex=\"-1\">\n<p>\u00a0\u0130yi Seyirler.Sayg\u0131lar ve sevgiler.<\/p>\n<p>Abdurrahman Balc\u0131lar<\/p>\n<p>Twitter:\u00a0<a href=\"https:\/\/twitter.com\/abbalcilar\">abdurrahman balc\u0131lar<\/a><a href=\"https:\/\/twitter.com\/abbalcilar\"><strong>@abbalcilar<\/strong><\/a><\/p>\n<p>Mail :\u00a0<a href=\"mailto:ab.balcilar@hotmail.com\">ab.balcilar@hotmail.com<\/a><\/p>\n<p>Blog:\u00a0<a href=\"http:\/\/t.co\/znqmIZgIqn\">blog.milliyet.com.tr\/cansever<\/a><\/p>\n<p>Blog:\u00a0<strong>balcilar-blog.com<\/strong><\/p>\n<p>Not: Haber ve g\u00f6rseller Persona Sanat Bas\u0131n B\u00fclteni.<\/p>\n<p>&nbsp;<\/p>\n<\/div>\n<\/div>\n","protected":false},"excerpt":{"rendered":"<p>Ay Yap\u0131m imzal\u0131 \u2018Bu \u015eehir Arkandan Gelecek\u2019in d\u00fcn ak\u015fam ekranlara gelen b\u00f6l\u00fcm\u00fcne birbirlerini \u00e7ok sevmelerine ra\u011fmen bir araya gelemeyen Ali ile Derin\u2019in tart\u0131\u015fmas\u0131 damga vurdu. Derin\u2019in sert s\u00f6zleri, Ali i\u00e7in hayat\u0131n\u0131n en b\u00fcy\u00fck darbesi oldu. Kerem B\u00fcrsin ve Leyla Lydia Tu\u011futlu\u2019nun rol ald\u0131\u011f\u0131 \u2018Bu \u015eehir Arkandan Gelecek\u2019in d\u00fcn ak\u015fam yay\u0131nlanan b\u00f6l\u00fcm\u00fcnde Derin\u2019in (Leyla Lydia Tu\u011futlu) [&hellip;]<\/p>\n","protected":false},"author":3,"featured_media":18241,"comment_status":"open","ping_status":"open","sticky":false,"template":"","format":"standard","meta":{"footnotes":""},"categories":[2],"tags":[48,1383,26,1382,673,985],"class_list":["post-18233","post","type-post","status-publish","format-standard","has-post-thumbnail","hentry","category-tv-programlari","tag-atv","tag-avni-yildirim","tag-ay-yapim","tag-bu-sahir-arkandan-gelecek","tag-kerem-bursin","tag-leyla-leydia-tugutlu"],"views":2924,"blog_post_layout_featured_media_urls":{"thumbnail":["https:\/\/balcilar-blog.com\/wp-content\/uploads\/2017\/03\/10-2-150x150.jpg",150,150,true],"full":["https:\/\/balcilar-blog.com\/wp-content\/uploads\/2017\/03\/10-2.jpg",640,427,false]},"categories_names":{"2":{"name":"TV Programlar\u0131","link":"https:\/\/balcilar-blog.com\/?cat=2"}},"tags_names":{"48":{"name":"ATV","link":"https:\/\/balcilar-blog.com\/?tag=atv"},"1383":{"name":"Avni Y\u0131ld\u0131r\u0131m","link":"https:\/\/balcilar-blog.com\/?tag=avni-yildirim"},"26":{"name":"Ay Yap\u0131m","link":"https:\/\/balcilar-blog.com\/?tag=ay-yapim"},"1382":{"name":"Bu \u015eahir Arkandan Gelecek","link":"https:\/\/balcilar-blog.com\/?tag=bu-sahir-arkandan-gelecek"},"673":{"name":"Kerem Bursin","link":"https:\/\/balcilar-blog.com\/?tag=kerem-bursin"},"985":{"name":"Leyla Leydia Tu\u011futlu","link":"https:\/\/balcilar-blog.com\/?tag=leyla-leydia-tugutlu"}},"comments_number":"0","wpmagazine_modules_lite_featured_media_urls":{"thumbnail":["https:\/\/balcilar-blog.com\/wp-content\/uploads\/2017\/03\/10-2-150x150.jpg",150,150,true],"cvmm-medium":["https:\/\/balcilar-blog.com\/wp-content\/uploads\/2017\/03\/10-2.jpg",300,200,false],"cvmm-medium-plus":["https:\/\/balcilar-blog.com\/wp-content\/uploads\/2017\/03\/10-2.jpg",305,203,false],"cvmm-portrait":["https:\/\/balcilar-blog.com\/wp-content\/uploads\/2017\/03\/10-2.jpg",400,267,false],"cvmm-medium-square":["https:\/\/balcilar-blog.com\/wp-content\/uploads\/2017\/03\/10-2.jpg",600,400,false],"cvmm-large":["https:\/\/balcilar-blog.com\/wp-content\/uploads\/2017\/03\/10-2.jpg",640,427,false],"cvmm-small":["https:\/\/balcilar-blog.com\/wp-content\/uploads\/2017\/03\/10-2.jpg",130,87,false],"full":["https:\/\/balcilar-blog.com\/wp-content\/uploads\/2017\/03\/10-2.jpg",640,427,false]},"_links":{"self":[{"href":"https:\/\/balcilar-blog.com\/index.php?rest_route=\/wp\/v2\/posts\/18233","targetHints":{"allow":["GET"]}}],"collection":[{"href":"https:\/\/balcilar-blog.com\/index.php?rest_route=\/wp\/v2\/posts"}],"about":[{"href":"https:\/\/balcilar-blog.com\/index.php?rest_route=\/wp\/v2\/types\/post"}],"author":[{"embeddable":true,"href":"https:\/\/balcilar-blog.com\/index.php?rest_route=\/wp\/v2\/users\/3"}],"replies":[{"embeddable":true,"href":"https:\/\/balcilar-blog.com\/index.php?rest_route=%2Fwp%2Fv2%2Fcomments&post=18233"}],"version-history":[{"count":5,"href":"https:\/\/balcilar-blog.com\/index.php?rest_route=\/wp\/v2\/posts\/18233\/revisions"}],"predecessor-version":[{"id":18246,"href":"https:\/\/balcilar-blog.com\/index.php?rest_route=\/wp\/v2\/posts\/18233\/revisions\/18246"}],"wp:featuredmedia":[{"embeddable":true,"href":"https:\/\/balcilar-blog.com\/index.php?rest_route=\/wp\/v2\/media\/18241"}],"wp:attachment":[{"href":"https:\/\/balcilar-blog.com\/index.php?rest_route=%2Fwp%2Fv2%2Fmedia&parent=18233"}],"wp:term":[{"taxonomy":"category","embeddable":true,"href":"https:\/\/balcilar-blog.com\/index.php?rest_route=%2Fwp%2Fv2%2Fcategories&post=18233"},{"taxonomy":"post_tag","embeddable":true,"href":"https:\/\/balcilar-blog.com\/index.php?rest_route=%2Fwp%2Fv2%2Ftags&post=18233"}],"curies":[{"name":"wp","href":"https:\/\/api.w.org\/{rel}","templated":true}]}}