{"id":18203,"date":"2017-03-07T13:36:51","date_gmt":"2017-03-07T10:36:51","guid":{"rendered":"http:\/\/balcilar-blog.com\/?p=18203"},"modified":"2017-03-10T10:38:52","modified_gmt":"2017-03-10T07:38:52","slug":"icerdede-kudret-sonmez-ugur-yucel-ile-celal-duman-cetin-tekindor-muhtesem-bulusmasi","status":"publish","type":"post","link":"https:\/\/balcilar-blog.com\/?p=18203","title":{"rendered":"\u0130\u00e7erde&#8217;de Kudret S\u00f6nmez (U\u011fur Y\u00fccel) ile Celal Duman (\u00c7etin Tekindor) muhte\u015fem bulu\u015fmas\u0131!"},"content":{"rendered":"<div tabindex=\"-1\">\n<div tabindex=\"-1\">\n<div tabindex=\"0\">\n<div class=\"_rp_75\" tabindex=\"-1\">\n<div class=\"_rp_K4 ms-border-color-neutralLight ShowConsesusSchedulingLink ShowReferenceAttachmentsLinks\" tabindex=\"-1\">\n<div class=\"_rp_W4\">\n<div>\n<div id=\"Item.MessagePartBody\" class=\"_rp_M4\">\n<div id=\"Item.MessageUniqueBody\" class=\"_rp_N4 ms-font-weight-regular ms-font-color-neutralDark rpHighlightAllClass rpHighlightBodyClass\" tabindex=\"0\">\n<div class=\"rps_3103\">\n<div dir=\"ltr\">\n<p align=\"center\"><img loading=\"lazy\" decoding=\"async\" class=\"alignnone size-full wp-image-18220\" src=\"http:\/\/balcilar-blog.com\/wp-content\/uploads\/2017\/03\/C6QzrJUWcAA6GKc.jpg\" alt=\"C6QzrJUWcAA6GKc\" width=\"640\" height=\"360\" srcset=\"https:\/\/balcilar-blog.com\/wp-content\/uploads\/2017\/03\/C6QzrJUWcAA6GKc.jpg 640w, https:\/\/balcilar-blog.com\/wp-content\/uploads\/2017\/03\/C6QzrJUWcAA6GKc-300x169.jpg 300w\" sizes=\"auto, (max-width: 640px) 100vw, 640px\" \/><\/p>\n<p align=\"center\"><strong>\u0130\u00c7ERDE\u2019DE BEKLENEN B\u00dcY\u00dcK BULU\u015eMA GER\u00c7EKLE\u015eT\u0130!<\/strong><\/p>\n<p><strong>Ay Yap\u0131m imzal\u0131 ekranlar\u0131n fenomen dizisi \u0130\u00e7erde\u2019de Celal Baba ve Kudret S\u00f6nmez\u2019in sab\u0131rs\u0131zl\u0131kla beklenen y\u00fczle\u015fmesi d\u00fcn ak\u015fam ekrana geldi.<\/strong><\/p>\n<p>\u0130ki usta oyuncu <strong>\u00c7etin Tekindor<\/strong> ve <strong>U\u011fur Y\u00fccel<\/strong>\u2019i bir arada izleme keyfini ya\u015fayan ekran ba\u015f\u0131ndaki izleyenler diziyi \u00f6vg\u00fc ya\u011fmuruna tuttular.<\/p>\n<p>B\u00fcy\u00fck be\u011feni toplayan b\u00f6l\u00fcmde Kudret\u2019e \u00e7al\u0131\u015fan Handan\u2019\u0131n sevkiyat\u0131n\u0131n polis bask\u0131n\u0131na u\u011framas\u0131 final sahnesinde Celal ve Kudret\u2019i kar\u015f\u0131 kar\u015f\u0131ya getirdi. Kudret\u2019in; Celal\u2019in Handan\u2019a yapt\u0131\u011f\u0131 oyunu bozmas\u0131 Sarp\u2019\u0131 katil durumuna d\u00fc\u015f\u00fcrd\u00fc. Celal ve Sarp\u2019\u0131 k\u00f6\u015feye s\u0131k\u0131\u015ft\u0131ran Kudret\u2019in Celal\u2019le olan husumetinin nedenleri b\u00fcy\u00fck bir merakla bekleniyor.<\/p>\n<p>&nbsp;<\/p>\n<p><strong>T\u00dcM KATEGOR\u0130LERDE B\u0130R\u0130NC\u0130!<\/strong><\/p>\n<p>Yap\u0131mc\u0131l\u0131\u011f\u0131n\u0131 <strong>Ay Yap\u0131m<\/strong>\u2019\u0131n \u00fcstlendi\u011fi, ba\u015frollerinde \u00c7a\u011fatay Ulusoy, Aras Bulut \u0130ynemli, \u00c7etin Tekindor, Bensu Soral, Damla Colbay, Mustafa U\u011furlu, R\u0131za Kocao\u011flu, Nihal Kolda\u015f, G\u00f6zde Kansu ve Y\u0131ld\u0131ray \u015eahinler&#8217;in yer ald\u0131\u011f\u0131 Show TV&#8217;nin fenomen dizisi &#8220;<strong>\u0130\u00e7erde<\/strong>&#8220;nin d\u00fcn ak\u015fam ekrana gelen b\u00f6l\u00fcm\u00fc <strong>AB\u2019de 12,86<\/strong> izlenme oran\u0131 (rating), 29,32 izlenme pay\u0131 (share), <strong>ABC1 20+&#8217;da 12,48<\/strong> izlenme oran\u0131 (rating), 26,82 izlenme pay\u0131 (share), <strong>Total\u2019de ise 9,36<\/strong> izlenme oran\u0131 (rating), 20,99 izlenme pay\u0131 (share) ile birincili\u011fi g\u00f6\u011f\u00fcsledi.<\/p>\n<p><strong>SOSYAL MEDYA &#8220;YOLUN SONU&#8221; DED\u0130!<\/strong><\/p>\n<p><strong>\u0130\u00e7erde<\/strong>, d\u00fcn ak\u015fam ekrana gelen heyecan dolu yeni b\u00f6l\u00fcm\u00fcnde <strong>#yolunsonu<\/strong> etiketi ile <strong>32.374<\/strong> tweet at\u0131ld\u0131. Twitter&#8217;\u0131n T\u00fcrkiye g\u00fcndeminde 14 saat 20 dakika, D\u00fcnyada ise 5 saat 50 dakika TT listesinde kald\u0131.<\/p>\n<p><strong>MERT AKLANMAYI BA\u015eARDI!<\/strong><\/p>\n<p><img loading=\"lazy\" decoding=\"async\" class=\"alignnone size-full wp-image-18206\" src=\"http:\/\/balcilar-blog.com\/wp-content\/uploads\/2017\/03\/24-2.jpg\" alt=\"24- (2)\" width=\"640\" height=\"416\" srcset=\"https:\/\/balcilar-blog.com\/wp-content\/uploads\/2017\/03\/24-2.jpg 640w, https:\/\/balcilar-blog.com\/wp-content\/uploads\/2017\/03\/24-2-300x195.jpg 300w\" sizes=\"auto, (max-width: 640px) 100vw, 640px\" \/><\/p>\n<p>Yay\u0131nlanan b\u00f6l\u00fcmde adeta yolun sonuna gelen Mert, kurdu\u011fu zeki planla Yusuf M\u00fcd\u00fcr\u2019\u00fc, Celal&#8217;in adam\u0131 olmad\u0131\u011f\u0131na inand\u0131rmay\u0131 ba\u015fard\u0131. Celal\u2019in Polis Te\u015fkilat\u0131\u2019ndaki adam\u0131 olan Mert, muhbirim dedi\u011fi Ay\u015fe ile y\u00fczle\u015ftirilince yalan\u0131 ortaya \u00e7\u0131kt\u0131.<\/p>\n<p><img loading=\"lazy\" decoding=\"async\" class=\"alignnone size-full wp-image-18205\" src=\"http:\/\/balcilar-blog.com\/wp-content\/uploads\/2017\/03\/24-1.jpg\" alt=\"24- (1)\" width=\"640\" height=\"427\" srcset=\"https:\/\/balcilar-blog.com\/wp-content\/uploads\/2017\/03\/24-1.jpg 640w, https:\/\/balcilar-blog.com\/wp-content\/uploads\/2017\/03\/24-1-300x200.jpg 300w\" sizes=\"auto, (max-width: 640px) 100vw, 640px\" \/><\/p>\n<p>Yusuf M\u00fcd\u00fcr ve ekibini ka\u00e7arak pe\u015finde s\u00fcr\u00fckleyen Mert, onlar\u0131 Celal\u2019in sevkiyat noktas\u0131na getirdi\u011finde kendisini (\u015fimdilik) aklam\u0131\u015f oldu.<\/p>\n<p>&nbsp;<\/p>\n<p><strong>M\u00fcd\u00fcr Yusuf ile Sarp Vodafon Arena&#8217;da bulu\u015ftu :<\/strong><\/p>\n<p>Sarp, M\u00fcd\u00fcr\u00fc Yusuf&#8217;un yan\u0131na giderken bo\u015f trib\u00fcnlere hayranl\u0131kla bakt\u0131\u011f\u0131 g\u00f6zden ka\u00e7mad\u0131.<\/p>\n<p>&nbsp;<\/p>\n<p><img loading=\"lazy\" decoding=\"async\" class=\"alignnone size-full wp-image-18222\" src=\"http:\/\/balcilar-blog.com\/wp-content\/uploads\/2017\/03\/i\u00e7erde-sarp.jpg\" alt=\"i\u00e7erde sarp\" width=\"640\" height=\"402\" srcset=\"https:\/\/balcilar-blog.com\/wp-content\/uploads\/2017\/03\/i\u00e7erde-sarp.jpg 640w, https:\/\/balcilar-blog.com\/wp-content\/uploads\/2017\/03\/i\u00e7erde-sarp-300x188.jpg 300w\" sizes=\"auto, (max-width: 640px) 100vw, 640px\" \/><\/p>\n<p>Sarp M\u00fcd\u00fcr\u00fc Yusuf ile trib\u00fcn koltuklar\u0131nda oturarak konu\u015ftular.<\/p>\n<p><img loading=\"lazy\" decoding=\"async\" class=\"alignnone size-full wp-image-18248\" src=\"http:\/\/balcilar-blog.com\/wp-content\/uploads\/2017\/03\/Ekran-Al\u0131nt\u0131s\u0131-sarp-md..jpg\" alt=\"Ekran Al\u0131nt\u0131s\u0131 sarp-md.\" width=\"640\" height=\"391\" srcset=\"https:\/\/balcilar-blog.com\/wp-content\/uploads\/2017\/03\/Ekran-Al\u0131nt\u0131s\u0131-sarp-md..jpg 640w, https:\/\/balcilar-blog.com\/wp-content\/uploads\/2017\/03\/Ekran-Al\u0131nt\u0131s\u0131-sarp-md.-300x183.jpg 300w\" sizes=\"auto, (max-width: 640px) 100vw, 640px\" \/><\/p>\n<p>Dizinin d\u00fcn ak\u015famki b\u00f6l\u00fcm\u00fcnde ikili, g\u00f6r\u00fc\u015fmelerini BJK&#8217;nin stad\u0131 Vodafone Arena&#8217;da yapt\u0131lar. D\u00fcn ak\u015famki (6 Mart Pazartesi) g\u00fcn\u00fc yay\u0131nlanan yeni b\u00f6l\u00fcm\u00fcne Sarp; Yusuf M\u00fcd\u00fcr\u2019e, Celal ve Handan anla\u015fmas\u0131 ile ilgili gizli bilgileri statta aktard\u0131.<\/p>\n<p><strong>\u00c7ekimleri Fikret Orman da takip etti!<\/strong><\/p>\n<p><img loading=\"lazy\" decoding=\"async\" class=\"alignnone size-full wp-image-18210\" src=\"http:\/\/balcilar-blog.com\/wp-content\/uploads\/2017\/03\/F\u0130KRET-ORMAN.jpg\" alt=\"F\u0130KRET ORMAN\" width=\"480\" height=\"523\" srcset=\"https:\/\/balcilar-blog.com\/wp-content\/uploads\/2017\/03\/F\u0130KRET-ORMAN.jpg 480w, https:\/\/balcilar-blog.com\/wp-content\/uploads\/2017\/03\/F\u0130KRET-ORMAN-275x300.jpg 275w\" sizes=\"auto, (max-width: 480px) 100vw, 480px\" \/><\/p>\n<p><strong>BJK Ba\u015fkan\u0131 Fikret Orman<\/strong> \u0130\u00e7erde ekibini ziyaret etti. Orman, statta yap\u0131lan \u00e7ekimler aras\u0131nda oyuncular ve teknik ekiple bir araya gelerek sohbet etti.<\/p>\n<p><img loading=\"lazy\" decoding=\"async\" class=\"alignnone size-full wp-image-18247\" src=\"http:\/\/balcilar-blog.com\/wp-content\/uploads\/2017\/03\/C6gczJ-WUAAwBfr.jpg\" alt=\"C6gczJ-WUAAwBfr\" width=\"640\" height=\"427\" srcset=\"https:\/\/balcilar-blog.com\/wp-content\/uploads\/2017\/03\/C6gczJ-WUAAwBfr.jpg 640w, https:\/\/balcilar-blog.com\/wp-content\/uploads\/2017\/03\/C6gczJ-WUAAwBfr-300x200.jpg 300w\" sizes=\"auto, (max-width: 640px) 100vw, 640px\" \/><\/p>\n<p>Dizinin finaline do\u011fru Yusuf M\u00fcd\u00fcr ile Kudret S\u00f6nmez Tek kar\u015f\u0131 kar\u015f\u0131ya geldi. Celal&#8217;in k\u00f6fteci d\u00fckkan\u0131nda adamlar\u0131 ile toplant\u0131 yaparken, Kudret S\u00f6nmez heybetle kap\u0131dan i\u00e7eri girdi. Celal&#8217;in b\u00fct\u00fcn adamlar tabancalar\u0131n\u0131 \u00e7ekti.<\/p>\n<p><img loading=\"lazy\" decoding=\"async\" class=\"alignnone size-full wp-image-18207\" src=\"http:\/\/balcilar-blog.com\/wp-content\/uploads\/2017\/03\/24-3.jpg\" alt=\"24- (3)\" width=\"640\" height=\"439\" srcset=\"https:\/\/balcilar-blog.com\/wp-content\/uploads\/2017\/03\/24-3.jpg 640w, https:\/\/balcilar-blog.com\/wp-content\/uploads\/2017\/03\/24-3-300x206.jpg 300w\" sizes=\"auto, (max-width: 640px) 100vw, 640px\" \/><\/p>\n<p>Bir sandalye \u00e7ekip masa ba\u015f\u0131na oturan Kudret S\u00f6nmez ile ;<\/p>\n<p><img loading=\"lazy\" decoding=\"async\" class=\"alignnone size-full wp-image-18209\" src=\"http:\/\/balcilar-blog.com\/wp-content\/uploads\/2017\/03\/24-5.jpg\" alt=\"24- (5)\" width=\"640\" height=\"405\" srcset=\"https:\/\/balcilar-blog.com\/wp-content\/uploads\/2017\/03\/24-5.jpg 640w, https:\/\/balcilar-blog.com\/wp-content\/uploads\/2017\/03\/24-5-300x190.jpg 300w\" sizes=\"auto, (max-width: 640px) 100vw, 640px\" \/><\/p>\n<p>Celal Duman aras\u0131ndaki husumet dolu bak\u0131\u015flar\u0131 gelecekte b\u00fcy\u00fck bir g\u00fcr\u00fclt\u00fc koparacak gibi duruyor.<\/p>\n<p><img loading=\"lazy\" decoding=\"async\" class=\"alignnone size-full wp-image-18208\" src=\"http:\/\/balcilar-blog.com\/wp-content\/uploads\/2017\/03\/24-4.jpg\" alt=\"24- (4)\" width=\"640\" height=\"363\" srcset=\"https:\/\/balcilar-blog.com\/wp-content\/uploads\/2017\/03\/24-4.jpg 640w, https:\/\/balcilar-blog.com\/wp-content\/uploads\/2017\/03\/24-4-300x170.jpg 300w\" sizes=\"auto, (max-width: 640px) 100vw, 640px\" \/><\/p>\n<p>Her dakikas\u0131 soluk solu\u011fa izlenen \u0130\u00e7erde\u2019nin yeni b\u00f6l\u00fcm\u00fc 13 Mart Pazartesi g\u00fcn\u00fc saat 20.00\u2019da Show TV\u2019de ekrana gelecek.<\/p>\n<p class=\"x_MsoNormal\">\u00a0<b>\u0130\u015fte, &#8220;\u0130\u00e7erde&#8221;nin 25. B\u00f6l\u00fcm\u00fcnden ilk sahne: <a href=\"https:\/\/www.youtube.com\/watch?v=36H-w5xsQ40\" target=\"_blank\">https:\/\/www.youtube.com\/watch?v=36H-w5xsQ40<\/a><\/b><\/p>\n<p class=\"x_MsoNormal\"><strong>\u0130\u00c7ERDE<\/strong> benim keyifle izledi\u011fim dizilerden biri. Mert b\u00fcy\u00fck bir zevkle Sarp&#8217;\u0131n bileklerine kelep\u00e7eyi takt\u0131, tutuklad\u0131. Sarp katil durumuna d\u00fc\u015ft\u00fc. Ancak Tahsin&#8217;in ger\u00e7ek \u00f6l\u00fcm\u00fc ile \u00f6nceki videoda \u00e7ekilen \u00f6l\u00fcm sahnesi aras\u0131nda 24 saatlik fark var. Ger\u00e7ekler otopsi sonunda \u00e7\u0131kacak, Sarp da \u00f6zg\u00fcrl\u00fc\u011f\u00fcne kavu\u015facakt\u0131r!<\/p>\n<p class=\"x_MsoNormal\">Meraklanmay\u0131n!!!<\/p>\n<p>Sayg\u0131lar ve sevgiler.<\/p>\n<p>Abdurrahman Balc\u0131lar<\/p>\n<p>Twitter:\u00a0<a href=\"https:\/\/twitter.com\/abbalcilar\">abdurrahman balc\u0131lar<\/a><a href=\"https:\/\/twitter.com\/abbalcilar\"><strong>@abbalcilar<\/strong><\/a><\/p>\n<p>Mail :\u00a0<a href=\"mailto:ab.balcilar@hotmail.com\">ab.balcilar@hotmail.com<\/a><\/p>\n<p>Blog:\u00a0<a href=\"http:\/\/t.co\/znqmIZgIqn\">blog.milliyet.com.tr\/cansever<\/a><\/p>\n<p>Blog:\u00a0<strong>balcilar-blog.com<\/strong><\/p>\n<p>Not: Kaynak haber ve g\u00f6rseller Persona Sanat Bas\u0131n B\u00fclteni.<\/p>\n<\/div>\n<\/div>\n<\/div>\n<\/div>\n<div class=\"_pe_d _pe_12\" tabindex=\"-1\"><\/div>\n<\/div>\n<div class=\"_rp_R4\"><\/div>\n<\/div>\n<\/div>\n<\/div>\n<\/div>\n<\/div>\n<div class=\"_rp_f\" tabindex=\"-1\">\n<div class=\"_qc_F ms-bg-color-white _qc_G\">\n<hr class=\"_qc_B\" \/>\n<div class=\"_qc_y ms-border-color-neutralLight _qc_z\" tabindex=\"-1\"><\/div>\n<\/div>\n<\/div>\n<\/div>\n","protected":false},"excerpt":{"rendered":"<p>\u0130\u00c7ERDE\u2019DE BEKLENEN B\u00dcY\u00dcK BULU\u015eMA GER\u00c7EKLE\u015eT\u0130! Ay Yap\u0131m imzal\u0131 ekranlar\u0131n fenomen dizisi \u0130\u00e7erde\u2019de Celal Baba ve Kudret S\u00f6nmez\u2019in sab\u0131rs\u0131zl\u0131kla beklenen y\u00fczle\u015fmesi d\u00fcn ak\u015fam ekrana geldi. \u0130ki usta oyuncu \u00c7etin Tekindor ve U\u011fur Y\u00fccel\u2019i bir arada izleme keyfini ya\u015fayan ekran ba\u015f\u0131ndaki izleyenler diziyi \u00f6vg\u00fc ya\u011fmuruna tuttular. B\u00fcy\u00fck be\u011feni toplayan b\u00f6l\u00fcmde Kudret\u2019e \u00e7al\u0131\u015fan Handan\u2019\u0131n sevkiyat\u0131n\u0131n polis bask\u0131n\u0131na u\u011framas\u0131 [&hellip;]<\/p>\n","protected":false},"author":3,"featured_media":18220,"comment_status":"open","ping_status":"open","sticky":false,"template":"","format":"standard","meta":{"footnotes":""},"categories":[2],"tags":[533,26,15,693,1219,35,1378],"class_list":["post-18203","post","type-post","status-publish","format-standard","has-post-thumbnail","hentry","category-tv-programlari","tag-aras-bulut-iynemli","tag-ay-yapim","tag-cagatay-ulusoy","tag-cetin-tekindor","tag-icerde","tag-show-tv","tag-ugur-yucel"],"views":3800,"blog_post_layout_featured_media_urls":{"thumbnail":["https:\/\/balcilar-blog.com\/wp-content\/uploads\/2017\/03\/C6QzrJUWcAA6GKc-150x150.jpg",150,150,true],"full":["https:\/\/balcilar-blog.com\/wp-content\/uploads\/2017\/03\/C6QzrJUWcAA6GKc.jpg",640,360,false]},"categories_names":{"2":{"name":"TV Programlar\u0131","link":"https:\/\/balcilar-blog.com\/?cat=2"}},"tags_names":{"533":{"name":"Aras Bulut \u0130ynemli","link":"https:\/\/balcilar-blog.com\/?tag=aras-bulut-iynemli"},"26":{"name":"Ay Yap\u0131m","link":"https:\/\/balcilar-blog.com\/?tag=ay-yapim"},"15":{"name":"\u00e7a\u011fatay ulusoy","link":"https:\/\/balcilar-blog.com\/?tag=cagatay-ulusoy"},"693":{"name":"\u00c7etin Tekindor","link":"https:\/\/balcilar-blog.com\/?tag=cetin-tekindor"},"1219":{"name":"\u0130\u00c7ERDE","link":"https:\/\/balcilar-blog.com\/?tag=icerde"},"35":{"name":"Show Tv","link":"https:\/\/balcilar-blog.com\/?tag=show-tv"},"1378":{"name":"U\u011fur Y\u00fccel","link":"https:\/\/balcilar-blog.com\/?tag=ugur-yucel"}},"comments_number":"0","wpmagazine_modules_lite_featured_media_urls":{"thumbnail":["https:\/\/balcilar-blog.com\/wp-content\/uploads\/2017\/03\/C6QzrJUWcAA6GKc-150x150.jpg",150,150,true],"cvmm-medium":["https:\/\/balcilar-blog.com\/wp-content\/uploads\/2017\/03\/C6QzrJUWcAA6GKc.jpg",300,169,false],"cvmm-medium-plus":["https:\/\/balcilar-blog.com\/wp-content\/uploads\/2017\/03\/C6QzrJUWcAA6GKc.jpg",305,172,false],"cvmm-portrait":["https:\/\/balcilar-blog.com\/wp-content\/uploads\/2017\/03\/C6QzrJUWcAA6GKc.jpg",400,225,false],"cvmm-medium-square":["https:\/\/balcilar-blog.com\/wp-content\/uploads\/2017\/03\/C6QzrJUWcAA6GKc.jpg",600,338,false],"cvmm-large":["https:\/\/balcilar-blog.com\/wp-content\/uploads\/2017\/03\/C6QzrJUWcAA6GKc.jpg",640,360,false],"cvmm-small":["https:\/\/balcilar-blog.com\/wp-content\/uploads\/2017\/03\/C6QzrJUWcAA6GKc.jpg",130,73,false],"full":["https:\/\/balcilar-blog.com\/wp-content\/uploads\/2017\/03\/C6QzrJUWcAA6GKc.jpg",640,360,false]},"_links":{"self":[{"href":"https:\/\/balcilar-blog.com\/index.php?rest_route=\/wp\/v2\/posts\/18203","targetHints":{"allow":["GET"]}}],"collection":[{"href":"https:\/\/balcilar-blog.com\/index.php?rest_route=\/wp\/v2\/posts"}],"about":[{"href":"https:\/\/balcilar-blog.com\/index.php?rest_route=\/wp\/v2\/types\/post"}],"author":[{"embeddable":true,"href":"https:\/\/balcilar-blog.com\/index.php?rest_route=\/wp\/v2\/users\/3"}],"replies":[{"embeddable":true,"href":"https:\/\/balcilar-blog.com\/index.php?rest_route=%2Fwp%2Fv2%2Fcomments&post=18203"}],"version-history":[{"count":8,"href":"https:\/\/balcilar-blog.com\/index.php?rest_route=\/wp\/v2\/posts\/18203\/revisions"}],"predecessor-version":[{"id":18249,"href":"https:\/\/balcilar-blog.com\/index.php?rest_route=\/wp\/v2\/posts\/18203\/revisions\/18249"}],"wp:featuredmedia":[{"embeddable":true,"href":"https:\/\/balcilar-blog.com\/index.php?rest_route=\/wp\/v2\/media\/18220"}],"wp:attachment":[{"href":"https:\/\/balcilar-blog.com\/index.php?rest_route=%2Fwp%2Fv2%2Fmedia&parent=18203"}],"wp:term":[{"taxonomy":"category","embeddable":true,"href":"https:\/\/balcilar-blog.com\/index.php?rest_route=%2Fwp%2Fv2%2Fcategories&post=18203"},{"taxonomy":"post_tag","embeddable":true,"href":"https:\/\/balcilar-blog.com\/index.php?rest_route=%2Fwp%2Fv2%2Ftags&post=18203"}],"curies":[{"name":"wp","href":"https:\/\/api.w.org\/{rel}","templated":true}]}}