{"id":18144,"date":"2017-03-04T14:07:10","date_gmt":"2017-03-04T11:07:10","guid":{"rendered":"http:\/\/balcilar-blog.com\/?p=18144"},"modified":"2017-03-04T15:40:54","modified_gmt":"2017-03-04T12:40:54","slug":"icerde-24-bolumde-yeni-bir-oyuncu-giriyor","status":"publish","type":"post","link":"https:\/\/balcilar-blog.com\/?p=18144","title":{"rendered":"&#8220;\u0130\u00e7erde&#8221; 24.B\u00f6l\u00fcmde yeni bir oyuncu giriyor!"},"content":{"rendered":"<div class=\"x_gmail_quote\">\n<div dir=\"ltr\">\n<div class=\"x_gmail_quote\">\n<div dir=\"ltr\">\n<p><img loading=\"lazy\" decoding=\"async\" class=\"alignnone size-full wp-image-18146\" src=\"http:\/\/balcilar-blog.com\/wp-content\/uploads\/2017\/03\/Kudret-S\u00f6nmez-Tek-U\u011fur-Y\u00fccel-2.jpg\" alt=\"Kudret S\u00f6nmez Tek-U\u011fur Y\u00fccel (2)\" width=\"640\" height=\"416\" srcset=\"https:\/\/balcilar-blog.com\/wp-content\/uploads\/2017\/03\/Kudret-S\u00f6nmez-Tek-U\u011fur-Y\u00fccel-2.jpg 640w, https:\/\/balcilar-blog.com\/wp-content\/uploads\/2017\/03\/Kudret-S\u00f6nmez-Tek-U\u011fur-Y\u00fccel-2-300x195.jpg 300w\" sizes=\"auto, (max-width: 640px) 100vw, 640px\" \/><\/p>\n<p><strong>UGUR Y\u00dcCEL \u0130\u00c7ERDE!<\/strong><\/p>\n<p>\u0130\u00e7erde&#8217;nin merakla beklenen yeni karakteri Kudret S\u00f6nmez Tek&#8217;e usta oyuncu U\u011fur Y\u00fccel hayat verecek.<\/p>\n<p><strong>SOSYAL MEDYAYI SALLADI!<\/strong><\/p>\n<p>Ay Yap\u0131m imzal\u0131 dizinin d\u00fcn ak\u015fam Show TV ekranlar\u0131ndan yay\u0131nlanan yeni tan\u0131t\u0131m\u0131 ekran ba\u015f\u0131ndaki izleyenleri heyecana bo\u011fdu. Y\u00fccel&#8217;in canland\u0131raca\u011f\u0131 karakterle ilgili ilk ipu\u00e7lar\u0131n ekrana geldi\u011fi tan\u0131t\u0131m sosyal medyay\u0131 sallad\u0131. Yay\u0131nlanan tan\u0131t\u0131mda Kudret&#8217;in, Celal ile ayn\u0131 soyad\u0131 ta\u015f\u0131yan Nermin Duman adl\u0131 ki\u015finin mezar\u0131na \u00e7i\u00e7ek b\u0131rakmas\u0131 ak\u0131llarda soru i\u015fareti b\u0131rakt\u0131.<\/p>\n<p>Dizinin yeni tan\u0131t\u0131m\u0131 yay\u0131nland\u0131\u011f\u0131 ilk dakikalarda sosyal medyan\u0131n g\u00fcndemine yerle\u015fti. Yakla\u015f\u0131k bir haftad\u0131r dizide Handan&#8217;\u0131n (Tuba \u00dcnsal) gizemli patronunun kim oldu\u011funu sab\u0131rs\u0131zl\u0131kla beklediklerini dile getiren izleyenler yay\u0131nlanan tan\u0131t\u0131mla sosyal medyada say\u0131s\u0131z yorum yaparak be\u011feni ve heyecanlar\u0131n\u0131 dile getirdiler.<\/p>\n<p>&nbsp;<\/p>\n<p><strong>FIRTINALAR KOPACAK!<\/strong><\/p>\n<p><strong>Ben Kudret S\u00f6nmez, inad\u0131na \u00f6lmedim!<\/strong><\/p>\n<p><img loading=\"lazy\" decoding=\"async\" class=\"alignnone size-full wp-image-18145\" src=\"http:\/\/balcilar-blog.com\/wp-content\/uploads\/2017\/03\/Kudret-S\u00f6nmez-Tek-U\u011fur-Y\u00fccel-1.jpg\" alt=\"Kudret S\u00f6nmez Tek-U\u011fur Y\u00fccel (1)\" width=\"640\" height=\"406\" srcset=\"https:\/\/balcilar-blog.com\/wp-content\/uploads\/2017\/03\/Kudret-S\u00f6nmez-Tek-U\u011fur-Y\u00fccel-1.jpg 640w, https:\/\/balcilar-blog.com\/wp-content\/uploads\/2017\/03\/Kudret-S\u00f6nmez-Tek-U\u011fur-Y\u00fccel-1-300x190.jpg 300w\" sizes=\"auto, (max-width: 640px) 100vw, 640px\" \/><\/p>\n<p>Kudret S\u00f6nmez Tek, Celal taraf\u0131ndan \u00f6ld\u00fcr\u00fclen kar\u0131s\u0131 Nermin Duman&#8217;\u0131n mezar\u0131na ziyarete \u00a0gider.<\/p>\n<p><img loading=\"lazy\" decoding=\"async\" class=\"alignnone size-full wp-image-18147\" src=\"http:\/\/balcilar-blog.com\/wp-content\/uploads\/2017\/03\/Kudret-S\u00f6nmez-Tek-U\u011fur-Y\u00fccel-3.jpg\" alt=\"Kudret S\u00f6nmez Tek-U\u011fur Y\u00fccel (3)\" width=\"640\" height=\"443\" srcset=\"https:\/\/balcilar-blog.com\/wp-content\/uploads\/2017\/03\/Kudret-S\u00f6nmez-Tek-U\u011fur-Y\u00fccel-3.jpg 640w, https:\/\/balcilar-blog.com\/wp-content\/uploads\/2017\/03\/Kudret-S\u00f6nmez-Tek-U\u011fur-Y\u00fccel-3-300x208.jpg 300w\" sizes=\"auto, (max-width: 640px) 100vw, 640px\" \/><\/p>\n<p>\u0130\u00e7erde&#8217;nin 6 Mart Pazartesi g\u00fcn\u00fc yay\u0131nlanacak yeni b\u00f6l\u00fcm\u00fcnde izleyenler Kudret S\u00f6nmez Tek ile tan\u0131\u015facak. Son y\u0131llarda komedi a\u011f\u0131rl\u0131kl\u0131 yap\u0131mlarla ekrana gelen U\u011fur Y\u00fccel bu kez canland\u0131raca\u011f\u0131 \u00e7ok farkl\u0131 karakterle yine milyonlar\u0131n be\u011fenisini toplayacak.<\/p>\n<p><img loading=\"lazy\" decoding=\"async\" class=\"alignnone size-full wp-image-18119\" src=\"http:\/\/balcilar-blog.com\/wp-content\/uploads\/2017\/03\/1fcad1efcb932ff81cc9e038d33fdc58_840.jpg\" alt=\"1fcad1efcb932ff81cc9e038d33fdc58_840\" width=\"640\" height=\"387\" srcset=\"https:\/\/balcilar-blog.com\/wp-content\/uploads\/2017\/03\/1fcad1efcb932ff81cc9e038d33fdc58_840.jpg 640w, https:\/\/balcilar-blog.com\/wp-content\/uploads\/2017\/03\/1fcad1efcb932ff81cc9e038d33fdc58_840-300x181.jpg 300w\" sizes=\"auto, (max-width: 640px) 100vw, 640px\" \/><\/p>\n<p>Dizide; Celal (\u00c7etin Tekindor) ge\u00e7mi\u015fte derin bir husumet ya\u015fad\u0131\u011f\u0131 Kudret&#8217;le uzun y\u0131llar sonra yeniden kar\u015f\u0131ya kar\u015f\u0131ya gelecek. Sarp (\u00c7a\u011fatay Ulusoy) ve ailesinin de hayatlar\u0131na dokunacak olan Kudret&#8217;in geli\u015fi dizide f\u0131rt\u0131nalar\u0131n kopmas\u0131na neden olacak.<\/p>\n<p><img loading=\"lazy\" decoding=\"async\" class=\"alignnone size-full wp-image-18140\" src=\"http:\/\/balcilar-blog.com\/wp-content\/uploads\/2017\/03\/Ekran-Al\u0131nt\u0131s\u0131-\u0130\u00c7.24.jpg\" alt=\"Ekran Al\u0131nt\u0131s\u0131 \u0130\u00c7.24\" width=\"640\" height=\"336\" srcset=\"https:\/\/balcilar-blog.com\/wp-content\/uploads\/2017\/03\/Ekran-Al\u0131nt\u0131s\u0131-\u0130\u00c7.24.jpg 640w, https:\/\/balcilar-blog.com\/wp-content\/uploads\/2017\/03\/Ekran-Al\u0131nt\u0131s\u0131-\u0130\u00c7.24-300x158.jpg 300w\" sizes=\"auto, (max-width: 640px) 100vw, 640px\" \/><\/p>\n<p class=\"x_MsoNormal\" align=\"center\">FRAGMAN: <u><a href=\"https:\/\/www.youtube.com\/watch?v=VXAmAoQIFWc\" target=\"_blank\">https:\/\/www.youtube.com\/watch?<wbr \/>v=VXAmAoQIFWc<\/a><\/u><\/p>\n<p>Kudret S\u00f6nmez Tek, Celal&#8217;in kar\u0131s\u0131n\u0131 elinden alm\u0131\u015f, ka\u00e7\u0131rm\u0131\u015ft\u0131. Melek&#8217;in de \u00fcvey babas\u0131d\u0131r. Celal onlar\u0131 parkta yakalad\u0131\u011f\u0131nda, bizzat kar\u0131s\u0131 ve sevgilisini tabanca ile \u00f6ld\u00fcrm\u00fc\u015ft\u00fc. Kudret yaralanm\u0131\u015f, demek ki \u00f6lmemi\u015f. Celal, k\u00fc\u00e7\u00fck k\u0131z Melek&#8217;i \u00f6ld\u00fcrmemi\u015f onlardan alm\u0131\u015ft\u0131.<\/p>\n<p><strong>Ekranlar\u0131n reyting rekortmeni yap\u0131m\u0131 \u0130\u00e7erde yeni b\u00f6l\u00fcm\u00fcyle 6 Mart Pazartesi g\u00fcn\u00fc Show TV&#8217;de ekrana gelecek.<\/strong><\/p>\n<p>Keyifli Seyirler.<\/p>\n<\/div>\n<\/div>\n<p>Sayg\u0131lar ve sevgiler.<\/p>\n<p>Abdurrahman Balc\u0131lar<\/p>\n<p>Twitter:\u00a0<a href=\"https:\/\/twitter.com\/abbalcilar\">abdurrahman balc\u0131lar<\/a><a href=\"https:\/\/twitter.com\/abbalcilar\"><strong>@abbalcilar<\/strong><\/a><\/p>\n<p>Mail :\u00a0<a href=\"mailto:ab.balcilar@hotmail.com\">ab.balcilar@hotmail.com<\/a><\/p>\n<p>Blog:\u00a0<a href=\"http:\/\/t.co\/znqmIZgIqn\">blog.milliyet.com.tr\/cansever<\/a><\/p>\n<p>Blog:\u00a0<strong>balcilar-blog.com<\/strong><\/p>\n<\/div>\n<\/div>\n<div dir=\"ltr\"><\/div>\n<div dir=\"ltr\">Kaynak haber ve g\u00f6rseller, Persona Sanat bas\u0131n B\u00fclteni.<\/div>\n","protected":false},"excerpt":{"rendered":"<p>UGUR Y\u00dcCEL \u0130\u00c7ERDE! \u0130\u00e7erde&#8217;nin merakla beklenen yeni karakteri Kudret S\u00f6nmez Tek&#8217;e usta oyuncu U\u011fur Y\u00fccel hayat verecek. SOSYAL MEDYAYI SALLADI! Ay Yap\u0131m imzal\u0131 dizinin d\u00fcn ak\u015fam Show TV ekranlar\u0131ndan yay\u0131nlanan yeni tan\u0131t\u0131m\u0131 ekran ba\u015f\u0131ndaki izleyenleri heyecana bo\u011fdu. Y\u00fccel&#8217;in canland\u0131raca\u011f\u0131 karakterle ilgili ilk ipu\u00e7lar\u0131n ekrana geldi\u011fi tan\u0131t\u0131m sosyal medyay\u0131 sallad\u0131. Yay\u0131nlanan tan\u0131t\u0131mda Kudret&#8217;in, Celal ile ayn\u0131 [&hellip;]<\/p>\n","protected":false},"author":3,"featured_media":18146,"comment_status":"open","ping_status":"open","sticky":false,"template":"","format":"standard","meta":{"footnotes":""},"categories":[2],"tags":[15,693,1219,35,1378],"class_list":["post-18144","post","type-post","status-publish","format-standard","has-post-thumbnail","hentry","category-tv-programlari","tag-cagatay-ulusoy","tag-cetin-tekindor","tag-icerde","tag-show-tv","tag-ugur-yucel"],"views":3145,"blog_post_layout_featured_media_urls":{"thumbnail":["https:\/\/balcilar-blog.com\/wp-content\/uploads\/2017\/03\/Kudret-S\u00f6nmez-Tek-U\u011fur-Y\u00fccel-2-150x150.jpg",150,150,true],"full":["https:\/\/balcilar-blog.com\/wp-content\/uploads\/2017\/03\/Kudret-S\u00f6nmez-Tek-U\u011fur-Y\u00fccel-2.jpg",640,416,false]},"categories_names":{"2":{"name":"TV Programlar\u0131","link":"https:\/\/balcilar-blog.com\/?cat=2"}},"tags_names":{"15":{"name":"\u00e7a\u011fatay ulusoy","link":"https:\/\/balcilar-blog.com\/?tag=cagatay-ulusoy"},"693":{"name":"\u00c7etin Tekindor","link":"https:\/\/balcilar-blog.com\/?tag=cetin-tekindor"},"1219":{"name":"\u0130\u00c7ERDE","link":"https:\/\/balcilar-blog.com\/?tag=icerde"},"35":{"name":"Show Tv","link":"https:\/\/balcilar-blog.com\/?tag=show-tv"},"1378":{"name":"U\u011fur Y\u00fccel","link":"https:\/\/balcilar-blog.com\/?tag=ugur-yucel"}},"comments_number":"0","wpmagazine_modules_lite_featured_media_urls":{"thumbnail":["https:\/\/balcilar-blog.com\/wp-content\/uploads\/2017\/03\/Kudret-S\u00f6nmez-Tek-U\u011fur-Y\u00fccel-2-150x150.jpg",150,150,true],"cvmm-medium":["https:\/\/balcilar-blog.com\/wp-content\/uploads\/2017\/03\/Kudret-S\u00f6nmez-Tek-U\u011fur-Y\u00fccel-2.jpg",300,195,false],"cvmm-medium-plus":["https:\/\/balcilar-blog.com\/wp-content\/uploads\/2017\/03\/Kudret-S\u00f6nmez-Tek-U\u011fur-Y\u00fccel-2.jpg",305,198,false],"cvmm-portrait":["https:\/\/balcilar-blog.com\/wp-content\/uploads\/2017\/03\/Kudret-S\u00f6nmez-Tek-U\u011fur-Y\u00fccel-2.jpg",400,260,false],"cvmm-medium-square":["https:\/\/balcilar-blog.com\/wp-content\/uploads\/2017\/03\/Kudret-S\u00f6nmez-Tek-U\u011fur-Y\u00fccel-2.jpg",600,390,false],"cvmm-large":["https:\/\/balcilar-blog.com\/wp-content\/uploads\/2017\/03\/Kudret-S\u00f6nmez-Tek-U\u011fur-Y\u00fccel-2.jpg",640,416,false],"cvmm-small":["https:\/\/balcilar-blog.com\/wp-content\/uploads\/2017\/03\/Kudret-S\u00f6nmez-Tek-U\u011fur-Y\u00fccel-2.jpg",130,85,false],"full":["https:\/\/balcilar-blog.com\/wp-content\/uploads\/2017\/03\/Kudret-S\u00f6nmez-Tek-U\u011fur-Y\u00fccel-2.jpg",640,416,false]},"_links":{"self":[{"href":"https:\/\/balcilar-blog.com\/index.php?rest_route=\/wp\/v2\/posts\/18144","targetHints":{"allow":["GET"]}}],"collection":[{"href":"https:\/\/balcilar-blog.com\/index.php?rest_route=\/wp\/v2\/posts"}],"about":[{"href":"https:\/\/balcilar-blog.com\/index.php?rest_route=\/wp\/v2\/types\/post"}],"author":[{"embeddable":true,"href":"https:\/\/balcilar-blog.com\/index.php?rest_route=\/wp\/v2\/users\/3"}],"replies":[{"embeddable":true,"href":"https:\/\/balcilar-blog.com\/index.php?rest_route=%2Fwp%2Fv2%2Fcomments&post=18144"}],"version-history":[{"count":5,"href":"https:\/\/balcilar-blog.com\/index.php?rest_route=\/wp\/v2\/posts\/18144\/revisions"}],"predecessor-version":[{"id":18152,"href":"https:\/\/balcilar-blog.com\/index.php?rest_route=\/wp\/v2\/posts\/18144\/revisions\/18152"}],"wp:featuredmedia":[{"embeddable":true,"href":"https:\/\/balcilar-blog.com\/index.php?rest_route=\/wp\/v2\/media\/18146"}],"wp:attachment":[{"href":"https:\/\/balcilar-blog.com\/index.php?rest_route=%2Fwp%2Fv2%2Fmedia&parent=18144"}],"wp:term":[{"taxonomy":"category","embeddable":true,"href":"https:\/\/balcilar-blog.com\/index.php?rest_route=%2Fwp%2Fv2%2Fcategories&post=18144"},{"taxonomy":"post_tag","embeddable":true,"href":"https:\/\/balcilar-blog.com\/index.php?rest_route=%2Fwp%2Fv2%2Ftags&post=18144"}],"curies":[{"name":"wp","href":"https:\/\/api.w.org\/{rel}","templated":true}]}}