{"id":18107,"date":"2017-03-03T20:46:11","date_gmt":"2017-03-03T17:46:11","guid":{"rendered":"http:\/\/balcilar-blog.com\/?p=18107"},"modified":"2017-03-04T10:36:23","modified_gmt":"2017-03-04T07:36:23","slug":"sukru-ozyildiz-coban-yildizi-ile-foxta-iyi-bir-giris-yapti","status":"publish","type":"post","link":"https:\/\/balcilar-blog.com\/?p=18107","title":{"rendered":"\u015e\u00fckr\u00fc \u00d6zy\u0131ld\u0131z &#8220;\u00c7oban Y\u0131ld\u0131z\u0131&#8221; ile Fox&#8217;ta iyi bir giri\u015f yapt\u0131!"},"content":{"rendered":"<p>&nbsp;<\/p>\n<p><img loading=\"lazy\" decoding=\"async\" class=\"alignnone size-full wp-image-18108\" src=\"http:\/\/balcilar-blog.com\/wp-content\/uploads\/2017\/03\/cats\u00c7OBAN-YILDIZI.jpg\" alt=\"cats\u00c7OBAN YILDIZI\" width=\"640\" height=\"373\" srcset=\"https:\/\/balcilar-blog.com\/wp-content\/uploads\/2017\/03\/cats\u00c7OBAN-YILDIZI.jpg 640w, https:\/\/balcilar-blog.com\/wp-content\/uploads\/2017\/03\/cats\u00c7OBAN-YILDIZI-300x175.jpg 300w\" sizes=\"auto, (max-width: 640px) 100vw, 640px\" \/><\/p>\n<p>\u015e\u00fckr\u00fc \u00d6zy\u0131ld\u0131z, 2013-2014 y\u0131llar\u0131nda Star Tv ekranlar\u0131nda yay\u0131nlanan &#8220;Benim Hala Umudum Var&#8221; dizisinde ba\u015frollerini Gizem Karaca ve Berk Oktay ile payla\u015fm\u0131\u015f h\u0131zl\u0131 bir \u00e7\u0131k\u0131\u015f yakalam\u0131\u015f, daha sonra \u015eeref Meselesi ve Tatl\u0131 K\u00fc\u00e7\u00fck Yalanc\u0131lar dizilerinde oynam\u0131\u015ft\u0131r.<\/p>\n<p>\u015e\u00fckr\u00fc \u00d6zy\u0131ld\u0131z son dizisinde \u015fans\u0131 pek yaver gitmemi\u015fti. 2016 y\u0131l\u0131nda Show tv de yay\u0131nlanan K\u0131\u015f G\u00fcne\u015fi adl\u0131 dizide Efe-Mete olarak \u00e7ift karakterleri canland\u0131rd\u0131. Dizi d\u00fc\u015f\u00fck reytinglerden dolay\u0131 18.b\u00f6l\u00fcmde final yapm\u0131\u015ft\u0131r.<\/p>\n<p>&nbsp;<\/p>\n<p><img loading=\"lazy\" decoding=\"async\" class=\"alignnone size-full wp-image-18112\" src=\"http:\/\/balcilar-blog.com\/wp-content\/uploads\/2017\/03\/sukru-ozyildiz.jpeg\" alt=\"sukru-ozyildiz\" width=\"640\" height=\"359\" srcset=\"https:\/\/balcilar-blog.com\/wp-content\/uploads\/2017\/03\/sukru-ozyildiz.jpeg 640w, https:\/\/balcilar-blog.com\/wp-content\/uploads\/2017\/03\/sukru-ozyildiz-300x168.jpeg 300w\" sizes=\"auto, (max-width: 640px) 100vw, 640px\" \/><\/p>\n<p>Yak\u0131\u015f\u0131kl\u0131 oyuncu \u015e\u00fckr\u00fc \u00d6zy\u0131ld\u0131z bu dizi i\u00e7in imaj de\u011fi\u015ftirdi, sa\u00e7lar\u0131n\u0131 \u00fc\u00e7 numaraya vurdurdu. Ya\u011f\u0131z bir Anadolu genci g\u00f6r\u00fcn\u00fcm\u00fcne girdi.<\/p>\n<p><img loading=\"lazy\" decoding=\"async\" class=\"alignnone size-full wp-image-18115\" src=\"http:\/\/balcilar-blog.com\/wp-content\/uploads\/2017\/03\/1411614_5bba2638b58150206bf4bcb21cdb0f3c.jpg\" alt=\"1411614_5bba2638b58150206bf4bcb21cdb0f3c\" width=\"507\" height=\"480\" srcset=\"https:\/\/balcilar-blog.com\/wp-content\/uploads\/2017\/03\/1411614_5bba2638b58150206bf4bcb21cdb0f3c.jpg 507w, https:\/\/balcilar-blog.com\/wp-content\/uploads\/2017\/03\/1411614_5bba2638b58150206bf4bcb21cdb0f3c-300x284.jpg 300w\" sizes=\"auto, (max-width: 507px) 100vw, 507px\" \/><\/p>\n<p>\u015e\u00fckr\u00fc \u00d6zy\u0131ld\u0131z, Selin \u015eekerci ile ba\u015frollerini payla\u015ft\u0131\u011f\u0131 yeni dizi \u00c7oban Y\u0131ld\u0131z\u0131 d\u00fcn ak\u015fam Fox Tv&#8217;de ba\u015flad\u0131.<\/p>\n<p><img loading=\"lazy\" decoding=\"async\" class=\"alignnone size-full wp-image-18116\" src=\"http:\/\/balcilar-blog.com\/wp-content\/uploads\/2017\/03\/images-selin.jpg\" alt=\"images selin\" width=\"640\" height=\"426\" srcset=\"https:\/\/balcilar-blog.com\/wp-content\/uploads\/2017\/03\/images-selin.jpg 640w, https:\/\/balcilar-blog.com\/wp-content\/uploads\/2017\/03\/images-selin-300x200.jpg 300w\" sizes=\"auto, (max-width: 640px) 100vw, 640px\" \/><\/p>\n<p>Dizide \u015e\u00fckr\u00fc Y\u0131ld\u0131z ve Selin \u015eekerci\u2019nin yan\u0131 s\u0131ra deneyimli oyuncular Menderes Samanc\u0131lar, Taygun Sungar, Feyza I\u015f\u0131k, Elif \u00c7akman, Aysun Metiner, Serhat \u00d6zcan, Sahra \u015ea\u015f, Selim Bayraktar ve Arif Erkin rol al\u0131yor.<\/p>\n<p>Most Production yap\u0131mc\u0131l\u0131\u011f\u0131n\u0131 \u00fcstlendi\u011fi dizinin y\u00f6netmenli\u011fini G\u00fcl O\u011fuz yap\u0131yor.<\/p>\n<p>Kapadokya\u2019n\u0131n zengin ve g\u00fc\u00e7l\u00fc adamlar\u0131ndan, ileri ya\u015ftaki Fikret Karakaya, gen\u00e7 g\u00fczel Z\u00fchre ile evlenmek ister. (Klasik Anadolu t\u00f6re gelene\u011fi, a\u011fa istedi\u011fini al\u0131r.) Z\u00fchre, d\u00fc\u011f\u00fcn i\u00e7in Ni\u011fde\u2019den kona\u011fa getirilir. K\u0131z dirense de a\u011fa g\u00f6z\u00fcne kestirmi\u015ftir bir kere&#8230; Anl\u0131-\u015fanl\u0131 d\u00fc\u011f\u00fcn yap\u0131l\u0131r.<\/p>\n<p><img loading=\"lazy\" decoding=\"async\" class=\"alignnone size-full wp-image-18111\" src=\"http:\/\/balcilar-blog.com\/wp-content\/uploads\/2017\/03\/\u00c7oban-Y\u0131ld\u0131z\u0131-dizisi-\u015fark\u0131lar\u0131-resimleri.jpg\" alt=\"\u00c7oban-Y\u0131ld\u0131z\u0131-dizisi-\u015fark\u0131lar\u0131-resimleri\" width=\"640\" height=\"353\" srcset=\"https:\/\/balcilar-blog.com\/wp-content\/uploads\/2017\/03\/\u00c7oban-Y\u0131ld\u0131z\u0131-dizisi-\u015fark\u0131lar\u0131-resimleri.jpg 640w, https:\/\/balcilar-blog.com\/wp-content\/uploads\/2017\/03\/\u00c7oban-Y\u0131ld\u0131z\u0131-dizisi-\u015fark\u0131lar\u0131-resimleri-300x165.jpg 300w\" sizes=\"auto, (max-width: 640px) 100vw, 640px\" \/><\/p>\n<p>Mertli\u011fi ile tan\u0131nan ta\u015f ustas\u0131 Seyit\u2019in yolu Z\u00fchre\u2019yle bu s\u00fcre\u00e7te kesi\u015fir. Ate\u015f ve su kadar birbirlerinden uzak durmalar\u0131 gerekse de, Seyit ile Z\u00fchre aras\u0131nda, tutkulu, b\u00fcy\u00fcleyici bir a\u015fk ba\u015flar. Ancak a\u015fklar\u0131, de\u011fdikleri her \u015feyi, yak\u0131p y\u0131kar, k\u00fcle d\u00f6nd\u00fcr\u00fcr. \u00dcstelik kar\u015f\u0131lar\u0131nda Fikret Karakaya kadar g\u00fc\u00e7l\u00fc bir engel daha vard\u0131r. \u00c7oban Y\u0131ld\u0131z\u0131, Seyit ile Z\u00fchre\u2019nin Kapadokya\u2019n\u0131n masals\u0131 d\u00fcnyas\u0131nda ba\u015flay\u0131p, \u0130stanbul\u2019a uzanan, soluk solu\u011fa izlenecek, gerilim dozu y\u00fcksek bir a\u015fk hikayesidir.<\/p>\n<p><img loading=\"lazy\" decoding=\"async\" class=\"alignnone size-full wp-image-18110\" src=\"http:\/\/balcilar-blog.com\/wp-content\/uploads\/2017\/03\/CYBOLUM1MINI12_2.jpg\" alt=\"CYBOLUM1MINI12_2\" width=\"640\" height=\"360\" srcset=\"https:\/\/balcilar-blog.com\/wp-content\/uploads\/2017\/03\/CYBOLUM1MINI12_2.jpg 640w, https:\/\/balcilar-blog.com\/wp-content\/uploads\/2017\/03\/CYBOLUM1MINI12_2-300x169.jpg 300w\" sizes=\"auto, (max-width: 640px) 100vw, 640px\" \/><\/p>\n<p>Z\u00fchre istemedi\u011fi damat a\u011fay\u0131 gerdek gecesinde meyve b\u0131\u00e7a\u011f\u0131 ile yaralar ve ka\u00e7ar. Kahyan\u0131n kar\u0131s\u0131 ac\u0131d\u0131\u011f\u0131 Z\u00fchre&#8217;ye yard\u0131m eder. Evin i\u00e7inden yeralt\u0131 ma\u011fara t\u00fcnelinden \u00f6zg\u00fcrl\u00fc\u011fe u\u011furlar. Gece yar\u0131s\u0131 buldu\u011fu bir ata biner, Seyit&#8217;in d\u00fckkan\u0131na s\u0131\u011f\u0131n\u0131r. Sabah d\u00fckkan\u0131 a\u00e7an Seyit Z\u00fchre&#8217;yi kar\u015f\u0131s\u0131nda g\u00f6r\u00fcnce hem \u015fa\u015f\u0131r\u0131r, hem de sevinir. Kader onlar\u0131 bir araya getirmi\u015ftir. Hikaye b\u00f6yle ba\u015flad\u0131.<\/p>\n<p><img loading=\"lazy\" decoding=\"async\" class=\"alignnone size-full wp-image-18109\" src=\"http:\/\/balcilar-blog.com\/wp-content\/uploads\/2017\/03\/coban-yildizi-dizisi-oyunculari-640x350.jpg\" alt=\"coban-yildizi-dizisi-oyunculari-640x350\" width=\"640\" height=\"350\" srcset=\"https:\/\/balcilar-blog.com\/wp-content\/uploads\/2017\/03\/coban-yildizi-dizisi-oyunculari-640x350.jpg 640w, https:\/\/balcilar-blog.com\/wp-content\/uploads\/2017\/03\/coban-yildizi-dizisi-oyunculari-640x350-300x164.jpg 300w\" sizes=\"auto, (max-width: 640px) 100vw, 640px\" \/><\/p>\n<p>\u00c7oban Y\u0131ld\u0131z\u0131 ilk b\u00f6l\u00fcm\u00fcnde g\u00fc\u00e7l\u00fc Per\u015fembe dizileri aras\u0131ndan s\u0131yr\u0131l\u0131p, Total&#8217;de 6,43 reyting puan\u0131 ile ilk s\u0131rada yer ald\u0131. Vatan\u0131m Sensin, Cesur ve G\u00fczel ile Cesur Y\u00fcrek dizilerini geride b\u0131rakt\u0131.<\/p>\n<p>\u015e\u00fckr\u00fc \u00d6zy\u0131ld\u0131z ve dizisi \u00c7oban Y\u0131ld\u0131z\u0131 Fox Tv&#8217;de daha ilk b\u00f6l\u00fcm\u00fcnde iyi bir ba\u015flang\u0131\u00e7 yapm\u0131\u015f oldu.<\/p>\n<p>9 Mart Per\u015fembe haftaya, izleyici 2.B\u00f6l\u00fcm\u00fc merakla \u015fimdiden bekler oldu.<\/p>\n<p>Seyit ve Z\u00fchre a\u011fan\u0131n elinden kurtulmak i\u00e7in \u0130stanbul yolculu\u011fu ba\u015flayacak m\u0131!<\/p>\n<p><iframe loading=\"lazy\" title=\"\u00c7oban Y\u0131ld\u0131z\u0131 2.B\u00f6l\u00fcm 1.Tan\u0131t\u0131m\u0131\" width=\"640\" height=\"360\" src=\"https:\/\/www.youtube.com\/embed\/hHih79KHE00?feature=oembed\" frameborder=\"0\" allow=\"accelerometer; autoplay; clipboard-write; encrypted-media; gyroscope; picture-in-picture; web-share\" referrerpolicy=\"strict-origin-when-cross-origin\" allowfullscreen><\/iframe><\/p>\n<p>\u0130yi Seyirler.<\/p>\n<p>Sayg\u0131lar ve sevgiler.<\/p>\n<p>Abdurrahman Balc\u0131lar<\/p>\n<p>Twitter:\u00a0<a href=\"https:\/\/twitter.com\/abbalcilar\">abdurrahman balc\u0131lar<\/a><a href=\"https:\/\/twitter.com\/abbalcilar\"><strong>@abbalcilar<\/strong><\/a><\/p>\n<p>Mail :\u00a0<a href=\"mailto:ab.balcilar@hotmail.com\">ab.balcilar@hotmail.com<\/a><\/p>\n<p>Blog:\u00a0<a href=\"http:\/\/t.co\/znqmIZgIqn\">blog.milliyet.com.tr\/cansever<\/a><\/p>\n<p>Blog:\u00a0<strong>balcilar-blog.com<\/strong><\/p>\n<p>&nbsp;<\/p>\n","protected":false},"excerpt":{"rendered":"<p>&nbsp; \u015e\u00fckr\u00fc \u00d6zy\u0131ld\u0131z, 2013-2014 y\u0131llar\u0131nda Star Tv ekranlar\u0131nda yay\u0131nlanan &#8220;Benim Hala Umudum Var&#8221; dizisinde ba\u015frollerini Gizem Karaca ve Berk Oktay ile payla\u015fm\u0131\u015f h\u0131zl\u0131 bir \u00e7\u0131k\u0131\u015f yakalam\u0131\u015f, daha sonra \u015eeref Meselesi ve Tatl\u0131 K\u00fc\u00e7\u00fck Yalanc\u0131lar dizilerinde oynam\u0131\u015ft\u0131r. \u015e\u00fckr\u00fc \u00d6zy\u0131ld\u0131z son dizisinde \u015fans\u0131 pek yaver gitmemi\u015fti. 2016 y\u0131l\u0131nda Show tv de yay\u0131nlanan K\u0131\u015f G\u00fcne\u015fi adl\u0131 dizide Efe-Mete [&hellip;]<\/p>\n","protected":false},"author":3,"featured_media":18108,"comment_status":"open","ping_status":"open","sticky":false,"template":"","format":"standard","meta":{"footnotes":""},"categories":[2],"tags":[1374,129,927,64],"class_list":["post-18107","post","type-post","status-publish","format-standard","has-post-thumbnail","hentry","category-tv-programlari","tag-coban-yildizi","tag-fox-tv","tag-selin-sekerci","tag-sukru-ozyildiz"],"views":4029,"blog_post_layout_featured_media_urls":{"thumbnail":["https:\/\/balcilar-blog.com\/wp-content\/uploads\/2017\/03\/cats\u00c7OBAN-YILDIZI-150x150.jpg",150,150,true],"full":["https:\/\/balcilar-blog.com\/wp-content\/uploads\/2017\/03\/cats\u00c7OBAN-YILDIZI.jpg",640,373,false]},"categories_names":{"2":{"name":"TV Programlar\u0131","link":"https:\/\/balcilar-blog.com\/?cat=2"}},"tags_names":{"1374":{"name":"\u00c7oban Y\u0131ld\u0131z\u0131","link":"https:\/\/balcilar-blog.com\/?tag=coban-yildizi"},"129":{"name":"Fox Tv","link":"https:\/\/balcilar-blog.com\/?tag=fox-tv"},"927":{"name":"Selin \u015eekerci","link":"https:\/\/balcilar-blog.com\/?tag=selin-sekerci"},"64":{"name":"\u015e\u00fckr\u00fc \u00d6zy\u0131ld\u0131z","link":"https:\/\/balcilar-blog.com\/?tag=sukru-ozyildiz"}},"comments_number":"0","wpmagazine_modules_lite_featured_media_urls":{"thumbnail":["https:\/\/balcilar-blog.com\/wp-content\/uploads\/2017\/03\/cats\u00c7OBAN-YILDIZI-150x150.jpg",150,150,true],"cvmm-medium":["https:\/\/balcilar-blog.com\/wp-content\/uploads\/2017\/03\/cats\u00c7OBAN-YILDIZI.jpg",300,175,false],"cvmm-medium-plus":["https:\/\/balcilar-blog.com\/wp-content\/uploads\/2017\/03\/cats\u00c7OBAN-YILDIZI.jpg",305,178,false],"cvmm-portrait":["https:\/\/balcilar-blog.com\/wp-content\/uploads\/2017\/03\/cats\u00c7OBAN-YILDIZI.jpg",400,233,false],"cvmm-medium-square":["https:\/\/balcilar-blog.com\/wp-content\/uploads\/2017\/03\/cats\u00c7OBAN-YILDIZI.jpg",600,350,false],"cvmm-large":["https:\/\/balcilar-blog.com\/wp-content\/uploads\/2017\/03\/cats\u00c7OBAN-YILDIZI.jpg",640,373,false],"cvmm-small":["https:\/\/balcilar-blog.com\/wp-content\/uploads\/2017\/03\/cats\u00c7OBAN-YILDIZI.jpg",130,76,false],"full":["https:\/\/balcilar-blog.com\/wp-content\/uploads\/2017\/03\/cats\u00c7OBAN-YILDIZI.jpg",640,373,false]},"_links":{"self":[{"href":"https:\/\/balcilar-blog.com\/index.php?rest_route=\/wp\/v2\/posts\/18107","targetHints":{"allow":["GET"]}}],"collection":[{"href":"https:\/\/balcilar-blog.com\/index.php?rest_route=\/wp\/v2\/posts"}],"about":[{"href":"https:\/\/balcilar-blog.com\/index.php?rest_route=\/wp\/v2\/types\/post"}],"author":[{"embeddable":true,"href":"https:\/\/balcilar-blog.com\/index.php?rest_route=\/wp\/v2\/users\/3"}],"replies":[{"embeddable":true,"href":"https:\/\/balcilar-blog.com\/index.php?rest_route=%2Fwp%2Fv2%2Fcomments&post=18107"}],"version-history":[{"count":4,"href":"https:\/\/balcilar-blog.com\/index.php?rest_route=\/wp\/v2\/posts\/18107\/revisions"}],"predecessor-version":[{"id":18118,"href":"https:\/\/balcilar-blog.com\/index.php?rest_route=\/wp\/v2\/posts\/18107\/revisions\/18118"}],"wp:featuredmedia":[{"embeddable":true,"href":"https:\/\/balcilar-blog.com\/index.php?rest_route=\/wp\/v2\/media\/18108"}],"wp:attachment":[{"href":"https:\/\/balcilar-blog.com\/index.php?rest_route=%2Fwp%2Fv2%2Fmedia&parent=18107"}],"wp:term":[{"taxonomy":"category","embeddable":true,"href":"https:\/\/balcilar-blog.com\/index.php?rest_route=%2Fwp%2Fv2%2Fcategories&post=18107"},{"taxonomy":"post_tag","embeddable":true,"href":"https:\/\/balcilar-blog.com\/index.php?rest_route=%2Fwp%2Fv2%2Ftags&post=18107"}],"curies":[{"name":"wp","href":"https:\/\/api.w.org\/{rel}","templated":true}]}}