{"id":18097,"date":"2017-03-03T11:00:31","date_gmt":"2017-03-03T08:00:31","guid":{"rendered":"http:\/\/balcilar-blog.com\/?p=18097"},"modified":"2017-03-03T13:07:26","modified_gmt":"2017-03-03T10:07:26","slug":"cagatay-ulusoyun-yeni-meraki-okculuk","status":"publish","type":"post","link":"https:\/\/balcilar-blog.com\/?p=18097","title":{"rendered":"\u00c7a\u011fatay Ulusoy&#8217;un yeni merak\u0131 Ok\u00e7uluk!"},"content":{"rendered":"<p><img loading=\"lazy\" decoding=\"async\" class=\"alignnone size-full wp-image-18100\" src=\"http:\/\/balcilar-blog.com\/wp-content\/uploads\/2017\/03\/Ekran-Al\u0131nt\u0131s\u0131CU.OK3_.jpg\" alt=\"Ekran Al\u0131nt\u0131s\u0131CU.OK3\" width=\"640\" height=\"402\" srcset=\"https:\/\/balcilar-blog.com\/wp-content\/uploads\/2017\/03\/Ekran-Al\u0131nt\u0131s\u0131CU.OK3_.jpg 640w, https:\/\/balcilar-blog.com\/wp-content\/uploads\/2017\/03\/Ekran-Al\u0131nt\u0131s\u0131CU.OK3_-300x188.jpg 300w\" sizes=\"auto, (max-width: 640px) 100vw, 640px\" \/><\/p>\n<p><strong>&#8216;\u0130\u00e7erde&#8217;<\/strong> dizisinin son derece ba\u015far\u0131l\u0131 ve sevilen oyuncu \u00c7a\u011fatay Ulusoy, sosyal medya \u0130nstagram hesab\u0131ndan payla\u015ft\u0131\u011f\u0131 bir videoda, ok atma \u00e7al\u0131\u015fmas\u0131 yaparken g\u00f6r\u00fcnt\u00fclerini yay\u0131nlam\u0131\u015f.<\/p>\n<p>Elinde ok ve yay\u0131 ile kameraya poz veren \u00c7a\u011fatay Ulusoy g\u00f6r\u00fcl\u00fcyor.<\/p>\n<p>Belgrad Ormanlar\u0131&#8217;nda oldu\u011funu tahmin etti\u011fim \u00c7a\u011fatay&#8217;\u0131n yeni merak\u0131 ok\u00e7uluk mu dersiniz?<\/p>\n<p>&nbsp;<\/p>\n<p><img loading=\"lazy\" decoding=\"async\" class=\"alignnone size-full wp-image-18099\" src=\"http:\/\/balcilar-blog.com\/wp-content\/uploads\/2017\/03\/Ekran-Al\u0131nt\u0131s\u0131CU.OK2_.jpg\" alt=\"Ekran Al\u0131nt\u0131s\u0131CU.OK2\" width=\"640\" height=\"366\" srcset=\"https:\/\/balcilar-blog.com\/wp-content\/uploads\/2017\/03\/Ekran-Al\u0131nt\u0131s\u0131CU.OK2_.jpg 640w, https:\/\/balcilar-blog.com\/wp-content\/uploads\/2017\/03\/Ekran-Al\u0131nt\u0131s\u0131CU.OK2_-300x172.jpg 300w\" sizes=\"auto, (max-width: 640px) 100vw, 640px\" \/><\/p>\n<p>Uzaktaki bir hedefe tam isabet yapan Ulusoy, ba\u015f parmak i\u015faretiyle &#8216;Okey&#8217; i\u015fareti yap\u0131yor, son derece de mutlu oldu\u011fu g\u00f6r\u00fcl\u00fcyor.<\/p>\n<p><img loading=\"lazy\" decoding=\"async\" class=\"alignnone size-full wp-image-18098\" src=\"http:\/\/balcilar-blog.com\/wp-content\/uploads\/2017\/03\/Ekran-Al\u0131nt\u0131s\u0131CU.OK-6.jpg\" alt=\"Ekran Al\u0131nt\u0131s\u0131CU.OK 6\" width=\"640\" height=\"374\" srcset=\"https:\/\/balcilar-blog.com\/wp-content\/uploads\/2017\/03\/Ekran-Al\u0131nt\u0131s\u0131CU.OK-6.jpg 640w, https:\/\/balcilar-blog.com\/wp-content\/uploads\/2017\/03\/Ekran-Al\u0131nt\u0131s\u0131CU.OK-6-300x175.jpg 300w\" sizes=\"auto, (max-width: 640px) 100vw, 640px\" \/><\/p>\n<p>\u00c7a\u011fatay Ulusoy s\u0131k s\u0131k resimlerini payla\u015f\u0131yor. Ge\u00e7ti\u011fimiz g\u00fcnlerde 8 ya\u015f\u0131ndayken k\u00f6pe\u011fi ile \u00e7ekilmi\u015f bir resmini payla\u015fm\u0131\u015f, olduk\u00e7a be\u011feni ve yorum alm\u0131\u015ft\u0131.<\/p>\n<p>\u0130nstagram hesab\u0131ndan \u00c7a\u011fatay Ulusoy&#8217;un 1 Milyon 806 Bin takip\u00e7isi bulunuyor. Ok atarken yay\u0131nlad\u0131\u011f\u0131 \u00e7ok k\u0131sa videosu da \u015fu ana kadar, 428 Bin t\u0131klama alm\u0131\u015f ve 5870 yorum yap\u0131lm\u0131\u015ft\u0131r.<\/p>\n<p>Allah mutlulunu daim etsin.<\/p>\n<p>Sayg\u0131lar ve sevgiler.<\/p>\n<p>Abdurrahman Balc\u0131lar<\/p>\n<p>Twitter:\u00a0<a href=\"https:\/\/twitter.com\/abbalcilar\">abdurrahman balc\u0131lar<\/a><a href=\"https:\/\/twitter.com\/abbalcilar\"><strong>@abbalcilar<\/strong><\/a><\/p>\n<p>Mail :\u00a0<a href=\"mailto:ab.balcilar@hotmail.com\">ab.balcilar@hotmail.com<\/a><\/p>\n<p>Blog:\u00a0<a href=\"http:\/\/t.co\/znqmIZgIqn\">blog.milliyet.com.tr\/cansever<\/a><\/p>\n<p>Blog:\u00a0<strong>balcilar-blog.com<\/strong><\/p>\n<p>Not: G\u00f6rseller, \u00c7a\u011fatay Ulusoy&#8217;un \u0130nstagram hesab\u0131 videodan kopyalanm\u0131\u015ft\u0131r.<\/p>\n<p>&nbsp;<\/p>\n<p>&nbsp;<\/p>\n<p>&nbsp;<\/p>\n","protected":false},"excerpt":{"rendered":"<p>&#8216;\u0130\u00e7erde&#8217; dizisinin son derece ba\u015far\u0131l\u0131 ve sevilen oyuncu \u00c7a\u011fatay Ulusoy, sosyal medya \u0130nstagram hesab\u0131ndan payla\u015ft\u0131\u011f\u0131 bir videoda, ok atma \u00e7al\u0131\u015fmas\u0131 yaparken g\u00f6r\u00fcnt\u00fclerini yay\u0131nlam\u0131\u015f. Elinde ok ve yay\u0131 ile kameraya poz veren \u00c7a\u011fatay Ulusoy g\u00f6r\u00fcl\u00fcyor. Belgrad Ormanlar\u0131&#8217;nda oldu\u011funu tahmin etti\u011fim \u00c7a\u011fatay&#8217;\u0131n yeni merak\u0131 ok\u00e7uluk mu dersiniz? &nbsp; Uzaktaki bir hedefe tam isabet yapan Ulusoy, ba\u015f parmak [&hellip;]<\/p>\n","protected":false},"author":3,"featured_media":18098,"comment_status":"open","ping_status":"open","sticky":false,"template":"","format":"standard","meta":{"footnotes":""},"categories":[7],"tags":[15,1219,1377],"class_list":["post-18097","post","type-post","status-publish","format-standard","has-post-thumbnail","hentry","category-magazin","tag-cagatay-ulusoy","tag-icerde","tag-okculuk"],"views":3376,"blog_post_layout_featured_media_urls":{"thumbnail":["https:\/\/balcilar-blog.com\/wp-content\/uploads\/2017\/03\/Ekran-Al\u0131nt\u0131s\u0131CU.OK-6-150x150.jpg",150,150,true],"full":["https:\/\/balcilar-blog.com\/wp-content\/uploads\/2017\/03\/Ekran-Al\u0131nt\u0131s\u0131CU.OK-6.jpg",640,374,false]},"categories_names":{"7":{"name":"Magazin","link":"https:\/\/balcilar-blog.com\/?cat=7"}},"tags_names":{"15":{"name":"\u00e7a\u011fatay ulusoy","link":"https:\/\/balcilar-blog.com\/?tag=cagatay-ulusoy"},"1219":{"name":"\u0130\u00c7ERDE","link":"https:\/\/balcilar-blog.com\/?tag=icerde"},"1377":{"name":"Ok\u00e7uluk","link":"https:\/\/balcilar-blog.com\/?tag=okculuk"}},"comments_number":"0","wpmagazine_modules_lite_featured_media_urls":{"thumbnail":["https:\/\/balcilar-blog.com\/wp-content\/uploads\/2017\/03\/Ekran-Al\u0131nt\u0131s\u0131CU.OK-6-150x150.jpg",150,150,true],"cvmm-medium":["https:\/\/balcilar-blog.com\/wp-content\/uploads\/2017\/03\/Ekran-Al\u0131nt\u0131s\u0131CU.OK-6.jpg",300,175,false],"cvmm-medium-plus":["https:\/\/balcilar-blog.com\/wp-content\/uploads\/2017\/03\/Ekran-Al\u0131nt\u0131s\u0131CU.OK-6.jpg",305,178,false],"cvmm-portrait":["https:\/\/balcilar-blog.com\/wp-content\/uploads\/2017\/03\/Ekran-Al\u0131nt\u0131s\u0131CU.OK-6.jpg",400,234,false],"cvmm-medium-square":["https:\/\/balcilar-blog.com\/wp-content\/uploads\/2017\/03\/Ekran-Al\u0131nt\u0131s\u0131CU.OK-6.jpg",600,351,false],"cvmm-large":["https:\/\/balcilar-blog.com\/wp-content\/uploads\/2017\/03\/Ekran-Al\u0131nt\u0131s\u0131CU.OK-6.jpg",640,374,false],"cvmm-small":["https:\/\/balcilar-blog.com\/wp-content\/uploads\/2017\/03\/Ekran-Al\u0131nt\u0131s\u0131CU.OK-6.jpg",130,76,false],"full":["https:\/\/balcilar-blog.com\/wp-content\/uploads\/2017\/03\/Ekran-Al\u0131nt\u0131s\u0131CU.OK-6.jpg",640,374,false]},"_links":{"self":[{"href":"https:\/\/balcilar-blog.com\/index.php?rest_route=\/wp\/v2\/posts\/18097","targetHints":{"allow":["GET"]}}],"collection":[{"href":"https:\/\/balcilar-blog.com\/index.php?rest_route=\/wp\/v2\/posts"}],"about":[{"href":"https:\/\/balcilar-blog.com\/index.php?rest_route=\/wp\/v2\/types\/post"}],"author":[{"embeddable":true,"href":"https:\/\/balcilar-blog.com\/index.php?rest_route=\/wp\/v2\/users\/3"}],"replies":[{"embeddable":true,"href":"https:\/\/balcilar-blog.com\/index.php?rest_route=%2Fwp%2Fv2%2Fcomments&post=18097"}],"version-history":[{"count":4,"href":"https:\/\/balcilar-blog.com\/index.php?rest_route=\/wp\/v2\/posts\/18097\/revisions"}],"predecessor-version":[{"id":18105,"href":"https:\/\/balcilar-blog.com\/index.php?rest_route=\/wp\/v2\/posts\/18097\/revisions\/18105"}],"wp:featuredmedia":[{"embeddable":true,"href":"https:\/\/balcilar-blog.com\/index.php?rest_route=\/wp\/v2\/media\/18098"}],"wp:attachment":[{"href":"https:\/\/balcilar-blog.com\/index.php?rest_route=%2Fwp%2Fv2%2Fmedia&parent=18097"}],"wp:term":[{"taxonomy":"category","embeddable":true,"href":"https:\/\/balcilar-blog.com\/index.php?rest_route=%2Fwp%2Fv2%2Fcategories&post=18097"},{"taxonomy":"post_tag","embeddable":true,"href":"https:\/\/balcilar-blog.com\/index.php?rest_route=%2Fwp%2Fv2%2Ftags&post=18097"}],"curies":[{"name":"wp","href":"https:\/\/api.w.org\/{rel}","templated":true}]}}