{"id":18062,"date":"2017-03-01T19:27:15","date_gmt":"2017-03-01T16:27:15","guid":{"rendered":"http:\/\/balcilar-blog.com\/?p=18062"},"modified":"2017-03-01T19:27:15","modified_gmt":"2017-03-01T16:27:15","slug":"bu-sehir-arkandan-gelecekte-tehlikli-ask-ucgeni","status":"publish","type":"post","link":"https:\/\/balcilar-blog.com\/?p=18062","title":{"rendered":"Bu \u015eehir Arkandan Gelecek&#8217;te tehlikli a\u015fk \u00fc\u00e7geni!"},"content":{"rendered":"<div tabindex=\"-1\">\n<div tabindex=\"-1\">\n<div tabindex=\"0\">\n<div class=\"_rp_75\" tabindex=\"-1\">\n<div class=\"_rp_K4 ms-border-color-neutralLight ShowConsesusSchedulingLink ShowReferenceAttachmentsLinks\" tabindex=\"-1\">\n<div class=\"_rp_W4\">\n<div>\n<div id=\"Item.MessagePartBody\" class=\"_rp_M4\">\n<div id=\"Item.MessageUniqueBody\" class=\"_rp_N4 ms-font-weight-regular ms-font-color-neutralDark rpHighlightAllClass rpHighlightBodyClass\" tabindex=\"0\">\n<div class=\"rps_8a29\">\n<div dir=\"ltr\">\n<p><img loading=\"lazy\" decoding=\"async\" class=\"alignnone size-full wp-image-18072\" src=\"http:\/\/balcilar-blog.com\/wp-content\/uploads\/2017\/03\/cats-Bu-\u015eehir.jpg\" alt=\"cats Bu \u015eehir\" width=\"865\" height=\"656\" srcset=\"https:\/\/balcilar-blog.com\/wp-content\/uploads\/2017\/03\/cats-Bu-\u015eehir.jpg 865w, https:\/\/balcilar-blog.com\/wp-content\/uploads\/2017\/03\/cats-Bu-\u015eehir-300x228.jpg 300w, https:\/\/balcilar-blog.com\/wp-content\/uploads\/2017\/03\/cats-Bu-\u015eehir-768x582.jpg 768w\" sizes=\"auto, (max-width: 865px) 100vw, 865px\" \/><\/p>\n<p><strong>Ay Yap\u0131m imzal\u0131 \u2018Bu \u015eehir Arkandan Gelecek\u2019in yeni b\u00f6l\u00fcm\u00fcnde Derin, Ali ile Asl\u0131\u2019n\u0131n ihanetine u\u011frad\u0131\u011f\u0131n\u0131 hissedecek ve b\u00fcy\u00fck bir d\u00f6n\u00fcm noktas\u0131na gelecek.<\/strong><\/p>\n<p>Kerem B\u00fcrsin ve Leyla Lydia Tu\u011futlu\u2019nun rol ald\u0131\u011f\u0131 \u2018Bu \u015eehir Arkandan Gelecek\u2019in yeni b\u00f6l\u00fcm\u00fcnde soluklar tutulacak.<\/p>\n<p><strong>Ali, Derin\u2019in hamile oldu\u011funu \u00f6\u011freniyor<\/strong><\/p>\n<p>Ali (Kerem B\u00fcrsin), hi\u00e7 beklemedi\u011fi bir anda Derin\u2019in hamile oldu\u011funu \u00f6\u011frenerek b\u00fcy\u00fck \u015fok ya\u015fayacak. Ali ile Asl\u0131\u2019n\u0131n (Nilperi \u015eahinkaya) yak\u0131nla\u015ft\u0131\u011f\u0131n\u0131 d\u00fc\u015f\u00fcnen Derin (Leyla Lydia Tu\u011futlu), hayat\u0131n\u0131n en b\u00fcy\u00fck darbesini alacak. Hem \u00e2\u015f\u0131k oldu\u011fu adam\u0131n hem de en yak\u0131n arkada\u015f\u0131n\u0131n ihanetine u\u011frad\u0131\u011f\u0131n\u0131 d\u00fc\u015f\u00fcnen Derin, kendini yapayaln\u0131z hissedecek. Karn\u0131nda Ali\u2019nin bebe\u011fi ile tek ba\u015f\u0131na kalan Derin, annesinin ger\u00e7ekleri \u00f6\u011frenmesiyle birlikte hayati bir karar a\u015famas\u0131na gelecek.<\/p>\n<p><strong>Yeni bir a\u015fk do\u011fuyor!<\/strong><\/p>\n<p><img loading=\"lazy\" decoding=\"async\" class=\"alignnone size-full wp-image-18065\" src=\"http:\/\/balcilar-blog.com\/wp-content\/uploads\/2017\/03\/9-1.jpg\" alt=\"9-1\" width=\"640\" height=\"360\" srcset=\"https:\/\/balcilar-blog.com\/wp-content\/uploads\/2017\/03\/9-1.jpg 640w, https:\/\/balcilar-blog.com\/wp-content\/uploads\/2017\/03\/9-1-300x169.jpg 300w\" sizes=\"auto, (max-width: 640px) 100vw, 640px\" \/><\/p>\n<p>\u015eahin (G\u00fcrkan Uygun), boks turnuvas\u0131ndaki ilk ma\u00e7\u0131 kazanan o\u011flu Ali\u2019ye verdi\u011fi s\u00f6z\u00fc tutacak ve Nesrin\u2019le (Defne Kayalar) ba\u015f ba\u015fa yeme\u011fe \u00e7\u0131kacak. \u0130kilinin, birbirini daha yak\u0131ndan tan\u0131yaca\u011f\u0131 bu romantik bulu\u015fma, yeni bir a\u015fk\u0131n da ilk sinyalleri olacak.<\/p>\n<p><img loading=\"lazy\" decoding=\"async\" class=\"alignnone size-full wp-image-18069\" src=\"http:\/\/balcilar-blog.com\/wp-content\/uploads\/2017\/03\/9-5.jpg\" alt=\"9-5\" width=\"640\" height=\"360\" srcset=\"https:\/\/balcilar-blog.com\/wp-content\/uploads\/2017\/03\/9-5.jpg 640w, https:\/\/balcilar-blog.com\/wp-content\/uploads\/2017\/03\/9-5-300x169.jpg 300w\" sizes=\"auto, (max-width: 640px) 100vw, 640px\" \/><\/p>\n<p><img loading=\"lazy\" decoding=\"async\" class=\"alignnone size-full wp-image-18067\" src=\"http:\/\/balcilar-blog.com\/wp-content\/uploads\/2017\/03\/9-3.jpg\" alt=\"9-3\" width=\"640\" height=\"360\" srcset=\"https:\/\/balcilar-blog.com\/wp-content\/uploads\/2017\/03\/9-3.jpg 640w, https:\/\/balcilar-blog.com\/wp-content\/uploads\/2017\/03\/9-3-300x169.jpg 300w\" sizes=\"auto, (max-width: 640px) 100vw, 640px\" \/><\/p>\n<p><img loading=\"lazy\" decoding=\"async\" class=\"alignnone size-full wp-image-18066\" src=\"http:\/\/balcilar-blog.com\/wp-content\/uploads\/2017\/03\/9-2.jpg\" alt=\"9-2\" width=\"640\" height=\"360\" srcset=\"https:\/\/balcilar-blog.com\/wp-content\/uploads\/2017\/03\/9-2.jpg 640w, https:\/\/balcilar-blog.com\/wp-content\/uploads\/2017\/03\/9-2-300x169.jpg 300w\" sizes=\"auto, (max-width: 640px) 100vw, 640px\" \/><\/p>\n<p>\u2018Bu \u015eehir Arkandan Gelecek\u2019in heyecan dolu yeni b\u00f6l\u00fcm\u00fcnde Derin, bebe\u011fini ald\u0131racak m\u0131?, Asl\u0131, Ali\u2019ye olan a\u015fk\u0131 i\u00e7in ne kadar ileri gidecek?,<\/p>\n<p><img loading=\"lazy\" decoding=\"async\" class=\"alignnone size-full wp-image-18068\" src=\"http:\/\/balcilar-blog.com\/wp-content\/uploads\/2017\/03\/9-4.jpg\" alt=\"9-4\" width=\"640\" height=\"360\" srcset=\"https:\/\/balcilar-blog.com\/wp-content\/uploads\/2017\/03\/9-4.jpg 640w, https:\/\/balcilar-blog.com\/wp-content\/uploads\/2017\/03\/9-4-300x169.jpg 300w\" sizes=\"auto, (max-width: 640px) 100vw, 640px\" \/><\/p>\n<p>Ali, bir sonraki ma\u00e7\u0131 kazanabilecek mi? gibi sorular yan\u0131t bulacak.<\/p>\n<p>&nbsp;<\/p>\n<p class=\"x_MsoNormal\" align=\"center\"><b>Fragman: <a href=\"https:\/\/www.youtube.com\/watch?v=UqC_k1vptQ0\" target=\"_blank\">https:\/\/www.youtube.com\/watch?v=UqC_k1vptQ0<\/a><\/b><\/p>\n<p class=\"x_MsoNormal\" align=\"center\"><b>\u00a0<\/b><\/p>\n<p class=\"x_MsoNormal\" align=\"center\"><b>\u2018Bu \u015eehir Arkandan Gelecek\u2019in yeni b\u00f6l\u00fcm\u00fc 1 Mart \u00c7ar\u015famba (Bu ak\u015fam) saat 20:00\u2019da atv\u2019de!\u00a0<\/b><\/p>\n<p class=\"x_MsoNormal\" align=\"center\">\n<\/div>\n<\/div>\n<\/div>\n<\/div>\n<\/div>\n<div class=\"_rp_R4\">\n<p>\u00a0Keyifli Seyirler.Sayg\u0131lar ve sevgiler.<\/p>\n<p>Abdurrahman Balc\u0131lar<\/p>\n<p>Twitter:\u00a0<a href=\"https:\/\/twitter.com\/abbalcilar\">abdurrahman balc\u0131lar<\/a><a href=\"https:\/\/twitter.com\/abbalcilar\"><strong>@abbalcilar<\/strong><\/a><\/p>\n<p>Mail :\u00a0<a href=\"mailto:ab.balcilar@hotmail.com\">ab.balcilar@hotmail.com<\/a><\/p>\n<p>Blog:\u00a0<a href=\"http:\/\/t.co\/znqmIZgIqn\">blog.milliyet.com.tr\/cansever<\/a><\/p>\n<p>Blog:\u00a0<strong>balcilar-blog.com<\/strong><\/p>\n<\/div>\n<\/div>\n<\/div>\n<\/div>\n<\/div>\n<\/div>\n<div class=\"_rp_f\" tabindex=\"-1\">\n<div class=\"_qc_F ms-bg-color-white _qc_G\">\n<hr class=\"_qc_B\" \/>\n<div class=\"_qc_y ms-border-color-neutralLight _qc_z\" tabindex=\"-1\"><\/div>\n<\/div>\n<\/div>\n<\/div>\n","protected":false},"excerpt":{"rendered":"<p>Ay Yap\u0131m imzal\u0131 \u2018Bu \u015eehir Arkandan Gelecek\u2019in yeni b\u00f6l\u00fcm\u00fcnde Derin, Ali ile Asl\u0131\u2019n\u0131n ihanetine u\u011frad\u0131\u011f\u0131n\u0131 hissedecek ve b\u00fcy\u00fck bir d\u00f6n\u00fcm noktas\u0131na gelecek. Kerem B\u00fcrsin ve Leyla Lydia Tu\u011futlu\u2019nun rol ald\u0131\u011f\u0131 \u2018Bu \u015eehir Arkandan Gelecek\u2019in yeni b\u00f6l\u00fcm\u00fcnde soluklar tutulacak. Ali, Derin\u2019in hamile oldu\u011funu \u00f6\u011freniyor Ali (Kerem B\u00fcrsin), hi\u00e7 beklemedi\u011fi bir anda Derin\u2019in hamile oldu\u011funu \u00f6\u011frenerek b\u00fcy\u00fck [&hellip;]<\/p>\n","protected":false},"author":3,"featured_media":18072,"comment_status":"open","ping_status":"open","sticky":false,"template":"","format":"standard","meta":{"footnotes":""},"categories":[2],"tags":[1289,394,1312,673,745,1376],"class_list":["post-18062","post","type-post","status-publish","format-standard","has-post-thumbnail","hentry","category-tv-programlari","tag-bu-sehir-arkandan-gelecek","tag-defne-kayalar","tag-gurkan-uygun","tag-kerem-bursin","tag-leyla-lydia-tugutlu","tag-nilperi-sahinkaya"],"views":3488,"blog_post_layout_featured_media_urls":{"thumbnail":["https:\/\/balcilar-blog.com\/wp-content\/uploads\/2017\/03\/cats-Bu-\u015eehir-150x150.jpg",150,150,true],"full":["https:\/\/balcilar-blog.com\/wp-content\/uploads\/2017\/03\/cats-Bu-\u015eehir.jpg",865,656,false]},"categories_names":{"2":{"name":"TV Programlar\u0131","link":"https:\/\/balcilar-blog.com\/?cat=2"}},"tags_names":{"1289":{"name":"Bu \u015eehir Arkandan Gelecek","link":"https:\/\/balcilar-blog.com\/?tag=bu-sehir-arkandan-gelecek"},"394":{"name":"Defne Kayalar","link":"https:\/\/balcilar-blog.com\/?tag=defne-kayalar"},"1312":{"name":"G\u00fcrkan Uygun","link":"https:\/\/balcilar-blog.com\/?tag=gurkan-uygun"},"673":{"name":"Kerem Bursin","link":"https:\/\/balcilar-blog.com\/?tag=kerem-bursin"},"745":{"name":"Leyla Lydia Tu\u011futlu","link":"https:\/\/balcilar-blog.com\/?tag=leyla-lydia-tugutlu"},"1376":{"name":"Nilperi \u015eahinkaya","link":"https:\/\/balcilar-blog.com\/?tag=nilperi-sahinkaya"}},"comments_number":"0","wpmagazine_modules_lite_featured_media_urls":{"thumbnail":["https:\/\/balcilar-blog.com\/wp-content\/uploads\/2017\/03\/cats-Bu-\u015eehir-150x150.jpg",150,150,true],"cvmm-medium":["https:\/\/balcilar-blog.com\/wp-content\/uploads\/2017\/03\/cats-Bu-\u015eehir.jpg",300,228,false],"cvmm-medium-plus":["https:\/\/balcilar-blog.com\/wp-content\/uploads\/2017\/03\/cats-Bu-\u015eehir.jpg",273,207,false],"cvmm-portrait":["https:\/\/balcilar-blog.com\/wp-content\/uploads\/2017\/03\/cats-Bu-\u015eehir.jpg",400,303,false],"cvmm-medium-square":["https:\/\/balcilar-blog.com\/wp-content\/uploads\/2017\/03\/cats-Bu-\u015eehir.jpg",600,455,false],"cvmm-large":["https:\/\/balcilar-blog.com\/wp-content\/uploads\/2017\/03\/cats-Bu-\u015eehir.jpg",865,656,false],"cvmm-small":["https:\/\/balcilar-blog.com\/wp-content\/uploads\/2017\/03\/cats-Bu-\u015eehir.jpg",125,95,false],"full":["https:\/\/balcilar-blog.com\/wp-content\/uploads\/2017\/03\/cats-Bu-\u015eehir.jpg",865,656,false]},"_links":{"self":[{"href":"https:\/\/balcilar-blog.com\/index.php?rest_route=\/wp\/v2\/posts\/18062","targetHints":{"allow":["GET"]}}],"collection":[{"href":"https:\/\/balcilar-blog.com\/index.php?rest_route=\/wp\/v2\/posts"}],"about":[{"href":"https:\/\/balcilar-blog.com\/index.php?rest_route=\/wp\/v2\/types\/post"}],"author":[{"embeddable":true,"href":"https:\/\/balcilar-blog.com\/index.php?rest_route=\/wp\/v2\/users\/3"}],"replies":[{"embeddable":true,"href":"https:\/\/balcilar-blog.com\/index.php?rest_route=%2Fwp%2Fv2%2Fcomments&post=18062"}],"version-history":[{"count":3,"href":"https:\/\/balcilar-blog.com\/index.php?rest_route=\/wp\/v2\/posts\/18062\/revisions"}],"predecessor-version":[{"id":18073,"href":"https:\/\/balcilar-blog.com\/index.php?rest_route=\/wp\/v2\/posts\/18062\/revisions\/18073"}],"wp:featuredmedia":[{"embeddable":true,"href":"https:\/\/balcilar-blog.com\/index.php?rest_route=\/wp\/v2\/media\/18072"}],"wp:attachment":[{"href":"https:\/\/balcilar-blog.com\/index.php?rest_route=%2Fwp%2Fv2%2Fmedia&parent=18062"}],"wp:term":[{"taxonomy":"category","embeddable":true,"href":"https:\/\/balcilar-blog.com\/index.php?rest_route=%2Fwp%2Fv2%2Fcategories&post=18062"},{"taxonomy":"post_tag","embeddable":true,"href":"https:\/\/balcilar-blog.com\/index.php?rest_route=%2Fwp%2Fv2%2Ftags&post=18062"}],"curies":[{"name":"wp","href":"https:\/\/api.w.org\/{rel}","templated":true}]}}