{"id":17931,"date":"2017-02-22T17:13:46","date_gmt":"2017-02-22T14:13:46","guid":{"rendered":"http:\/\/balcilar-blog.com\/?p=17931"},"modified":"2017-02-22T17:26:59","modified_gmt":"2017-02-22T14:26:59","slug":"bu-sehir-arkandan-gelecek-ali-buyuk-turnuva-icin-ringte","status":"publish","type":"post","link":"https:\/\/balcilar-blog.com\/?p=17931","title":{"rendered":"Bu \u015eehir Arkandan Gelecek \/ Ali B\u00fcy\u00fck Turnuva i\u00e7in Ring&#8217;te!"},"content":{"rendered":"<div tabindex=\"-1\">\n<div tabindex=\"-1\">\n<div tabindex=\"0\">\n<div class=\"_rp_65\" tabindex=\"-1\">\n<div class=\"_rp_J4 ms-border-color-neutralLight ShowConsesusSchedulingLink ShowReferenceAttachmentsLinks\" tabindex=\"-1\">\n<div class=\"_rp_V4\">\n<div>\n<div id=\"Item.MessagePartBody\" class=\"_rp_L4\">\n<div id=\"Item.MessageUniqueBody\" class=\"_rp_M4 ms-font-weight-regular ms-font-color-neutralDark rpHighlightAllClass rpHighlightBodyClass\" tabindex=\"0\">\n<div class=\"rps_5d1c\">\n<div dir=\"ltr\">\n<div class=\"x_gmail_quote\">\n<p class=\"x_MsoNormal\" align=\"center\"><img loading=\"lazy\" decoding=\"async\" class=\"alignnone size-full wp-image-17935\" src=\"http:\/\/balcilar-blog.com\/wp-content\/uploads\/2017\/02\/8-3.jpg\" alt=\"8-3\" width=\"640\" height=\"427\" srcset=\"https:\/\/balcilar-blog.com\/wp-content\/uploads\/2017\/02\/8-3.jpg 640w, https:\/\/balcilar-blog.com\/wp-content\/uploads\/2017\/02\/8-3-300x200.jpg 300w\" sizes=\"auto, (max-width: 640px) 100vw, 640px\" \/><\/p>\n<p class=\"x_MsoNormal\" align=\"center\"><b>\u00a0<\/b><\/p>\n<\/div>\n<\/div>\n<\/div>\n<\/div>\n<\/div>\n<\/div>\n<div class=\"_rp_Q4\">\n<p>\u00a0Ay Yap\u0131m imzal\u0131 \u2018Bu \u015eehir Arkandan Gelecek\u2019in yeni b\u00f6l\u00fcm\u00fcnde Ali, babas\u0131 \u015eahin&#8217;in ko\u00e7lu\u011funda Boks turnuvas\u0131na haz\u0131rlanacak.<\/p>\n<p>Yeni b\u00f6l\u00fcmde \u015eahin; Ali\u2019nin turnuvaya haz\u0131r olmad\u0131\u011f\u0131n\u0131 d\u00fc\u015f\u00fcnse de o\u011fluna g\u00fcvenecek ve onu bu turnuvaya haz\u0131rlamak i\u00e7in s\u0131k\u0131 bir antrenmandan ge\u00e7irecek.<\/p>\n<p>\u015eahin&#8217;in olduk\u00e7a zor olan antrenman\u0131ndan ge\u00e7mek i\u00e7in ter d\u00f6ken Ali, ringde de zorlu bir m\u00fccadeleyle kar\u015f\u0131 kar\u015f\u0131ya gelecek.<\/p>\n<p><strong>YEN\u0130 B\u00d6L\u00dcMDE \u0130ZLEY\u0130C\u0130Y\u0130 NELER BEKL\u0130YOR?<\/strong><\/p>\n<p>Mafyan\u0131n elinden kurtulan Ali ve Derin \u015fimdi b\u00fcy\u00fck bir yol ayr\u0131m\u0131ndad\u0131r. Derin ya Ali ye inan\u0131p babas\u0131n\u0131 silecek, ya da Ali\u2019yi kaybedip eski hayat\u0131na d\u00f6necektir.<\/p>\n<p>\u015eahin\u2019in salonuna yeni bir boks turnuvas\u0131 haberi gelir. Ali, b\u00fcy\u00fck \u00f6d\u00fcl\u00fc al\u0131p bor\u00e7tan kurtulmak i\u00e7in bunu bir f\u0131rsat olarak g\u00f6r\u00fcr.<\/p>\n<\/div>\n<div class=\"_rp_Q4\"><\/div>\n<div class=\"_rp_Q4\"><img loading=\"lazy\" decoding=\"async\" class=\"alignnone size-full wp-image-17934\" src=\"http:\/\/balcilar-blog.com\/wp-content\/uploads\/2017\/02\/8-2.jpg\" alt=\"8-2\" width=\"640\" height=\"427\" srcset=\"https:\/\/balcilar-blog.com\/wp-content\/uploads\/2017\/02\/8-2.jpg 640w, https:\/\/balcilar-blog.com\/wp-content\/uploads\/2017\/02\/8-2-300x200.jpg 300w\" sizes=\"auto, (max-width: 640px) 100vw, 640px\" \/><\/div>\n<div class=\"_rp_Q4\"><\/div>\n<div class=\"_rp_Q4\">Ancak \u015eahin hen\u00fcz Ali\u2019nin haz\u0131r olmad\u0131\u011f\u0131n\u0131 d\u00fc\u015f\u00fcnmektedir. Ali babas\u0131na bunun aksini ispatlamak i\u00e7in var g\u00fcc\u00fcyle \u00e7al\u0131\u015f\u0131r.<\/div>\n<div class=\"_rp_Q4\"><\/div>\n<div class=\"_rp_Q4\"><img loading=\"lazy\" decoding=\"async\" class=\"alignnone size-full wp-image-17933\" src=\"http:\/\/balcilar-blog.com\/wp-content\/uploads\/2017\/02\/8-1.jpg\" alt=\"8-1\" width=\"640\" height=\"427\" srcset=\"https:\/\/balcilar-blog.com\/wp-content\/uploads\/2017\/02\/8-1.jpg 640w, https:\/\/balcilar-blog.com\/wp-content\/uploads\/2017\/02\/8-1-300x200.jpg 300w\" sizes=\"auto, (max-width: 640px) 100vw, 640px\" \/><\/div>\n<div class=\"_rp_Q4\"><\/div>\n<div class=\"_rp_Q4\">\n<p>\u015eahin ve Ali\u2019nin boksla ilgili girdi\u011fi iddia, gizli hayran\u0131ndan g\u00fcller alan Nesrin\u2019i de yak\u0131ndan ilgilendirmektedir.<\/p>\n<p>Asl\u0131 , Ali\u2019nin hayat\u0131nda daha fazla yer almak istedi\u011finin sinyallerini verir. Bu durum Derin\u2019i huzursuz eder. Eleme ma\u00e7\u0131 \u00f6ncesi ya\u015fananlar Ali\u2019nin ma\u00e7a \u00e7\u0131kmas\u0131n\u0131 imkans\u0131z k\u0131lacak niteliktedir. Ali her \u015feye ra\u011fmen ringe \u00e7\u0131kmaya kararl\u0131d\u0131r.<\/p>\n<\/div>\n<div class=\"_rp_Q4\"><img loading=\"lazy\" decoding=\"async\" class=\"alignnone size-full wp-image-17932\" src=\"http:\/\/balcilar-blog.com\/wp-content\/uploads\/2017\/02\/8-4.jpg\" alt=\"8-4\" width=\"640\" height=\"427\" srcset=\"https:\/\/balcilar-blog.com\/wp-content\/uploads\/2017\/02\/8-4.jpg 640w, https:\/\/balcilar-blog.com\/wp-content\/uploads\/2017\/02\/8-4-300x200.jpg 300w\" sizes=\"auto, (max-width: 640px) 100vw, 640px\" \/><\/div>\n<div class=\"_rp_Q4\"><\/div>\n<div class=\"_rp_Q4\">\n<p>Derin hi\u00e7 haz\u0131r olmad\u0131\u011f\u0131 ger\u00e7ekle y\u00fcz y\u00fcze gelince O da solu\u011fu ma\u00e7\u0131n yap\u0131laca\u011f\u0131 salonda al\u0131r. Orada kar\u015f\u0131la\u015ft\u0131\u011f\u0131 s\u00fcrprizle y\u0131k\u0131ma u\u011frayan Derin, yeni kararlar almak zorundad\u0131r.<\/p>\n<p>&nbsp;<\/p>\n<p class=\"x_MsoNormal\" align=\"center\"><b>Fragman:<\/b><b>\u00a0<\/b><b><u><a href=\"https:\/\/www.youtube.com\/watch?v=DXrf_1OGq6s\" target=\"_blank\">https:\/\/www.youtube.com\/watch?v=DXrf_1OGq6s<\/a><\/u><\/b><\/p>\n<p>Senayosunu Ece Y\u00f6renn\u00e7&#8217;in yazd\u0131\u011f\u0131, ba\u015fl\u0131ca rolleri, Kerem B\u00fcrsin, Leyla Lydia Tu\u011futlu, G\u00fcrkan Uygun, Osman Alka\u015f, Defne Kayalar ve Ali Y\u00f6ren\u00e7&#8217;in oynad\u0131\u011f\u0131;<\/p>\n<p><strong>\u2018Bu \u015eehir Arkandan Gelecek\u2019in yeni b\u00f6l\u00fcm\u00fc 22 \u015eubat \u00c7ar\u015famba bu ak\u015fam saat 20:00\u2019da ATV\u2019de!<\/strong><\/p>\n<\/div>\n<div class=\"_rp_Q4\">\u0130yi Seyirler<\/div>\n<\/div>\n<div class=\"_rp_Q4\">\n<p>Sayg\u0131lar ve sevgiler.<\/p>\n<p>Abdurrahman Balc\u0131lar<\/p>\n<p>Twitter:\u00a0<a href=\"https:\/\/twitter.com\/abbalcilar\">abdurrahman balc\u0131lar<\/a><a href=\"https:\/\/twitter.com\/abbalcilar\"><strong>@abbalcilar<\/strong><\/a><\/p>\n<p>Mail :\u00a0<a href=\"mailto:ab.balcilar@hotmail.com\">ab.balcilar@hotmail.com<\/a><\/p>\n<p>Blog:\u00a0<a href=\"http:\/\/t.co\/znqmIZgIqn\">blog.milliyet.com.tr\/cansever<\/a><\/p>\n<p>Blog:\u00a0<strong>balcilar-blog.com<\/strong><\/p>\n<p>Not: Haber ve g\u00f6rseller Persona Sanat Bas\u0131n B\u00fclteni.<\/p>\n<p>&nbsp;<\/p>\n<\/div>\n<\/div>\n<\/div>\n<\/div>\n<\/div>\n<div class=\"_rp_f\" tabindex=\"-1\">\n<div class=\"_qc_F ms-bg-color-white _qc_G\">\n<hr class=\"_qc_B\" \/>\n<div class=\"_qc_y ms-border-color-neutralLight _qc_z\" tabindex=\"-1\"><\/div>\n<\/div>\n<\/div>\n<\/div>\n","protected":false},"excerpt":{"rendered":"<p>\u00a0 \u00a0Ay Yap\u0131m imzal\u0131 \u2018Bu \u015eehir Arkandan Gelecek\u2019in yeni b\u00f6l\u00fcm\u00fcnde Ali, babas\u0131 \u015eahin&#8217;in ko\u00e7lu\u011funda Boks turnuvas\u0131na haz\u0131rlanacak. Yeni b\u00f6l\u00fcmde \u015eahin; Ali\u2019nin turnuvaya haz\u0131r olmad\u0131\u011f\u0131n\u0131 d\u00fc\u015f\u00fcnse de o\u011fluna g\u00fcvenecek ve onu bu turnuvaya haz\u0131rlamak i\u00e7in s\u0131k\u0131 bir antrenmandan ge\u00e7irecek. \u015eahin&#8217;in olduk\u00e7a zor olan antrenman\u0131ndan ge\u00e7mek i\u00e7in ter d\u00f6ken Ali, ringde de zorlu bir m\u00fccadeleyle kar\u015f\u0131 kar\u015f\u0131ya [&hellip;]<\/p>\n","protected":false},"author":3,"featured_media":17935,"comment_status":"open","ping_status":"open","sticky":false,"template":"","format":"standard","meta":{"footnotes":""},"categories":[2],"tags":[48,26,1289,29,1312,673,745],"class_list":["post-17931","post","type-post","status-publish","format-standard","has-post-thumbnail","hentry","category-tv-programlari","tag-atv","tag-ay-yapim","tag-bu-sehir-arkandan-gelecek","tag-ece-yorenc","tag-gurkan-uygun","tag-kerem-bursin","tag-leyla-lydia-tugutlu"],"views":3140,"blog_post_layout_featured_media_urls":{"thumbnail":["https:\/\/balcilar-blog.com\/wp-content\/uploads\/2017\/02\/8-3-150x150.jpg",150,150,true],"full":["https:\/\/balcilar-blog.com\/wp-content\/uploads\/2017\/02\/8-3.jpg",640,427,false]},"categories_names":{"2":{"name":"TV Programlar\u0131","link":"https:\/\/balcilar-blog.com\/?cat=2"}},"tags_names":{"48":{"name":"ATV","link":"https:\/\/balcilar-blog.com\/?tag=atv"},"26":{"name":"Ay Yap\u0131m","link":"https:\/\/balcilar-blog.com\/?tag=ay-yapim"},"1289":{"name":"Bu \u015eehir Arkandan Gelecek","link":"https:\/\/balcilar-blog.com\/?tag=bu-sehir-arkandan-gelecek"},"29":{"name":"Ece Y\u00f6ren\u00e7","link":"https:\/\/balcilar-blog.com\/?tag=ece-yorenc"},"1312":{"name":"G\u00fcrkan Uygun","link":"https:\/\/balcilar-blog.com\/?tag=gurkan-uygun"},"673":{"name":"Kerem Bursin","link":"https:\/\/balcilar-blog.com\/?tag=kerem-bursin"},"745":{"name":"Leyla Lydia Tu\u011futlu","link":"https:\/\/balcilar-blog.com\/?tag=leyla-lydia-tugutlu"}},"comments_number":"0","wpmagazine_modules_lite_featured_media_urls":{"thumbnail":["https:\/\/balcilar-blog.com\/wp-content\/uploads\/2017\/02\/8-3-150x150.jpg",150,150,true],"cvmm-medium":["https:\/\/balcilar-blog.com\/wp-content\/uploads\/2017\/02\/8-3.jpg",300,200,false],"cvmm-medium-plus":["https:\/\/balcilar-blog.com\/wp-content\/uploads\/2017\/02\/8-3.jpg",305,203,false],"cvmm-portrait":["https:\/\/balcilar-blog.com\/wp-content\/uploads\/2017\/02\/8-3.jpg",400,267,false],"cvmm-medium-square":["https:\/\/balcilar-blog.com\/wp-content\/uploads\/2017\/02\/8-3.jpg",600,400,false],"cvmm-large":["https:\/\/balcilar-blog.com\/wp-content\/uploads\/2017\/02\/8-3.jpg",640,427,false],"cvmm-small":["https:\/\/balcilar-blog.com\/wp-content\/uploads\/2017\/02\/8-3.jpg",130,87,false],"full":["https:\/\/balcilar-blog.com\/wp-content\/uploads\/2017\/02\/8-3.jpg",640,427,false]},"_links":{"self":[{"href":"https:\/\/balcilar-blog.com\/index.php?rest_route=\/wp\/v2\/posts\/17931","targetHints":{"allow":["GET"]}}],"collection":[{"href":"https:\/\/balcilar-blog.com\/index.php?rest_route=\/wp\/v2\/posts"}],"about":[{"href":"https:\/\/balcilar-blog.com\/index.php?rest_route=\/wp\/v2\/types\/post"}],"author":[{"embeddable":true,"href":"https:\/\/balcilar-blog.com\/index.php?rest_route=\/wp\/v2\/users\/3"}],"replies":[{"embeddable":true,"href":"https:\/\/balcilar-blog.com\/index.php?rest_route=%2Fwp%2Fv2%2Fcomments&post=17931"}],"version-history":[{"count":5,"href":"https:\/\/balcilar-blog.com\/index.php?rest_route=\/wp\/v2\/posts\/17931\/revisions"}],"predecessor-version":[{"id":17940,"href":"https:\/\/balcilar-blog.com\/index.php?rest_route=\/wp\/v2\/posts\/17931\/revisions\/17940"}],"wp:featuredmedia":[{"embeddable":true,"href":"https:\/\/balcilar-blog.com\/index.php?rest_route=\/wp\/v2\/media\/17935"}],"wp:attachment":[{"href":"https:\/\/balcilar-blog.com\/index.php?rest_route=%2Fwp%2Fv2%2Fmedia&parent=17931"}],"wp:term":[{"taxonomy":"category","embeddable":true,"href":"https:\/\/balcilar-blog.com\/index.php?rest_route=%2Fwp%2Fv2%2Fcategories&post=17931"},{"taxonomy":"post_tag","embeddable":true,"href":"https:\/\/balcilar-blog.com\/index.php?rest_route=%2Fwp%2Fv2%2Ftags&post=17931"}],"curies":[{"name":"wp","href":"https:\/\/api.w.org\/{rel}","templated":true}]}}