{"id":17922,"date":"2017-02-22T11:16:54","date_gmt":"2017-02-22T08:16:54","guid":{"rendered":"http:\/\/balcilar-blog.com\/?p=17922"},"modified":"2017-02-22T12:20:36","modified_gmt":"2017-02-22T09:20:36","slug":"kara-sevda-kemal-ve-nihan-yeni-bir-sinav-verecek","status":"publish","type":"post","link":"https:\/\/balcilar-blog.com\/?p=17922","title":{"rendered":"Kara Sevda \/ Kemal ve Nihan yeni bir s\u0131nav verecek!"},"content":{"rendered":"<p><img loading=\"lazy\" decoding=\"async\" class=\"alignnone size-full wp-image-17925\" src=\"http:\/\/balcilar-blog.com\/wp-content\/uploads\/2017\/02\/Kara-Sevda-57.B\u00f6l\u00fcm-2.jpg\" alt=\"Kara Sevda 57.B\u00f6l\u00fcm 2\" width=\"640\" height=\"427\" srcset=\"https:\/\/balcilar-blog.com\/wp-content\/uploads\/2017\/02\/Kara-Sevda-57.B\u00f6l\u00fcm-2.jpg 640w, https:\/\/balcilar-blog.com\/wp-content\/uploads\/2017\/02\/Kara-Sevda-57.B\u00f6l\u00fcm-2-300x200.jpg 300w\" sizes=\"auto, (max-width: 640px) 100vw, 640px\" \/><\/p>\n<p>Ay yap\u0131m imzal\u0131 Burak \u00d6z\u00e7ivit ve Neslihan Atag\u00fcl\u2019\u00fcn rol ald\u0131\u011f\u0131 Kara Sevda, yeni bir d\u00f6nemin habercisi olan heyecan dolu b\u00f6l\u00fcm\u00fcyle ekrana gelecek.<\/p>\n<p><strong>Asu ve Emir\u2019in a\u015f\u0131klar\u0131 ay\u0131rma plan\u0131 i\u015fe yarayacak m\u0131?<\/strong><br \/>\nNihan ile Kemal, hediye paketinde bulamad\u0131klar\u0131 cevab\u0131n \u00e7ok yak\u0131nlar\u0131nda gizlendi\u011fini fark eder. Zeynep\u2019i son anda kurtaran Emir, onunla birlikte Kemaller\u2019le ayn\u0131 mekandad\u0131r. Emir\u2019in plans\u0131z bu ad\u0131m\u0131, ger\u00e7e\u011fe uzanan yoldaki ilk b\u00fcy\u00fck gedik olacakt\u0131r. Zeynep\u2019in bu cehennemden kurtulu\u015fu \u00e7ok zordur. Kemal\u2019in o depoda bulaca\u011f\u0131 ipucu do\u011fru kullan\u0131l\u0131rsa, katilin kartviziti i\u015flevini g\u00f6recektir.<\/p>\n<p>Asu, Emir\u2019in Nihan ile Kemal\u2019i sonsuza kadar ay\u0131rabilece\u011fi plan\u0131ndan neden vazge\u00e7ti\u011fini anlayamaz. Ama art\u0131k bu konuda Emir\u2019e teslim de olmayacakt\u0131r. Ozan\u2019\u0131n katilini arayan kara sevdal\u0131lara Asu, uzaktan bir i\u015faret fi\u015fe\u011fi yollar.<\/p>\n<p>Zeynep, ba\u015f\u0131na gelenleri \u00f6\u011frendi\u011finde, Emir\u2019in kendisini Nihan i\u00e7in g\u00f6z\u00fcn\u00fc k\u0131rpmadan kurban edece\u011fi ger\u00e7e\u011fiyle bir daha y\u00fczle\u015fir. Zeynep\u2019in y\u00fcre\u011finden kopacaklar da, onun kara sevdas\u0131n\u0131n m\u00fchr\u00fcn\u00fc ta\u015f\u0131yacakt\u0131r.<\/p>\n<p><img loading=\"lazy\" decoding=\"async\" class=\"alignnone size-full wp-image-17924\" src=\"http:\/\/balcilar-blog.com\/wp-content\/uploads\/2017\/02\/Kara-Sevda-57.B\u00f6l\u00fcm-1.jpg\" alt=\"Kara Sevda 57.B\u00f6l\u00fcm 1\" width=\"640\" height=\"420\" srcset=\"https:\/\/balcilar-blog.com\/wp-content\/uploads\/2017\/02\/Kara-Sevda-57.B\u00f6l\u00fcm-1.jpg 640w, https:\/\/balcilar-blog.com\/wp-content\/uploads\/2017\/02\/Kara-Sevda-57.B\u00f6l\u00fcm-1-300x197.jpg 300w\" sizes=\"auto, (max-width: 640px) 100vw, 640px\" \/><\/p>\n<p>Nihan ve Kemal\u2019in sorular\u0131na bulaca\u011f\u0131 her cevab\u0131n bir noktas\u0131nda Zeynep kendine yer bulur. Zeynep ekseninde, Kemal ile Nihan ilk dakikadan kar\u015f\u0131 kar\u015f\u0131ya yer almaya ba\u015flar. \u00d6te yandan komiser Hakan da elindeki ipu\u00e7lar\u0131ndan biri olan d\u00fc\u011fmeyi incelemeye g\u00f6nderir. Katilin parmak izi belki de o d\u00fc\u011fmededir.<\/p>\n<p><img loading=\"lazy\" decoding=\"async\" class=\"alignnone size-full wp-image-17926\" src=\"http:\/\/balcilar-blog.com\/wp-content\/uploads\/2017\/02\/Kara-Sevda-57.B\u00f6l\u00fcm-3.jpg\" alt=\"Kara Sevda 57.B\u00f6l\u00fcm 3\" width=\"640\" height=\"413\" srcset=\"https:\/\/balcilar-blog.com\/wp-content\/uploads\/2017\/02\/Kara-Sevda-57.B\u00f6l\u00fcm-3.jpg 640w, https:\/\/balcilar-blog.com\/wp-content\/uploads\/2017\/02\/Kara-Sevda-57.B\u00f6l\u00fcm-3-300x194.jpg 300w\" sizes=\"auto, (max-width: 640px) 100vw, 640px\" \/><\/p>\n<p>Kemal, sorular\u0131na cevap almak i\u00e7in Zeynep\u2019le y\u00fczle\u015fmeye karar verir. Kemal bu y\u00fczle\u015fmede bamba\u015fka bir ger\u00e7ekle sars\u0131lacakt\u0131r. Di\u011fer tarafta Emir ise Nihan\u2019\u0131n anneli\u011fini itibars\u0131zla\u015ft\u0131racak bir plan yapar. Ancak Nihan\u2019a art\u0131k boyun e\u011fdirmesi imkans\u0131zd\u0131r. Bu elin r\u00f6van\u015f\u0131 da olacakt\u0131r.<\/p>\n<p>Kendisine do\u011fru yakla\u015fan ad\u0131mlar\u0131n sert sesini her ge\u00e7en g\u00fcn daha net duyan Zeynep, soluksuz kal\u0131r. De\u015fifre olmamak i\u00e7in son bir \u00fcmitle Tar\u0131k\u2019tan yard\u0131m ister. Tar\u0131k ile Zeynep\u2019in tehlikeli harekat\u0131 ba\u015flad\u0131\u011f\u0131nda; Kemal ger\u00e7e\u011fi \u00f6\u011frenmek u\u011fruna elini ate\u015fe uzat\u0131r.<\/p>\n<p>Kemal, b\u00fcy\u00fck resmin par\u00e7alar\u0131n\u0131 bir araya getirdi\u011finde, son eksik par\u00e7a Zeynep ile aras\u0131nda birka\u00e7 ad\u0131m kalacakt\u0131r.<\/p>\n<p><img loading=\"lazy\" decoding=\"async\" class=\"alignnone size-full wp-image-17927\" src=\"http:\/\/balcilar-blog.com\/wp-content\/uploads\/2017\/02\/Kara-Sevda-57.B\u00f6l\u00fcm-4.jpg\" alt=\"Kara Sevda 57.B\u00f6l\u00fcm 4\" width=\"640\" height=\"427\" srcset=\"https:\/\/balcilar-blog.com\/wp-content\/uploads\/2017\/02\/Kara-Sevda-57.B\u00f6l\u00fcm-4.jpg 640w, https:\/\/balcilar-blog.com\/wp-content\/uploads\/2017\/02\/Kara-Sevda-57.B\u00f6l\u00fcm-4-300x200.jpg 300w\" sizes=\"auto, (max-width: 640px) 100vw, 640px\" \/><\/p>\n<p>Kemal ve Nihan, art\u0131k Deniz\u2019le birlikte kuracaklar\u0131 yuvaya daha da yakla\u015ft\u0131klar\u0131na inan\u0131rken, verdikleri m\u00fccadele daha da sertle\u015fmeye ba\u015flayacak. Ozan\u2019\u0131n \u00f6l\u00fcm\u00fc ile ilgili ipu\u00e7lar\u0131n\u0131n, onlar\u0131 Emir\u2019e g\u00f6t\u00fcrmesini beklerken, ad\u0131m ad\u0131m Zeynep\u2019e yakla\u015facaklar. Zeynep\u2019le ilgili \u015f\u00fcpheler, Kemal ve Nihan\u2019\u0131 bir kez daha kar\u015f\u0131 kar\u015f\u0131ya getirecek. Zeynep\u2019in s\u0131rlar\u0131n\u0131 a\u00e7\u0131\u011fa \u00e7\u0131karmak i\u00e7in, onunla y\u00fczle\u015fen Kemal, beklenmedik bir durumla kar\u015f\u0131 kar\u015f\u0131ya kalacak.<\/p>\n<p><img loading=\"lazy\" decoding=\"async\" class=\"alignnone size-full wp-image-17923\" src=\"http:\/\/balcilar-blog.com\/wp-content\/uploads\/2017\/02\/Kara-Sevda-57.B\u00f6l\u00fcm-5.jpg\" alt=\"Kara Sevda 57.B\u00f6l\u00fcm 5\" width=\"640\" height=\"443\" srcset=\"https:\/\/balcilar-blog.com\/wp-content\/uploads\/2017\/02\/Kara-Sevda-57.B\u00f6l\u00fcm-5.jpg 640w, https:\/\/balcilar-blog.com\/wp-content\/uploads\/2017\/02\/Kara-Sevda-57.B\u00f6l\u00fcm-5-300x208.jpg 300w\" sizes=\"auto, (max-width: 640px) 100vw, 640px\" \/><\/p>\n<p>Di\u011fer taraftan Emir\u2019in Nihan\u2019a anneli\u011fi \u00fczerinden oynad\u0131\u011f\u0131 oyun, Nihan i\u00e7in barda\u011f\u0131 ta\u015f\u0131ran son damla olacak. Emir\u2019e art\u0131k boyun e\u011fmek istemeyen Nihan\u2019\u0131n buna verece\u011fi cevap, Emir i\u00e7in \u015fok etkisi yaratacak.<\/p>\n<p><strong>Kara Sevda Yeni B\u00f6l\u00fcm Tan\u0131t\u0131m\u0131:<\/strong><\/p>\n<p><iframe loading=\"lazy\" title=\"Kara Sevda 57. B\u00f6l\u00fcm Fragman\" width=\"640\" height=\"360\" src=\"https:\/\/www.youtube.com\/embed\/8vkc9zTfnmU?feature=oembed\" frameborder=\"0\" allow=\"accelerometer; autoplay; clipboard-write; encrypted-media; gyroscope; picture-in-picture; web-share\" referrerpolicy=\"strict-origin-when-cross-origin\" allowfullscreen><\/iframe><\/p>\n<p><iframe loading=\"lazy\" title=\"Kara Sevda 57. Bo\u0308lu\u0308m 2. Fragman\" width=\"640\" height=\"360\" src=\"https:\/\/www.youtube.com\/embed\/yA4iGmm57-s?feature=oembed\" frameborder=\"0\" allow=\"accelerometer; autoplay; clipboard-write; encrypted-media; gyroscope; picture-in-picture; web-share\" referrerpolicy=\"strict-origin-when-cross-origin\" allowfullscreen><\/iframe><\/p>\n<p>Y\u00f6netmenli\u011fini Hilal Saral&#8217;\u0131n, senaristli\u011fini \u00d6zlem Y\u0131lmaz ve Burcu G\u00f6rg\u00fcn&#8217;\u00fcn \u00fcstlendi\u011fi <strong>Kara Sevda 22 \u015eubat \u00c7ar\u015famba g\u00fcn\u00fc (Bu ak\u015fam) saat 20:00&#8217;da Star TV&#8217;de ekrana gelecek.<\/strong><\/p>\n<p>Keyifli Seyirler.<\/p>\n<p>Sayg\u0131lar ve sevgiler.<\/p>\n<p>Abdurrahman Balc\u0131lar<\/p>\n<p>Twitter:\u00a0<a href=\"https:\/\/twitter.com\/abbalcilar\">abdurrahman balc\u0131lar<\/a><a href=\"https:\/\/twitter.com\/abbalcilar\"><strong>@abbalcilar<\/strong><\/a><\/p>\n<p>Mail :\u00a0<a href=\"mailto:ab.balcilar@hotmail.com\">ab.balcilar@hotmail.com<\/a><\/p>\n<p>Blog:\u00a0<a href=\"http:\/\/t.co\/znqmIZgIqn\">blog.milliyet.com.tr\/cansever<\/a><\/p>\n<p>Blog:\u00a0<strong>balcilar-blog.com<\/strong><\/p>\n<p class=\"x_MsoNormal x_gmail_msg\" align=\"center\"><span class=\"x_gmail_msg\">\u00a0<\/span><\/p>\n","protected":false},"excerpt":{"rendered":"<p>Ay yap\u0131m imzal\u0131 Burak \u00d6z\u00e7ivit ve Neslihan Atag\u00fcl\u2019\u00fcn rol ald\u0131\u011f\u0131 Kara Sevda, yeni bir d\u00f6nemin habercisi olan heyecan dolu b\u00f6l\u00fcm\u00fcyle ekrana gelecek. Asu ve Emir\u2019in a\u015f\u0131klar\u0131 ay\u0131rma plan\u0131 i\u015fe yarayacak m\u0131? Nihan ile Kemal, hediye paketinde bulamad\u0131klar\u0131 cevab\u0131n \u00e7ok yak\u0131nlar\u0131nda gizlendi\u011fini fark eder. Zeynep\u2019i son anda kurtaran Emir, onunla birlikte Kemaller\u2019le ayn\u0131 mekandad\u0131r. Emir\u2019in plans\u0131z [&hellip;]<\/p>\n","protected":false},"author":3,"featured_media":17925,"comment_status":"open","ping_status":"open","sticky":false,"template":"","format":"standard","meta":{"footnotes":""},"categories":[2],"tags":[26,409,833,1368,119,25],"class_list":["post-17922","post","type-post","status-publish","format-standard","has-post-thumbnail","hentry","category-tv-programlari","tag-ay-yapim","tag-burak-ozcivit","tag-hilal-saral","tag-kara-seda","tag-neslihan-atagul","tag-star-tv"],"views":4030,"blog_post_layout_featured_media_urls":{"thumbnail":["https:\/\/balcilar-blog.com\/wp-content\/uploads\/2017\/02\/Kara-Sevda-57.B\u00f6l\u00fcm-2-150x150.jpg",150,150,true],"full":["https:\/\/balcilar-blog.com\/wp-content\/uploads\/2017\/02\/Kara-Sevda-57.B\u00f6l\u00fcm-2.jpg",640,427,false]},"categories_names":{"2":{"name":"TV Programlar\u0131","link":"https:\/\/balcilar-blog.com\/?cat=2"}},"tags_names":{"26":{"name":"Ay Yap\u0131m","link":"https:\/\/balcilar-blog.com\/?tag=ay-yapim"},"409":{"name":"Burak \u00d6z\u00e7ivit","link":"https:\/\/balcilar-blog.com\/?tag=burak-ozcivit"},"833":{"name":"Hilal Saral","link":"https:\/\/balcilar-blog.com\/?tag=hilal-saral"},"1368":{"name":"Kara Seda","link":"https:\/\/balcilar-blog.com\/?tag=kara-seda"},"119":{"name":"Neslihan Atag\u00fcl","link":"https:\/\/balcilar-blog.com\/?tag=neslihan-atagul"},"25":{"name":"Star Tv","link":"https:\/\/balcilar-blog.com\/?tag=star-tv"}},"comments_number":"0","wpmagazine_modules_lite_featured_media_urls":{"thumbnail":["https:\/\/balcilar-blog.com\/wp-content\/uploads\/2017\/02\/Kara-Sevda-57.B\u00f6l\u00fcm-2-150x150.jpg",150,150,true],"cvmm-medium":["https:\/\/balcilar-blog.com\/wp-content\/uploads\/2017\/02\/Kara-Sevda-57.B\u00f6l\u00fcm-2.jpg",300,200,false],"cvmm-medium-plus":["https:\/\/balcilar-blog.com\/wp-content\/uploads\/2017\/02\/Kara-Sevda-57.B\u00f6l\u00fcm-2.jpg",305,203,false],"cvmm-portrait":["https:\/\/balcilar-blog.com\/wp-content\/uploads\/2017\/02\/Kara-Sevda-57.B\u00f6l\u00fcm-2.jpg",400,267,false],"cvmm-medium-square":["https:\/\/balcilar-blog.com\/wp-content\/uploads\/2017\/02\/Kara-Sevda-57.B\u00f6l\u00fcm-2.jpg",600,400,false],"cvmm-large":["https:\/\/balcilar-blog.com\/wp-content\/uploads\/2017\/02\/Kara-Sevda-57.B\u00f6l\u00fcm-2.jpg",640,427,false],"cvmm-small":["https:\/\/balcilar-blog.com\/wp-content\/uploads\/2017\/02\/Kara-Sevda-57.B\u00f6l\u00fcm-2.jpg",130,87,false],"full":["https:\/\/balcilar-blog.com\/wp-content\/uploads\/2017\/02\/Kara-Sevda-57.B\u00f6l\u00fcm-2.jpg",640,427,false]},"_links":{"self":[{"href":"https:\/\/balcilar-blog.com\/index.php?rest_route=\/wp\/v2\/posts\/17922","targetHints":{"allow":["GET"]}}],"collection":[{"href":"https:\/\/balcilar-blog.com\/index.php?rest_route=\/wp\/v2\/posts"}],"about":[{"href":"https:\/\/balcilar-blog.com\/index.php?rest_route=\/wp\/v2\/types\/post"}],"author":[{"embeddable":true,"href":"https:\/\/balcilar-blog.com\/index.php?rest_route=\/wp\/v2\/users\/3"}],"replies":[{"embeddable":true,"href":"https:\/\/balcilar-blog.com\/index.php?rest_route=%2Fwp%2Fv2%2Fcomments&post=17922"}],"version-history":[{"count":3,"href":"https:\/\/balcilar-blog.com\/index.php?rest_route=\/wp\/v2\/posts\/17922\/revisions"}],"predecessor-version":[{"id":17930,"href":"https:\/\/balcilar-blog.com\/index.php?rest_route=\/wp\/v2\/posts\/17922\/revisions\/17930"}],"wp:featuredmedia":[{"embeddable":true,"href":"https:\/\/balcilar-blog.com\/index.php?rest_route=\/wp\/v2\/media\/17925"}],"wp:attachment":[{"href":"https:\/\/balcilar-blog.com\/index.php?rest_route=%2Fwp%2Fv2%2Fmedia&parent=17922"}],"wp:term":[{"taxonomy":"category","embeddable":true,"href":"https:\/\/balcilar-blog.com\/index.php?rest_route=%2Fwp%2Fv2%2Fcategories&post=17922"},{"taxonomy":"post_tag","embeddable":true,"href":"https:\/\/balcilar-blog.com\/index.php?rest_route=%2Fwp%2Fv2%2Ftags&post=17922"}],"curies":[{"name":"wp","href":"https:\/\/api.w.org\/{rel}","templated":true}]}}