{"id":17909,"date":"2017-02-21T16:38:14","date_gmt":"2017-02-21T13:38:14","guid":{"rendered":"http:\/\/balcilar-blog.com\/?p=17909"},"modified":"2017-02-21T16:52:27","modified_gmt":"2017-02-21T13:52:27","slug":"pazartesinin-galibi-icerde","status":"publish","type":"post","link":"https:\/\/balcilar-blog.com\/?p=17909","title":{"rendered":"Pazartesinin galibi &#8220;\u0130\u00e7erde&#8221;!"},"content":{"rendered":"<p><img loading=\"lazy\" decoding=\"async\" class=\"alignnone size-full wp-image-17910\" src=\"http:\/\/balcilar-blog.com\/wp-content\/uploads\/2017\/02\/C5LIuCWWQAEmbo0.jpg\" alt=\"C5LIuCWWQAEmbo0\" width=\"492\" height=\"480\" srcset=\"https:\/\/balcilar-blog.com\/wp-content\/uploads\/2017\/02\/C5LIuCWWQAEmbo0.jpg 492w, https:\/\/balcilar-blog.com\/wp-content\/uploads\/2017\/02\/C5LIuCWWQAEmbo0-300x293.jpg 300w\" sizes=\"auto, (max-width: 492px) 100vw, 492px\" \/><\/p>\n<p>\u0130ki karde\u015fin birbirini bulma hikayesini anlatan \u0130\u00e7erde; \u00c7a\u011fatay Ulusoy, Aras Bulut \u0130ynemli, \u00c7etin Tekindor, Bensu Soral, Damla Colbay, Mustafa U\u011furlu, R\u0131za Kocao\u011flu, Nihal Kolda\u015f, G\u00f6zde Kansu ve Y\u0131ld\u0131ray \u015eahinler rol al\u0131yor.<\/p>\n<p>Ay Yap\u0131m imzal\u0131, ekranlar\u0131n fenomen dizisi &#8220;<strong>\u0130\u00e7erde<\/strong>&#8220;, bu hafta da t\u00fcm kategorilerde izlenme rekorlar\u0131 k\u0131rarak zirveye ad\u0131n\u0131 yazd\u0131rd\u0131.<\/p>\n<p>&#8220;<strong>\u0130\u00e7erde<\/strong>&#8220;, d\u00fcn ak\u015fam yay\u0131nlanan b\u00f6l\u00fcm\u00fcyle AB\u2019de <strong>12,04<\/strong> izlenme oran\u0131 (rating), <strong>26,69<\/strong> izlenme pay\u0131 (share), ABC1 20+&#8217;da <strong>11,32<\/strong> izlenme oran\u0131 (rating), <strong>24,00<\/strong> izlenme pay\u0131 (share), Total\u2019de ise <strong>9,34<\/strong> izlenme oran\u0131 (rating), <strong>20,50<\/strong> izlenme pay\u0131 (share) ile birincili\u011fi g\u00f6\u011f\u00fcsledi.<\/p>\n<p><strong>SOSYAL MEDYA &#8220;K\u0130M KAZANACAK&#8221; DED\u0130!<\/strong><\/p>\n<p>\u0130\u00e7erde, d\u00fcn ak\u015fam ekrana gelen heyecan dolu yeni b\u00f6l\u00fcm\u00fcnde <strong>#kimkazanacak<\/strong> etiketi ile <strong>30.479<\/strong> tweet at\u0131ld\u0131. Twitter&#8217;\u0131n T\u00fcrkiye g\u00fcndeminde <strong>17 saat 45 dakika<\/strong>, D\u00fcnyada ise <strong>3 saat 40<\/strong> dakika TT listesinde kald\u0131.<\/p>\n<p>&nbsp;<\/p>\n<p><strong>SARP, \u0130K\u0130S\u0130N\u0130N B\u0130RDEN DEFTER\u0130N\u0130 D\u00dcRECE\u011e\u0130Z!<\/strong><\/p>\n<p>Ekrana gelen b\u00f6l\u00fcmde; Mert, Celal&#8217;e zarf\u0131 g\u00f6sterdi ve Celal&#8217;in hi\u00e7 beklemedi\u011fi bir anda Celal&#8217;e silah\u0131n\u0131 \u00e7ekti. Ancak vurmad\u0131.<\/p>\n<p><img loading=\"lazy\" decoding=\"async\" class=\"alignnone size-full wp-image-17860\" src=\"http:\/\/balcilar-blog.com\/wp-content\/uploads\/2017\/02\/Ekran-Al\u0131nt\u0131s\u0131\u0130\u00c7.22FR5.jpg\" alt=\"Ekran Al\u0131nt\u0131s\u0131\u0130\u00c7.22FR5\" width=\"640\" height=\"347\" srcset=\"https:\/\/balcilar-blog.com\/wp-content\/uploads\/2017\/02\/Ekran-Al\u0131nt\u0131s\u0131\u0130\u00c7.22FR5.jpg 640w, https:\/\/balcilar-blog.com\/wp-content\/uploads\/2017\/02\/Ekran-Al\u0131nt\u0131s\u0131\u0130\u00c7.22FR5-300x163.jpg 300w\" sizes=\"auto, (max-width: 640px) 100vw, 640px\" \/><\/p>\n<p>Sarp Yusuf ile bulu\u015ftu\u011funda Davut arad\u0131 ve bir sevkiyat oldu\u011funu s\u00f6yledi. Bunun \u00fczerine Celal Sarp&#8217;a bir \u00e7anta para verdi Alyanak ile kumarhaneye gitmelerini iletti.<\/p>\n<p><img loading=\"lazy\" decoding=\"async\" class=\"alignnone size-full wp-image-17858\" src=\"http:\/\/balcilar-blog.com\/wp-content\/uploads\/2017\/02\/cats-\u0130\u00c7ERDE-20-\u015eUBAT.jpg\" alt=\"cats \u0130\u00c7ERDE 20 \u015eUBAT\" width=\"522\" height=\"480\" srcset=\"https:\/\/balcilar-blog.com\/wp-content\/uploads\/2017\/02\/cats-\u0130\u00c7ERDE-20-\u015eUBAT.jpg 522w, https:\/\/balcilar-blog.com\/wp-content\/uploads\/2017\/02\/cats-\u0130\u00c7ERDE-20-\u015eUBAT-300x276.jpg 300w\" sizes=\"auto, (max-width: 522px) 100vw, 522px\" \/><\/p>\n<p>Alyanak ve Sarp kumarhaneye gittiklerinde Handan (Tuba \u00dcnsal) ile tan\u0131\u015ft\u0131lar.<\/p>\n<p><img loading=\"lazy\" decoding=\"async\" class=\"alignnone size-full wp-image-17918\" src=\"http:\/\/balcilar-blog.com\/wp-content\/uploads\/2017\/02\/Ekran-Al\u0131nt\u0131s\u0131\u0130\u00c7.22.12.jpg\" alt=\"Ekran Al\u0131nt\u0131s\u0131\u0130\u00c7.22.12\" width=\"640\" height=\"357\" srcset=\"https:\/\/balcilar-blog.com\/wp-content\/uploads\/2017\/02\/Ekran-Al\u0131nt\u0131s\u0131\u0130\u00c7.22.12.jpg 640w, https:\/\/balcilar-blog.com\/wp-content\/uploads\/2017\/02\/Ekran-Al\u0131nt\u0131s\u0131\u0130\u00c7.22.12-300x167.jpg 300w\" sizes=\"auto, (max-width: 640px) 100vw, 640px\" \/><\/p>\n<p>Sarp kumar oynamaya ba\u015flad\u0131klar\u0131nda asl\u0131nda bunun bir \u00f6deme oldu\u011funu fark etti. Alyanak ve Sarp \u00e7\u0131karken Handan, Alyanak&#8217;a ayr\u0131 Sarp&#8217;a ayr\u0131 kartlar verdi. Alyanak Handan&#8217;dan ald\u0131\u011f\u0131 kart\u0131 Celal&#8217;e iletti\u011finde Celal elinde ba\u015fka bir kart ile Sarp&#8217;\u0131 oyuna getirmeyi planlad\u0131. Bunun fark\u0131na varan Sarp Yusuf M\u00fcd\u00fcr&#8217;\u00fc uyard\u0131. Yusuf Celal&#8217;i takibe ald\u0131 ve Handan ile bulu\u015fmas\u0131n\u0131 izledi. Bu arada di\u011fer kartta yazan adrese bir bask\u0131n olmad\u0131\u011f\u0131 i\u00e7in Sarp da temize \u00e7\u0131km\u0131\u015ft\u0131.<\/p>\n<p><img loading=\"lazy\" decoding=\"async\" class=\"alignnone size-full wp-image-17915\" src=\"http:\/\/balcilar-blog.com\/wp-content\/uploads\/2017\/02\/\u0130\u00e7erde-4-1.jpg\" alt=\"\u0130\u00e7erde (4)\" width=\"640\" height=\"415\" srcset=\"https:\/\/balcilar-blog.com\/wp-content\/uploads\/2017\/02\/\u0130\u00e7erde-4-1.jpg 640w, https:\/\/balcilar-blog.com\/wp-content\/uploads\/2017\/02\/\u0130\u00e7erde-4-1-300x195.jpg 300w\" sizes=\"auto, (max-width: 640px) 100vw, 640px\" \/><\/p>\n<p>Celal&#8217;in adamlar\u0131 Ya\u015far&#8217;\u0131 i\u00e7erde \u00f6ld\u00fcremedi, hastanede koruma alt\u0131ndayken \u00f6ld\u00fcrtt\u00fc. Celal Yusuf M\u00fcd\u00fcr\u00fcn g\u00f6z\u00fcn\u00fcn i\u00e7ine baka baka onunla resmen dalga ge\u00e7ti.<\/p>\n<p><img loading=\"lazy\" decoding=\"async\" class=\"alignnone size-full wp-image-17914\" src=\"http:\/\/balcilar-blog.com\/wp-content\/uploads\/2017\/02\/\u0130\u00e7erde-3.jpg\" alt=\"\u0130\u00e7erde (3)\" width=\"640\" height=\"408\" srcset=\"https:\/\/balcilar-blog.com\/wp-content\/uploads\/2017\/02\/\u0130\u00e7erde-3.jpg 640w, https:\/\/balcilar-blog.com\/wp-content\/uploads\/2017\/02\/\u0130\u00e7erde-3-300x191.jpg 300w\" sizes=\"auto, (max-width: 640px) 100vw, 640px\" \/><\/p>\n<p>Bu arada Sarp, Handan&#8217;\u0131n yan\u0131na gitti ancak o arada kumarhaneye bask\u0131n yap\u0131ld\u0131 ve arka kap\u0131dan ka\u00e7mak zorunda kald\u0131lar.<\/p>\n<p><img loading=\"lazy\" decoding=\"async\" class=\"alignnone size-full wp-image-17916\" src=\"http:\/\/balcilar-blog.com\/wp-content\/uploads\/2017\/02\/\u0130\u00e7erde-6.jpg\" alt=\"\u0130\u00e7erde (6)\" width=\"640\" height=\"427\" srcset=\"https:\/\/balcilar-blog.com\/wp-content\/uploads\/2017\/02\/\u0130\u00e7erde-6.jpg 640w, https:\/\/balcilar-blog.com\/wp-content\/uploads\/2017\/02\/\u0130\u00e7erde-6-300x200.jpg 300w\" sizes=\"auto, (max-width: 640px) 100vw, 640px\" \/><\/p>\n<p>Yoldayken Handan \u00e7ok \u00f6nemli bir \u00e7antay\u0131 bask\u0131n yap\u0131lan ofiste unuttu\u011funu s\u00f6yledi. Sonras\u0131nda Celal, Handan&#8217;\u0131n yan\u0131na gelip \u00e7antay\u0131 ona getirip kendini kan\u0131tlad\u0131. Heyecan\u0131n eksik olmad\u0131\u011f\u0131 b\u00f6l\u00fcmde Handan&#8217;\u0131n Sarp&#8217;\u0131 Celal gittikten sonra aray\u0131p bask\u0131n yap\u0131lan yerdeki \u00e7antay\u0131 Celal&#8217;in ona getirdi\u011fini s\u00f6yledi.<\/p>\n<p><img loading=\"lazy\" decoding=\"async\" class=\"alignnone size-full wp-image-17911\" src=\"http:\/\/balcilar-blog.com\/wp-content\/uploads\/2017\/02\/\u0130\u00e7erde-14.jpg\" alt=\"\u0130\u00e7erde (14)\" width=\"640\" height=\"347\" srcset=\"https:\/\/balcilar-blog.com\/wp-content\/uploads\/2017\/02\/\u0130\u00e7erde-14.jpg 640w, https:\/\/balcilar-blog.com\/wp-content\/uploads\/2017\/02\/\u0130\u00e7erde-14-300x163.jpg 300w\" sizes=\"auto, (max-width: 640px) 100vw, 640px\" \/><\/p>\n<p>Sarp ve Yusuf M\u00fcd\u00fcr bask\u0131na giden polislerden birinin Celal&#8217;in adam\u0131 oldu\u011funu anlad\u0131\u011f\u0131 anlarda Yusuf&#8217;un Sarp&#8217;a &#8220;ikisinin birden defterini d\u00fcrece\u011fiz&#8221; dedi\u011fi sahne izleyenleri ekran ba\u015f\u0131na kilitledi.<\/p>\n<p>&nbsp;<\/p>\n<p><strong>\u0130\u015fte &#8220;\u0130\u00e7erde&#8221;nin 23. B\u00f6l\u00fcm\u00fcnden ilk sahne!<\/strong><\/p>\n<p><iframe loading=\"lazy\" title=\"\u0130\u00e7erde 23. B\u00f6l\u00fcm - Sneak Peek\" width=\"640\" height=\"360\" src=\"https:\/\/www.youtube.com\/embed\/WIbbqN_KjBc?feature=oembed\" frameborder=\"0\" allow=\"accelerometer; autoplay; clipboard-write; encrypted-media; gyroscope; picture-in-picture; web-share\" referrerpolicy=\"strict-origin-when-cross-origin\" allowfullscreen><\/iframe><\/p>\n<p><strong>\u0130\u00e7erde<\/strong>, milyonlar\u0131n keyifle izledi\u011fi bir dizi. Her hafta heyecan f\u0131rt\u0131nas\u0131 devam ediyor.<\/p>\n<p>Ay Yap\u0131m imzal\u0131 \u0130\u00e7erde her Pazartesi saat 20:00&#8217;da Show TV&#8217;de ekrana geliyor.<\/p>\n<p>Sayg\u0131lar ve sevgiler.<\/p>\n<p>Abdurrahman Balc\u0131lar<\/p>\n<p>Twitter:\u00a0<a href=\"https:\/\/twitter.com\/abbalcilar\">abdurrahman balc\u0131lar<\/a><a href=\"https:\/\/twitter.com\/abbalcilar\"><strong>@abbalcilar<\/strong><\/a><\/p>\n<p>Mail :\u00a0<a href=\"mailto:ab.balcilar@hotmail.com\">ab.balcilar@hotmail.com<\/a><\/p>\n<p>Blog:\u00a0<a href=\"http:\/\/t.co\/znqmIZgIqn\">blog.milliyet.com.tr\/cansever<\/a><\/p>\n<p>Blog:\u00a0<strong>balcilar-blog.com<\/strong><\/p>\n","protected":false},"excerpt":{"rendered":"<p>\u0130ki karde\u015fin birbirini bulma hikayesini anlatan \u0130\u00e7erde; \u00c7a\u011fatay Ulusoy, Aras Bulut \u0130ynemli, \u00c7etin Tekindor, Bensu Soral, Damla Colbay, Mustafa U\u011furlu, R\u0131za Kocao\u011flu, Nihal Kolda\u015f, G\u00f6zde Kansu ve Y\u0131ld\u0131ray \u015eahinler rol al\u0131yor. Ay Yap\u0131m imzal\u0131, ekranlar\u0131n fenomen dizisi &#8220;\u0130\u00e7erde&#8220;, bu hafta da t\u00fcm kategorilerde izlenme rekorlar\u0131 k\u0131rarak zirveye ad\u0131n\u0131 yazd\u0131rd\u0131. &#8220;\u0130\u00e7erde&#8220;, d\u00fcn ak\u015fam yay\u0131nlanan b\u00f6l\u00fcm\u00fcyle AB\u2019de [&hellip;]<\/p>\n","protected":false},"author":3,"featured_media":17910,"comment_status":"open","ping_status":"open","sticky":false,"template":"","format":"standard","meta":{"footnotes":""},"categories":[2],"tags":[533,26,1224,15,693,1219,35,1363],"class_list":["post-17909","post","type-post","status-publish","format-standard","has-post-thumbnail","hentry","category-tv-programlari","tag-aras-bulut-iynemli","tag-ay-yapim","tag-bensu-soral","tag-cagatay-ulusoy","tag-cetin-tekindor","tag-icerde","tag-show-tv","tag-tuba-unsal"],"views":3930,"blog_post_layout_featured_media_urls":{"thumbnail":["https:\/\/balcilar-blog.com\/wp-content\/uploads\/2017\/02\/C5LIuCWWQAEmbo0-150x150.jpg",150,150,true],"full":["https:\/\/balcilar-blog.com\/wp-content\/uploads\/2017\/02\/C5LIuCWWQAEmbo0.jpg",492,480,false]},"categories_names":{"2":{"name":"TV Programlar\u0131","link":"https:\/\/balcilar-blog.com\/?cat=2"}},"tags_names":{"533":{"name":"Aras Bulut \u0130ynemli","link":"https:\/\/balcilar-blog.com\/?tag=aras-bulut-iynemli"},"26":{"name":"Ay Yap\u0131m","link":"https:\/\/balcilar-blog.com\/?tag=ay-yapim"},"1224":{"name":"Bensu Soral","link":"https:\/\/balcilar-blog.com\/?tag=bensu-soral"},"15":{"name":"\u00e7a\u011fatay ulusoy","link":"https:\/\/balcilar-blog.com\/?tag=cagatay-ulusoy"},"693":{"name":"\u00c7etin Tekindor","link":"https:\/\/balcilar-blog.com\/?tag=cetin-tekindor"},"1219":{"name":"\u0130\u00c7ERDE","link":"https:\/\/balcilar-blog.com\/?tag=icerde"},"35":{"name":"Show Tv","link":"https:\/\/balcilar-blog.com\/?tag=show-tv"},"1363":{"name":"Tuba \u00dcnsal","link":"https:\/\/balcilar-blog.com\/?tag=tuba-unsal"}},"comments_number":"0","wpmagazine_modules_lite_featured_media_urls":{"thumbnail":["https:\/\/balcilar-blog.com\/wp-content\/uploads\/2017\/02\/C5LIuCWWQAEmbo0-150x150.jpg",150,150,true],"cvmm-medium":["https:\/\/balcilar-blog.com\/wp-content\/uploads\/2017\/02\/C5LIuCWWQAEmbo0.jpg",300,293,false],"cvmm-medium-plus":["https:\/\/balcilar-blog.com\/wp-content\/uploads\/2017\/02\/C5LIuCWWQAEmbo0.jpg",212,207,false],"cvmm-portrait":["https:\/\/balcilar-blog.com\/wp-content\/uploads\/2017\/02\/C5LIuCWWQAEmbo0.jpg",400,390,false],"cvmm-medium-square":["https:\/\/balcilar-blog.com\/wp-content\/uploads\/2017\/02\/C5LIuCWWQAEmbo0.jpg",492,480,false],"cvmm-large":["https:\/\/balcilar-blog.com\/wp-content\/uploads\/2017\/02\/C5LIuCWWQAEmbo0.jpg",492,480,false],"cvmm-small":["https:\/\/balcilar-blog.com\/wp-content\/uploads\/2017\/02\/C5LIuCWWQAEmbo0.jpg",97,95,false],"full":["https:\/\/balcilar-blog.com\/wp-content\/uploads\/2017\/02\/C5LIuCWWQAEmbo0.jpg",492,480,false]},"_links":{"self":[{"href":"https:\/\/balcilar-blog.com\/index.php?rest_route=\/wp\/v2\/posts\/17909","targetHints":{"allow":["GET"]}}],"collection":[{"href":"https:\/\/balcilar-blog.com\/index.php?rest_route=\/wp\/v2\/posts"}],"about":[{"href":"https:\/\/balcilar-blog.com\/index.php?rest_route=\/wp\/v2\/types\/post"}],"author":[{"embeddable":true,"href":"https:\/\/balcilar-blog.com\/index.php?rest_route=\/wp\/v2\/users\/3"}],"replies":[{"embeddable":true,"href":"https:\/\/balcilar-blog.com\/index.php?rest_route=%2Fwp%2Fv2%2Fcomments&post=17909"}],"version-history":[{"count":3,"href":"https:\/\/balcilar-blog.com\/index.php?rest_route=\/wp\/v2\/posts\/17909\/revisions"}],"predecessor-version":[{"id":17921,"href":"https:\/\/balcilar-blog.com\/index.php?rest_route=\/wp\/v2\/posts\/17909\/revisions\/17921"}],"wp:featuredmedia":[{"embeddable":true,"href":"https:\/\/balcilar-blog.com\/index.php?rest_route=\/wp\/v2\/media\/17910"}],"wp:attachment":[{"href":"https:\/\/balcilar-blog.com\/index.php?rest_route=%2Fwp%2Fv2%2Fmedia&parent=17909"}],"wp:term":[{"taxonomy":"category","embeddable":true,"href":"https:\/\/balcilar-blog.com\/index.php?rest_route=%2Fwp%2Fv2%2Fcategories&post=17909"},{"taxonomy":"post_tag","embeddable":true,"href":"https:\/\/balcilar-blog.com\/index.php?rest_route=%2Fwp%2Fv2%2Ftags&post=17909"}],"curies":[{"name":"wp","href":"https:\/\/api.w.org\/{rel}","templated":true}]}}