{"id":17869,"date":"2017-02-19T21:13:14","date_gmt":"2017-02-19T18:13:14","guid":{"rendered":"http:\/\/balcilar-blog.com\/?p=17869"},"modified":"2017-02-20T10:43:39","modified_gmt":"2017-02-20T07:43:39","slug":"ask-ve-gurur-unutulmaz-bir-ask-dizisi-ile-show-tvde","status":"publish","type":"post","link":"https:\/\/balcilar-blog.com\/?p=17869","title":{"rendered":"Unutulmaz bir a\u015fk hikayesi; A\u015fk ve Gurur Show Tv&#8217;de!"},"content":{"rendered":"<div class=\"story-description mCustomScrollbar _mCS_1\">\n<div id=\"mCSB_1\" class=\"mCustomScrollBox mCS-light mCSB_vertical mCSB_inside\" tabindex=\"0\">\n<div class=\"mCSB_container\" dir=\"ltr\">\n<p><img loading=\"lazy\" decoding=\"async\" class=\"alignnone size-full wp-image-17877\" src=\"http:\/\/balcilar-blog.com\/wp-content\/uploads\/2017\/02\/cats-A\u015fk-ve-Gurur.jpg\" alt=\"cats A\u015fk ve Gurur\" width=\"640\" height=\"363\" srcset=\"https:\/\/balcilar-blog.com\/wp-content\/uploads\/2017\/02\/cats-A\u015fk-ve-Gurur.jpg 640w, https:\/\/balcilar-blog.com\/wp-content\/uploads\/2017\/02\/cats-A\u015fk-ve-Gurur-300x170.jpg 300w\" sizes=\"auto, (max-width: 640px) 100vw, 640px\" \/><\/p>\n<\/div>\n<\/div>\n<\/div>\n<p>Show TV\u2019nin yeni a\u015fk dizisi \u2018<strong>A\u015fk ve Gurur<\/strong>\u2019un tan\u0131t\u0131m\u0131 yay\u0131nland\u0131. Jane Austin\u2019in ayn\u0131 adl\u0131 roman\u0131ndan uyarlanan dizi, izleyicilere \u201cA\u015fk m\u0131 gurur mu?\u201d sorusunu sorduracak.<\/p>\n<p>Mert F\u0131rat, Damla S\u00f6nmez, Alper Sald\u0131ran, T\u00fclin \u00d6zen, La\u00e7in Ceylan, Levent \u00dclgen, Ayfer D\u00f6nmez, Sertan Erta\u00e7an, Beg\u00fcm Akkaya, Bahar Yan\u0131lmaz ve Ahmet R\u0131fat \u015eungar\u2019\u0131 bir araya getiren iddial\u0131 dizi, Kenan ve Murat aras\u0131ndaki d\u00fc\u015fmanl\u0131\u011f\u0131n i\u00e7inde kendini var etmeye \u00e7al\u0131\u015fan Zeynep\u2019in duygu dolu hik\u00e2yesini ekrana ta\u015f\u0131yacak.<\/p>\n<p><strong>K\u0131saca Hikayesi:<\/strong><\/p>\n<p>Zeynep&#8230; Eski \u0130stanbul mahallelerinden birinde ya\u015fayan Esen Ailesi\u2019nin be\u015f \u00e7ocu\u011fundan biridir. Zeynep\u2019e \u00e7ocuklu\u011fundan beri a\u015f\u0131k bir adam Murat ve \u0130stanbul\u2019un k\u00f6kl\u00fc ve zengin ailelerinden birinin gen\u00e7 varisi Kenan. Murat\u2019\u0131n evlilik teklifinden hemen sonra Kenan\u2019la tan\u0131\u015fan Zeynep bir yol ayr\u0131m\u0131ndad\u0131r. Bir tarafta kendisini seven ama ona kar\u015f\u0131 b\u00fcy\u00fck bir a\u015fk hissetmedi\u011fi Murat, di\u011fer tarafta uzak durmak istese de \u00e7ekimine kar\u015f\u0131 koyamad\u0131\u011f\u0131 Kenan&#8230; A\u00e7\u0131k denizler ve g\u00fcvenli limanlar aras\u0131nda bir se\u00e7im yapmaya \u00e7al\u0131\u015fan Zeynep, a\u015fk\u0131 yeniden sorgulamaya ba\u015flar. Kenan ve Murat aras\u0131ndaki d\u00fc\u015fmanl\u0131k giderek y\u00fckselirken arada kalan Zeynep olur. A\u015fk ve Gurur, Kenan ve Murat aras\u0131ndaki d\u00fc\u015fmanl\u0131\u011f\u0131n i\u00e7inde kendini var etmeye \u00e7al\u0131\u015fan Zeynep\u2019in hikayesidir.<\/p>\n<p><strong>Damla S\u00f6nmez (Zeynep):<\/strong><\/p>\n<p><img loading=\"lazy\" decoding=\"async\" class=\"alignnone size-full wp-image-17874\" src=\"http:\/\/balcilar-blog.com\/wp-content\/uploads\/2017\/02\/damla-sonmez-500x500.png\" alt=\"damla-sonmez-500x500\" width=\"336\" height=\"336\" srcset=\"https:\/\/balcilar-blog.com\/wp-content\/uploads\/2017\/02\/damla-sonmez-500x500.png 336w, https:\/\/balcilar-blog.com\/wp-content\/uploads\/2017\/02\/damla-sonmez-500x500-150x150.png 150w, https:\/\/balcilar-blog.com\/wp-content\/uploads\/2017\/02\/damla-sonmez-500x500-300x300.png 300w\" sizes=\"auto, (max-width: 336px) 100vw, 336px\" \/><br \/>\n\u00c7erkes k\u00f6kenli Damla S\u00f6nmez, 3 May\u0131s 1987 y\u0131l\u0131nda \u0130stanbul\u2019da do\u011fmu\u015ftur. Ge\u00e7ti\u011fimiz sezon efsane olmu\u015f olan G\u00fcllerin Sava\u015f\u0131 dizisinde G\u00fclru karakteri ile ba\u015frol oynam\u0131\u015ft\u0131r. Ayr\u0131ca Bir a\u015fk Hikayesi dizisinde Ceylan karakteri olarak kendisini g\u00f6stermi\u015ftir.<\/p>\n<p><strong>Mert F\u0131rat (Kenan):<\/strong><\/p>\n<p><img loading=\"lazy\" decoding=\"async\" class=\"alignnone size-full wp-image-17878\" src=\"http:\/\/balcilar-blog.com\/wp-content\/uploads\/2017\/02\/mert-firat-500x500.png\" alt=\"mert-firat-500x500\" width=\"336\" height=\"336\" srcset=\"https:\/\/balcilar-blog.com\/wp-content\/uploads\/2017\/02\/mert-firat-500x500.png 336w, https:\/\/balcilar-blog.com\/wp-content\/uploads\/2017\/02\/mert-firat-500x500-150x150.png 150w, https:\/\/balcilar-blog.com\/wp-content\/uploads\/2017\/02\/mert-firat-500x500-300x300.png 300w\" sizes=\"auto, (max-width: 336px) 100vw, 336px\" \/><\/p>\n<p>Yak\u0131\u015f\u0131kl\u0131 oyuncu 10 Ocak 1981 y\u0131l\u0131nda Ankara\u2019da do\u011fmu\u015ftur. Ba\u015far\u0131l\u0131 oyuncu son olarak 2015 y\u0131l\u0131nda Ser\u00e7e Saray\u0131 isimli dizide Kadir karakterine hayat vermi\u015ftir. Ayr\u0131ca \u0130ntikam, Binbir Gece gibi dizilerde de \u00f6nemli rollerde yer alm\u0131\u015ft\u0131r. Yak\u0131\u015f\u0131kl\u0131 oyuncu 2000\u2019li y\u0131llardan buyana oyunculuk yapan Mert F\u0131rat oynad\u0131\u011f\u0131 tiyatro oyunlar\u0131 ile de kendisini g\u00f6stermi\u015ftir.<\/p>\n<p><strong>Alper Sald\u0131ran ( Murat):<\/strong><\/p>\n<p><img loading=\"lazy\" decoding=\"async\" class=\"alignnone size-full wp-image-17873\" src=\"http:\/\/balcilar-blog.com\/wp-content\/uploads\/2017\/02\/alper-saldiran-500x500.png\" alt=\"alper-saldiran-500x500\" width=\"336\" height=\"336\" srcset=\"https:\/\/balcilar-blog.com\/wp-content\/uploads\/2017\/02\/alper-saldiran-500x500.png 336w, https:\/\/balcilar-blog.com\/wp-content\/uploads\/2017\/02\/alper-saldiran-500x500-150x150.png 150w, https:\/\/balcilar-blog.com\/wp-content\/uploads\/2017\/02\/alper-saldiran-500x500-300x300.png 300w\" sizes=\"auto, (max-width: 336px) 100vw, 336px\" \/><\/p>\n<p>Gen\u00e7 oyuncu 16 Eyl\u00fcl 1984 y\u0131l\u0131nda \u0130stanbul\u2019da do\u011fumlu Yeditepe \u00dcniversitesi G\u00fczel Sanatlat Fak\u00fcltesi Tiyatro B\u00f6l\u00fcm\u00fc mezunudur. Bir \u00e7ok dizi ve filmde rol alan usta oyuncu son olarak 2015 y\u0131l\u0131nda Kanal D ekranlar\u0131nda yay\u0131nlanan Kalbim Ege\u2019de kald\u0131 isimli dizide Mustafa karakterini canland\u0131rm\u0131\u015ft\u0131r. Ayr\u0131ca, Beni B\u00f6yle Sev (\u00d6mer), B\u00f6yle Bitmesin ve Melekler Korusun gibi dizilerde de rol alm\u0131\u015ft\u0131r.<\/p>\n<p><strong>T\u00fclin \u00d6zen :<\/strong><\/p>\n<p><img loading=\"lazy\" decoding=\"async\" class=\"alignnone size-full wp-image-17871\" src=\"http:\/\/balcilar-blog.com\/wp-content\/uploads\/2017\/02\/tulin-ozen-500x500.png\" alt=\"tulin-ozen-500x500\" width=\"336\" height=\"336\" srcset=\"https:\/\/balcilar-blog.com\/wp-content\/uploads\/2017\/02\/tulin-ozen-500x500.png 336w, https:\/\/balcilar-blog.com\/wp-content\/uploads\/2017\/02\/tulin-ozen-500x500-150x150.png 150w, https:\/\/balcilar-blog.com\/wp-content\/uploads\/2017\/02\/tulin-ozen-500x500-300x300.png 300w\" sizes=\"auto, (max-width: 336px) 100vw, 336px\" \/><br \/>\nBa\u015far\u0131l\u0131 oyuncu 24 Aral\u0131k 1979 y\u0131l\u0131nda \u0130skenderun\u2019da do\u011fmu\u015ftur. En son 2016 y\u0131l\u0131nda yay\u0131nlanan Muhte\u015fem Y\u00fczy\u0131l: K\u00f6sem dizisinde Handan Sultan karakterine hayat vermi\u015ftir. Ayr\u0131ca Ald\u0131rma G\u00f6n\u00fcl (G\u00f6n\u00fcl), Yalan D\u00fcnya , Bizim Yenge (Zeyno) gibi dizilerde de rol alm\u0131\u015ft\u0131r.<\/p>\n<p><strong>Ahmet R\u0131fat \u015eungar :<\/strong><\/p>\n<p><img loading=\"lazy\" decoding=\"async\" class=\"alignnone size-full wp-image-17872\" src=\"http:\/\/balcilar-blog.com\/wp-content\/uploads\/2017\/02\/ahmet-rifat-sungar-500x500.png\" alt=\"ahmet-rifat-sungar-500x500\" width=\"336\" height=\"336\" srcset=\"https:\/\/balcilar-blog.com\/wp-content\/uploads\/2017\/02\/ahmet-rifat-sungar-500x500.png 336w, https:\/\/balcilar-blog.com\/wp-content\/uploads\/2017\/02\/ahmet-rifat-sungar-500x500-150x150.png 150w, https:\/\/balcilar-blog.com\/wp-content\/uploads\/2017\/02\/ahmet-rifat-sungar-500x500-300x300.png 300w\" sizes=\"auto, (max-width: 336px) 100vw, 336px\" \/><\/p>\n<p>Gen\u00e7 oyuncu 9 Temmuz 1983 y\u0131l\u0131nda \u0130stanbul Kartal\u2019da d\u00fcnyaya gelmi\u015ftir. Deniz Seviyesi, Ah Neriman gibi dizilerde yer alan oyuncumuz daha \u00f6nce de, &#8220;<strong>Merhamet<\/strong>&#8221; dizisinde At\u0131f Birsel \u00a0ve Karada\u011flar dizisinde &#8216;Cemal&#8217; karakterine hayat vermi\u015ftir.<\/p>\n<p>&nbsp;<\/p>\n<p><strong>La\u00e7in Ceylan :<\/strong><\/p>\n<p><img loading=\"lazy\" decoding=\"async\" class=\"alignnone size-full wp-image-17880\" src=\"http:\/\/balcilar-blog.com\/wp-content\/uploads\/2017\/02\/indir-la\u00e7in-ceylan.jpg\" alt=\"indir la\u00e7in ceylan\" width=\"389\" height=\"336\" srcset=\"https:\/\/balcilar-blog.com\/wp-content\/uploads\/2017\/02\/indir-la\u00e7in-ceylan.jpg 389w, https:\/\/balcilar-blog.com\/wp-content\/uploads\/2017\/02\/indir-la\u00e7in-ceylan-300x259.jpg 300w\" sizes=\"auto, (max-width: 389px) 100vw, 389px\" \/><\/p>\n<p>Deneyimli oyuncu 25 Kas\u0131m 1965 y\u0131l\u0131nda \u0130zmir\u2019de do\u011fmu\u015ftur.En son 2015 y\u0131l\u0131nda Delibal isimli T\u00fcrk sinemas\u0131nda rol alm\u0131\u015ft\u0131r. Ayr\u0131ca \u00c7ilek Kokusu, Benim Hala Umudum Var ve Galip Dervi\u015f gibi dizilerde de yer alm\u0131\u015ft\u0131r.<br \/>\nLimon Film&#8217;in yap\u0131mc\u0131s\u0131 oldu\u011fu , unutulmaz a\u015fk dizisinin yap\u0131mc\u0131s\u0131 Hayri Aslan. Y\u00f6netmenli\u011fini Taner Akvardar yap\u0131yor. Senaryosunu ise; Ye\u015fim Aslan, Caner Yal\u00e7\u0131n ve Mehmet G\u00fczelbeyo\u011flu \u00fc\u00e7l\u00fcs\u00fc yaz\u0131yor.<\/p>\n<p>Unutulmaz bir a\u015fk hikayesi\u00a0<strong>A\u015fk ve Gurur<\/strong> \u00e7ok yak\u0131nda Show Tv ekranlar\u0131nda olacak!<\/p>\n<p>&nbsp;<\/p>\n<p><iframe loading=\"lazy\" title=\"A\u015fk Ve Gurur 1.Tan\u0131t\u0131m\" width=\"640\" height=\"360\" src=\"https:\/\/www.youtube.com\/embed\/aBEkUnvGLI8?feature=oembed\" frameborder=\"0\" allow=\"accelerometer; autoplay; clipboard-write; encrypted-media; gyroscope; picture-in-picture; web-share\" referrerpolicy=\"strict-origin-when-cross-origin\" allowfullscreen><\/iframe><\/p>\n<p>\u0130yi Seyirler.<\/p>\n<p>Sayg\u0131lar ve sevgiler.<\/p>\n<p>Abdurrahman Balc\u0131lar<\/p>\n<p>Twitter:\u00a0<a href=\"https:\/\/twitter.com\/abbalcilar\">abdurrahman balc\u0131lar<\/a><a href=\"https:\/\/twitter.com\/abbalcilar\"><strong>@abbalcilar<\/strong><\/a><\/p>\n<p>Mail :\u00a0<a href=\"mailto:ab.balcilar@hotmail.com\">ab.balcilar@hotmail.com<\/a><\/p>\n<p>Blog:\u00a0<a href=\"http:\/\/t.co\/znqmIZgIqn\">blog.milliyet.com.tr\/cansever<\/a><\/p>\n<p>Blog:\u00a0<strong>balcilar-blog.com<\/strong><\/p>\n","protected":false},"excerpt":{"rendered":"<p>Show TV\u2019nin yeni a\u015fk dizisi \u2018A\u015fk ve Gurur\u2019un tan\u0131t\u0131m\u0131 yay\u0131nland\u0131. Jane Austin\u2019in ayn\u0131 adl\u0131 roman\u0131ndan uyarlanan dizi, izleyicilere \u201cA\u015fk m\u0131 gurur mu?\u201d sorusunu sorduracak. Mert F\u0131rat, Damla S\u00f6nmez, Alper Sald\u0131ran, T\u00fclin \u00d6zen, La\u00e7in Ceylan, Levent \u00dclgen, Ayfer D\u00f6nmez, Sertan Erta\u00e7an, Beg\u00fcm Akkaya, Bahar Yan\u0131lmaz ve Ahmet R\u0131fat \u015eungar\u2019\u0131 bir araya getiren iddial\u0131 dizi, Kenan ve [&hellip;]<\/p>\n","protected":false},"author":3,"featured_media":17877,"comment_status":"open","ping_status":"open","sticky":false,"template":"","format":"standard","meta":{"footnotes":""},"categories":[2],"tags":[1367,182,1364,255,1365,1366],"class_list":["post-17869","post","type-post","status-publish","format-standard","has-post-thumbnail","hentry","category-tv-programlari","tag-ahmet-rifat-sungar","tag-alper-saldiran","tag-ask-ve-gurur","tag-damla-sonmez","tag-mert-firat","tag-tulin-ozen"],"views":3296,"blog_post_layout_featured_media_urls":{"thumbnail":["https:\/\/balcilar-blog.com\/wp-content\/uploads\/2017\/02\/cats-A\u015fk-ve-Gurur-150x150.jpg",150,150,true],"full":["https:\/\/balcilar-blog.com\/wp-content\/uploads\/2017\/02\/cats-A\u015fk-ve-Gurur.jpg",640,363,false]},"categories_names":{"2":{"name":"TV Programlar\u0131","link":"https:\/\/balcilar-blog.com\/?cat=2"}},"tags_names":{"1367":{"name":"Ahmet R\u0131fat \u015eungar","link":"https:\/\/balcilar-blog.com\/?tag=ahmet-rifat-sungar"},"182":{"name":"Alper Sald\u0131ran","link":"https:\/\/balcilar-blog.com\/?tag=alper-saldiran"},"1364":{"name":"A\u015fk ve Gurur","link":"https:\/\/balcilar-blog.com\/?tag=ask-ve-gurur"},"255":{"name":"Damla S\u00f6nmez","link":"https:\/\/balcilar-blog.com\/?tag=damla-sonmez"},"1365":{"name":"Mert F\u0131rat","link":"https:\/\/balcilar-blog.com\/?tag=mert-firat"},"1366":{"name":"T\u00fclin \u00d6zen","link":"https:\/\/balcilar-blog.com\/?tag=tulin-ozen"}},"comments_number":"0","wpmagazine_modules_lite_featured_media_urls":{"thumbnail":["https:\/\/balcilar-blog.com\/wp-content\/uploads\/2017\/02\/cats-A\u015fk-ve-Gurur-150x150.jpg",150,150,true],"cvmm-medium":["https:\/\/balcilar-blog.com\/wp-content\/uploads\/2017\/02\/cats-A\u015fk-ve-Gurur.jpg",300,170,false],"cvmm-medium-plus":["https:\/\/balcilar-blog.com\/wp-content\/uploads\/2017\/02\/cats-A\u015fk-ve-Gurur.jpg",305,173,false],"cvmm-portrait":["https:\/\/balcilar-blog.com\/wp-content\/uploads\/2017\/02\/cats-A\u015fk-ve-Gurur.jpg",400,227,false],"cvmm-medium-square":["https:\/\/balcilar-blog.com\/wp-content\/uploads\/2017\/02\/cats-A\u015fk-ve-Gurur.jpg",600,340,false],"cvmm-large":["https:\/\/balcilar-blog.com\/wp-content\/uploads\/2017\/02\/cats-A\u015fk-ve-Gurur.jpg",640,363,false],"cvmm-small":["https:\/\/balcilar-blog.com\/wp-content\/uploads\/2017\/02\/cats-A\u015fk-ve-Gurur.jpg",130,74,false],"full":["https:\/\/balcilar-blog.com\/wp-content\/uploads\/2017\/02\/cats-A\u015fk-ve-Gurur.jpg",640,363,false]},"_links":{"self":[{"href":"https:\/\/balcilar-blog.com\/index.php?rest_route=\/wp\/v2\/posts\/17869","targetHints":{"allow":["GET"]}}],"collection":[{"href":"https:\/\/balcilar-blog.com\/index.php?rest_route=\/wp\/v2\/posts"}],"about":[{"href":"https:\/\/balcilar-blog.com\/index.php?rest_route=\/wp\/v2\/types\/post"}],"author":[{"embeddable":true,"href":"https:\/\/balcilar-blog.com\/index.php?rest_route=\/wp\/v2\/users\/3"}],"replies":[{"embeddable":true,"href":"https:\/\/balcilar-blog.com\/index.php?rest_route=%2Fwp%2Fv2%2Fcomments&post=17869"}],"version-history":[{"count":7,"href":"https:\/\/balcilar-blog.com\/index.php?rest_route=\/wp\/v2\/posts\/17869\/revisions"}],"predecessor-version":[{"id":17886,"href":"https:\/\/balcilar-blog.com\/index.php?rest_route=\/wp\/v2\/posts\/17869\/revisions\/17886"}],"wp:featuredmedia":[{"embeddable":true,"href":"https:\/\/balcilar-blog.com\/index.php?rest_route=\/wp\/v2\/media\/17877"}],"wp:attachment":[{"href":"https:\/\/balcilar-blog.com\/index.php?rest_route=%2Fwp%2Fv2%2Fmedia&parent=17869"}],"wp:term":[{"taxonomy":"category","embeddable":true,"href":"https:\/\/balcilar-blog.com\/index.php?rest_route=%2Fwp%2Fv2%2Fcategories&post=17869"},{"taxonomy":"post_tag","embeddable":true,"href":"https:\/\/balcilar-blog.com\/index.php?rest_route=%2Fwp%2Fv2%2Ftags&post=17869"}],"curies":[{"name":"wp","href":"https:\/\/api.w.org\/{rel}","templated":true}]}}