{"id":17828,"date":"2017-02-18T14:41:19","date_gmt":"2017-02-18T11:41:19","guid":{"rendered":"http:\/\/balcilar-blog.com\/?p=17828"},"modified":"2017-02-18T23:22:13","modified_gmt":"2017-02-18T20:22:13","slug":"icerde-sarp-kumarbaz-oluyor-diziye-yeni-oyuncu-girdi","status":"publish","type":"post","link":"https:\/\/balcilar-blog.com\/?p=17828","title":{"rendered":"\u0130\u00e7erde \/ Sarp kumarbaz oluyor! Diziye yeni oyuncu girdi!"},"content":{"rendered":"<p><img loading=\"lazy\" decoding=\"async\" class=\"alignnone size-full wp-image-17858\" src=\"http:\/\/balcilar-blog.com\/wp-content\/uploads\/2017\/02\/cats-\u0130\u00c7ERDE-20-\u015eUBAT.jpg\" alt=\"cats \u0130\u00c7ERDE 20 \u015eUBAT\" width=\"522\" height=\"480\" srcset=\"https:\/\/balcilar-blog.com\/wp-content\/uploads\/2017\/02\/cats-\u0130\u00c7ERDE-20-\u015eUBAT.jpg 522w, https:\/\/balcilar-blog.com\/wp-content\/uploads\/2017\/02\/cats-\u0130\u00c7ERDE-20-\u015eUBAT-300x276.jpg 300w\" sizes=\"auto, (max-width: 522px) 100vw, 522px\" \/><\/p>\n<p>Yap\u0131mc\u0131l\u0131\u011f\u0131n\u0131 Ay Yap\u0131m&#8217;\u0131n \u00fcstlendi\u011fi Show Tv&#8217;nin fenomen dizisi \u0130\u00e7erde&#8217;nin 22.B\u00f6l\u00fcm\u00fc 20 \u015eubat Pazartesi ak\u015fam\u0131 Saat:20.00&#8217;de ekranlar\u0131n\u0131zda olacak!<\/p>\n<p>Sarp, illegal kumarhane i\u015fleten Handan ile tan\u0131\u015f\u0131yor. \u00d6yle Ge\u00e7er Zaman Ki ve Ruhumun Aynas\u0131 dizilerinden tan\u0131d\u0131\u011f\u0131m\u0131z Tuba \u00dcnsal diziye 22.b\u00f6l\u00fcmden itibaren konuk oyuncu olarak kat\u0131l\u0131yor.<\/p>\n<p>\u0130ki karde\u015fin birbirini bulma hikayesini anlatan dizide; \u00c7a\u011fatay Ulusoy, Aras Bulut \u0130ynemli, \u00c7etin Tekindor, Bensu Soral, Damla Colbay, Mustafa U\u011furlu, R\u0131za Kocao\u011flu, Nihal Kolda\u015f, G\u00f6zde Kansu ve Y\u0131ld\u0131ray \u015eahinler rol al\u0131yor.<\/p>\n<p>Sarp\u2019\u0131n hapse girmesinin ard\u0131ndan Ya\u015far\u2019\u0131n polisten ald\u0131\u011f\u0131 paralar\u0131n bulunmas\u0131, Sarp\u2019\u0131n hemen aklanmas\u0131 Celal\u2019in kafas\u0131nda baz\u0131 \u015f\u00fcpheler olu\u015fturmu\u015ftur.<\/p>\n<p><img loading=\"lazy\" decoding=\"async\" class=\"alignnone size-full wp-image-17855\" src=\"http:\/\/balcilar-blog.com\/wp-content\/uploads\/2017\/02\/f3059377224ec174e3774b859640b48d_840.jpg\" alt=\"f3059377224ec174e3774b859640b48d_840\" width=\"640\" height=\"428\" srcset=\"https:\/\/balcilar-blog.com\/wp-content\/uploads\/2017\/02\/f3059377224ec174e3774b859640b48d_840.jpg 640w, https:\/\/balcilar-blog.com\/wp-content\/uploads\/2017\/02\/f3059377224ec174e3774b859640b48d_840-300x201.jpg 300w\" sizes=\"auto, (max-width: 640px) 100vw, 640px\" \/><\/p>\n<p>Polise kendisini sat\u0131p satmad\u0131\u011f\u0131ndan emin olmak istemektedir. Sarp\u2019\u0131 \u00e7ok tehlikeli bir s\u0131nav bekliyordur.<\/p>\n<p><img loading=\"lazy\" decoding=\"async\" class=\"alignnone size-full wp-image-17849\" src=\"http:\/\/balcilar-blog.com\/wp-content\/uploads\/2017\/02\/b7e8419fb5529e933f9269550ff7eb48_840.jpg\" alt=\"b7e8419fb5529e933f9269550ff7eb48_840\" width=\"640\" height=\"373\" srcset=\"https:\/\/balcilar-blog.com\/wp-content\/uploads\/2017\/02\/b7e8419fb5529e933f9269550ff7eb48_840.jpg 640w, https:\/\/balcilar-blog.com\/wp-content\/uploads\/2017\/02\/b7e8419fb5529e933f9269550ff7eb48_840-300x175.jpg 300w\" sizes=\"auto, (max-width: 640px) 100vw, 640px\" \/><\/p>\n<p>Celal, Mert\u2019e gelecekle ilgili b\u00fcy\u00fck planlar\u0131ndan bahseder. Mert\u2019in bilmedi\u011fi ise Celal&#8217;in hedefine ula\u015ft\u0131\u011f\u0131nda ailesini ve gerekirse kendisini g\u00f6zden \u00e7\u0131kartaca\u011f\u0131d\u0131r.<\/p>\n<p><img loading=\"lazy\" decoding=\"async\" class=\"alignnone size-full wp-image-17860\" src=\"http:\/\/balcilar-blog.com\/wp-content\/uploads\/2017\/02\/Ekran-Al\u0131nt\u0131s\u0131\u0130\u00c7.22FR5.jpg\" alt=\"Ekran Al\u0131nt\u0131s\u0131\u0130\u00c7.22FR5\" width=\"640\" height=\"347\" srcset=\"https:\/\/balcilar-blog.com\/wp-content\/uploads\/2017\/02\/Ekran-Al\u0131nt\u0131s\u0131\u0130\u00c7.22FR5.jpg 640w, https:\/\/balcilar-blog.com\/wp-content\/uploads\/2017\/02\/Ekran-Al\u0131nt\u0131s\u0131\u0130\u00c7.22FR5-300x163.jpg 300w\" sizes=\"auto, (max-width: 640px) 100vw, 640px\" \/><\/p>\n<p>Eylem ad\u0131m ad\u0131m Mert\u2019in izini s\u00fcrmektedir. Buldu\u011fu her yeni ipucu Mert\u2019ten daha fazla \u015f\u00fcphelenmesine sebep olur. Eylem Mert&#8217;e; &#8220;Senin kebap\u00e7\u0131 Celal&#8217;le ne i\u015fin var?&#8221; Diye sormas\u0131 gayet manidard\u0131r.<\/p>\n<p><img loading=\"lazy\" decoding=\"async\" class=\"alignnone size-full wp-image-17845\" src=\"http:\/\/balcilar-blog.com\/wp-content\/uploads\/2017\/02\/67720d33f64bfea358f5529bde5dbdce_840.jpg\" alt=\"67720d33f64bfea358f5529bde5dbdce_840\" width=\"640\" height=\"382\" srcset=\"https:\/\/balcilar-blog.com\/wp-content\/uploads\/2017\/02\/67720d33f64bfea358f5529bde5dbdce_840.jpg 640w, https:\/\/balcilar-blog.com\/wp-content\/uploads\/2017\/02\/67720d33f64bfea358f5529bde5dbdce_840-300x179.jpg 300w\" sizes=\"auto, (max-width: 640px) 100vw, 640px\" \/><\/p>\n<p>&nbsp;<\/p>\n<p><strong>TUBA \u00dcNSAL DA \u2018\u0130\u00c7ERDE\u2019!<\/strong><\/p>\n<p><img loading=\"lazy\" decoding=\"async\" class=\"alignnone size-full wp-image-17863\" src=\"http:\/\/balcilar-blog.com\/wp-content\/uploads\/2017\/02\/Ekran-Al\u0131nt\u0131s\u0131\u0130\u00c7.22FR3.jpg\" alt=\"Ekran Al\u0131nt\u0131s\u0131\u0130\u00c7.22FR3\" width=\"640\" height=\"342\" srcset=\"https:\/\/balcilar-blog.com\/wp-content\/uploads\/2017\/02\/Ekran-Al\u0131nt\u0131s\u0131\u0130\u00c7.22FR3.jpg 640w, https:\/\/balcilar-blog.com\/wp-content\/uploads\/2017\/02\/Ekran-Al\u0131nt\u0131s\u0131\u0130\u00c7.22FR3-300x160.jpg 300w\" sizes=\"auto, (max-width: 640px) 100vw, 640px\" \/><\/p>\n<p>Ay Yap\u0131m imzal\u0131, ekranlar\u0131n fenomen dizisi \u2018\u0130\u00e7erde\u2019nin yeni b\u00f6l\u00fcm\u00fcne Tuba \u00dcnsal konuk oyuncu olarak dahil oluyor.<\/p>\n<p>Dizinin Pazartesi g\u00fcn\u00fc yay\u0131nlanacak yeni b\u00f6l\u00fcm\u00fcnde izleyici kar\u015f\u0131s\u0131na \u00e7\u0131kacak \u00dcnsal, karanl\u0131k d\u00fcnyada s\u00f6z\u00fc ge\u00e7en kumarhane i\u015fletmecisi Handan karakteriyle ekrana gelecek.<\/p>\n<p><img loading=\"lazy\" decoding=\"async\" class=\"alignnone size-full wp-image-17836\" src=\"http:\/\/balcilar-blog.com\/wp-content\/uploads\/2017\/02\/9cdc187d42bbaee48eb6c29e32362daf_840.jpg\" alt=\"9cdc187d42bbaee48eb6c29e32362daf_840\" width=\"640\" height=\"402\" srcset=\"https:\/\/balcilar-blog.com\/wp-content\/uploads\/2017\/02\/9cdc187d42bbaee48eb6c29e32362daf_840.jpg 640w, https:\/\/balcilar-blog.com\/wp-content\/uploads\/2017\/02\/9cdc187d42bbaee48eb6c29e32362daf_840-300x188.jpg 300w\" sizes=\"auto, (max-width: 640px) 100vw, 640px\" \/><\/p>\n<p>\u00dcnsal, \u015fimdiye kadar canland\u0131rd\u0131\u011f\u0131 rollerin aksine farkl\u0131 bir karakterle izleyici kar\u015f\u0131s\u0131na \u00e7\u0131kacak. <strong>Handan isimli gizemli karakterin yolu yeni b\u00f6l\u00fcmde Celal Baba ve Sarp&#8217;la kesi\u015fecek.<\/strong><\/p>\n<p><img loading=\"lazy\" decoding=\"async\" class=\"alignnone size-full wp-image-17864\" src=\"http:\/\/balcilar-blog.com\/wp-content\/uploads\/2017\/02\/i\u00e7erde-tuba-unsal-4.jpg\" alt=\"i\u00e7erde tuba unsal (4)\" width=\"640\" height=\"375\" srcset=\"https:\/\/balcilar-blog.com\/wp-content\/uploads\/2017\/02\/i\u00e7erde-tuba-unsal-4.jpg 640w, https:\/\/balcilar-blog.com\/wp-content\/uploads\/2017\/02\/i\u00e7erde-tuba-unsal-4-300x176.jpg 300w\" sizes=\"auto, (max-width: 640px) 100vw, 640px\" \/><\/p>\n<p>\u2018<strong>\u0130\u00e7erde<\/strong>\u2019nin merakla beklenen yeni b\u00f6l\u00fcm\u00fc <strong>20 \u015eubat Pazartesi saat 20:00\u2019da Show TV<\/strong>\u2019de ekrana gelecek!<\/p>\n<p><strong>FRAGMAN L\u0130NK\u0130:<\/strong><\/p>\n<p><iframe loading=\"lazy\" title=\"\u0130\u00e7erde 22. B\u00f6l\u00fcm Fragman\" width=\"640\" height=\"360\" src=\"https:\/\/www.youtube.com\/embed\/Umi7Qmfsjhc?feature=oembed\" frameborder=\"0\" allow=\"accelerometer; autoplay; clipboard-write; encrypted-media; gyroscope; picture-in-picture; web-share\" referrerpolicy=\"strict-origin-when-cross-origin\" allowfullscreen><\/iframe><\/p>\n<p>&nbsp;<\/p>\n<p><iframe loading=\"lazy\" title=\"\u0130\u00e7erde 22. B\u00f6l\u00fcm 2. Fragman\" width=\"640\" height=\"360\" src=\"https:\/\/www.youtube.com\/embed\/iQrSV6OOq-Y?feature=oembed\" frameborder=\"0\" allow=\"accelerometer; autoplay; clipboard-write; encrypted-media; gyroscope; picture-in-picture; web-share\" referrerpolicy=\"strict-origin-when-cross-origin\" allowfullscreen><\/iframe><\/p>\n<p><strong>\u00c7a\u011fatay Ulusoy d\u0131\u015f \u00e7ekimlerde hava \u015fartlar\u0131ndan \u015fikayet\u00e7i:<\/strong><\/p>\n<p>Vaktinin \u00e7o\u011funu dizi setinde ge\u00e7iren Ulusoy, bo\u015f g\u00fcn\u00fcnde al\u0131\u015fveri\u015f ediyor, berberi \u015e\u00fckr\u00fc Dudu&#8217;nun mekan\u0131na u\u011fruyor, sa\u00e7 ve sakal\u0131n\u0131 d\u00fczelttiriyor. Kendine bakmay\u0131 ihmal etmiyor.<\/p>\n<p><img loading=\"lazy\" decoding=\"async\" class=\"alignnone size-full wp-image-17857\" src=\"http:\/\/balcilar-blog.com\/wp-content\/uploads\/2017\/02\/cagatay-ulusoy-606x330.jpeg\" alt=\"cagatay-ulusoy--606x330\" width=\"640\" height=\"349\" srcset=\"https:\/\/balcilar-blog.com\/wp-content\/uploads\/2017\/02\/cagatay-ulusoy-606x330.jpeg 640w, https:\/\/balcilar-blog.com\/wp-content\/uploads\/2017\/02\/cagatay-ulusoy-606x330-300x164.jpeg 300w\" sizes=\"auto, (max-width: 640px) 100vw, 640px\" \/><\/p>\n<p>Kuaf\u00f6r\u00fc \u015e\u00fckr\u00fc Dudu&#8217;nun mekan\u0131ndan \u00e7\u0131karken kendisini bekleyen muhabirlerle dizisi hakk\u0131nda konu\u015fan ba\u015far\u0131l\u0131 oyuncumuz; \u201cEkip olarak ba\u015far\u0131l\u0131 bir i\u015fe imza att\u0131\u011f\u0131m\u0131z i\u00e7in \u00e7ok mutluyuz. Sorarsan\u0131z, evet \u00e7ok yoruluyoruz, d\u0131\u015f \u00e7ekimlerde \u00f6zellikle hava \u015fartlar\u0131ndan dolay\u0131 ciddi zorluklar ya\u015f\u0131yoruz. Ama ald\u0131\u011f\u0131m\u0131z tepkiler, yorumlar ve bize g\u00f6sterilen sevgi, ekip olarak hepimizi mutlu ediyor\u201d diye konu\u015fmu\u015ftur.<\/p>\n<p>Keyifli Seyirler.<\/p>\n<p>Sayg\u0131lar ve sevgiler.<\/p>\n<p>Abdurrahman Balc\u0131lar<\/p>\n<p>Twitter:\u00a0<a href=\"https:\/\/twitter.com\/abbalcilar\">abdurrahman balc\u0131lar<\/a><a href=\"https:\/\/twitter.com\/abbalcilar\"><strong>@abbalcilar<\/strong><\/a><\/p>\n<p>Mail :\u00a0<a href=\"mailto:ab.balcilar@hotmail.com\">ab.balcilar@hotmail.com<\/a><\/p>\n<p>Blog:\u00a0<a href=\"http:\/\/t.co\/znqmIZgIqn\">blog.milliyet.com.tr\/cansever<\/a><\/p>\n<p>Blog:\u00a0<strong>balcilar-blog.com<\/strong><\/p>\n<p>&nbsp;<\/p>\n","protected":false},"excerpt":{"rendered":"<p>Yap\u0131mc\u0131l\u0131\u011f\u0131n\u0131 Ay Yap\u0131m&#8217;\u0131n \u00fcstlendi\u011fi Show Tv&#8217;nin fenomen dizisi \u0130\u00e7erde&#8217;nin 22.B\u00f6l\u00fcm\u00fc 20 \u015eubat Pazartesi ak\u015fam\u0131 Saat:20.00&#8217;de ekranlar\u0131n\u0131zda olacak! Sarp, illegal kumarhane i\u015fleten Handan ile tan\u0131\u015f\u0131yor. \u00d6yle Ge\u00e7er Zaman Ki ve Ruhumun Aynas\u0131 dizilerinden tan\u0131d\u0131\u011f\u0131m\u0131z Tuba \u00dcnsal diziye 22.b\u00f6l\u00fcmden itibaren konuk oyuncu olarak kat\u0131l\u0131yor. \u0130ki karde\u015fin birbirini bulma hikayesini anlatan dizide; \u00c7a\u011fatay Ulusoy, Aras Bulut \u0130ynemli, \u00c7etin [&hellip;]<\/p>\n","protected":false},"author":3,"featured_media":17858,"comment_status":"open","ping_status":"open","sticky":false,"template":"","format":"standard","meta":{"footnotes":""},"categories":[2],"tags":[533,26,15,1219,35,1363],"class_list":["post-17828","post","type-post","status-publish","format-standard","has-post-thumbnail","hentry","category-tv-programlari","tag-aras-bulut-iynemli","tag-ay-yapim","tag-cagatay-ulusoy","tag-icerde","tag-show-tv","tag-tuba-unsal"],"views":2886,"blog_post_layout_featured_media_urls":{"thumbnail":["https:\/\/balcilar-blog.com\/wp-content\/uploads\/2017\/02\/cats-\u0130\u00c7ERDE-20-\u015eUBAT-150x150.jpg",150,150,true],"full":["https:\/\/balcilar-blog.com\/wp-content\/uploads\/2017\/02\/cats-\u0130\u00c7ERDE-20-\u015eUBAT.jpg",522,480,false]},"categories_names":{"2":{"name":"TV Programlar\u0131","link":"https:\/\/balcilar-blog.com\/?cat=2"}},"tags_names":{"533":{"name":"Aras Bulut \u0130ynemli","link":"https:\/\/balcilar-blog.com\/?tag=aras-bulut-iynemli"},"26":{"name":"Ay Yap\u0131m","link":"https:\/\/balcilar-blog.com\/?tag=ay-yapim"},"15":{"name":"\u00e7a\u011fatay ulusoy","link":"https:\/\/balcilar-blog.com\/?tag=cagatay-ulusoy"},"1219":{"name":"\u0130\u00c7ERDE","link":"https:\/\/balcilar-blog.com\/?tag=icerde"},"35":{"name":"Show Tv","link":"https:\/\/balcilar-blog.com\/?tag=show-tv"},"1363":{"name":"Tuba \u00dcnsal","link":"https:\/\/balcilar-blog.com\/?tag=tuba-unsal"}},"comments_number":"0","wpmagazine_modules_lite_featured_media_urls":{"thumbnail":["https:\/\/balcilar-blog.com\/wp-content\/uploads\/2017\/02\/cats-\u0130\u00c7ERDE-20-\u015eUBAT-150x150.jpg",150,150,true],"cvmm-medium":["https:\/\/balcilar-blog.com\/wp-content\/uploads\/2017\/02\/cats-\u0130\u00c7ERDE-20-\u015eUBAT.jpg",300,276,false],"cvmm-medium-plus":["https:\/\/balcilar-blog.com\/wp-content\/uploads\/2017\/02\/cats-\u0130\u00c7ERDE-20-\u015eUBAT.jpg",225,207,false],"cvmm-portrait":["https:\/\/balcilar-blog.com\/wp-content\/uploads\/2017\/02\/cats-\u0130\u00c7ERDE-20-\u015eUBAT.jpg",400,368,false],"cvmm-medium-square":["https:\/\/balcilar-blog.com\/wp-content\/uploads\/2017\/02\/cats-\u0130\u00c7ERDE-20-\u015eUBAT.jpg",522,480,false],"cvmm-large":["https:\/\/balcilar-blog.com\/wp-content\/uploads\/2017\/02\/cats-\u0130\u00c7ERDE-20-\u015eUBAT.jpg",522,480,false],"cvmm-small":["https:\/\/balcilar-blog.com\/wp-content\/uploads\/2017\/02\/cats-\u0130\u00c7ERDE-20-\u015eUBAT.jpg",103,95,false],"full":["https:\/\/balcilar-blog.com\/wp-content\/uploads\/2017\/02\/cats-\u0130\u00c7ERDE-20-\u015eUBAT.jpg",522,480,false]},"_links":{"self":[{"href":"https:\/\/balcilar-blog.com\/index.php?rest_route=\/wp\/v2\/posts\/17828","targetHints":{"allow":["GET"]}}],"collection":[{"href":"https:\/\/balcilar-blog.com\/index.php?rest_route=\/wp\/v2\/posts"}],"about":[{"href":"https:\/\/balcilar-blog.com\/index.php?rest_route=\/wp\/v2\/types\/post"}],"author":[{"embeddable":true,"href":"https:\/\/balcilar-blog.com\/index.php?rest_route=\/wp\/v2\/users\/3"}],"replies":[{"embeddable":true,"href":"https:\/\/balcilar-blog.com\/index.php?rest_route=%2Fwp%2Fv2%2Fcomments&post=17828"}],"version-history":[{"count":7,"href":"https:\/\/balcilar-blog.com\/index.php?rest_route=\/wp\/v2\/posts\/17828\/revisions"}],"predecessor-version":[{"id":17868,"href":"https:\/\/balcilar-blog.com\/index.php?rest_route=\/wp\/v2\/posts\/17828\/revisions\/17868"}],"wp:featuredmedia":[{"embeddable":true,"href":"https:\/\/balcilar-blog.com\/index.php?rest_route=\/wp\/v2\/media\/17858"}],"wp:attachment":[{"href":"https:\/\/balcilar-blog.com\/index.php?rest_route=%2Fwp%2Fv2%2Fmedia&parent=17828"}],"wp:term":[{"taxonomy":"category","embeddable":true,"href":"https:\/\/balcilar-blog.com\/index.php?rest_route=%2Fwp%2Fv2%2Fcategories&post=17828"},{"taxonomy":"post_tag","embeddable":true,"href":"https:\/\/balcilar-blog.com\/index.php?rest_route=%2Fwp%2Fv2%2Ftags&post=17828"}],"curies":[{"name":"wp","href":"https:\/\/api.w.org\/{rel}","templated":true}]}}