{"id":17675,"date":"2017-02-06T17:22:42","date_gmt":"2017-02-06T14:22:42","guid":{"rendered":"http:\/\/balcilar-blog.com\/?p=17675"},"modified":"2017-02-06T17:34:57","modified_gmt":"2017-02-06T14:34:57","slug":"gecen-haftanin-30-ocak-5-subat-2017-en-cok-izlenen-dizileri","status":"publish","type":"post","link":"https:\/\/balcilar-blog.com\/?p=17675","title":{"rendered":"Ge\u00e7en Haftan\u0131n (30 Ocak &#8211; 5 \u015eubat 2017) en \u00e7ok izlenen dizileri!"},"content":{"rendered":"<p>&nbsp;<\/p>\n<p><img loading=\"lazy\" decoding=\"async\" class=\"alignnone size-full wp-image-17689\" src=\"http:\/\/balcilar-blog.com\/wp-content\/uploads\/2017\/02\/cats6-\u015eUBAT.jpg\" alt=\"cats6 \u015eUBAT\" width=\"640\" height=\"414\" srcset=\"https:\/\/balcilar-blog.com\/wp-content\/uploads\/2017\/02\/cats6-\u015eUBAT.jpg 640w, https:\/\/balcilar-blog.com\/wp-content\/uploads\/2017\/02\/cats6-\u015eUBAT-300x194.jpg 300w\" sizes=\"auto, (max-width: 640px) 100vw, 640px\" \/><\/p>\n<p>TNS \u00f6l\u00e7\u00fcmlerine g\u00f6re haz\u0131rlad\u0131\u011f\u0131m <strong>30 Ocak &#8211; 5 \u015eubat 2017<\/strong> Tarihleri aras\u0131nda ekranlar\u0131m\u0131za gelen, Total\u2019de ve AB\u2019de ilk ona giren, haftan\u0131n dizi karnesini a\u015fa\u011f\u0131da bilgilerinize sunuyorum.<\/p>\n<p><strong>Ge\u00e7en Hafta G\u00f6sterimdeki Diziler:<\/strong><\/p>\n<p>\u0130\u00e7erde, K\u0131rg\u0131n \u00c7i\u00e7ekler, Parampar\u00e7a, Bana Sevmeyi Anlat (Final), Hangimiz Sevmedik, Anne, Hayat \u015eark\u0131s\u0131, E\u015fk\u0131ya D\u00fcnyaya H\u00fck\u00fcmdar Olmaz, Son Destan, Dirili\u015f Ertu\u011frul, Kara Sevda, Bu \u015eehir Arkandan Gelecek, Poyraz Karayel, No:309, Vatan\u0131m Sensin, Cesur ve G\u00fczel,Umuda Kelep\u00e7e Vurulmaz, \u00d6lene Kadar, Cesur Y\u00fcrek, A\u015fk ve Mavi, Arka Sokaklar, Y\u0131ld\u0131zlar \u015eahidimdir, Dayan Y\u00fcre\u011fim (Yeni), Sevda Ku\u015fun Kanad\u0131nda, Kalbimdeki Deniz, Seksenler, A\u015fk Laftan Anlamaz, Ad\u0131 Efsane (Yeni), Hayat Bazen Tatl\u0131d\u0131r, O Hayat benim, Baba Cand\u0131r ve Bodrum Masal\u0131 dizilerinin yeni b\u00f6l\u00fcmleri yay\u0131nland\u0131.<\/p>\n<p><strong>Haftan\u0131n dizilerinde Total&#8217;in ilk s\u0131ras\u0131nda bu hafta<\/strong>, 12,61 reyting puan\u0131 ile TRT1&#8217;in Dirili\u015f Ertu\u011frul ilk s\u0131rada yer ald\u0131. Total&#8217;in 10.s\u0131ras\u0131nda Star Tv&#8217;nin Cesur ve G\u00fczel 6,07 puanla yer ald\u0131.<\/p>\n<p>A<strong>B&#8217;nin ilk s\u0131ras\u0131nda <\/strong>Total&#8217;de oldu\u011fu gibi TRT1&#8217;nin Dirili\u015f Ertu\u011frul 15,23 reyting puan\u0131 ile zirvede yer ald\u0131. AB&#8217;nin 10.s\u0131ras\u0131nda ise, Fox Tv&#8217;nin sevilen dizisi Kalbimdeki Deniz 15.b\u00f6l\u00fcm\u00fcnde ald\u0131\u011f\u0131, 4,87 puanla yer ald\u0131.<\/p>\n<p>Star Tv. Cuma ak\u015fam\u0131 ekranlara gelen <strong>Berk Cankat<\/strong>&#8216;\u0131n Y\u0131ld\u0131zlar \u015eahidim dizisinin 2.b\u00f6l\u00fcm\u00fc yay\u0131nland\u0131. Maalesef ald\u0131\u011f\u0131 reyting puanlar\u0131 yine d\u00fc\u015f\u00fckt\u00fc. Total&#8217;de 2,63 ile 23.s\u0131rada, AB&#8217;de 2,18 puanla 18.s\u0131rada yer ald\u0131. Tam konu anla\u015f\u0131lmadan finalsiz yay\u0131ndan kalkabilece\u011fi dedi-kodular\u0131 ediliyor.<\/p>\n<p><img loading=\"lazy\" decoding=\"async\" class=\"alignnone size-full wp-image-16715\" src=\"http:\/\/balcilar-blog.com\/wp-content\/uploads\/2016\/12\/CzQjVyKXAAADlrs-1-1.jpg\" alt=\"czqjvykxaaadlrs-1\" width=\"480\" height=\"480\" srcset=\"https:\/\/balcilar-blog.com\/wp-content\/uploads\/2016\/12\/CzQjVyKXAAADlrs-1-1.jpg 480w, https:\/\/balcilar-blog.com\/wp-content\/uploads\/2016\/12\/CzQjVyKXAAADlrs-1-1-150x150.jpg 150w, https:\/\/balcilar-blog.com\/wp-content\/uploads\/2016\/12\/CzQjVyKXAAADlrs-1-1-300x300.jpg 300w\" sizes=\"auto, (max-width: 480px) 100vw, 480px\" \/><\/p>\n<p><strong>Fox Tv&#8217;nin Muhte\u015fem Y\u00fczy\u0131l K\u00f6sem IV.Murat<\/strong>, Cuma g\u00fcn\u00fcnden Sal\u0131&#8217;ya geldi. Bu hafta yay\u0131nlanm\u0131yor. Haftaya 14 \u015eubat&#8217;tan itibaren 11.B\u00f6l\u00fcm\u00fc ile ekranlarda olacak. Bildi\u011finiz gibi ge\u00e7en hafta Cansel El\u00e7in ve Ece Uslu&#8217;nun ba\u015frol\u00fc oynad\u0131\u011f\u0131, &#8220;Dayan Y\u00fcre\u011fim&#8221; adl\u0131 yeni dizinin ilk b\u00f6l\u00fcm\u00fc ekranlara gelmi\u015fti.<\/p>\n<p>Atv&#8217;nin Pazar ak\u015famlar\u0131 ekranlara gelen <strong>Seviyor Sevmiyor<\/strong> dizisi 12 \u015eubat ak\u015fam\u0131 28.B\u00f6l\u00fcm\u00fcnde final yap\u0131yor ve ekranlara veda ediyor.<\/p>\n<p><strong>Reyting Nedir?<\/strong><\/p>\n<p>Reyting, izleyici tercihlerine g\u00f6re ortaya \u00e7\u0131kan izlenme pay\u0131n\u0131n kanallara ve programlara payla\u015ft\u0131r\u0131lmas\u0131 ile olu\u015fan de\u011ferlendirmedir. Reyting de\u011ferlendirmesi kanallar ve reklam \u015firketleri ad\u0131na TNS taraf\u0131ndan ger\u00e7ekle\u015ftirilir. \u00d6l\u00e7me i\u015flemi yakla\u015f\u0131k 2200 haneye yerle\u015ftirilen ve gizli tutulan reyting \u00f6l\u00e7me cihazlar\u0131 ile elde edilir. Reyting sonu\u00e7lar\u0131, t\u00fcm g\u00fcn boyunca izlenen programlar\u0131n listelenmesine imkan verir.<\/p>\n<p><strong>\u00d6l\u00e7\u00fcmler nas\u0131l yap\u0131l\u0131yor ?<\/strong><\/p>\n<p>Ba\u011f\u0131ms\u0131z kurulu\u015f taraf\u0131ndan hesaplanan sonu\u00e7lar 3 kategoride hesaplan\u0131yor AB, Total ve ABC1 kategorileri sonu\u00e7lar\u0131nda share ve rating s\u0131ral\u0131 olarak 100 Tv program\u0131 g\u00fcnl\u00fck olarak payla\u015f\u0131l\u0131yor reklam verenler ve yap\u0131mc\u0131lar i\u00e7in \u00f6nemli yere sahip olan sonu\u00e7lar denek tv&#8217;lerde ki \u00f6l\u00e7\u00fcm cihazlar\u0131 vas\u0131tas\u0131yla istatistiki bilgileri al\u0131n\u0131yor.<\/p>\n<p>Bu hafta en \u00e7ok izlenen ilk ona giren dizlere g\u00f6z atal\u0131m. Bu s\u0131ralama sadece dizilerin reytingler y\u00fczdesine g\u00f6re en \u00e7ok izlenen dizilerin ilk 10\u2019da yer alanlar\u0131n\u0131 s\u0131ralamaya koyuyorum. Yar\u0131\u015fma, e\u011flence ve haber programlar\u0131 y\u00fczdeleri y\u00fcksek olsa da bu s\u0131ralamaya koymuyorum. Bu sadece dizilerin yar\u0131\u015f\u0131d\u0131r, en \u00e7ok izlenen dizilerin s\u0131ralamas\u0131d\u0131r. Bir nevi dizilerin karnesidir.<\/p>\n<p>&nbsp;<\/p>\n<p><strong>Ge\u00e7en Haftan\u0131n En \u00c7ok \u0130zlenen Dizileri:<\/strong><\/p>\n<p><strong>Total ilk 10 :<\/strong><\/p>\n<p>1.Dirili\u015f Ertu\u011frul 75.B\u00f6l\u00fcm (TRT1)&#8230;&#8230;&#8230;&#8230;&#8230;&#8230;&#8230;&#8230;&#8230;&#8230;.12,61 &#8211; 28,21<\/p>\n<p>2.Arka Sokaklar 427.B\u00f6l\u00fcm (Kanal D)&#8230;&#8230;&#8230;&#8230;&#8230;&#8230;&#8230;&#8230;&#8230;9,88 &#8211; 22,45<\/p>\n<p>3.E\u015fk\u0131ya D\u00fcnyaya H\u00fck\u00fcmdar Olmaz 55.B\u00f6l\u00fcm (Atv)&#8230;9,38 -20,81<\/p>\n<p>4.\u0130\u00e7erde 19.B\u00f6l\u00fcm (Show Tv)&#8230;&#8230;&#8230;&#8230;&#8230;&#8230;&#8230;&#8230;&#8230;&#8230;&#8230;&#8230;&#8230;..9,12 &#8211; 20,41<\/p>\n<p>5.A\u015fk ve Mavi 13.B\u00f6l\u00fcm (Atv)&#8230;&#8230;&#8230;&#8230;&#8230;&#8230;&#8230;&#8230;&#8230;&#8230;&#8230;&#8230;&#8230;..8,27 &#8211; 18,97<\/p>\n<p>6.K\u0131rg\u0131n \u00c7i\u00e7ekler 69.B\u00f6l\u00fcm (Atv)&#8230;&#8230;&#8230;&#8230;&#8230;&#8230;&#8230;&#8230;&#8230;&#8230;&#8230;&#8230;7,83 &#8211; 17,62<\/p>\n<p>7.Anne 13.B\u00f6l\u00fcm (Star Tv)&#8230;&#8230;&#8230;&#8230;&#8230;&#8230;&#8230;&#8230;&#8230;&#8230;&#8230;&#8230;&#8230;&#8230;&#8230;.6,65 &#8211; 14,61<\/p>\n<p>8.Vatan\u0131m Sensin 14.B\u00f6l\u00fcm (Kanal D)&#8230;&#8230;&#8230;&#8230;&#8230;&#8230;&#8230;&#8230;&#8230;6,38 &#8211; 14,65<\/p>\n<p>9.Kalbimdeki Deniz 15.B\u00f6l\u00fcm (Fox Tv)&#8230;&#8230;&#8230;&#8230;&#8230;&#8230;&#8230;&#8230;..6,21 &#8211; 14,50<\/p>\n<p>10.Cesur ve G\u00fczel 12.B\u00f6l\u00fcm (Star Tv)&#8230;&#8230;&#8230;&#8230;&#8230;&#8230;&#8230;&#8230;&#8230;.6,07 &#8211; 14.00<\/p>\n<p>&nbsp;<\/p>\n<p><strong>AB\u2019de ilk 10 :<\/strong><\/p>\n<p>1.Dirili\u015f Ertu\u011frul 75.B\u00f6l\u00fcm (TRT1)&#8230;&#8230;&#8230;&#8230;&#8230;&#8230;&#8230;&#8230;&#8230;&#8230;.15,23 &#8211; 36,42<\/p>\n<p>2.\u0130\u00e7erde 19.B\u00f6l\u00fcm (Show Tv)&#8230;&#8230;&#8230;&#8230;&#8230;&#8230;&#8230;&#8230;&#8230;&#8230;&#8230;&#8230;&#8230;.10,54 &#8211; 25,53<\/p>\n<p>3.Vatan\u0131m Sensin 14.B\u00f6l\u00fcm (Kanal D)&#8230;&#8230;&#8230;&#8230;&#8230;&#8230;&#8230;&#8230;&#8230;9,97 &#8211; 25,48<\/p>\n<p>4.E\u015fk\u0131ya D\u00fcnyaya H\u00fck\u00fcmdar Olmaz 55.B\u00f6l\u00fcm (Atv)&#8230;7,62 &#8211; 18,32<\/p>\n<p>5.Cesur ve G\u00fczel 12.B\u00f6l\u00fcm (Star Tv)&#8230;&#8230;&#8230;&#8230;&#8230;&#8230;&#8230;&#8230;&#8230;&#8230;7,08 &#8211; 18,16<\/p>\n<p>6.Anne 13.B\u00f6l\u00fcm (Star Tv)&#8230;&#8230;&#8230;&#8230;&#8230;&#8230;&#8230;&#8230;&#8230;&#8230;&#8230;&#8230;&#8230;&#8230;&#8230;5,79 &#8211; 13,87<\/p>\n<p>7.Hayat \u015eark\u0131s\u0131 40.B\u00f6l\u00fcm (Kanal D)&#8230;&#8230;&#8230;&#8230;&#8230;&#8230;&#8230;&#8230;&#8230;&#8230;5,59 &#8211; 13,64<\/p>\n<p>8.Arka Sokaklar 427.B\u00f6l\u00fcm (Kanal D)&#8230;&#8230;&#8230;&#8230;&#8230;&#8230;&#8230;&#8230;&#8230;5,35 &#8211; 14,43<\/p>\n<p>9.Ad\u0131 Efsane 2.B\u00f6l\u00fcm (Kanal D)&#8230;&#8230;&#8230;&#8230;&#8230;&#8230;&#8230;&#8230;&#8230;&#8230;&#8230;&#8230;.4,99 &#8211; 13,47<\/p>\n<p>10.Kalbimdeki Deniz 15.B\u00f6l\u00fcm (Fox Tv)&#8230;&#8230;&#8230;&#8230;&#8230;&#8230;&#8230;&#8230;.4,87 &#8211; 12,46<\/p>\n<p>&nbsp;<\/p>\n<p><strong>TOTAL ve AB Grubunda reytingleri en y\u00fcksek olan Haftan\u0131n ilk 5 s\u0131ralamas\u0131 :<\/strong><\/p>\n<p><strong>1. D\u0130R\u0130L\u0130\u015e ERTU\u011eRUL<\/strong> : Engin Altan D\u00fczyatan&#8217;\u0131n ba\u015far\u0131 ile canland\u0131rd\u0131\u011f\u0131 Ertu\u011frul Bey karakteri ile TRT1&#8217;in tarihi dizisi &#8220;Dirili\u015f Ertu\u011frul&#8221; bu hafta da, 75.b\u00f6l\u00fcm\u00fc ile AB&#8217;de ald\u0131\u011f\u0131 15,23 reyting puan\u0131 ile ilk be\u015fin birinci s\u0131rada yer almaya devam ediyor.<\/p>\n<p><img loading=\"lazy\" decoding=\"async\" class=\"alignnone size-full wp-image-17685\" src=\"http:\/\/balcilar-blog.com\/wp-content\/uploads\/2017\/02\/eb781cf1-04ad-462d-a8b7-cc2137970a79.jpg\" alt=\"eb781cf1-04ad-462d-a8b7-cc2137970a79\" width=\"640\" height=\"334\" srcset=\"https:\/\/balcilar-blog.com\/wp-content\/uploads\/2017\/02\/eb781cf1-04ad-462d-a8b7-cc2137970a79.jpg 640w, https:\/\/balcilar-blog.com\/wp-content\/uploads\/2017\/02\/eb781cf1-04ad-462d-a8b7-cc2137970a79-300x157.jpg 300w\" sizes=\"auto, (max-width: 640px) 100vw, 640px\" \/><\/p>\n<p><strong>Vakit, Adalet Vaktidir\u2026<\/strong><br \/>\nTekfur\u2019u \u00f6ld\u00fcrten ve su\u00e7u Ural\u2019a y\u0131kmak niyetiyle Lazkaris\u2019i \u00c7avdar Obas\u0131na g\u00f6nderen Vasilius, hain emellerinde ba\u015far\u0131ya ula\u015fm\u0131\u015f g\u00f6z\u00fckmektedir. Lazkaris, Ertu\u011frul ve Aliyar\u2019\u0131n konu\u015fturmalar\u0131 neticesinde bu cinayeti ona Ural\u2019\u0131n yapt\u0131rd\u0131\u011f\u0131n\u0131 s\u00f6ylemi\u015ftir. Bu itiraf\u0131 duydu\u011funda irkilen Aliyar, Ertu\u011frul\u2019un yan\u0131nda yer alacak m\u0131d\u0131r?<br \/>\nTekfur cinayetiyle alakas\u0131 olmad\u0131\u011f\u0131 halde \u015fimdi b\u00fcy\u00fck bir tehlikenin i\u00e7inde olan Ural, bu durumdan kurtulabilecek midir? Lazkaris\u2019in itiraflar\u0131n\u0131 duyan K\u00f6pek, Candar, Asl\u0131han, \u00c7olpan ve Kutluca\u2019n\u0131n tutumu ne olacakt\u0131r?<br \/>\nSaadettin K\u00f6pek sonunda istedi\u011fi cevab\u0131 alm\u0131\u015f, Asl\u0131han evlenmeye raz\u0131 olmu\u015ftur. Fakat Lazkaris\u2019in itiraf\u0131 b\u00fct\u00fcn obay\u0131 kar\u0131\u015ft\u0131racak mahiyettedir. Ayr\u0131ca Ural taraf\u0131ndan s\u00fcrekli Asl\u0131han\u2019la evlendirilece\u011fi vaadiyle avutulan Batuhan bu evlili\u011fe asla raz\u0131 gelmeyecektir. B\u00fct\u00fcn bunlardan habersiz olan K\u00f6pek, bu sorunlar\u0131 a\u015farak Asl\u0131han\u2019la nik\u00e2hlanabilecek midir?<\/p>\n<p>&nbsp;<\/p>\n<p><strong>2.\u0130\u00c7ERDE<\/strong> : Show Tv&#8217;nin fenomen dizisi olan \u0130\u00e7erde Pazartesi gecesinin reyting rekortmeni olarak zirvedeki yerini koruyor. AB Grubunda 19.b\u00f6l\u00fcm\u00fcnde ald\u0131\u011f\u0131 10,54 puanla haftan\u0131n dizileri aras\u0131nda bu hafta da, 2.s\u0131rada yer ald\u0131. Sarp (\u00c7a\u011fatay Ulusoy), d\u00f6rt ya\u015f\u0131nda ka\u00e7\u0131r\u0131lan \u00f6ld\u00fc denilen karde\u015fi Umut&#8217;u (Aras Bulut \u0130ynemli) arama hikayesi ele al\u0131n\u0131yor.<\/p>\n<p><img loading=\"lazy\" decoding=\"async\" class=\"alignnone size-full wp-image-17686\" src=\"http:\/\/balcilar-blog.com\/wp-content\/uploads\/2017\/02\/\u0130\u00e7erde-4.jpg\" alt=\"\u0130\u00e7erde (4)\" width=\"640\" height=\"411\" srcset=\"https:\/\/balcilar-blog.com\/wp-content\/uploads\/2017\/02\/\u0130\u00e7erde-4.jpg 640w, https:\/\/balcilar-blog.com\/wp-content\/uploads\/2017\/02\/\u0130\u00e7erde-4-300x193.jpg 300w\" sizes=\"auto, (max-width: 640px) 100vw, 640px\" \/><\/p>\n<p>Kaderin cilvesi her ikisi de polis kolejinde karde\u015f olduklar\u0131n\u0131 bilmeden birlikte okuyor, polis oluyorlar. Mert i\u00e7erde polis ama mafya babas\u0131 Celal&#8217;e \u00e7al\u0131\u015f\u0131yor. A\u011fabey Sarp d\u0131\u015far\u0131da, k\u00f6fteci Celal&#8217;in sa\u011f kolu g\u00f6z\u00fckse de gizli polis, m\u00fcd\u00fcr\u00fc Yusuf&#8217;a \u00e7al\u0131\u015f\u0131yor. Sarp, Celal&#8217;in itimad\u0131n\u0131 iyici kazand\u0131 ve onun sa\u011f kolu olarak g\u00f6z\u00fck\u00fcyor.<\/p>\n<p><img loading=\"lazy\" decoding=\"async\" class=\"alignnone size-full wp-image-17505\" src=\"http:\/\/balcilar-blog.com\/wp-content\/uploads\/2017\/01\/Ekran-Al\u0131nt\u0131s\u0131\u0130\u00c7.19.FR_.1.jpg\" alt=\"Ekran Al\u0131nt\u0131s\u0131\u0130\u00c7.19.FR.1\" width=\"640\" height=\"375\" srcset=\"https:\/\/balcilar-blog.com\/wp-content\/uploads\/2017\/01\/Ekran-Al\u0131nt\u0131s\u0131\u0130\u00c7.19.FR_.1.jpg 640w, https:\/\/balcilar-blog.com\/wp-content\/uploads\/2017\/01\/Ekran-Al\u0131nt\u0131s\u0131\u0130\u00c7.19.FR_.1-300x176.jpg 300w\" sizes=\"auto, (max-width: 640px) 100vw, 640px\" \/><\/p>\n<p>\u0130\u00e7erde&#8217;nin 19. b\u00f6l\u00fcm\u00fcnde; Melek, Celal\u2019in y\u0131llard\u0131r kendisinden saklad\u0131\u011f\u0131 ger\u00e7e\u011fi \u00f6\u011frenmi\u015ftir. Art\u0131k Celal\u2019i hayat\u0131nda istemiyordur. Annesinden geriye kalan akrabalar\u0131n\u0131 bulmaya karar verir. Mert, Co\u015fkun\u2019u Sarp\u2019\u0131n \u00f6ld\u00fcrd\u00fc\u011f\u00fcn\u00fc zannediyordur. Ailesini bulma \u015fans\u0131n\u0131n yok olup gitti\u011fini d\u00fc\u015f\u00fcn\u00fcyordur. \u015eimdi Mert olanlar\u0131n cezas\u0131n\u0131 kesmeye kararl\u0131d\u0131r. Sarp\u2019a \u00e7ok \u00f6fkelidir. F\u00fcsun d\u00fckkan\u0131na yap\u0131lan silahl\u0131 sald\u0131r\u0131dan sonra Sarp\u2019\u0131n se\u00e7ti\u011fi hayat\u0131n nelere yol a\u00e7t\u0131\u011f\u0131n\u0131n fark\u0131na var\u0131r. Sarp\u2019\u0131 vazge\u00e7irmek ister. Ya\u015far, Celal ve Sarp\u2019\u0131 \u00f6ld\u00fcrmek istiyordur. Art\u0131k ne F\u00fcsun\u2019un ne de Eylem\u2019in can g\u00fcvenli\u011fi vard\u0131r. Sarp i\u00e7in olaylar gittik\u00e7e i\u00e7inden \u00e7\u0131k\u0131lmaz bir hal al\u0131r.<br \/>\n<strong>3.VATANIM SENS\u0130N<\/strong> : Kanal D&#8217;nin milli duygular\u0131 kabartan heyecanl\u0131 dizisi bu hafta 14. b\u00f6l\u00fcmde AB&#8217;de ald\u0131\u011f\u0131 9,97 puanla, haftan\u0131n dizileri aras\u0131nda ge\u00e7en hafta oldu\u011fu gibi yine 5.s\u0131rada yer ald\u0131.<\/p>\n<p><img loading=\"lazy\" decoding=\"async\" class=\"alignnone size-full wp-image-17688\" src=\"http:\/\/balcilar-blog.com\/wp-content\/uploads\/2017\/02\/5893a5b2a781b61464eee1b8-vatan\u0131m-sensin-14.jpg\" alt=\"5893a5b2a781b61464eee1b8 vatan\u0131m sensin 14\" width=\"640\" height=\"417\" srcset=\"https:\/\/balcilar-blog.com\/wp-content\/uploads\/2017\/02\/5893a5b2a781b61464eee1b8-vatan\u0131m-sensin-14.jpg 640w, https:\/\/balcilar-blog.com\/wp-content\/uploads\/2017\/02\/5893a5b2a781b61464eee1b8-vatan\u0131m-sensin-14-300x195.jpg 300w\" sizes=\"auto, (max-width: 640px) 100vw, 640px\" \/><\/p>\n<p>2 \u015eubat Per\u015fembe 2017&#8217;de yay\u0131nlanan Vatan\u0131m Sensin 14. B\u00f6l\u00fcmde, Mustafa Kemal&#8217;den mektup alan Cevdet, bitti sand\u0131\u011f\u0131 oyuna kald\u0131\u011f\u0131 yerden devam etmek zorunda kal\u0131yor \u00e7\u00fcnk\u00fc &#8220;\u00d6nce Vatan&#8221; diyor. E\u015fref&#8217;in taraf se\u00e7 uyar\u0131s\u0131na Cevdet ne cevap verecek? Mustafa Kemal, Y\u00fczba\u015f\u0131 Yakup arac\u0131l\u0131\u011f\u0131yla Cevdet\u2019i g\u00f6reve \u00e7a\u011f\u0131r\u0131yor! Bunu \u00f6\u011frenen E\u015fref Pa\u015fa, Cevdet\u2019i engelleyecek mi? E\u015fref Pa\u015fa ile Tevfik\u2019in ortak amac\u0131 ne?<\/p>\n<p>Silahlar\u0131n pe\u015finde olan Cevdet, Ivan\u2019dan kendisini tutan ki\u015finin Tevfik oldu\u011funu \u00f6\u011frenir. Tevfik\u2019e kurdu\u011fu tuzakla, gemide art\u0131k ba\u015fba\u015falard\u0131r. Tevfik, d\u00fc\u015ft\u00fc\u011f\u00fc tuza\u011f\u0131n kimin taraf\u0131ndan tezgahland\u0131\u011f\u0131n\u0131 tahmin edemez. Ta ki E\u015fref Pa\u015fa, Cevdet\u2019I durdurana kadar\u2026<\/p>\n<p>Mustafa Kemal\u2019in mektubunu alan Cevdet, bu g\u00f6revi yerine getirecek mi? Azize\u2019den Osmanl\u0131 \u00fcniformas\u0131n\u0131 isteyen Cevdet\u2019in yeni plan\u0131 ne olacak? Yunan Ordusu\u2019ndaki g\u00f6revi a\u00e7\u0131\u011fa \u00e7\u0131kacak m\u0131? Mustafa Kemal\u2019in kendi taraf\u0131nda g\u00f6rmek istedi\u011fini beyan etti\u011fi mektubu, E\u015fref Pa\u015fa nas\u0131l kar\u015f\u0131layacak? Bir karar vermek zorunda olan Cevdet, vatan\u0131 ve ailesinin gelece\u011fi i\u00e7in hangi taraf\u0131 se\u00e7ecek? Anadolu direni\u015finin \u0130zmir\u2019deki yank\u0131lar\u0131 Yunan Ordusu\u2019nu nas\u0131l etkileyecek?<\/p>\n<p>&nbsp;<\/p>\n<p><strong>4.ARKA SOKAKLAR<\/strong> : Kanal D&#8217;nin y\u0131llar\u0131n uzatmal\u0131 dizisi Arka Sokaklar, bu hafta Total&#8217;de ald\u0131\u011f\u0131 9,88 reyting puan\u0131 ile 4.s\u0131raya geriledi.<\/p>\n<p><img loading=\"lazy\" decoding=\"async\" class=\"alignnone size-full wp-image-17683\" src=\"http:\/\/balcilar-blog.com\/wp-content\/uploads\/2017\/02\/Arka-Sokaklar-427..jpg\" alt=\"Arka-Sokaklar-427.\" width=\"640\" height=\"427\" srcset=\"https:\/\/balcilar-blog.com\/wp-content\/uploads\/2017\/02\/Arka-Sokaklar-427..jpg 640w, https:\/\/balcilar-blog.com\/wp-content\/uploads\/2017\/02\/Arka-Sokaklar-427.-300x200.jpg 300w\" sizes=\"auto, (max-width: 640px) 100vw, 640px\" \/><\/p>\n<p>Arka Sokaklar 427. B\u00f6l\u00fcm&#8217;de; R\u0131za Baba, \u00fczerine at\u0131lan cinayet komplosundan hapse girer. Ekip, R\u0131za Baba&#8217;y\u0131 i\u00e7eriden kurtarabilecek mi? Sezgin&#8217;in, R\u0131za Baba ve ailesi \u00fczerindeki korkun\u00e7 planlar\u0131 ne? Silah ka\u00e7ak\u00e7\u0131s\u0131 ve Sezgin ile i\u015fbirli\u011fi i\u00e7inde olan Kenan Arslan, M\u00fcfetti\u015f Veysel\u2019in cinayetini R\u0131za Baba\u2019n\u0131n kay\u0131p silah\u0131n\u0131 kullanarak \u00fcst\u00fcne y\u0131km\u0131\u015ft\u0131r. Savc\u0131l\u0131\u011f\u0131n ba\u015flatt\u0131\u011f\u0131 soru\u015fturman\u0131n kilit ismi ve R\u0131za Baba\u2019n\u0131n aklanmas\u0131na sebep olacak Faruk Acar ise, yurt d\u0131\u015f\u0131na \u00e7\u0131km\u0131\u015ft\u0131r. R\u0131za Baba hapse girer ve onu orada bekleyen tehlikeler vard\u0131r\u2026 R\u0131za Baba, davas\u0131n\u0131 bekledi\u011fi zaman i\u00e7inde hapiste kendisini nas\u0131l bir hayat bekliyor? Ekip, Sezgin ve Kenan\u2019a ula\u015f\u0131p ger\u00e7e\u011fi a\u00e7\u0131\u011fa \u00e7\u0131karabilecek mi? R\u0131za Baba\u2019n\u0131n k\u0131z\u0131 P\u0131nar\u2019\u0131 bekleyen b\u00fcy\u00fck tehlike ne?<\/p>\n<p><strong>5.E\u015eKIYA D\u00dcNYAYA H\u00dcK\u00dcMDAR OLMAZ<\/strong> : Oktay Kaynarca&#8217;n\u0131n macera dizisi Atv ekranlar\u0131nda devam ediyor. Bu hafta 55.b\u00f6l\u00fcm\u00fc ile Total&#8217;de ald\u0131\u011f\u0131 9,38 reyting puan\u0131 ile 5.s\u0131rada yer ald\u0131.<\/p>\n<p><img loading=\"lazy\" decoding=\"async\" class=\"alignnone size-full wp-image-17680\" src=\"http:\/\/balcilar-blog.com\/wp-content\/uploads\/2017\/02\/8_d-e\u015fk\u0131ya-55.bl_.jpg\" alt=\"8_d e\u015fk\u0131ya 55.bl\" width=\"640\" height=\"405\" srcset=\"https:\/\/balcilar-blog.com\/wp-content\/uploads\/2017\/02\/8_d-e\u015fk\u0131ya-55.bl_.jpg 640w, https:\/\/balcilar-blog.com\/wp-content\/uploads\/2017\/02\/8_d-e\u015fk\u0131ya-55.bl_-300x190.jpg 300w\" sizes=\"auto, (max-width: 640px) 100vw, 640px\" \/><\/p>\n<p>H\u0131z\u0131r \u00c7ak\u0131rbeyli CIA&#8217;e kafa tutmas\u0131n\u0131n bedelini a\u011f\u0131r \u00f6der. Tutulduklar\u0131 yerde yap\u0131lan eziyetler kar\u015f\u0131s\u0131nda g\u00fc\u00e7l\u00fc durmalar\u0131 \u00e7ok zor olacakt\u0131r. \u00c7ak\u0131rbeylilerin ortadan kaybolmas\u0131n\u0131n nedeni k\u0131sa s\u00fcrede anla\u015f\u0131l\u0131r. \u00dcnal Kaplan, H\u0131z\u0131r&#8217;\u0131n kayb\u0131n\u0131n zay\u0131fl\u0131\u011f\u0131na yol a\u00e7aca\u011f\u0131n\u0131 bildi\u011finden her t\u00fcrl\u00fc pazarl\u0131\u011fa haz\u0131rd\u0131r. Masaya oturmak isteyen Erc\u00fcment herkesin oyunu istemektedir. \u0130lyas ise b\u00f6yle bir pazarl\u0131\u011fa asla yana\u015fmaz. Abisinin bu \u015fartlar kar\u015f\u0131s\u0131nda gerekirse o\u011flunun \u00f6l\u00fcm\u00fcne g\u00f6z yumaca\u011f\u0131n\u0131 bilir. Masa \u00fcyeleri de H\u0131z\u0131r&#8217;\u0131n uzla\u015fmaktansa \u00f6lmeyi isteyece\u011fini bildi\u011fi halde Erc\u00fcment&#8217;in isteklerine boyun e\u011fer. Di\u011fer yandan ye\u011feni CIA&#8217;in elinde olan Davut operasyon i\u00e7in harekete ge\u00e7er.<br \/>\n<strong>Her iki kategorinin ilk on&#8217;da yer alan dizileri :<\/strong><\/p>\n<p>\u0130\u00e7erde, E\u015fk\u0131ya D\u00fcnyaya H\u00fck\u00fcmdar Olmaz, Anne, Dirili\u015f Ertu\u011frul, Vatan\u0131m Sensin, Cesur ve G\u00fczel, Arka Sokaklar ve Kalbimdeki Deniz her iki grupta yer alan diziler olmu\u015ftur.<\/p>\n<p>&nbsp;<\/p>\n<p><strong>Kanallara g\u00f6re s\u0131ralamaya g\u00f6z atarsak :<\/strong><\/p>\n<p><strong>Total grubunda<\/strong>: Atv 3 Dizi, Kanal D ve Star iki\u015fer dizi. Fox, TRT1 ve Show Tv birer dizi ile yer ald\u0131lar.<\/p>\n<p><strong>AB\u2019de ilk onda<\/strong>: Kanal D 4 dizi. Star Tv 2 dizi. Fox, Show, TRT1 ve Atv birer dizi ile yer alm\u0131\u015ft\u0131r.<\/p>\n<p><strong>Bu haftan\u0131n kanal\u0131<\/strong>; AB&#8217;de 4 dizi ve Total&#8217;de 2 dizi ile <strong>Kanal D. olmu\u015ftur<\/strong>. Total&#8217;de ve AB&#8217;de iki\u015fer dizi ile Star Tv 2.s\u0131rada yer alm\u0131\u015flard\u0131r.<\/p>\n<p>&nbsp;<\/p>\n<p><strong>YEN\u0130 D\u0130Z\u0130LER :<\/strong><\/p>\n<p><strong>YEN\u0130 GEL\u0130N (Show Tv) :<\/strong><\/p>\n<p><img loading=\"lazy\" decoding=\"async\" class=\"alignnone size-full wp-image-17682\" src=\"http:\/\/balcilar-blog.com\/wp-content\/uploads\/2017\/02\/1360625_1920x1080-yeni-gelin.jpg\" alt=\"1360625_1920x1080 yeni gelin\" width=\"640\" height=\"360\" srcset=\"https:\/\/balcilar-blog.com\/wp-content\/uploads\/2017\/02\/1360625_1920x1080-yeni-gelin.jpg 640w, https:\/\/balcilar-blog.com\/wp-content\/uploads\/2017\/02\/1360625_1920x1080-yeni-gelin-300x169.jpg 300w\" sizes=\"auto, (max-width: 640px) 100vw, 640px\" \/><\/p>\n<p>S\u00fcre\u00e7 Film&#8217;in yap\u0131mc\u0131l\u0131\u011f\u0131n\u0131 \u00fcstlendi\u011fi, Ersoy G\u00fcler&#8217;in y\u00f6netmenli\u011fini yapt\u0131\u011f\u0131 ve senaryosunu yazd\u0131\u011f\u0131 &#8220;Yeni Gelin&#8221;, \u015fehirli gen\u00e7 bir k\u0131z\u0131n yeni gelinlik hallerini konu al\u0131yor. Yeni Gelin&#8217;de ba\u015frolleri Jessica May ve Tolga Mendi payla\u015f\u0131yor. Dizide Mustafa Avk\u0131ran, Da\u011fhan K\u00fclege\u00e7, Sema Ke\u00e7ik, Lale Ba\u015far, Renan Bilek, Yonca \u015eahinba\u015f, Bur\u00e7in Bildik, Zeynep Kankonde, Esin G\u00fcndo\u011fdu, Murat Kocac\u0131k ve daha bir\u00e7ok \u00fcnl\u00fc oyuncu da yer al\u0131yor. Yak\u0131nda Show TV ekranlar\u0131nda izleyiciyle bulu\u015facak. \u0130lk fragman\u0131 yay\u0131nland\u0131.<\/p>\n<p><strong>PAY\u0130TAHT \u00a0&#8216;ABD\u00dcLHAM\u0130D&#8217; (TRT1) :<\/strong><\/p>\n<p><img loading=\"lazy\" decoding=\"async\" class=\"alignnone size-full wp-image-17678\" src=\"http:\/\/balcilar-blog.com\/wp-content\/uploads\/2017\/02\/payitaht-abd\u00fclhamid11.jpg\" alt=\"payitaht abd\u00fclhamid1(1)\" width=\"650\" height=\"432\" srcset=\"https:\/\/balcilar-blog.com\/wp-content\/uploads\/2017\/02\/payitaht-abd\u00fclhamid11.jpg 650w, https:\/\/balcilar-blog.com\/wp-content\/uploads\/2017\/02\/payitaht-abd\u00fclhamid11-300x199.jpg 300w\" sizes=\"auto, (max-width: 650px) 100vw, 650px\" \/><\/p>\n<p><strong>Osmanl\u0131 \u0130mparatorlu\u011fu<\/strong>&#8216;nun var olma m\u00fccadelesinin tarihe damgas\u0131n\u0131 vurdu\u011fu ve 1876 y\u0131l\u0131nda \u00e7\u0131kt\u0131\u011f\u0131 tahtta 33 y\u0131l kalarak, bu zorlu s\u00fcreci \u2018Ulu Hakan\u2019 unvan\u0131yla ta\u00e7land\u0131ran <strong>Sultan Abd\u00fclhamid Han<\/strong>\u2019\u0131n hayat\u0131n\u0131n kaleme al\u0131nd\u0131\u011f\u0131 \u201cPayitaht Abd\u00fclhamid\u201d dizisi dev kadrosu ve ES Film imzas\u0131yla \u015eubat ay\u0131nda TRT1 ekranlar\u0131nda ba\u015fl\u0131yor!<\/p>\n<p>Ba\u015frollerinde; <strong>B\u00fclent \u0130nal<\/strong>, \u00d6zlem Conker, Selen \u00d6zt\u00fcrk, Ak\u0131n Ak\u0131n\u00f6z\u00fc, Ezgi Ey\u00fcbo\u011flu, Hakan Boyav, Sayg\u0131n Soysal, Umut Kurt\u2019un yer alaca\u011f\u0131 dizinin elliye yak\u0131n ana kadro oyuncu olmak \u00fczere fig\u00fcranlarla birlikte 400 ila 500 ki\u015filik b\u00f6l\u00fcm oyuncusu rol alacak. Zaman zaman Ye\u015fil\u00e7am\u2019\u0131n usta ve emektar oyuncular\u0131 da seyirciyle bulu\u015facak. Dizide, 120 ki\u015filik teknik ekip g\u00f6rev yapacak.<\/p>\n<p>&nbsp;<\/p>\n<p><strong>\u0130\u00c7\u0130MDEK\u0130 FIRTINA (Star Tv):<\/strong><\/p>\n<p><img loading=\"lazy\" decoding=\"async\" class=\"alignnone size-full wp-image-17687\" src=\"http:\/\/balcilar-blog.com\/wp-content\/uploads\/2017\/02\/icimdeki-firtina.jpg\" alt=\"icimdeki-firtina\" width=\"640\" height=\"333\" srcset=\"https:\/\/balcilar-blog.com\/wp-content\/uploads\/2017\/02\/icimdeki-firtina.jpg 640w, https:\/\/balcilar-blog.com\/wp-content\/uploads\/2017\/02\/icimdeki-firtina-300x156.jpg 300w\" sizes=\"auto, (max-width: 640px) 100vw, 640px\" \/><\/p>\n<p>Ba\u015frollerini <strong>Merve Bolu\u011fur<\/strong>, <strong>Yusuf \u00c7im<\/strong>, <strong>Gizem Karaca<\/strong> , Burak Yamant\u00fcrk, Mehmet \u00d6zg\u00fcr, Levent Can, Tar\u0131k Pabu\u00e7\u00e7uo\u011flu, Bilge \u015een, Servet Pandur ve Hatice Aslan\u2019\u0131n payla\u015ft\u0131\u011f\u0131 \u2018\u0130\u00e7imdeki F\u0131rt\u0131na\u2019 heyecan dolu sahneleriyle y\u00fcrekleri hoplatacak! \u0130lk b\u00f6l\u00fcmleri \u0130talya&#8217;da \u00e7ekildi.<\/p>\n<p>B\u00fct\u00fcn \u00e7ocukluklar\u0131n\u0131 birlikte, dayan\u0131\u015fma i\u00e7erisinde ge\u00e7iren iki k\u0131z karde\u015fin zamanla birbirinin can d\u00fc\u015fman\u0131 olmas\u0131n\u0131 anlatan hikaye, hi\u00e7 beklenmedik olaylar\u0131n birbiri ard\u0131na gelmesi, ge\u00e7mi\u015f s\u0131rlar\u0131n ortaya \u00e7\u0131kmas\u0131 konusu i\u015fleniyor. <strong>11 \u015eubat Cumartesi<\/strong> ak\u015fam\u0131 ekranlara geliyor.<\/p>\n<p>Sayg\u0131lar ve sevgiler.<\/p>\n<p>Abdurrahman Balc\u0131lar<\/p>\n<p>Twitter:\u00a0<a href=\"https:\/\/twitter.com\/abbalcilar\">abdurrahman balc\u0131lar<\/a><a href=\"https:\/\/twitter.com\/abbalcilar\"><strong>@abbalcilar<\/strong><\/a><\/p>\n<p>Mail :\u00a0<a href=\"mailto:ab.balcilar@hotmail.com\">ab.balcilar@hotmail.com<\/a><\/p>\n<p>Blog:\u00a0<a href=\"http:\/\/t.co\/znqmIZgIqn\">blog.milliyet.com.tr\/cansever<\/a><\/p>\n<p>Blog:\u00a0<strong>balcilar-blog.com<\/strong><\/p>\n<p>Not: G\u00f6rseller ve dizi \u00f6zetleri ilgili kanallar\u0131n dizi ana sayfalar\u0131ndan al\u0131nm\u0131\u015ft\u0131r. S\u0131ralamalar dizi reytinglerine g\u00f6re yap\u0131lm\u0131\u015ft\u0131r.<\/p>\n","protected":false},"excerpt":{"rendered":"<p>&nbsp; TNS \u00f6l\u00e7\u00fcmlerine g\u00f6re haz\u0131rlad\u0131\u011f\u0131m 30 Ocak &#8211; 5 \u015eubat 2017 Tarihleri aras\u0131nda ekranlar\u0131m\u0131za gelen, Total\u2019de ve AB\u2019de ilk ona giren, haftan\u0131n dizi karnesini a\u015fa\u011f\u0131da bilgilerinize sunuyorum. Ge\u00e7en Hafta G\u00f6sterimdeki Diziler: \u0130\u00e7erde, K\u0131rg\u0131n \u00c7i\u00e7ekler, Parampar\u00e7a, Bana Sevmeyi Anlat (Final), Hangimiz Sevmedik, Anne, Hayat \u015eark\u0131s\u0131, E\u015fk\u0131ya D\u00fcnyaya H\u00fck\u00fcmdar Olmaz, Son Destan, Dirili\u015f Ertu\u011frul, Kara Sevda, Bu [&hellip;]<\/p>\n","protected":false},"author":3,"featured_media":17689,"comment_status":"open","ping_status":"open","sticky":false,"template":"","format":"standard","meta":{"footnotes":""},"categories":[2],"tags":[1104,1266,15,570,712,801,1219,863,530,1352,1294,1351,1062],"class_list":["post-17675","post","type-post","status-publish","format-standard","has-post-thumbnail","hentry","category-tv-programlari","tag-arka-sokaklar","tag-bulent-inal","tag-cagatay-ulusoy","tag-dirilis-ertugrul","tag-dizi-reytingleri","tag-eskiya-dunyaya-hukumdar-olmaz","tag-icerde","tag-merve-bolugur","tag-tns-olcumleri","tag-tolga-mendi","tag-vatanim-sensin","tag-yeni-gelin","tag-yusuf-cim"],"views":3705,"blog_post_layout_featured_media_urls":{"thumbnail":["https:\/\/balcilar-blog.com\/wp-content\/uploads\/2017\/02\/cats6-\u015eUBAT-150x150.jpg",150,150,true],"full":["https:\/\/balcilar-blog.com\/wp-content\/uploads\/2017\/02\/cats6-\u015eUBAT.jpg",640,414,false]},"categories_names":{"2":{"name":"TV Programlar\u0131","link":"https:\/\/balcilar-blog.com\/?cat=2"}},"tags_names":{"1104":{"name":"Arka Sokaklar","link":"https:\/\/balcilar-blog.com\/?tag=arka-sokaklar"},"1266":{"name":"B\u00fclent \u0130nal","link":"https:\/\/balcilar-blog.com\/?tag=bulent-inal"},"15":{"name":"\u00e7a\u011fatay ulusoy","link":"https:\/\/balcilar-blog.com\/?tag=cagatay-ulusoy"},"570":{"name":"dirili\u015f Ertu\u011frul","link":"https:\/\/balcilar-blog.com\/?tag=dirilis-ertugrul"},"712":{"name":"Dizi reytingleri","link":"https:\/\/balcilar-blog.com\/?tag=dizi-reytingleri"},"801":{"name":"E\u015fk\u0131ya D\u00fcnya'ya H\u00fck\u00fcmdar Olmaz","link":"https:\/\/balcilar-blog.com\/?tag=eskiya-dunyaya-hukumdar-olmaz"},"1219":{"name":"\u0130\u00c7ERDE","link":"https:\/\/balcilar-blog.com\/?tag=icerde"},"863":{"name":"Merve Bolu\u011fur","link":"https:\/\/balcilar-blog.com\/?tag=merve-bolugur"},"530":{"name":"TNS \u00f6l\u00e7\u00fcmleri","link":"https:\/\/balcilar-blog.com\/?tag=tns-olcumleri"},"1352":{"name":"Tolga Mendi","link":"https:\/\/balcilar-blog.com\/?tag=tolga-mendi"},"1294":{"name":"Vatan\u0131m Sensin","link":"https:\/\/balcilar-blog.com\/?tag=vatanim-sensin"},"1351":{"name":"Yeni Gelin","link":"https:\/\/balcilar-blog.com\/?tag=yeni-gelin"},"1062":{"name":"Yusuf \u00c7im","link":"https:\/\/balcilar-blog.com\/?tag=yusuf-cim"}},"comments_number":"0","wpmagazine_modules_lite_featured_media_urls":{"thumbnail":["https:\/\/balcilar-blog.com\/wp-content\/uploads\/2017\/02\/cats6-\u015eUBAT-150x150.jpg",150,150,true],"cvmm-medium":["https:\/\/balcilar-blog.com\/wp-content\/uploads\/2017\/02\/cats6-\u015eUBAT.jpg",300,194,false],"cvmm-medium-plus":["https:\/\/balcilar-blog.com\/wp-content\/uploads\/2017\/02\/cats6-\u015eUBAT.jpg",305,197,false],"cvmm-portrait":["https:\/\/balcilar-blog.com\/wp-content\/uploads\/2017\/02\/cats6-\u015eUBAT.jpg",400,259,false],"cvmm-medium-square":["https:\/\/balcilar-blog.com\/wp-content\/uploads\/2017\/02\/cats6-\u015eUBAT.jpg",600,388,false],"cvmm-large":["https:\/\/balcilar-blog.com\/wp-content\/uploads\/2017\/02\/cats6-\u015eUBAT.jpg",640,414,false],"cvmm-small":["https:\/\/balcilar-blog.com\/wp-content\/uploads\/2017\/02\/cats6-\u015eUBAT.jpg",130,84,false],"full":["https:\/\/balcilar-blog.com\/wp-content\/uploads\/2017\/02\/cats6-\u015eUBAT.jpg",640,414,false]},"_links":{"self":[{"href":"https:\/\/balcilar-blog.com\/index.php?rest_route=\/wp\/v2\/posts\/17675","targetHints":{"allow":["GET"]}}],"collection":[{"href":"https:\/\/balcilar-blog.com\/index.php?rest_route=\/wp\/v2\/posts"}],"about":[{"href":"https:\/\/balcilar-blog.com\/index.php?rest_route=\/wp\/v2\/types\/post"}],"author":[{"embeddable":true,"href":"https:\/\/balcilar-blog.com\/index.php?rest_route=\/wp\/v2\/users\/3"}],"replies":[{"embeddable":true,"href":"https:\/\/balcilar-blog.com\/index.php?rest_route=%2Fwp%2Fv2%2Fcomments&post=17675"}],"version-history":[{"count":4,"href":"https:\/\/balcilar-blog.com\/index.php?rest_route=\/wp\/v2\/posts\/17675\/revisions"}],"predecessor-version":[{"id":17693,"href":"https:\/\/balcilar-blog.com\/index.php?rest_route=\/wp\/v2\/posts\/17675\/revisions\/17693"}],"wp:featuredmedia":[{"embeddable":true,"href":"https:\/\/balcilar-blog.com\/index.php?rest_route=\/wp\/v2\/media\/17689"}],"wp:attachment":[{"href":"https:\/\/balcilar-blog.com\/index.php?rest_route=%2Fwp%2Fv2%2Fmedia&parent=17675"}],"wp:term":[{"taxonomy":"category","embeddable":true,"href":"https:\/\/balcilar-blog.com\/index.php?rest_route=%2Fwp%2Fv2%2Fcategories&post=17675"},{"taxonomy":"post_tag","embeddable":true,"href":"https:\/\/balcilar-blog.com\/index.php?rest_route=%2Fwp%2Fv2%2Ftags&post=17675"}],"curies":[{"name":"wp","href":"https:\/\/api.w.org\/{rel}","templated":true}]}}