{"id":17630,"date":"2017-02-04T12:02:29","date_gmt":"2017-02-04T09:02:29","guid":{"rendered":"http:\/\/balcilar-blog.com\/?p=17630"},"modified":"2017-02-04T12:13:13","modified_gmt":"2017-02-04T09:13:13","slug":"icerde-20-bolumde-neler-olacak-sarp-caresiz-koseye-sikisacak","status":"publish","type":"post","link":"https:\/\/balcilar-blog.com\/?p=17630","title":{"rendered":"\u0130\u00e7erde 20.B\u00f6l\u00fcmde neler olacak? Sarp \u00e7aresiz k\u00f6\u015feye s\u0131k\u0131\u015facak!"},"content":{"rendered":"<p>&nbsp;<\/p>\n<p><img loading=\"lazy\" decoding=\"async\" class=\"alignnone size-full wp-image-17649\" src=\"http:\/\/balcilar-blog.com\/wp-content\/uploads\/2017\/02\/16427586_646753568843432_1887770985034731297_n.jpg\" alt=\"16427586_646753568843432_1887770985034731297_n\" width=\"640\" height=\"360\" srcset=\"https:\/\/balcilar-blog.com\/wp-content\/uploads\/2017\/02\/16427586_646753568843432_1887770985034731297_n.jpg 640w, https:\/\/balcilar-blog.com\/wp-content\/uploads\/2017\/02\/16427586_646753568843432_1887770985034731297_n-300x169.jpg 300w\" sizes=\"auto, (max-width: 640px) 100vw, 640px\" \/><\/p>\n<p>Ay Yap\u0131m&#8217;\u0131n yap\u0131mc\u0131s\u0131 oldu\u011fu, Show Tv&#8217;nin fenomen dizisi \u0130\u00e7erde&#8217;nin 20.b\u00f6l\u00fcm\u00fc, 06 \u015eubat Pazartesi ak\u015fam\u0131 saat:20.00&#8217;de ekranlar\u0131n\u0131zda olacak.<\/p>\n<p>\u0130ki karde\u015fin birbirini bulma hikayesini anlatan dizide; \u00c7a\u011fatay Ulusoy, Aras Bulut \u0130ynemli, \u00c7etin Tekindor, Bensu Soral, Damla Colbay, Mustafa U\u011furlu, R\u0131za Kocao\u011flu, Nihal Kolda\u015f, G\u00f6zde Kansu ve Y\u0131ld\u0131ray \u015eahinler rol al\u0131yor.<\/p>\n<p>Mert, Sarp\u2019\u0131n Co\u015fkun\u2019u \u00f6ld\u00fcrd\u00fc\u011f\u00fcne inan\u0131yordur ve Sarp&#8217;a kar\u015f\u0131 \u00e7ok \u00f6fkelidir. Co\u015fkun olmadan ailesine ula\u015famayaca\u011f\u0131n\u0131 biliyordur. T\u00fcm umutlar\u0131 y\u0131k\u0131lan Mert, Sarp\u2019tan intikam almaya karar verir.<\/p>\n<p><img loading=\"lazy\" decoding=\"async\" class=\"alignnone size-full wp-image-17650\" src=\"http:\/\/balcilar-blog.com\/wp-content\/uploads\/2017\/02\/16427670_646753638843425_7350499167197905253_n.jpg\" alt=\"16427670_646753638843425_7350499167197905253_n\" width=\"640\" height=\"360\" srcset=\"https:\/\/balcilar-blog.com\/wp-content\/uploads\/2017\/02\/16427670_646753638843425_7350499167197905253_n.jpg 640w, https:\/\/balcilar-blog.com\/wp-content\/uploads\/2017\/02\/16427670_646753638843425_7350499167197905253_n-300x169.jpg 300w\" sizes=\"auto, (max-width: 640px) 100vw, 640px\" \/><\/p>\n<p>O gece Mert, hurdal\u0131kta vurulan G\u00f6khan\u2019\u0131n yan\u0131nda Sarp\u2019\u0131 g\u00f6r\u00fcnce \u00f6fkesi ger\u00e7ekleri g\u00f6rmesine engel olur ve Sarp\u2019\u0131 G\u00f6khan\u2019\u0131 vurmaktan tutuklamaya kalkar.<\/p>\n<p><img loading=\"lazy\" decoding=\"async\" class=\"alignnone size-full wp-image-17659\" src=\"http:\/\/balcilar-blog.com\/wp-content\/uploads\/2017\/02\/Ekran-Al\u0131nt\u0131s\u0131\u0130\u00c7.20FR.8.jpg\" alt=\"Ekran Al\u0131nt\u0131s\u0131\u0130\u00c7.20FR.8\" width=\"640\" height=\"355\" srcset=\"https:\/\/balcilar-blog.com\/wp-content\/uploads\/2017\/02\/Ekran-Al\u0131nt\u0131s\u0131\u0130\u00c7.20FR.8.jpg 640w, https:\/\/balcilar-blog.com\/wp-content\/uploads\/2017\/02\/Ekran-Al\u0131nt\u0131s\u0131\u0130\u00c7.20FR.8-300x166.jpg 300w\" sizes=\"auto, (max-width: 640px) 100vw, 640px\" \/><\/p>\n<p>Sarp su\u00e7suz oldu\u011funu anlatmaya \u00e7al\u0131\u015fsa da \u00f6fkesinden g\u00f6z\u00fc d\u00f6nen Mert, Sarp\u2019\u0131 dinlemez. Sarp bir polisi vurmakla su\u00e7lan\u0131r.<\/p>\n<p><img loading=\"lazy\" decoding=\"async\" class=\"alignnone size-full wp-image-17658\" src=\"http:\/\/balcilar-blog.com\/wp-content\/uploads\/2017\/02\/Ekran-Al\u0131nt\u0131s\u0131\u0130\u00c7.20FR.9.jpg\" alt=\"Ekran Al\u0131nt\u0131s\u0131\u0130\u00c7.20FR.9\" width=\"640\" height=\"352\" srcset=\"https:\/\/balcilar-blog.com\/wp-content\/uploads\/2017\/02\/Ekran-Al\u0131nt\u0131s\u0131\u0130\u00c7.20FR.9.jpg 640w, https:\/\/balcilar-blog.com\/wp-content\/uploads\/2017\/02\/Ekran-Al\u0131nt\u0131s\u0131\u0130\u00c7.20FR.9-300x165.jpg 300w\" sizes=\"auto, (max-width: 640px) 100vw, 640px\" \/><\/p>\n<p>Sarp, polis kay\u0131tlar\u0131na arananlar listesinde ge\u00e7er.<\/p>\n<p><img loading=\"lazy\" decoding=\"async\" class=\"alignnone size-full wp-image-17648\" src=\"http:\/\/balcilar-blog.com\/wp-content\/uploads\/2017\/02\/16426073_646753385510117_2075125754700781902_n.jpg\" alt=\"16426073_646753385510117_2075125754700781902_n\" width=\"640\" height=\"360\" srcset=\"https:\/\/balcilar-blog.com\/wp-content\/uploads\/2017\/02\/16426073_646753385510117_2075125754700781902_n.jpg 640w, https:\/\/balcilar-blog.com\/wp-content\/uploads\/2017\/02\/16426073_646753385510117_2075125754700781902_n-300x169.jpg 300w\" sizes=\"auto, (max-width: 640px) 100vw, 640px\" \/><br \/>\nSarp ka\u00e7maktan ba\u015fka \u00e7aresi olmad\u0131\u011f\u0131n\u0131 anlar ve Mert\u2019in elinden ka\u00e7ar. E\u011fer su\u00e7suz oldu\u011funu ispatlayamazsa hapse girmek zorunda kalacakt\u0131r. \u015eayet ak\u015fama kadar teslim olmazsa gizli polis oldu\u011fu a\u00e7\u0131\u011fa \u00e7\u0131kacakt\u0131r.<\/p>\n<p><img loading=\"lazy\" decoding=\"async\" class=\"alignnone size-full wp-image-17652\" src=\"http:\/\/balcilar-blog.com\/wp-content\/uploads\/2017\/02\/16473172_646753622176760_4550211568498855699_n.jpg\" alt=\"16473172_646753622176760_4550211568498855699_n\" width=\"640\" height=\"360\" srcset=\"https:\/\/balcilar-blog.com\/wp-content\/uploads\/2017\/02\/16473172_646753622176760_4550211568498855699_n.jpg 640w, https:\/\/balcilar-blog.com\/wp-content\/uploads\/2017\/02\/16473172_646753622176760_4550211568498855699_n-300x169.jpg 300w\" sizes=\"auto, (max-width: 640px) 100vw, 640px\" \/><\/p>\n<p>Yusuf M\u00fcd\u00fcr de Emniyet m\u00fcd\u00fcr\u00fcne kar\u015f\u0131 zor durumda kal\u0131r. Sarp&#8217;\u0131n su\u00e7suz oldu\u011funu ispatlamas\u0131, su\u00e7lular\u0131 bulmas\u0131 \u015fartt\u0131r. Polis te\u015fkilat\u0131, Sarp\u2019\u0131n pe\u015findeyken bunu ba\u015farmas\u0131 hi\u00e7 de kolay olmayacakt\u0131r.<\/p>\n<p>Ya\u015far ve adamlar\u0131 Davut&#8217;u kur\u015fun ya\u011fmuruna tutar, Davut a\u011f\u0131r yaralan\u0131r.<\/p>\n<p><img loading=\"lazy\" decoding=\"async\" class=\"alignnone size-full wp-image-17634\" src=\"http:\/\/balcilar-blog.com\/wp-content\/uploads\/2017\/02\/Ekran-Al\u0131nt\u0131s\u0131\u0130\u00c7.20FR.1.jpg\" alt=\"Ekran Al\u0131nt\u0131s\u0131\u0130\u00c7.20FR.1\" width=\"640\" height=\"388\" srcset=\"https:\/\/balcilar-blog.com\/wp-content\/uploads\/2017\/02\/Ekran-Al\u0131nt\u0131s\u0131\u0130\u00c7.20FR.1.jpg 640w, https:\/\/balcilar-blog.com\/wp-content\/uploads\/2017\/02\/Ekran-Al\u0131nt\u0131s\u0131\u0130\u00c7.20FR.1-300x182.jpg 300w\" sizes=\"auto, (max-width: 640px) 100vw, 640px\" \/><\/p>\n<p>Di\u011fer tarafta Sarp&#8217;\u0131n annesi F\u00fcsun Han\u0131m, art\u0131k senin gibi bir o\u011flum yok benim diyerek, neredeyse evlatl\u0131ktan ret etmeye kalkar. Sarp&#8217;\u0131 zor duruma sokar. \u00a0Sarp annesini oturtur, her \u015feyi anlatmaya karar verir.<\/p>\n<p><img loading=\"lazy\" decoding=\"async\" class=\"alignnone size-full wp-image-17635\" src=\"http:\/\/balcilar-blog.com\/wp-content\/uploads\/2017\/02\/Ekran-Al\u0131nt\u0131s\u0131\u0130\u00c7.20FR.2.jpg\" alt=\"Ekran Al\u0131nt\u0131s\u0131\u0130\u00c7.20FR.2\" width=\"640\" height=\"398\" srcset=\"https:\/\/balcilar-blog.com\/wp-content\/uploads\/2017\/02\/Ekran-Al\u0131nt\u0131s\u0131\u0130\u00c7.20FR.2.jpg 640w, https:\/\/balcilar-blog.com\/wp-content\/uploads\/2017\/02\/Ekran-Al\u0131nt\u0131s\u0131\u0130\u00c7.20FR.2-300x187.jpg 300w\" sizes=\"auto, (max-width: 640px) 100vw, 640px\" \/><\/p>\n<p>Celal Baba Mert ile bulu\u015fur. &#8220;Seni benim adamlar\u0131m\u0131 tutuklayas\u0131n diye mi polis yapt\u0131m ben&#8221; diyerek bir g\u00fczel f\u0131r\u00e7alar.<\/p>\n<p><img loading=\"lazy\" decoding=\"async\" class=\"alignnone size-full wp-image-17633\" src=\"http:\/\/balcilar-blog.com\/wp-content\/uploads\/2017\/02\/Ekran-Al\u0131nt\u0131s\u0131\u0130\u00c7.20FR.3.jpg\" alt=\"Ekran Al\u0131nt\u0131s\u0131\u0130\u00c7.20FR.3\" width=\"640\" height=\"385\" srcset=\"https:\/\/balcilar-blog.com\/wp-content\/uploads\/2017\/02\/Ekran-Al\u0131nt\u0131s\u0131\u0130\u00c7.20FR.3.jpg 640w, https:\/\/balcilar-blog.com\/wp-content\/uploads\/2017\/02\/Ekran-Al\u0131nt\u0131s\u0131\u0130\u00c7.20FR.3-300x180.jpg 300w\" sizes=\"auto, (max-width: 640px) 100vw, 640px\" \/><\/p>\n<p><strong>\u0130\u00e7erde; Yay\u0131nlanan 1. ve 2. Fragman\u0131:<\/strong><\/p>\n<p><iframe loading=\"lazy\" title=\"\u0130\u00e7erde 20. B\u00f6l\u00fcm Fragman\" width=\"640\" height=\"360\" src=\"https:\/\/www.youtube.com\/embed\/I9jAd98nDdw?feature=oembed\" frameborder=\"0\" allow=\"accelerometer; autoplay; clipboard-write; encrypted-media; gyroscope; picture-in-picture; web-share\" referrerpolicy=\"strict-origin-when-cross-origin\" allowfullscreen><\/iframe><\/p>\n<p><iframe loading=\"lazy\" title=\"\u0130\u00e7erde 20. B\u00f6l\u00fcm 2. Fragman\" width=\"640\" height=\"360\" src=\"https:\/\/www.youtube.com\/embed\/0y44_Ok0vxw?feature=oembed\" frameborder=\"0\" allow=\"accelerometer; autoplay; clipboard-write; encrypted-media; gyroscope; picture-in-picture; web-share\" referrerpolicy=\"strict-origin-when-cross-origin\" allowfullscreen><\/iframe><\/p>\n<p>Sarp, yeni b\u00f6l\u00fcmde k\u00f6\u015feye s\u0131k\u0131\u015facak! Mert, Co\u015fkun&#8217;u \u00f6ld\u00fcrerek ailesini bulma \u00fcmitlerini kaybettiren Sarp&#8217;\u0131 ortadan kald\u0131rmak i\u00e7in pe\u015findedir. M\u00fcd\u00fcr\u00fc Yusuf&#8217;un o\u011flunu tam buldu\u011fu anda, onu \u00f6ld\u00fcrd\u00fc\u011f\u00fc iftiras\u0131na u\u011frar. Polislikten at\u0131lma noktas\u0131na gelir. Yan\u0131nda olan sevdi\u011fi Melek ve Celal Baba ona nas\u0131l yard\u0131m edecek? Yine heyecanl\u0131 bir b\u00f6l\u00fcmle \u0130\u00e7erde, 6 \u015eubat Pazartesi ak\u015fam\u0131 Show Tv. ekranlar\u0131nda olacak!<\/p>\n<p>Keyifli Seyirler.<\/p>\n<p>Sayg\u0131lar ve sevgiler.<\/p>\n<p>Abdurrahman Balc\u0131lar<\/p>\n<p>Twitter:\u00a0<a href=\"https:\/\/twitter.com\/abbalcilar\">abdurrahman balc\u0131lar<\/a><a href=\"https:\/\/twitter.com\/abbalcilar\"><strong>@abbalcilar<\/strong><\/a><\/p>\n<p>Mail :\u00a0<a href=\"mailto:ab.balcilar@hotmail.com\">ab.balcilar@hotmail.com<\/a><\/p>\n<p>Blog:\u00a0<a href=\"http:\/\/t.co\/znqmIZgIqn\">blog.milliyet.com.tr\/cansever<\/a><\/p>\n<p>Blog:\u00a0<strong>balcilar-blog.com<\/strong><\/p>\n","protected":false},"excerpt":{"rendered":"<p>&nbsp; Ay Yap\u0131m&#8217;\u0131n yap\u0131mc\u0131s\u0131 oldu\u011fu, Show Tv&#8217;nin fenomen dizisi \u0130\u00e7erde&#8217;nin 20.b\u00f6l\u00fcm\u00fc, 06 \u015eubat Pazartesi ak\u015fam\u0131 saat:20.00&#8217;de ekranlar\u0131n\u0131zda olacak. \u0130ki karde\u015fin birbirini bulma hikayesini anlatan dizide; \u00c7a\u011fatay Ulusoy, Aras Bulut \u0130ynemli, \u00c7etin Tekindor, Bensu Soral, Damla Colbay, Mustafa U\u011furlu, R\u0131za Kocao\u011flu, Nihal Kolda\u015f, G\u00f6zde Kansu ve Y\u0131ld\u0131ray \u015eahinler rol al\u0131yor. Mert, Sarp\u2019\u0131n Co\u015fkun\u2019u \u00f6ld\u00fcrd\u00fc\u011f\u00fcne inan\u0131yordur ve [&hellip;]<\/p>\n","protected":false},"author":3,"featured_media":17649,"comment_status":"open","ping_status":"open","sticky":false,"template":"","format":"standard","meta":{"footnotes":""},"categories":[2],"tags":[533,1224,15,693,1219,35],"class_list":["post-17630","post","type-post","status-publish","format-standard","has-post-thumbnail","hentry","category-tv-programlari","tag-aras-bulut-iynemli","tag-bensu-soral","tag-cagatay-ulusoy","tag-cetin-tekindor","tag-icerde","tag-show-tv"],"views":2911,"blog_post_layout_featured_media_urls":{"thumbnail":["https:\/\/balcilar-blog.com\/wp-content\/uploads\/2017\/02\/16427586_646753568843432_1887770985034731297_n-150x150.jpg",150,150,true],"full":["https:\/\/balcilar-blog.com\/wp-content\/uploads\/2017\/02\/16427586_646753568843432_1887770985034731297_n.jpg",640,360,false]},"categories_names":{"2":{"name":"TV Programlar\u0131","link":"https:\/\/balcilar-blog.com\/?cat=2"}},"tags_names":{"533":{"name":"Aras Bulut \u0130ynemli","link":"https:\/\/balcilar-blog.com\/?tag=aras-bulut-iynemli"},"1224":{"name":"Bensu Soral","link":"https:\/\/balcilar-blog.com\/?tag=bensu-soral"},"15":{"name":"\u00e7a\u011fatay ulusoy","link":"https:\/\/balcilar-blog.com\/?tag=cagatay-ulusoy"},"693":{"name":"\u00c7etin Tekindor","link":"https:\/\/balcilar-blog.com\/?tag=cetin-tekindor"},"1219":{"name":"\u0130\u00c7ERDE","link":"https:\/\/balcilar-blog.com\/?tag=icerde"},"35":{"name":"Show Tv","link":"https:\/\/balcilar-blog.com\/?tag=show-tv"}},"comments_number":"0","wpmagazine_modules_lite_featured_media_urls":{"thumbnail":["https:\/\/balcilar-blog.com\/wp-content\/uploads\/2017\/02\/16427586_646753568843432_1887770985034731297_n-150x150.jpg",150,150,true],"cvmm-medium":["https:\/\/balcilar-blog.com\/wp-content\/uploads\/2017\/02\/16427586_646753568843432_1887770985034731297_n.jpg",300,169,false],"cvmm-medium-plus":["https:\/\/balcilar-blog.com\/wp-content\/uploads\/2017\/02\/16427586_646753568843432_1887770985034731297_n.jpg",305,172,false],"cvmm-portrait":["https:\/\/balcilar-blog.com\/wp-content\/uploads\/2017\/02\/16427586_646753568843432_1887770985034731297_n.jpg",400,225,false],"cvmm-medium-square":["https:\/\/balcilar-blog.com\/wp-content\/uploads\/2017\/02\/16427586_646753568843432_1887770985034731297_n.jpg",600,338,false],"cvmm-large":["https:\/\/balcilar-blog.com\/wp-content\/uploads\/2017\/02\/16427586_646753568843432_1887770985034731297_n.jpg",640,360,false],"cvmm-small":["https:\/\/balcilar-blog.com\/wp-content\/uploads\/2017\/02\/16427586_646753568843432_1887770985034731297_n.jpg",130,73,false],"full":["https:\/\/balcilar-blog.com\/wp-content\/uploads\/2017\/02\/16427586_646753568843432_1887770985034731297_n.jpg",640,360,false]},"_links":{"self":[{"href":"https:\/\/balcilar-blog.com\/index.php?rest_route=\/wp\/v2\/posts\/17630","targetHints":{"allow":["GET"]}}],"collection":[{"href":"https:\/\/balcilar-blog.com\/index.php?rest_route=\/wp\/v2\/posts"}],"about":[{"href":"https:\/\/balcilar-blog.com\/index.php?rest_route=\/wp\/v2\/types\/post"}],"author":[{"embeddable":true,"href":"https:\/\/balcilar-blog.com\/index.php?rest_route=\/wp\/v2\/users\/3"}],"replies":[{"embeddable":true,"href":"https:\/\/balcilar-blog.com\/index.php?rest_route=%2Fwp%2Fv2%2Fcomments&post=17630"}],"version-history":[{"count":6,"href":"https:\/\/balcilar-blog.com\/index.php?rest_route=\/wp\/v2\/posts\/17630\/revisions"}],"predecessor-version":[{"id":17662,"href":"https:\/\/balcilar-blog.com\/index.php?rest_route=\/wp\/v2\/posts\/17630\/revisions\/17662"}],"wp:featuredmedia":[{"embeddable":true,"href":"https:\/\/balcilar-blog.com\/index.php?rest_route=\/wp\/v2\/media\/17649"}],"wp:attachment":[{"href":"https:\/\/balcilar-blog.com\/index.php?rest_route=%2Fwp%2Fv2%2Fmedia&parent=17630"}],"wp:term":[{"taxonomy":"category","embeddable":true,"href":"https:\/\/balcilar-blog.com\/index.php?rest_route=%2Fwp%2Fv2%2Fcategories&post=17630"},{"taxonomy":"post_tag","embeddable":true,"href":"https:\/\/balcilar-blog.com\/index.php?rest_route=%2Fwp%2Fv2%2Ftags&post=17630"}],"curies":[{"name":"wp","href":"https:\/\/api.w.org\/{rel}","templated":true}]}}