{"id":17605,"date":"2017-02-03T12:06:02","date_gmt":"2017-02-03T09:06:02","guid":{"rendered":"http:\/\/balcilar-blog.com\/?p=17605"},"modified":"2017-02-03T12:30:45","modified_gmt":"2017-02-03T09:30:45","slug":"bana-sevmeyi-anlat-final-hasmet-esti-gurledi-kasirga-oldu-ve-oldu","status":"publish","type":"post","link":"https:\/\/balcilar-blog.com\/?p=17605","title":{"rendered":"Bana Sevmeyi Anlat Final \/ Ha\u015fmet; esti, g\u00fcrledi, kas\u0131rga oldu ve \u00f6ld\u00fc!"},"content":{"rendered":"<p><img loading=\"lazy\" decoding=\"async\" class=\"alignnone size-full wp-image-17618\" src=\"http:\/\/balcilar-blog.com\/wp-content\/uploads\/2017\/02\/Ekran-Al\u0131nt\u0131s\u0131BSA.FN_.13.jpg\" alt=\"Ekran Al\u0131nt\u0131s\u0131BSA.FN.13\" width=\"640\" height=\"374\" srcset=\"https:\/\/balcilar-blog.com\/wp-content\/uploads\/2017\/02\/Ekran-Al\u0131nt\u0131s\u0131BSA.FN_.13.jpg 640w, https:\/\/balcilar-blog.com\/wp-content\/uploads\/2017\/02\/Ekran-Al\u0131nt\u0131s\u0131BSA.FN_.13-300x175.jpg 300w\" sizes=\"auto, (max-width: 640px) 100vw, 640px\" \/><\/p>\n<p>Bana Sevmeyi Anlat 22.B\u00f6l\u00fcmde final yapt\u0131 ve bitti. Benim ilgi ile izledi\u011fim bir diziydi. Pazartesi ak\u015famlar\u0131 TV&#8217;den &#8220;\u0130\u00e7erde&#8221; dizisini izledi\u011fim i\u00e7in ancak internetten seyredebildim. Bana g\u00f6re reyting kurban\u0131 oldu&#8230; Ba\u015flad\u0131\u011f\u0131 ilk g\u00fcnden Pazartesi g\u00fcnleri kurtlar sofras\u0131nda yem olaca\u011f\u0131 belliydi. K\u0131rg\u0131n \u00c7i\u00e7ekler, Parampar\u00e7a zaten pazartesinin en seyredilen dizileriydi. 19 Eyl\u00fcl&#8217;de \u0130\u00e7erde gibi s\u00fcper bir dizi de ba\u015flay\u0131nca reyting sava\u015f\u0131 ba\u015flad\u0131. Fox Tv. bu diziyi Cuma&#8217;dan Pazartesiye atm\u0131\u015ft\u0131. Reytinglerde ilk ona girmedi, hep 4 Puan\u0131n alt\u0131nda kald\u0131. \u00c7are erken final. Bundan \u00f6nce bir pazartesi dizisi olan Kanal D&#8217;nin &#8220;Babam ve Ailesi&#8221; de reyting kurban\u0131 olmu\u015ftu.<\/p>\n<p>Bu g\u00fczel dizi, nefes kesici, t\u00fcm izleyicini ters k\u00f6\u015fe yaparak, s\u00fcper bir final ile sona erdi. \u00d6ld\u00fc zannettiklerimiz dirildi, \u00f6lmez dediklerimiz kalp krizinden \u00f6ld\u00fc. Ha\u015fmet, ast\u0131, kesti, \u00f6ld\u00fcrd\u00fc, yakt\u0131, y\u0131kt\u0131, g\u00fcrledi, kas\u0131rga oldu. \u00a0Alper, Engin ve Canan&#8217;\u0131n zekice plan\u0131 ile y\u0131k\u0131ld\u0131 ve \u00f6ld\u00fc. Herkes mutlu oldu.<\/p>\n<p><strong>Olanlar\u0131 k\u0131saca \u00f6zetleyelim.<\/strong><\/p>\n<p>Ha\u015fmet i\u015fledi\u011fi cinayeti Alper&#8217;e y\u0131kar ve hapse g\u00f6nderir.<\/p>\n<p>Engin, Ezgi&#8217;yi Ha\u015fmet&#8217;in elinden zulm\u00fcnden kurtarmak i\u00e7in Alper&#8217;i \u00f6ld\u00fcrmeyi kabul eder. Leyla&#8217;n\u0131n babas\u0131 Salih, Ha\u015fmet&#8217;i yok etmek i\u00e7in teke tek bulu\u015fur. Ha\u015fmet bu, \u015feytan gibi adam, resmen hayat\u0131n\u0131 sigorta etmi\u015ftir. Kanatlar\u0131 alt\u0131nda doyurdu\u011fu bir s\u00fcr\u00fc adam\u0131, Ha\u015fmet&#8217;in \u00f6ld\u00fcr\u00fclmesi, vadesi d\u0131\u015f\u0131nda \u00f6l\u00fcm\u00fc halinde ba\u015fta, Leyla, o\u011flu, Alper ve t\u00fcm etraf\u0131ndakiler \u00f6ld\u00fcr\u00fclecektir. Salih&#8217;in eli kolu ba\u011flan\u0131r. O\u011flu Hakverdi de \u00e7aresiz kal\u0131r. Salih odas\u0131nda kendisini asmaya \u00e7al\u0131\u015f\u0131rken, k\u0131z\u0131 Leyla ve o\u011flu Hakverdi kurtar\u0131r.<\/p>\n<p><img loading=\"lazy\" decoding=\"async\" class=\"alignnone size-full wp-image-17611\" src=\"http:\/\/balcilar-blog.com\/wp-content\/uploads\/2017\/02\/Ekran-Al\u0131nt\u0131s\u0131BSA.FN_.4.jpg\" alt=\"Ekran Al\u0131nt\u0131s\u0131BSA.FN.4\" width=\"640\" height=\"373\" srcset=\"https:\/\/balcilar-blog.com\/wp-content\/uploads\/2017\/02\/Ekran-Al\u0131nt\u0131s\u0131BSA.FN_.4.jpg 640w, https:\/\/balcilar-blog.com\/wp-content\/uploads\/2017\/02\/Ekran-Al\u0131nt\u0131s\u0131BSA.FN_.4-300x175.jpg 300w\" sizes=\"auto, (max-width: 640px) 100vw, 640px\" \/><\/p>\n<p>Ye\u011fenleri Eyl\u00fcl ve karde\u015fi amcalar\u0131n\u0131n hapse girmesiyle y\u0131k\u0131l\u0131rlar. Karde\u015fi Suzan da \u00f6yle&#8230;<\/p>\n<p><img loading=\"lazy\" decoding=\"async\" class=\"alignnone size-full wp-image-17609\" src=\"http:\/\/balcilar-blog.com\/wp-content\/uploads\/2017\/02\/Ekran-Al\u0131nt\u0131s\u0131BSA.FN_.2.jpg\" alt=\"Ekran Al\u0131nt\u0131s\u0131BSA.FN.2\" width=\"640\" height=\"369\" srcset=\"https:\/\/balcilar-blog.com\/wp-content\/uploads\/2017\/02\/Ekran-Al\u0131nt\u0131s\u0131BSA.FN_.2.jpg 640w, https:\/\/balcilar-blog.com\/wp-content\/uploads\/2017\/02\/Ekran-Al\u0131nt\u0131s\u0131BSA.FN_.2-300x173.jpg 300w\" sizes=\"auto, (max-width: 640px) 100vw, 640px\" \/><\/p>\n<p>Canan da, Leyla&#8217;ya annesi oldu\u011funu hala s\u00f6yleyememi\u015f, \u00a0Salih&#8217;in kar\u0131s\u0131 Ayla taraf\u0131ndan da \u015fantaj yap\u0131lmakta, susmak i\u00e7in para istemektedir. Ha\u015fmet Canan&#8217;\u0131n evine gelir.<\/p>\n<p>Engin \u00e7aresiz kal\u0131r, kendini y\u0131rtar, deniz k\u0131y\u0131s\u0131na, u\u00e7urumlara gelir. Hayk\u0131r\u0131r, a\u011flar, intihar etmeyi bile d\u00fc\u015f\u00fcn\u00fcr ama yapamaz. Alper karde\u015fi gibi sevdi\u011fi, can dostudur, onu nas\u0131l k\u0131yar. Di\u011fer tarafta \u00e7ok sevdi\u011fi, evlenmeyi d\u00fc\u015f\u00fcnd\u00fc\u011f\u00fc Ezgi vard\u0131r. G\u00f6z\u00fc d\u00f6nm\u00fc\u015f Ha\u015fmet onu da yok ederdi.<\/p>\n<p><img loading=\"lazy\" decoding=\"async\" class=\"alignnone size-full wp-image-17608\" src=\"http:\/\/balcilar-blog.com\/wp-content\/uploads\/2017\/02\/Ekran-Al\u0131nt\u0131s\u0131BSA.FN_.1.jpg\" alt=\"Ekran Al\u0131nt\u0131s\u0131BSA.FN.1\" width=\"640\" height=\"362\" srcset=\"https:\/\/balcilar-blog.com\/wp-content\/uploads\/2017\/02\/Ekran-Al\u0131nt\u0131s\u0131BSA.FN_.1.jpg 640w, https:\/\/balcilar-blog.com\/wp-content\/uploads\/2017\/02\/Ekran-Al\u0131nt\u0131s\u0131BSA.FN_.1-300x170.jpg 300w\" sizes=\"auto, (max-width: 640px) 100vw, 640px\" \/><\/p>\n<p>Ha\u015fmet, hafta sonu nikah yapmay\u0131 Leyla ile evlenmeyi planlar, arkas\u0131ndan balay\u0131. \u00a0Ha\u015fmet, b\u00fct\u00fcn planlar\u0131n\u0131 Canan&#8217;a anlat\u0131r. Canan onu konu\u015fturmay\u0131, itiraflar\u0131n\u0131 kamera kayd\u0131na almay\u0131 planlar. Leyla da gelince konu\u015fturamaz. Leyla&#8217;y\u0131 da al\u0131r ve gider.<\/p>\n<p>Ha\u015fmet, Leyla&#8217;y\u0131 evlili\u011fe mecbur eder, Ezgi&#8217;nin de hayat\u0131 Leyla&#8217;n\u0131n karar\u0131na ba\u011fl\u0131d\u0131r.<\/p>\n<p>Alper, hapishanede kendisini iyi tan\u0131yan, lokantalar\u0131ndan art\u0131klar\u0131 toplayan bir adamla tan\u0131\u015f\u0131r. Ve o adam ona yard\u0131m edecektir.<\/p>\n<p>Canan Leyla i\u00e7in (k\u0131z\u0131 i\u00e7in) her eyi yapmaya kararl\u0131d\u0131r. Ben bitti demeden bitmez der ve Leyla&#8217;ya \u00fcmit olur.<\/p>\n<p><img loading=\"lazy\" decoding=\"async\" class=\"alignnone size-full wp-image-17610\" src=\"http:\/\/balcilar-blog.com\/wp-content\/uploads\/2017\/02\/Ekran-Al\u0131nt\u0131s\u0131BSA.FN_.3.jpg\" alt=\"Ekran Al\u0131nt\u0131s\u0131BSA.FN.3\" width=\"640\" height=\"359\" srcset=\"https:\/\/balcilar-blog.com\/wp-content\/uploads\/2017\/02\/Ekran-Al\u0131nt\u0131s\u0131BSA.FN_.3.jpg 640w, https:\/\/balcilar-blog.com\/wp-content\/uploads\/2017\/02\/Ekran-Al\u0131nt\u0131s\u0131BSA.FN_.3-300x168.jpg 300w\" sizes=\"auto, (max-width: 640px) 100vw, 640px\" \/><\/p>\n<p>Alper&#8217;i \u00f6nce k\u0131z\u0131 \u00c7i\u00e7ek ve annesi, sonra da Leyla ziyaret eder. Alper, k\u0131z\u0131n\u0131 pek bir \u015fey belli etmez. Leyla&#8217;y\u0131 k\u0131zg\u0131nl\u0131kla, beni \u00f6ld\u00fcrd\u00fcn, der. Leyla kahrolarak, g\u00f6zya\u015flar\u0131 ile hapishane ziyaretinden ayr\u0131l\u0131r.<\/p>\n<p>Daha sonra da Engin ziyarete gider, Alper Ha\u015fmet&#8217;in Engin&#8217;den ne istedi\u011fini biliyordur. Evet karde\u015fim diye tasdik eder. Bu veda konu\u015fmas\u0131 gibi olur.<\/p>\n<p><img loading=\"lazy\" decoding=\"async\" class=\"alignnone size-full wp-image-17623\" src=\"http:\/\/balcilar-blog.com\/wp-content\/uploads\/2017\/02\/Ekran-Al\u0131nt\u0131s\u0131BSA.FNL_.5.jpg\" alt=\"Ekran Al\u0131nt\u0131s\u0131BSA.FNL.5\" width=\"640\" height=\"363\" srcset=\"https:\/\/balcilar-blog.com\/wp-content\/uploads\/2017\/02\/Ekran-Al\u0131nt\u0131s\u0131BSA.FNL_.5.jpg 640w, https:\/\/balcilar-blog.com\/wp-content\/uploads\/2017\/02\/Ekran-Al\u0131nt\u0131s\u0131BSA.FNL_.5-300x170.jpg 300w\" sizes=\"auto, (max-width: 640px) 100vw, 640px\" \/><\/p>\n<p>Ha\u015fmet&#8217;in de dahil oldu\u011fu bu son aile yeme\u011fi olur. Yemekte so\u011fuk r\u00fczgarlar eser. Ayla Han\u0131m ileri geri konu\u015fur. Ha\u015fmet hafta sonu d\u00fc\u011f\u00fcn\u00fc olu\u011funu s\u00f6yler.<\/p>\n<p><img loading=\"lazy\" decoding=\"async\" class=\"alignnone size-full wp-image-17624\" src=\"http:\/\/balcilar-blog.com\/wp-content\/uploads\/2017\/02\/Ekran-Al\u0131nt\u0131s\u0131BSA.FNL_.6.jpg\" alt=\"Ekran Al\u0131nt\u0131s\u0131BSA.FNL.6\" width=\"640\" height=\"364\" srcset=\"https:\/\/balcilar-blog.com\/wp-content\/uploads\/2017\/02\/Ekran-Al\u0131nt\u0131s\u0131BSA.FNL_.6.jpg 640w, https:\/\/balcilar-blog.com\/wp-content\/uploads\/2017\/02\/Ekran-Al\u0131nt\u0131s\u0131BSA.FNL_.6-300x171.jpg 300w\" sizes=\"auto, (max-width: 640px) 100vw, 640px\" \/><\/p>\n<p>Yeme\u011fi Leyla terk eder. Canan k\u0131z\u0131 Leyla&#8217;y\u0131 bu beladan kurtarmak i\u00e7in adeta \u00e7\u0131rp\u0131n\u0131r. Leyla, ne a\u015fk\u0131ma sahip \u00e7\u0131kabildim, ne de dostum Ezgi&#8217;ye&#8230;.<\/p>\n<p>Alper&#8217;in son ziyaret\u00e7isi Ha\u015fmet&#8217;tir. Alper g\u00f6r\u00fc\u015fmeye kelep\u00e7e ile \u00e7\u0131kart\u0131l\u0131r. Aralar\u0131nda \u00e7ok ac\u0131 ve sert konu\u015fmalar ge\u00e7er. \u00a0Ha\u015fmet, sen benim sevdi\u011fim kad\u0131n\u0131 ald\u0131n. Akl\u0131n\u0131 \u00e7elsin. Aralar\u0131nda kavga \u00e7\u0131kar, n\u00f6bet\u00e7iler m\u00fcdahale eder.<\/p>\n<p><img loading=\"lazy\" decoding=\"async\" class=\"alignnone size-full wp-image-17612\" src=\"http:\/\/balcilar-blog.com\/wp-content\/uploads\/2017\/02\/Ekran-Al\u0131nt\u0131s\u0131BSA.FN_.7.jpg\" alt=\"Ekran Al\u0131nt\u0131s\u0131BSA.FN.7\" width=\"640\" height=\"363\" srcset=\"https:\/\/balcilar-blog.com\/wp-content\/uploads\/2017\/02\/Ekran-Al\u0131nt\u0131s\u0131BSA.FN_.7.jpg 640w, https:\/\/balcilar-blog.com\/wp-content\/uploads\/2017\/02\/Ekran-Al\u0131nt\u0131s\u0131BSA.FN_.7-300x170.jpg 300w\" sizes=\"auto, (max-width: 640px) 100vw, 640px\" \/><\/p>\n<p>Ha\u015fmet, Alper Leyla bana emanet der ve \u00e7eker gider. O \u00f6fke ile Alper ko\u011fu\u015fa girer, y\u0131kar ge\u00e7er. Kavga \u00e7\u0131kar, yumrukla\u015f\u0131rlar. M\u00fcebbet hapis cezal\u0131 mahkum \u00e7eker \u00e7ak\u0131s\u0131n\u0131 Alper&#8217;i karn\u0131ndan b\u0131\u00e7aklar. Kan revan i\u00e7in de hastaneye kald\u0131r\u0131l\u0131r. Hastanede \u00f6l\u00fcr. Herkes kahrolur, Suzan, Eyl\u00fcl ve karde\u015fi hastaneyi aya\u011fa kald\u0131r\u0131rlar.<\/p>\n<p>Leyla&#8217;y\u0131 gelinlik al\u0131rken Canan ile beraberdir. Engin arar ve Canan&#8217;a Alper&#8217;in \u00f6ld\u00fc\u011f\u00fcn\u00fc s\u00f6yler. Ac\u0131 haberi alan Leyla \u00fcst\u00fcndeki prova gelinli\u011fi ile soka\u011fa f\u0131rlar. Pe\u015finden Cana ko\u015far.<\/p>\n<p><img loading=\"lazy\" decoding=\"async\" class=\"alignnone size-full wp-image-17613\" src=\"http:\/\/balcilar-blog.com\/wp-content\/uploads\/2017\/02\/Ekran-Al\u0131nt\u0131s\u0131BSA.FN_.8.jpg\" alt=\"Ekran Al\u0131nt\u0131s\u0131BSA.FN.8\" width=\"640\" height=\"368\" srcset=\"https:\/\/balcilar-blog.com\/wp-content\/uploads\/2017\/02\/Ekran-Al\u0131nt\u0131s\u0131BSA.FN_.8.jpg 640w, https:\/\/balcilar-blog.com\/wp-content\/uploads\/2017\/02\/Ekran-Al\u0131nt\u0131s\u0131BSA.FN_.8-300x173.jpg 300w\" sizes=\"auto, (max-width: 640px) 100vw, 640px\" \/><\/p>\n<p>Burak day\u0131s\u0131 ile konu\u015fur, Alper&#8217;in \u00f6ld\u00fc\u011f\u00fcn\u00fc \u00f6\u011frenir. Bana s\u00f6z vermi\u015ftin, ben sana yard\u0131m ettim, dokunmayacakt\u0131n. Kar\u0131s\u0131 Eyl\u00fcl&#8217;\u00fc arar. Engin Alper&#8217;in evine gider, ac\u0131 haberi bu defa karde\u015fi Suzan ve ye\u011fenleri \u00f6\u011frenir. Ortal\u0131k yang\u0131n yeri gibi olur.<\/p>\n<p>Herkes hastanededir. Eyl\u00fcl, defol git buradan diyerek kocas\u0131 Burak&#8217;\u0131 hastaneden kovalar. Ha\u015fmet de gelir, morgda y\u00fcz\u00fcn\u00fc a\u00e7ar bakar. &#8220;Zor da olsa \u00f6\u011frendin Alper, her zaman son s\u00f6z\u00fc ben s\u00f6ylerim.&#8221; diyerek f\u0131s\u0131ldar. \u00a0Ha\u015fmet de \u00f6ld\u00fc\u011f\u00fcn\u00fc, g\u00f6zleriyle g\u00f6rm\u00fc\u015ft\u00fcr.<\/p>\n<p><img loading=\"lazy\" decoding=\"async\" class=\"alignnone size-full wp-image-17625\" src=\"http:\/\/balcilar-blog.com\/wp-content\/uploads\/2017\/02\/Ekran-Al\u0131nt\u0131s\u0131BSA.FNL_.9.jpg\" alt=\"Ekran Al\u0131nt\u0131s\u0131BSA.FNL.9\" width=\"640\" height=\"366\" srcset=\"https:\/\/balcilar-blog.com\/wp-content\/uploads\/2017\/02\/Ekran-Al\u0131nt\u0131s\u0131BSA.FNL_.9.jpg 640w, https:\/\/balcilar-blog.com\/wp-content\/uploads\/2017\/02\/Ekran-Al\u0131nt\u0131s\u0131BSA.FNL_.9-300x172.jpg 300w\" sizes=\"auto, (max-width: 640px) 100vw, 640px\" \/><\/p>\n<p>\u00c7\u0131k\u0131\u015fta Engin&#8217;e ben do\u011fruyu siz yanl\u0131\u015f\u0131 se\u00e7tiniz. Hala y\u00fcz\u00fcme bakabildi\u011fine \u015f\u00fckret. Engin; &#8220;Ezgi olmasayd\u0131, Alper&#8217;in yerinde yatan olmay\u0131 tercih ederdim.&#8221; Alper&#8217;in cenaze g\u00fcn\u00fc, Ha\u015fmet&#8217;in nikah g\u00fcn\u00fcd\u00fcr.<\/p>\n<p>Nikah g\u00fcn\u00fc gelmi\u015f \u00e7atm\u0131\u015ft\u0131r. Ha\u015fmet Leyla&#8217;y\u0131 foto\u011fraf i\u00e7in haz\u0131rlanmas\u0131n\u0131 s\u00f6yler. Ezgi&#8217;nin sa\u011f oldu\u011funu resmini Leyla&#8217;ya g\u00f6sterir. Leyla Ha\u015fmet&#8217;e ya\u015fad\u0131\u011f\u0131 m\u00fcddet\u00e7e hi\u00e7 sevmeyece\u011fini s\u00f6yler.<\/p>\n<p>Canan Han\u0131m, Leyla&#8217;n\u0131n yan\u0131na gelir. Ona moral vermeye \u00e7al\u0131\u015f\u0131r.<\/p>\n<p><img loading=\"lazy\" decoding=\"async\" class=\"alignnone size-full wp-image-17614\" src=\"http:\/\/balcilar-blog.com\/wp-content\/uploads\/2017\/02\/Ekran-Al\u0131nt\u0131s\u0131BSA.FN_.10.jpg\" alt=\"Ekran Al\u0131nt\u0131s\u0131BSA.FN.10\" width=\"640\" height=\"383\" srcset=\"https:\/\/balcilar-blog.com\/wp-content\/uploads\/2017\/02\/Ekran-Al\u0131nt\u0131s\u0131BSA.FN_.10.jpg 640w, https:\/\/balcilar-blog.com\/wp-content\/uploads\/2017\/02\/Ekran-Al\u0131nt\u0131s\u0131BSA.FN_.10-300x180.jpg 300w\" sizes=\"auto, (max-width: 640px) 100vw, 640px\" \/><\/p>\n<p>Canan, elinde 2 kadeh ile Ha\u015fmet&#8217;in odas\u0131na gelir. Kravat\u0131n\u0131 ba\u011flamas\u0131na yard\u0131m eder. Bekarl\u0131k i\u00e7kisini yudumlarlar. \u00a0O s\u0131rada Leyla&#8217;n\u0131n kap\u0131s\u0131 \u00e7alar. \u0130\u00e7eri Alper girer. Ve ger\u00e7ektir.<\/p>\n<p><img loading=\"lazy\" decoding=\"async\" class=\"alignnone size-medium wp-image-17615\" src=\"http:\/\/balcilar-blog.com\/wp-content\/uploads\/2017\/02\/Ekran-Al\u0131nt\u0131s\u0131BSA.FN_.11-300x203.jpg\" alt=\"Ekran Al\u0131nt\u0131s\u0131BSA.FN.11\" width=\"300\" height=\"203\" srcset=\"https:\/\/balcilar-blog.com\/wp-content\/uploads\/2017\/02\/Ekran-Al\u0131nt\u0131s\u0131BSA.FN_.11-300x203.jpg 300w, https:\/\/balcilar-blog.com\/wp-content\/uploads\/2017\/02\/Ekran-Al\u0131nt\u0131s\u0131BSA.FN_.11.jpg 640w\" sizes=\"auto, (max-width: 300px) 100vw, 300px\" \/>\u00a0<img loading=\"lazy\" decoding=\"async\" class=\"alignnone size-medium wp-image-17616\" src=\"http:\/\/balcilar-blog.com\/wp-content\/uploads\/2017\/02\/Ekran-Al\u0131nt\u0131s\u0131BSA.FN_.11A-300x191.jpg\" alt=\"Ekran Al\u0131nt\u0131s\u0131BSA.FN.11A\" width=\"300\" height=\"191\" srcset=\"https:\/\/balcilar-blog.com\/wp-content\/uploads\/2017\/02\/Ekran-Al\u0131nt\u0131s\u0131BSA.FN_.11A-300x191.jpg 300w, https:\/\/balcilar-blog.com\/wp-content\/uploads\/2017\/02\/Ekran-Al\u0131nt\u0131s\u0131BSA.FN_.11A.jpg 640w\" sizes=\"auto, (max-width: 300px) 100vw, 300px\" \/><\/p>\n<p>Engin&#8217;in Alper&#8217;e ziyaretinde bu plan\u0131 yaparlar. Alper&#8217;in \u00f6lmesi i\u00e7in, Engin, hapisteki dostu ve di\u011fer mahkumlar bu senaryoda figuran olarak oynarlar. Verilen bir ila\u00e7la, Alper&#8217;in kalbi ve nabz\u0131 durma noktas\u0131na gelir. Bu plan\u0131 Engin, Suzan ve Canan biliyordur. Gayet inand\u0131r\u0131c\u0131 bir oyun oynam\u0131\u015ft\u0131r.<\/p>\n<p><img loading=\"lazy\" decoding=\"async\" class=\"alignnone size-full wp-image-17617\" src=\"http:\/\/balcilar-blog.com\/wp-content\/uploads\/2017\/02\/Ekran-Al\u0131nt\u0131s\u0131BSA.FN_.12.jpg\" alt=\"Ekran Al\u0131nt\u0131s\u0131BSA.FN.12\" width=\"640\" height=\"376\" srcset=\"https:\/\/balcilar-blog.com\/wp-content\/uploads\/2017\/02\/Ekran-Al\u0131nt\u0131s\u0131BSA.FN_.12.jpg 640w, https:\/\/balcilar-blog.com\/wp-content\/uploads\/2017\/02\/Ekran-Al\u0131nt\u0131s\u0131BSA.FN_.12-300x176.jpg 300w\" sizes=\"auto, (max-width: 640px) 100vw, 640px\" \/><\/p>\n<p>Son tangoyu Canan oynar. Alper, Engin ve Canan depoda bulu\u015fur. Ha\u015fmeti ortadan kald\u0131rma plan\u0131n\u0131 da kimse \u015f\u00fcphe etmeden, do\u011fal yolla kalp krizi te\u015fhisi ile \u00f6lecektir. \u0130ki-\u00fc\u00e7 damlay\u0131 da Canan Han\u0131m organize eder. Ha\u015fmet&#8217;i sevdi\u011fini, s\u00f6yleyemedi\u011fini kay\u0131p k\u0131z\u0131n\u0131n da Leyla oldu\u011funu s\u00f6yler. Bunlar\u0131 duyan Ha\u015fmet, birlikte i\u00e7tikleri i\u00e7ki sonunda kalp krizi ge\u00e7irirken gelen Alper; &#8220;Hikayemiz senin d\u00fc\u011f\u00fcn haz\u0131rl\u0131\u011f\u0131nda ba\u015flad\u0131, senin d\u00fc\u011f\u00fcn haz\u0131rl\u0131\u011f\u0131nda bitecekmi\u015f.&#8221;<\/p>\n<p><img loading=\"lazy\" decoding=\"async\" class=\"alignnone size-full wp-image-17618\" src=\"http:\/\/balcilar-blog.com\/wp-content\/uploads\/2017\/02\/Ekran-Al\u0131nt\u0131s\u0131BSA.FN_.13.jpg\" alt=\"Ekran Al\u0131nt\u0131s\u0131BSA.FN.13\" width=\"640\" height=\"374\" srcset=\"https:\/\/balcilar-blog.com\/wp-content\/uploads\/2017\/02\/Ekran-Al\u0131nt\u0131s\u0131BSA.FN_.13.jpg 640w, https:\/\/balcilar-blog.com\/wp-content\/uploads\/2017\/02\/Ekran-Al\u0131nt\u0131s\u0131BSA.FN_.13-300x175.jpg 300w\" sizes=\"auto, (max-width: 640px) 100vw, 640px\" \/><\/p>\n<p>Ve Ha\u015fmet k\u0131vranarak \u00f6l\u00fcr. A\u00e7\u0131k kalan g\u00f6z kapaklar\u0131n\u0131 kapatmak, Canan&#8217;a d\u00fc\u015fer.<\/p>\n<p><img loading=\"lazy\" decoding=\"async\" class=\"alignnone size-full wp-image-17619\" src=\"http:\/\/balcilar-blog.com\/wp-content\/uploads\/2017\/02\/Ekran-Al\u0131nt\u0131s\u0131BSA.FN_.14.jpg\" alt=\"Ekran Al\u0131nt\u0131s\u0131BSA.FN.14\" width=\"640\" height=\"366\" srcset=\"https:\/\/balcilar-blog.com\/wp-content\/uploads\/2017\/02\/Ekran-Al\u0131nt\u0131s\u0131BSA.FN_.14.jpg 640w, https:\/\/balcilar-blog.com\/wp-content\/uploads\/2017\/02\/Ekran-Al\u0131nt\u0131s\u0131BSA.FN_.14-300x172.jpg 300w\" sizes=\"auto, (max-width: 640px) 100vw, 640px\" \/><\/p>\n<p>Ertesi g\u00fcn mezar\u0131na defnedilir. Gene herkes oradad\u0131r. Salih&#8217;in kar\u0131s\u0131 Ayla alaca\u011f\u0131 paran\u0131n pe\u015findedir. Canan Han\u0131ma sana verdi\u011fim m\u00fchlet doldu. Leyla&#8217;ya k\u0131z\u0131 oldu\u011funu s\u00f6yleyecektir. Canan Han\u0131m Leyla&#8217;y\u0131 kenara \u00e7eker. Annesi oldu\u011funu s\u00f6yleyecektir. Mezarl\u0131klar ac\u0131 yeridir ya, Leyla \u015fimdi k\u0131zmam s\u00f6yleyin hadi&#8230; Canan; &#8220;Ben senin annenim.&#8221; Leyla; Hortlak g\u00f6rm\u00fc\u015f gibi hi\u00e7 konu\u015fmaz, Canan Han\u0131m\u0131n y\u00fcz\u00fcne bakar.<\/p>\n<p><img loading=\"lazy\" decoding=\"async\" class=\"alignnone size-full wp-image-17620\" src=\"http:\/\/balcilar-blog.com\/wp-content\/uploads\/2017\/02\/Ekran-Al\u0131nt\u0131s\u0131BSA.FN_.15.jpg\" alt=\"Ekran Al\u0131nt\u0131s\u0131BSA.FN.15\" width=\"640\" height=\"372\" srcset=\"https:\/\/balcilar-blog.com\/wp-content\/uploads\/2017\/02\/Ekran-Al\u0131nt\u0131s\u0131BSA.FN_.15.jpg 640w, https:\/\/balcilar-blog.com\/wp-content\/uploads\/2017\/02\/Ekran-Al\u0131nt\u0131s\u0131BSA.FN_.15-300x174.jpg 300w\" sizes=\"auto, (max-width: 640px) 100vw, 640px\" \/><\/p>\n<p>Leyla, annesi Canan ile 6 ay konu\u015fmaz ve g\u00f6rmez.<\/p>\n<p>6 Ay ge\u00e7mi\u015ftir. Mutluluktan herkes havalan\u0131r. Engin ve Ezgin&#8217;in balay\u0131ndan R\u00fczgar&#8217;\u0131n do\u011fum g\u00fcn\u00fc \u015fark\u0131s\u0131n\u0131 telefondan s\u00f6ylerler ve tebriklerini yollarlar.<\/p>\n<p>Bu mutlu g\u00fcne Canan Han\u0131m da kat\u0131l\u0131r. Leyla annesini kap\u0131y\u0131 a\u00e7ar, ho\u015f Geldin. der. Ve ilk defa, anne der. Anne-k\u0131z sar\u0131l\u0131rlar.<\/p>\n<p><img loading=\"lazy\" decoding=\"async\" class=\"alignnone size-full wp-image-17621\" src=\"http:\/\/balcilar-blog.com\/wp-content\/uploads\/2017\/02\/Ekran-Al\u0131nt\u0131s\u0131BSA.FN_.16.jpg\" alt=\"Ekran Al\u0131nt\u0131s\u0131BSA.FN.16\" width=\"640\" height=\"378\" srcset=\"https:\/\/balcilar-blog.com\/wp-content\/uploads\/2017\/02\/Ekran-Al\u0131nt\u0131s\u0131BSA.FN_.16.jpg 640w, https:\/\/balcilar-blog.com\/wp-content\/uploads\/2017\/02\/Ekran-Al\u0131nt\u0131s\u0131BSA.FN_.16-300x177.jpg 300w\" sizes=\"auto, (max-width: 640px) 100vw, 640px\" \/><\/p>\n<p>Alper, R\u00fczgar&#8217;\u0131n pastas\u0131n\u0131 getirir \u00a0ve hep birlikte selfie resmi \u00e7ekilirler.<\/p>\n<p><img loading=\"lazy\" decoding=\"async\" class=\"alignnone size-full wp-image-17622\" src=\"http:\/\/balcilar-blog.com\/wp-content\/uploads\/2017\/02\/Ekran-Al\u0131nt\u0131s\u0131BSA.FN_.17.jpg\" alt=\"Ekran Al\u0131nt\u0131s\u0131BSA.FN.17\" width=\"640\" height=\"380\" srcset=\"https:\/\/balcilar-blog.com\/wp-content\/uploads\/2017\/02\/Ekran-Al\u0131nt\u0131s\u0131BSA.FN_.17.jpg 640w, https:\/\/balcilar-blog.com\/wp-content\/uploads\/2017\/02\/Ekran-Al\u0131nt\u0131s\u0131BSA.FN_.17-300x178.jpg 300w\" sizes=\"auto, (max-width: 640px) 100vw, 640px\" \/><\/p>\n<p>Ve burada bu g\u00fczel dizimiz de mutlu sonla biter. Ancak bu dizi bitmemeli, devam etmeliydi. Yanl\u0131\u015f g\u00fcnde olmas\u0131 diziyi reyting kurban\u0131 yapt\u0131. Sezon sonuna kadar devam edebilirdi.<\/p>\n<p>\u0130yiler \u00f6d\u00fcllerini, k\u00f6t\u00fcler de hep cezalar\u0131n\u0131 almas\u0131 dileklerimle&#8230;<\/p>\n<p>Bu g\u00fczel yap\u0131m i\u00e7in, ba\u015fta Kadir Do\u011fulu, Seda Bakan, Mustafa \u00dcst\u00fcnda\u011f ve t\u00fcm oyuncu kadrosu ve y\u00f6netmenimiz Mesude Eraslan Tekin ve de Ay Yap\u0131m &#8211; Pelin Di\u015fta\u015f Ya\u015faro\u011flu ve Kerem \u00c7atay&#8217;a \u00e7ok te\u015fekk\u00fcrler.<\/p>\n<p>Sayg\u0131lar ve sevgiler.<\/p>\n<p>Abdurrahman Balc\u0131lar<\/p>\n<p>Twitter:\u00a0<a href=\"https:\/\/twitter.com\/abbalcilar\">abdurrahman balc\u0131lar<\/a><a href=\"https:\/\/twitter.com\/abbalcilar\"><strong>@abbalcilar<\/strong><\/a><\/p>\n<p>Mail :\u00a0<a href=\"mailto:ab.balcilar@hotmail.com\">ab.balcilar@hotmail.com<\/a><\/p>\n<p>Blog:\u00a0<a href=\"http:\/\/t.co\/znqmIZgIqn\">blog.milliyet.com.tr\/cansever<\/a><\/p>\n<p>Blog:\u00a0<strong>balcilar-blog.com<\/strong><\/p>\n<p>&nbsp;<\/p>\n<p>&nbsp;<\/p>\n<p>&nbsp;<\/p>\n","protected":false},"excerpt":{"rendered":"<p>Bana Sevmeyi Anlat 22.B\u00f6l\u00fcmde final yapt\u0131 ve bitti. Benim ilgi ile izledi\u011fim bir diziydi. Pazartesi ak\u015famlar\u0131 TV&#8217;den &#8220;\u0130\u00e7erde&#8221; dizisini izledi\u011fim i\u00e7in ancak internetten seyredebildim. Bana g\u00f6re reyting kurban\u0131 oldu&#8230; Ba\u015flad\u0131\u011f\u0131 ilk g\u00fcnden Pazartesi g\u00fcnleri kurtlar sofras\u0131nda yem olaca\u011f\u0131 belliydi. K\u0131rg\u0131n \u00c7i\u00e7ekler, Parampar\u00e7a zaten pazartesinin en seyredilen dizileriydi. 19 Eyl\u00fcl&#8217;de \u0130\u00e7erde gibi s\u00fcper bir dizi de [&hellip;]<\/p>\n","protected":false},"author":3,"featured_media":17618,"comment_status":"open","ping_status":"open","sticky":false,"template":"","format":"standard","meta":{"footnotes":""},"categories":[2],"tags":[26,1206,118,39,1347,95,1025],"class_list":["post-17605","post","type-post","status-publish","format-standard","has-post-thumbnail","hentry","category-tv-programlari","tag-ay-yapim","tag-bana-sevmeyi-anlat","tag-kadir-dogulu","tag-kerem-catay","tag-mesude-eraslan-tekin","tag-mustafa-ustundag","tag-seda-bakan"],"views":4001,"blog_post_layout_featured_media_urls":{"thumbnail":["https:\/\/balcilar-blog.com\/wp-content\/uploads\/2017\/02\/Ekran-Al\u0131nt\u0131s\u0131BSA.FN_.13-150x150.jpg",150,150,true],"full":["https:\/\/balcilar-blog.com\/wp-content\/uploads\/2017\/02\/Ekran-Al\u0131nt\u0131s\u0131BSA.FN_.13.jpg",640,374,false]},"categories_names":{"2":{"name":"TV Programlar\u0131","link":"https:\/\/balcilar-blog.com\/?cat=2"}},"tags_names":{"26":{"name":"Ay Yap\u0131m","link":"https:\/\/balcilar-blog.com\/?tag=ay-yapim"},"1206":{"name":"Bana Sevmeyi Anlat","link":"https:\/\/balcilar-blog.com\/?tag=bana-sevmeyi-anlat"},"118":{"name":"Kadir Do\u011fulu","link":"https:\/\/balcilar-blog.com\/?tag=kadir-dogulu"},"39":{"name":"Kerem \u00c7atay","link":"https:\/\/balcilar-blog.com\/?tag=kerem-catay"},"1347":{"name":"Mesude Eraslan Tekin","link":"https:\/\/balcilar-blog.com\/?tag=mesude-eraslan-tekin"},"95":{"name":"Mustafa \u00dcst\u00fcnda\u011f","link":"https:\/\/balcilar-blog.com\/?tag=mustafa-ustundag"},"1025":{"name":"Seda Bakan","link":"https:\/\/balcilar-blog.com\/?tag=seda-bakan"}},"comments_number":"0","wpmagazine_modules_lite_featured_media_urls":{"thumbnail":["https:\/\/balcilar-blog.com\/wp-content\/uploads\/2017\/02\/Ekran-Al\u0131nt\u0131s\u0131BSA.FN_.13-150x150.jpg",150,150,true],"cvmm-medium":["https:\/\/balcilar-blog.com\/wp-content\/uploads\/2017\/02\/Ekran-Al\u0131nt\u0131s\u0131BSA.FN_.13.jpg",300,175,false],"cvmm-medium-plus":["https:\/\/balcilar-blog.com\/wp-content\/uploads\/2017\/02\/Ekran-Al\u0131nt\u0131s\u0131BSA.FN_.13.jpg",305,178,false],"cvmm-portrait":["https:\/\/balcilar-blog.com\/wp-content\/uploads\/2017\/02\/Ekran-Al\u0131nt\u0131s\u0131BSA.FN_.13.jpg",400,234,false],"cvmm-medium-square":["https:\/\/balcilar-blog.com\/wp-content\/uploads\/2017\/02\/Ekran-Al\u0131nt\u0131s\u0131BSA.FN_.13.jpg",600,351,false],"cvmm-large":["https:\/\/balcilar-blog.com\/wp-content\/uploads\/2017\/02\/Ekran-Al\u0131nt\u0131s\u0131BSA.FN_.13.jpg",640,374,false],"cvmm-small":["https:\/\/balcilar-blog.com\/wp-content\/uploads\/2017\/02\/Ekran-Al\u0131nt\u0131s\u0131BSA.FN_.13.jpg",130,76,false],"full":["https:\/\/balcilar-blog.com\/wp-content\/uploads\/2017\/02\/Ekran-Al\u0131nt\u0131s\u0131BSA.FN_.13.jpg",640,374,false]},"_links":{"self":[{"href":"https:\/\/balcilar-blog.com\/index.php?rest_route=\/wp\/v2\/posts\/17605","targetHints":{"allow":["GET"]}}],"collection":[{"href":"https:\/\/balcilar-blog.com\/index.php?rest_route=\/wp\/v2\/posts"}],"about":[{"href":"https:\/\/balcilar-blog.com\/index.php?rest_route=\/wp\/v2\/types\/post"}],"author":[{"embeddable":true,"href":"https:\/\/balcilar-blog.com\/index.php?rest_route=\/wp\/v2\/users\/3"}],"replies":[{"embeddable":true,"href":"https:\/\/balcilar-blog.com\/index.php?rest_route=%2Fwp%2Fv2%2Fcomments&post=17605"}],"version-history":[{"count":5,"href":"https:\/\/balcilar-blog.com\/index.php?rest_route=\/wp\/v2\/posts\/17605\/revisions"}],"predecessor-version":[{"id":17629,"href":"https:\/\/balcilar-blog.com\/index.php?rest_route=\/wp\/v2\/posts\/17605\/revisions\/17629"}],"wp:featuredmedia":[{"embeddable":true,"href":"https:\/\/balcilar-blog.com\/index.php?rest_route=\/wp\/v2\/media\/17618"}],"wp:attachment":[{"href":"https:\/\/balcilar-blog.com\/index.php?rest_route=%2Fwp%2Fv2%2Fmedia&parent=17605"}],"wp:term":[{"taxonomy":"category","embeddable":true,"href":"https:\/\/balcilar-blog.com\/index.php?rest_route=%2Fwp%2Fv2%2Fcategories&post=17605"},{"taxonomy":"post_tag","embeddable":true,"href":"https:\/\/balcilar-blog.com\/index.php?rest_route=%2Fwp%2Fv2%2Ftags&post=17605"}],"curies":[{"name":"wp","href":"https:\/\/api.w.org\/{rel}","templated":true}]}}