{"id":1760,"date":"2013-12-22T10:15:09","date_gmt":"2013-12-22T08:15:09","guid":{"rendered":"http:\/\/balcilar-blog.com\/?p=1760"},"modified":"2014-05-05T10:17:30","modified_gmt":"2014-05-05T07:17:30","slug":"medcezir-dizisine-gereksiz-suclamalar","status":"publish","type":"post","link":"https:\/\/balcilar-blog.com\/?p=1760","title":{"rendered":"Medcezir dizisine gereksiz su\u00e7lamalar!"},"content":{"rendered":"<div>\n<div>\n<h4>22 Aral\u0131k &#8217;13<\/h4>\n<\/div>\n<\/div>\n<div>\n<dl>\n<dt>Kategori<\/dt>\n<dd><strong><a href=\"http:\/\/blog.milliyet.com.tr\/magazin\/Kategori\/?KategoriNo=312\">Magazin<\/a><\/strong><\/dd>\n<\/dl>\n<div>\n<div><img loading=\"lazy\" decoding=\"async\" alt=\"Medcezir dizisine gereksiz su\u00e7lamalar!\" src=\"http:\/\/iblog.milliyet.com.tr\/imgroot\/blogv7\/Blog333\/2013\/12\/21\/49\/441487-3-4-61f54.jpg\" width=\"333\" height=\"240\" \/><\/p>\n<div><\/div>\n<p>&nbsp;<\/p>\n<\/div>\n<div id=\"BlogDetail\">\n<p>Baz\u0131 eski <a href=\"http:\/\/blog.milliyet.com.tr\/AramaBlog\/?search=AFK\" rel=\"external nofollow\">AFK<\/a> fanlar\u0131, ki bu fanlar daha ziyade yurtd\u0131\u015f\u0131ndan, <a href=\"http:\/\/blog.milliyet.com.tr\/AramaBlog\/?search=Medcezir\" rel=\"external nofollow\">Medcezir<\/a>&#8216; in &#8220;Ad\u0131n\u0131 Feriha koydum&#8221; dizisindeki baz\u0131 sahneleri taklit ediyor diye Sosyal Medyada gereksiz g\u00fcr\u00fclt\u00fc kopar\u0131yorlar. Bunlar gereksiz feryatlar arkada\u015flar. Ben her iki dizinin t\u00fcm b\u00f6l\u00fcmlerini seyretmi\u015f biri olarak s\u00f6yl\u00fcyorum. Yok b\u00f6yle bir \u015fey. Konular bazen birbirlerine benzeyebilir. Her dizde benzer sahneler olabilir.<\/p>\n<p>Feriha&#8217;da Halil Feriha&#8217;y\u0131 ka\u00e7\u0131rm\u0131\u015ft\u0131. Burada da Piyano Hocas\u0131 Tan Mira&#8217; \u0131 ka\u00e7\u0131rd\u0131.\u00a0Olabilir, bu al\u0131nt\u0131 m\u0131 demek. Bir A\u015fk Hikayesi dizisinde, Korkut&#8217;un Karde\u015fi Emine&#8217;yi bir cinsel sap\u0131k hastane g\u00f6revlisi ka\u00e7\u0131rd\u0131. Bu nereden al\u0131nt\u0131. Her filmde yada dizide bu t\u00fcr\u00a0olay sahneleri hep var.<\/p>\n<p>Feriha ile Emir hastane \u00f6n\u00fcnde bankta oturdu. Medcezir de de Mira ile Yaman sahilde bankta oturdu. Bu oradan al\u0131nm\u0131\u015f m\u0131 demek. Orada da iki a\u015f\u0131k, burada da, olamaz m\u0131 yani.<a href=\"http:\/\/www.google.com.tr\/url?sa=i&amp;rct=j&amp;q=&amp;esrc=s&amp;source=images&amp;cd=&amp;cad=rja&amp;docid=AiPAgkLo3IldwM&amp;tbnid=tdeneRbDwL_F0M:&amp;ved=0CAUQjRw&amp;url=http%3A%2F%2Fwww.televizyondizisi.com%2Findex.php%2Fadini-feriha-koydum-dizisi-onumuzdeki-sezonda-devam-ediyor%2F82256%2F29%2F&amp;ei=Ivi1UriFLIec0QWWhIDADQ&amp;bvm=bv.58187178,d.ZGU&amp;psig=AFQjCNHy0D_jUF4nGne9fhmk5uu1xT9RrQ&amp;ust=1387743585932314\" target=\"_blank\" data-ved=\"0CAUQjRw\"><img loading=\"lazy\" decoding=\"async\" alt=\"\" src=\"https:\/\/encrypted-tbn3.gstatic.com\/images?q=tbn:ANd9GcStAQJbMJFj24pmydTM9-iZjajG3lAgcpFJScW5MeIpGuT0-M2T\" width=\"400\" height=\"300\" \/><\/a><\/p>\n<div><\/div>\n<div>Neymi\u015f efendim, Feriha&#8217;da \u00e7al\u0131n\u0131n m\u00fczik par\u00e7alar\u0131, Medcezir&#8217; de de \u00e7al\u0131n\u0131yormu\u015f. Bu al\u0131nt\u0131 m\u0131 demek. Toygar I\u015f\u0131k&#8217;l\u0131 yeteneksiz birimi ki, repertuar\u0131n\u0131 Feriha dizisinden als\u0131n.<\/div>\n<p>Senarist <a href=\"http:\/\/blog.milliyet.com.tr\/AramaBlog\/?search=Ece%20Y%C3%B6ren%C3%A7\" rel=\"external nofollow\">Ece Y\u00f6ren\u00e7<\/a> bu tepkilere cevap verme ihtiyac\u0131 duymu\u015f. Ece Han\u0131m, twitter hesab\u0131ndan &#8220;Medcezir The OC uyarlamas\u0131d\u0131r bir kere daha sevgiyle hat\u0131rlat\u0131yorum&#8221; \u015feklinde bir cevap yazm\u0131\u015f.<\/p>\n<p>Yok Mira elini Yaman&#8217;\u0131n kalbinin \u00fcst\u00fcne koymu\u015f. Feriha da elini koymu\u015ftu. \u0130nsan\u0131n kalbi bir yerde g\u00f6\u011fs\u00fcnde, tabii ki seven el oraya gider ve koyar. Elini nereye koysun.<\/p>\n<p>Demek ki, \u00c7a\u011fatay ve Hazal&#8217;\u0131n\u00a0tek su\u00e7u daha \u00f6nce ayn\u0131 dizide oynam\u0131\u015f olmalar\u0131 m\u0131? Onun i\u00e7in mi aran\u0131yor bu benzerlikler. Ayn\u0131 t\u00fcr sahneler di\u011fer dizilerde de var.<\/p>\n<p>Sayg\u0131de\u011fer arkada\u015flar, biliyorum AFK&#8217; daki \u00a0a\u015fk\u0131 unutmad\u0131n\u0131z. Tad\u0131 damaklar\u0131n\u0131zda, g\u00f6nl\u00fcn\u00fczde, g\u00f6rselleri g\u00f6z\u00fcn\u00fczde kald\u0131. <a href=\"http:\/\/blog.milliyet.com.tr\/AramaBlog\/?search=%C3%87a%C4%9Fatay%20Ulusoy\" rel=\"external nofollow\">\u00c7a\u011fatay Ulusoy<\/a> AFK da ne ise, Medcezir de de o. Sadece rol\u00fc, canland\u0131rd\u0131\u011f\u0131 karakter de\u011fi\u015fti. Feriha&#8217;da Emir, Medcezir de Yaman. Olmayacak duaya amin demeyelim. Ne yapmak istiyorsunuz? Amac\u0131n\u0131z \u00c7a\u011fatay Ulusoy&#8217;un ba\u015farf\u0131l\u0131 olmas\u0131 de\u011fil mi? Pek ala Medcezir&#8217;de de neredeyse ayn\u0131 ba\u015far\u0131y\u0131 elde etti.<\/p>\n<p>O dizide de ba\u015far\u0131l\u0131yd\u0131. Bu dizide Medcezir de de ba\u015far\u0131l\u0131.\u00a0 B\u0131rak\u0131n ge\u00e7mi\u015fi. Medcezir&#8217;i seyrederek tad\u0131n\u0131 \u00e7\u0131kart\u0131n. Bozmay\u0131n \u00c7a\u011fatay&#8217;\u0131n moralini, a\u011fz\u0131n\u0131n tad\u0131n\u0131.<\/p>\n<p>Ben iddia ediyorum ileride bu iki ba\u015far\u0131l\u0131 oyuncumuz yeni bir projede birlikte olacaklar. Siz onlardan bunu isteyin. Biliyorum, zaten istiyorsunuz.<\/p>\n<p>\u00d6n\u00fcm\u00fczdeki yaz aylar\u0131nda, dizileri sezon finali yapt\u0131ktan sonra ayn\u0131 projede bir sinema filminde bir araya gelmeleri i\u00e7in Sosyal medyada sesinizi duyurun. <a href=\"http:\/\/blog.milliyet.com.tr\/AramaBlog\/?search=Hazal%20Kaya\" rel=\"external nofollow\">Hazal Kaya<\/a> ve \u00c7a\u011fatay Ulusoy&#8217;u k\u0131rmadan, d\u00f6kmeden yap\u0131n bu i\u015fi. Biz yazarlar da elimizden gelen deste\u011fi sa\u011flar\u0131z.<\/p>\n<p>\u015eu an Yap\u0131mc\u0131 ve senaristi su\u00e7luyorsunuz benzerlikler var diye. Medcezir&#8217;de oynayan ve de \u00e7ok ba\u015far\u0131l\u0131 olan, hepinizin \u00e7ok sevdi\u011fi \u00c7a\u011fatay Ulusoy&#8217; u da\u00a0istemeyerek de olsa \u00fcz\u00fcyor, k\u0131r\u0131yorsunuz. Benden s\u00f6ylemesi.<\/p>\n<p>Hem Hazal Kaya, hem \u00c7a\u011fatay Ulusoy sevenlerine sesleniyorum, biliyorum her ikisini de seviyor ve be\u011feniyorsunuz. Mant\u0131kl\u0131 olmaya davet ediyorum, unutmay\u0131n onlar\u0131 siz buralara ta\u015f\u0131d\u0131n\u0131z. Buralarda\u00a0kalmalar\u0131 da sizlerin deste\u011fi ile olacakt\u0131r. Desteklemeye devam ediniz.<\/p>\n<p>L\u00fctfen Sezar&#8217;\u0131n hakk\u0131n\u0131 Sezar&#8217;a verelim.<\/p>\n<p>Sayg\u0131lar, sevgiler.<\/p>\n<p>Abdurrahman Balc\u0131lar<\/p>\n<p>Twitter: abdurrahman <a href=\"mailto:balc%C4%B1lar@abbalcilar\" target=\"_blank\">balc\u0131lar@abbalcilar<\/a><\/p>\n<p>Mail : <a href=\"mailto:ab.balcilar@hotmail.com\" target=\"_blank\">ab.balcilar@hotmail.com<\/a><\/p>\n<p>Blog: milliyet.com.tr\/cansever<\/p>\n<\/div>\n<\/div>\n<\/div>\n","protected":false},"excerpt":{"rendered":"<p>22 Aral\u0131k &#8217;13 Kategori Magazin &nbsp; Baz\u0131 eski AFK fanlar\u0131, ki bu fanlar daha ziyade yurtd\u0131\u015f\u0131ndan, Medcezir&#8216; in &#8220;Ad\u0131n\u0131 Feriha koydum&#8221; dizisindeki baz\u0131 sahneleri taklit ediyor diye Sosyal Medyada gereksiz g\u00fcr\u00fclt\u00fc kopar\u0131yorlar. Bunlar gereksiz feryatlar arkada\u015flar. Ben her iki dizinin t\u00fcm b\u00f6l\u00fcmlerini seyretmi\u015f biri olarak s\u00f6yl\u00fcyorum. Yok b\u00f6yle bir \u015fey. Konular bazen birbirlerine benzeyebilir. Her [&hellip;]<\/p>\n","protected":false},"author":3,"featured_media":0,"comment_status":"open","ping_status":"open","sticky":false,"template":"","format":"standard","meta":{"footnotes":""},"categories":[2],"tags":[15,16,25],"class_list":["post-1760","post","type-post","status-publish","format-standard","hentry","category-tv-programlari","tag-cagatay-ulusoy","tag-medcezir","tag-star-tv"],"views":3037,"blog_post_layout_featured_media_urls":{"thumbnail":"","full":""},"categories_names":{"2":{"name":"TV Programlar\u0131","link":"https:\/\/balcilar-blog.com\/?cat=2"}},"tags_names":{"15":{"name":"\u00e7a\u011fatay ulusoy","link":"https:\/\/balcilar-blog.com\/?tag=cagatay-ulusoy"},"16":{"name":"medcezir","link":"https:\/\/balcilar-blog.com\/?tag=medcezir"},"25":{"name":"Star Tv","link":"https:\/\/balcilar-blog.com\/?tag=star-tv"}},"comments_number":"0","wpmagazine_modules_lite_featured_media_urls":{"thumbnail":"","cvmm-medium":"","cvmm-medium-plus":"","cvmm-portrait":"","cvmm-medium-square":"","cvmm-large":"","cvmm-small":"","full":""},"_links":{"self":[{"href":"https:\/\/balcilar-blog.com\/index.php?rest_route=\/wp\/v2\/posts\/1760","targetHints":{"allow":["GET"]}}],"collection":[{"href":"https:\/\/balcilar-blog.com\/index.php?rest_route=\/wp\/v2\/posts"}],"about":[{"href":"https:\/\/balcilar-blog.com\/index.php?rest_route=\/wp\/v2\/types\/post"}],"author":[{"embeddable":true,"href":"https:\/\/balcilar-blog.com\/index.php?rest_route=\/wp\/v2\/users\/3"}],"replies":[{"embeddable":true,"href":"https:\/\/balcilar-blog.com\/index.php?rest_route=%2Fwp%2Fv2%2Fcomments&post=1760"}],"version-history":[{"count":1,"href":"https:\/\/balcilar-blog.com\/index.php?rest_route=\/wp\/v2\/posts\/1760\/revisions"}],"predecessor-version":[{"id":1761,"href":"https:\/\/balcilar-blog.com\/index.php?rest_route=\/wp\/v2\/posts\/1760\/revisions\/1761"}],"wp:attachment":[{"href":"https:\/\/balcilar-blog.com\/index.php?rest_route=%2Fwp%2Fv2%2Fmedia&parent=1760"}],"wp:term":[{"taxonomy":"category","embeddable":true,"href":"https:\/\/balcilar-blog.com\/index.php?rest_route=%2Fwp%2Fv2%2Fcategories&post=1760"},{"taxonomy":"post_tag","embeddable":true,"href":"https:\/\/balcilar-blog.com\/index.php?rest_route=%2Fwp%2Fv2%2Ftags&post=1760"}],"curies":[{"name":"wp","href":"https:\/\/api.w.org\/{rel}","templated":true}]}}